
{"id":12065,"date":"2010-12-10T08:55:56","date_gmt":"2010-12-10T10:55:56","guid":{"rendered":"http:\/\/www.oarcanjo.net\/site\/?p=12065"},"modified":"2010-12-10T08:55:56","modified_gmt":"2010-12-10T10:55:56","slug":"advento-aquele-que-vira-veio-e-vem-2","status":"publish","type":"post","link":"https:\/\/www.oarcanjo.net\/site\/advento-aquele-que-vira-veio-e-vem-2\/","title":{"rendered":"ADVENTO  &#8211; Aquele que vir\u00e1, veio e vem"},"content":{"rendered":"<p><strong><img loading=\"lazy\" decoding=\"async\" src=\"http:\/\/www.cot.org.br\/igreja\/img\/o-tempo-do-advento.jpg\" alt=\"\" width=\"400\" height=\"341\" \/><\/strong><\/p>\n<p><strong>TEMPO DE PAZ , AMOR , ESPERAN\u00c7A , DE AJUDA AO IRM\u00c3O NECESSITADO!!<\/strong><\/p>\n<p><strong>ADVENTO:<\/strong><\/p>\n<p>A palavra &#8220;advento&#8221; quer dizer &#8220;espera&#8221;. O advento corresponde ao per\u00edodo das quatro semanas de prepara\u00e7\u00e3o para a chegada do Salvador.Vamos imaginar Maria, a M\u00e3e do senhor, gr\u00e1vida do esp\u00edrito Santo \u00e0 espera do menino Jesus.Toda gravidez gera muita expectativa.<\/p>\n<p>O tempo do advento compara-se ao da gesta\u00e7\u00e3o de Jesus,para que em cada ano a comunidade crist\u00e3 e cada um doS crist\u00e3os formem o Cristo dentro de si.O Esp\u00edrito Santo tornou fecundo o ventre de Maria para gerar e dar a luz o menino. Acolher o menino-Deus implica receber a salva\u00e7\u00e3o de que ele \u00e9 portador.Ele traz novidade de uma vida plena,um jeito novo de viver e de se relacionar com as pessoas do mundo.A liturgia do Advento \u00e9 um c\u00e2ntico cont\u00ednuo e esperan\u00e7a.<\/p>\n<p><strong>O QUE CELEBRAMOS NO ADVENTO<\/strong><\/p>\n<p>No advento celebramos as 3 vindas de Jesus Cristo:<\/p>\n<p><em><strong>1- Aquele que um dia vir\u00e1:<\/strong><\/em><\/p>\n<p>Na\u00a0 primeira parte do tempo do Advento comemoramos antecipadamente a reconcilia\u00e7\u00e3o da cria\u00e7\u00e3o e da natureza humana.Com os profetas reconhecemos o cumprimento das promessas de vida melhor, de novas rela\u00e7\u00f5es entre as pessoas,porque o Messias vai inaugurar um tempo absolutamente novo:<\/p>\n<p><em><strong>Julgar\u00e1 os fracos com justi\u00e7a, com retid\u00e3o dar\u00e1 senten\u00e7a em favor dos humilhados da terra. Castigar\u00e1 o opressor com a vara que \u00e9 sua boca, matar\u00e1 esse criminoso com o sopro dos seus l\u00e1bios.\u00a0\u00a0 A justi\u00e7a ser\u00e1 o cinto que ele usa, a verdade o cintur\u00e3o que ele n\u00e3o deixa.\u00a0\u00a0\u00a0\u00a0<br \/>\nO lobo, ent\u00e3o, ser\u00e1 h\u00f3spede do cordeiro, o leopardo vai se deitar ao lado do cabrito, o bezerro e o le\u00e3ozinho pastam juntos, uma crian\u00e7a pequena toca os dois,\u00a0a ursa e a vaca estar\u00e3o pastando, suas crias deitadas lado a lado; o le\u00e3o, assim como o boi, comer\u00e1 capim.\u00a0\u00a0\u00a0\u00a0 O beb\u00ea vai brincar no buraco da cobra venenosa, a criancinha enfia a m\u00e3o no esconderijo da serpente (Is 11,4.6c8)<\/strong><\/em><\/p>\n<p>Preparamo-nos para receber aquele que implantar\u00e1 uma nova sociedade, uma nova forma de viver.Tudo aquilo que est\u00e1 morto vai adquirir vida,os rios de Deus transformam nossa secura e fazem renascer a esperan\u00e7a.Por isso a Palavra deste tempo continua a nos dizer:<\/p>\n<p><strong><em>Fortificai as m\u00e3os desfalecidas Fortalecei os joelhos vacilantes Dizei \u00e0queles que t\u00eam O cora\u00e7\u00e3o perturbado Tomai \u00e2nimo, n\u00e3o temais Eis o vosso Deus Tomai \u00e2nimo, n\u00e3o temais Eis o vosso Deus<\/em><\/strong><\/p>\n<p><strong><em>2- Aquele que veio na carne<\/em><\/strong><\/p>\n<p>Ao longo da hist\u00f3ria de Israel,Deus foi educando o seu povo e fez com ele uma alian\u00e7a.Nos acontecimentos de sua hist\u00f3ria,Israel percebia a a\u00e7\u00e3o de Deus em seu meio;por isso invocava o Senhor diante das amea\u00e7as dos povos vizinhos.Sua infidelidade lhe custou duas vezes o ex\u00edlio. Mesmo no sofrimento o profeta Isa\u00edas vislumbrou a vinda do Messias,&#8221;o povo que andava na escurid\u00e3o viu uma grande luz,para os que habitavam as sombras da morte uma luz resplandeceu&#8221;(Is 9,1).<\/p>\n<p>Agora, o Senhor se d\u00e1 a conhecer n\u00e3o mais por meio de patriarcas e profetas.Nestes tempos que s\u00e3o os \u00faltimos, o Senhor nos fala por seu Filho Jesus.Somos chamados a celebrar este mist\u00e9rio acompanhados pela Virgem,que deu \u00e0 luz o Filho de Deus, e pelo precursor, que anunciou:&#8221;Predito por todos os profetas, esperado com amor de m\u00e3e pela Virgem Maria, Jesus foi anunciado e mostrado presente no mundo por S\u00e3o Jo\u00e3o Batista.O pr\u00f3prio Senhor nos d\u00e1 a alegria de entrarmos agora no mist\u00e9rio de seu Natal.<\/p>\n<p>O evangelista Jo\u00e3o reconeheceu:&#8221;Deus amou tanto o mundo que enviou seu Filho para o salvar.&#8221;Com a vinda de Jesus encontramos o caminho que nos leva ao Pai.Pelo Filho Deus feito homem fomos reconciliados e j\u00e1 n\u00e3o nos perdemos em meio \u00e0 mal\u00edcia deste mundo.<\/p>\n<p><strong><em>3- Aquele que vem todos os dias<\/em><\/strong><\/p>\n<p>Jo\u00e3o anuncia e reconhece a chegada do Messias.Assim os novos c\u00e9us e a nova terra j\u00e1 come\u00e7am a existir em nosso meio.O tempo se completou e o Reino de Deus chegou e requer cora\u00e7\u00f5es transformados, convers\u00e3o e atitude de vigil\u00e2ncia.Hoje, entre n\u00f3s, se mansifesta a gra\u00e7a da salva\u00e7\u00e3o.<\/p>\n<p>O Esp\u00edrito atualiza,por seu poder transformador, o mist\u00e9rio de Cristo.Por isso invocamos sua presen\u00e7a durante as celebra\u00e7\u00f5es.Ele, como o fogo, transforma em vida divina tudo que se submete a seu poder: habita nas celebra\u00e7\u00f5es,nos sacramentos, enchendo-os de gra\u00e7a e fazendo deles acontecimentos salvadores.<\/p>\n<p>A celebra\u00e7\u00e3o liturgica atualiza o mist\u00e9rio da p\u00e1scoa de Cristo que se manifesta entre n\u00f3s.O Ressuscitado nos consola com sua presen\u00e7a:&#8221;Despertai ,Senhor,vosso poder e vinde,para que vossa prote\u00e7\u00e3o afaste os perigos a que nossos pecados nos exp\u00f5es e a vossa salva\u00e7\u00e3o nos liberte&#8221;<\/p>\n<p><strong>COMO CELEBRAR O ADVENTO<\/strong>:<\/p>\n<p>O Advento deve ser celebrado com sobriedade e com discreta alegria. N\u00e3o se canta o \u201cGl\u00f3ria\u201d, para que na festa do Natal nos unamos aos anjos e entoemos este hino como algo novo, dando gl\u00f3ria a Deus pela salva\u00e7\u00e3o que realiza no meio de n\u00f3s. Pelo mesmo motivo, o diret\u00f3rio lit\u00fargico da CNBB orienta que flores e instrumentos sejam usados com modera\u00e7\u00e3o, para que n\u00e3o seja antecipada a plena alegria do Natal de Jesus.<\/p>\n<p>As vestes lit\u00fargicas devem ser de cor roxa, bem como o pano que recobre o amb\u00e3o, sinal de convers\u00e3o em prepara\u00e7\u00e3o para a festa do Natal. A exce\u00e7\u00e3o est\u00e1 no terceiro domingo do Advento, Domingo da Alegria ou Domingo Gaudete, cuja cor tradicionalmente usada \u00e9 a r\u00f3sea, em substitui\u00e7\u00e3o ao roxo. Isso para revelar a alegria da vinda do libertador que est\u00e1 bem pr\u00f3xima e numa refer\u00eancia \u00e0 segunda leitura que diz: \u201cAlegrai-vos sempre no Senhor. Repito, alegrai-vos, pois o Senhor est\u00e1 perto\u201d (Fl 4, 4).<\/p>\n<p>V\u00e1rios s\u00edmbolos do Advento ajudam-nos a mergulhar no mist\u00e9rio da encarna\u00e7\u00e3o e a vivenciar melhor este tempo. Entre eles h\u00e1 a coroa ou grinalda do Advento. A coroa pode ser pendurada no presbit\u00e9rio, colocada no canto do altar, ou em qualquer outro lugar vis\u00edvel. A luz nascente indica a proximidade do Natal, quando Cristo salvador e luz do mundo brilhar\u00e1 para toda a humanidade, e representa tamb\u00e9m nossa f\u00e9 e nossa alegria pelo Deus que vem. O c\u00edrculo, sem come\u00e7o e sem fim, simboliza a eternidade; os ramos sempre verdes s\u00e3o sinais de esperan\u00e7a e da vida nova que Cristo trar\u00e1 e que n\u00e3o passa. A fita vermelha, que enfeita a coroa, representa o amor de Deus que nos envolve e a manifesta\u00e7\u00e3o do nosso amor que espera ansioso o nascimento do Filho de Deus.<\/p>\n<p>Um pequeno rito para acender as velas pode ser colocado no in\u00edcio da celebra\u00e7\u00e3o eucar\u00edstica, no in\u00edcio da liturgia da palavra ou em qualquer outro momento, desde que se harmonize com a celebra\u00e7\u00e3o. Em qualquer caso, deve ser um momento que celebra o caminho de espera do Senhor. O acender das velas deve ser acompanhado de uma ora\u00e7\u00e3o pr\u00f3pria e de um canto, o mesmo para os quatro domingos.<\/p>\n<p>No primeiro domingo deste tempo lit\u00fargico, acende-se a primeira vela, que simboliza o perd\u00e3o a Ad\u00e3o e Eva. No segundo domingo, a segunda vela acesa representa a f\u00e9 dos patriarcas. Eles creram no dom da terra prometida. A terceira vela simboliza a alegria do rei David, que celebrou a alian\u00e7a e sua continuidade. A \u00faltima vela acesa no \u00faltimo domingo, ou seja, o que antecede o Natal, representa o ensinamento dos profetas que anunciaram um reino de paz e de justi\u00e7a.<\/p>\n<p><strong>ESPIRITUALIDADE DO ADVENTO<\/strong>:<\/p>\n<p>\u00a0 O tempo do Advento \u00e9 para toda a Igreja, momento de forte mergulho na liturgia e na m\u00edstica crist\u00e3. \u00c9 tempo de espera e esperan\u00e7a, de estarmos atentos e vigilantes, preparando-nos alegremente para a vinda do Senhor. <em>Ao celebrar anualmente a liturgia de Advento, a Igreja atualiza esta espera do Messias: participando da longa prepara\u00e7\u00e3o da primeira vinda do Salvador, os fi\u00e9is renovam o ardente desejo de sua segunda Vinda. <\/em><\/p>\n<p><em>\u00a0<\/em><em>O Advento recorda a dimens\u00e3o hist\u00f3rica da salva\u00e7\u00e3o, evidencia a dimens\u00e3o escatol\u00f3gica do mist\u00e9rio crist\u00e3o e nos insere no car\u00e1ter mission\u00e1rio da vinda de Cristo. <\/em>Ao serem aprofundados os textos lit\u00fargicos desse tempo, constata-se na hist\u00f3ria da humanidade o mist\u00e9rio da vinda do Senhor, Jesus, que de fato se encarna e se torna presen\u00e7a salv\u00edfica na hist\u00f3ria. A liturgia do Advento nos impulsiona a reviver alguns dos valores essenciais crist\u00e3os, como a alegria expectante e vigilante, a esperan\u00e7a, a pobreza, a convers\u00e3o. Deus \u00e9 fiel a suas promessas: o Salvador vir\u00e1; da\u00ed a alegre expectativa, que deve nesse tempo, n\u00e3o s\u00f3 ser lembrada, mas vivida, pois aquilo que se espera acontecer\u00e1 com certeza. Portanto, n\u00e3o se est\u00e1 diante de algo irreal, fict\u00edcio, passado, mas diante de uma realidade concreta e atual.<\/p>\n<p>A esperan\u00e7a da Igreja \u00e9 a esperan\u00e7a de Israel j\u00e1 realizada em Cristo, mas que s\u00f3 se consumar\u00e1 definitivamente na parusia (volta) do Senhor. Por isso, o brado da Igreja caracter\u00edstico nesse tempo \u00e9 <em>Marana tha! Vem Senhor Jesus! <\/em>Nesta \u00e9poca de pressa e agita\u00e7\u00e3o, somos tentados a comprar o esp\u00edrito natalino. Neste tempo, resistimos essa tenta\u00e7\u00e3o e escolhemos, em vez disso, estar em paz com quem somos e com onde estamos nessa jornada. Deixaremos que esse tempo nos prepare, e ouviremos o chamado de Deus para sermos aqueles que preparam o mundo.<\/p>\n<p>O Natal se aproxima! Nossos cora\u00e7\u00f5es devem estar em constante prepara\u00e7\u00e3o, para que o Cristo possa nos ajudar a reconstruir uma nova sociedade alicer\u00e7ada na fraternidade. Alimentados pela Palavra e comprometidos com a Eucaristia, sejamos mission\u00e1rios da alegria e da miseric\u00f3rdia, para que Nele todos tenham vida plena.<\/p>\n<p><strong>Significado e uso da Coroa de Advento<\/strong><\/p>\n<p>Consiste numa coroa feita com ramos verdes e flores, na qual se inserem 4 velas, que significam as 4 semanas de prepara\u00e7\u00e3o para o Natal, ou seja, o Advento.<\/p>\n<p>Trata-se de um suporte, normalmente redondo, com um aro de arame ou madeira, revestido de ramos vegetais ou de musgo: ou seja, uma coroa entran\u00e7ada com uma verdura que se conserva, como os fetos. Sem flores. Sobre ela colocam-se quatro velas novas, de cor uniforme ou variada, como se prefira.<\/p>\n<p>A coroa coloca-se sobre uma mesa, ou sobre um tronco de \u00e1rvore, ou pendura-se elegantemente do teto.<\/p>\n<p><strong><img loading=\"lazy\" decoding=\"async\" src=\"http:\/\/pjarquifloripa.com.br\/site\/wp-content\/uploads\/2010\/11\/advento.gif\" alt=\"\" width=\"420\" height=\"317\" \/><\/strong><\/p>\n<p><strong>As 4 velas s\u00e3o acesas \u00e0 medida que\u00a0 os 4 domingos de Advento se v\u00e3o cumprindo.<\/strong><\/p>\n<p>No in\u00edcio da primeira semana de Advento acende-se uma vela. No segundo Domingo, duas. E assim sucessivamente at\u00e9 que, nas v\u00e9speras do Natal e no quarto Domingo, j\u00e1 est\u00e3o acesas em todas as celebra\u00e7\u00f5es (dominicais e di\u00e1rias) as quatro velas. Umas, naturalmente, gastaram-se mais que outras. [Tamb\u00e9m pode colocar-se uma quinta vela, branca no centro, na Noite de Natal: para expressar que o Advento foi tempo de prepara\u00e7\u00e3o e \u00e9 mais importante o Natal, com as suas duas grandes semanas. Pode-se juntar tamb\u00e9m uma imagem do Menino, dentro da pr\u00f3pria coroa de Advento.]<\/p>\n<p><strong>Hist\u00f3ria<\/strong><br \/>\n\u00c9 de origem germ\u00e2nica a coroa do advento e sua utiliza\u00e7\u00e3o posterior pelos mission\u00e1rios.\u00a0 No Inverno, acendiam-se algumas velas que representavam o \u201cfogo do deus sol\u201d, com a esperan\u00e7a de que a sua luz e o seu calor voltasse. Os primeiros mission\u00e1rios aproveitaram esta tradi\u00e7\u00e3o para evangelizar, relacionando-a com Jesus Cristo.<br \/>\nNo s\u00e9c. XVI torna-se s\u00edmbolo do Advento nas casas dos crist\u00e3os. Este uso difunde-se rapidamente e implanta-se tamb\u00e9m na Am\u00e9rica.<br \/>\nNo s\u00e9c. XIX come\u00e7ou a colocar-se a coroa de Advento nas igrejas.<br \/>\nExiste uma tradi\u00e7\u00e3o que sugere o nome das quatro velas: vela da Profecia, vela de Bel\u00e9m, vela dos Pastores, vela dos Anjos.<\/p>\n<p><strong>Uso da Coroa do Avento<\/strong><br \/>\nO seu uso tem-se difundido cada vez mais entre n\u00f3s. Ajuda a aprofundar a espera e a intensificar, em cada semana, a prepara\u00e7\u00e3o para a vinda do Senhor.<\/p>\n<p>A coroa est\u00e1 formada por uma grande quantidade de s\u00edmbolos.<a rel=\"lightbox[]\" href=\"\/arq\/images\/stories\/formacao\/coroa02.jpg\" target=\"_blank\"><\/a><br \/>\nCom este s\u00edmbolo da coroa, simples e din\u00e2mico, trata-se de ir criando uma atitude de espera, com o seu jogo num\u00e9rico, com o simbolismo da luz do verde, e com uma aproxima\u00e7\u00e3o gradual que convida \u00e0 prepara\u00e7\u00e3o da vinda de Cristo Jesus, Luz e Vida para todos. No meio de um mundo secularizado, que tende a celebrar o Natal com slogans meramente comerciais, a coroa pode ser um pequeno s\u00edmbolo dos valores que n\u00f3s, os crist\u00e3os, vivemos nestes dias.<br \/>\nNatal \u00e9 a festa da luz:<em> \u201cO povo que andava nas trevas, viu uma grande luz\u201d.<\/em> Cristo \u00e9 a Luz do mundo. \u00c9 Ele quem, com a Sua vinda, nos ilumina e nos conduziu \u00e0 esperan\u00e7a.<br \/>\nA coroa de Advento aponta para o crescendo da Luz de Cristo, que dissipa as trevas deste mundo.<br \/>\nAo acender semana ap\u00f3s semana os quatro c\u00edrios da coroa, significamos os nossos passos de aproxima\u00e7\u00e3o \u00e0 luz que vem sobre n\u00f3s e \u00e9 Cristo Jesus.<\/p>\n<p><strong>Simbologia<\/strong><br \/>\nA sua forma circular indica a perfei\u00e7\u00e3o, a plenitude a que devemos aspirar na nossa vida de crist\u00e3os. O c\u00edrculo n\u00e3o tem princ\u00edpio, nem fim. \u00c9 sinal do amor de Deus que \u00e9 eterno, sem princ\u00edpio e nem fim, e tamb\u00e9m do nosso amor a Deus e ao pr\u00f3ximo que nunca deve terminar. Al\u00e9m disso, o c\u00edrculo d\u00e1 uma id\u00e9ia de \u201celo\u201d, de uni\u00e3o entre Deus e as pessoas, como uma grande \u201cAlian\u00e7a\u201d.<br \/>\nComo coroa, significa a dignidade, a realeza que Cristo veio outorgar ao crist\u00e3o, isto \u00e9, a honra, a grandeza, a alegria, a vit\u00f3ria. (Em Ap 4,4-10 Cristo aparece como soberano e em Ap 14,14 tem uma coroa na cabe\u00e7a como o pr\u00f3prio Deus).<br \/>\n\u00c9 a \u201ccoroa dos eleitos\u201d. Uma coroa \u00e9 usada em diversas ocasi\u00f5es: a noiva no casamento, as crian\u00e7as em certas festas, na sepultura como sinal de uma vida plena. A coroa de Advento significa tamb\u00e9m a plenitude dos tempos.<\/p>\n<p>Os ramos verdes significam tamb\u00e9m o senhorio de Cristo sobre a vida e a natureza, dons de Deus. Verde \u00e9 a cor da vida e da esperan\u00e7a. Deus oferece-nos a sua gra\u00e7a, o seu perd\u00e3o misericordioso e a gl\u00f3ria da vida eterna no final de nossa vida.<br \/>\nA luz que se acende indica o caminho, afasta o medo e fomenta a comunh\u00e3o. A luz das velas \u00e9 s\u00edmbolo de Cristo, luz do mundo.<\/p>\n<p>As quatro velas da coroa simbolizam cada uma das quatro semanas do Advento. Acende-se uma vela em cada semana; uma na primeira, duas na segunda, tr\u00eas na terceira e quatro na quarta, simbolizando a nossa ascens\u00e3o gradual para a plenitude da luz do Natal. No inicio, vemos nossa coroa sem luz e sem brilho. Recorda-nos a experi\u00eancia da escurid\u00e3o do pecado. \u00c0 medida que se vai aproximando o Natal, vamos acendendo uma a uma as quatro velas, representando assim a chegada do Senhor Jesus, luz do mundo, que dissipa toda a escurid\u00e3o, trazendo aos nossos cora\u00e7\u00f5es a reconcilia\u00e7\u00e3o t\u00e3o esperada.<br \/>\nO n\u00famero quatro tamb\u00e9m pode apontar para os quatro evangelistas, ou para os quatro mil anos que o Povo Judeu esperou o Messias.<\/p>\n<p><strong>\u00c9 TEMPO DO ADVENTO, VAMOS VIV\u00ca-LO INTENSAMENTE<\/strong><\/p>\n<div id=\"themify_builder_content-12065\" data-postid=\"12065\" class=\"themify_builder_content themify_builder_content-12065 themify_builder themify_builder_front\">\n\t<\/div>\n<!-- \/themify_builder_content -->","protected":false},"excerpt":{"rendered":"<p>TEMPO DE PAZ , AMOR , ESPERAN\u00c7A , DE AJUDA AO IRM\u00c3O NECESSITADO!! ADVENTO: A palavra &#8220;advento&#8221; quer dizer &#8220;espera&#8221;. O advento corresponde ao per\u00edodo das quatro semanas de prepara\u00e7\u00e3o para a chegada do Salvador.Vamos imaginar Maria, a M\u00e3e do senhor, gr\u00e1vida do esp\u00edrito Santo \u00e0 espera do menino Jesus.Toda gravidez gera muita expectativa. O [&hellip;]<\/p>\n","protected":false},"author":14,"featured_media":0,"comment_status":"open","ping_status":"open","sticky":false,"template":"","format":"standard","meta":{"ngg_post_thumbnail":0,"footnotes":""},"categories":[8],"tags":[],"yoast_head":"<!-- This site is optimized with the Yoast SEO plugin v23.5 - https:\/\/yoast.com\/wordpress\/plugins\/seo\/ -->\n<title>ADVENTO - Aquele que vir\u00e1, veio e vem - O Arcanjo no ar<\/title>\n<meta name=\"robots\" content=\"index, follow, max-snippet:-1, max-image-preview:large, max-video-preview:-1\" \/>\n<link rel=\"canonical\" href=\"https:\/\/www.oarcanjo.net\/site\/advento-aquele-que-vira-veio-e-vem-2\/\" \/>\n<meta property=\"og:locale\" content=\"pt_BR\" \/>\n<meta property=\"og:type\" content=\"article\" \/>\n<meta property=\"og:title\" content=\"ADVENTO - Aquele que vir\u00e1, veio e vem - O Arcanjo no ar\" \/>\n<meta property=\"og:description\" content=\"TEMPO DE PAZ , AMOR , ESPERAN\u00c7A , DE AJUDA AO IRM\u00c3O NECESSITADO!! ADVENTO: A palavra &#8220;advento&#8221; quer dizer &#8220;espera&#8221;. O advento corresponde ao per\u00edodo das quatro semanas de prepara\u00e7\u00e3o para a chegada do Salvador.Vamos imaginar Maria, a M\u00e3e do senhor, gr\u00e1vida do esp\u00edrito Santo \u00e0 espera do menino Jesus.Toda gravidez gera muita expectativa. O [&hellip;]\" \/>\n<meta property=\"og:url\" content=\"https:\/\/www.oarcanjo.net\/site\/advento-aquele-que-vira-veio-e-vem-2\/\" \/>\n<meta property=\"og:site_name\" content=\"O Arcanjo no ar\" \/>\n<meta property=\"article:publisher\" content=\"https:\/\/www.facebook.com\/OArcanjoNoAr\/\" \/>\n<meta property=\"article:published_time\" content=\"2010-12-10T10:55:56+00:00\" \/>\n<meta property=\"og:image\" content=\"http:\/\/www.cot.org.br\/igreja\/img\/o-tempo-do-advento.jpg\" \/>\n<meta name=\"author\" content=\"danilo\" \/>\n<meta name=\"twitter:card\" content=\"summary_large_image\" \/>\n<meta name=\"twitter:label1\" content=\"Escrito por\" \/>\n\t<meta name=\"twitter:data1\" content=\"danilo\" \/>\n\t<meta name=\"twitter:label2\" content=\"Est. tempo de leitura\" \/>\n\t<meta name=\"twitter:data2\" content=\"13 minutos\" \/>\n<script type=\"application\/ld+json\" class=\"yoast-schema-graph\">{\"@context\":\"https:\/\/schema.org\",\"@graph\":[{\"@type\":\"Article\",\"@id\":\"https:\/\/www.oarcanjo.net\/site\/advento-aquele-que-vira-veio-e-vem-2\/#article\",\"isPartOf\":{\"@id\":\"https:\/\/www.oarcanjo.net\/site\/advento-aquele-que-vira-veio-e-vem-2\/\"},\"author\":{\"name\":\"danilo\",\"@id\":\"https:\/\/www.oarcanjo.net\/site\/#\/schema\/person\/5eb9480bedd2f3c97e430ce128c29c6c\"},\"headline\":\"ADVENTO &#8211; Aquele que vir\u00e1, veio e vem\",\"datePublished\":\"2010-12-10T10:55:56+00:00\",\"dateModified\":\"2010-12-10T10:55:56+00:00\",\"mainEntityOfPage\":{\"@id\":\"https:\/\/www.oarcanjo.net\/site\/advento-aquele-que-vira-veio-e-vem-2\/\"},\"wordCount\":2662,\"commentCount\":1,\"publisher\":{\"@id\":\"https:\/\/www.oarcanjo.net\/site\/#organization\"},\"image\":{\"@id\":\"https:\/\/www.oarcanjo.net\/site\/advento-aquele-que-vira-veio-e-vem-2\/#primaryimage\"},\"thumbnailUrl\":\"http:\/\/www.cot.org.br\/igreja\/img\/o-tempo-do-advento.jpg\",\"articleSection\":[\"Not\u00edcias\"],\"inLanguage\":\"pt-BR\",\"potentialAction\":[{\"@type\":\"CommentAction\",\"name\":\"Comment\",\"target\":[\"https:\/\/www.oarcanjo.net\/site\/advento-aquele-que-vira-veio-e-vem-2\/#respond\"]}]},{\"@type\":\"WebPage\",\"@id\":\"https:\/\/www.oarcanjo.net\/site\/advento-aquele-que-vira-veio-e-vem-2\/\",\"url\":\"https:\/\/www.oarcanjo.net\/site\/advento-aquele-que-vira-veio-e-vem-2\/\",\"name\":\"ADVENTO - Aquele que vir\u00e1, veio e vem - O Arcanjo no ar\",\"isPartOf\":{\"@id\":\"https:\/\/www.oarcanjo.net\/site\/#website\"},\"primaryImageOfPage\":{\"@id\":\"https:\/\/www.oarcanjo.net\/site\/advento-aquele-que-vira-veio-e-vem-2\/#primaryimage\"},\"image\":{\"@id\":\"https:\/\/www.oarcanjo.net\/site\/advento-aquele-que-vira-veio-e-vem-2\/#primaryimage\"},\"thumbnailUrl\":\"http:\/\/www.cot.org.br\/igreja\/img\/o-tempo-do-advento.jpg\",\"datePublished\":\"2010-12-10T10:55:56+00:00\",\"dateModified\":\"2010-12-10T10:55:56+00:00\",\"breadcrumb\":{\"@id\":\"https:\/\/www.oarcanjo.net\/site\/advento-aquele-que-vira-veio-e-vem-2\/#breadcrumb\"},\"inLanguage\":\"pt-BR\",\"potentialAction\":[{\"@type\":\"ReadAction\",\"target\":[\"https:\/\/www.oarcanjo.net\/site\/advento-aquele-que-vira-veio-e-vem-2\/\"]}]},{\"@type\":\"ImageObject\",\"inLanguage\":\"pt-BR\",\"@id\":\"https:\/\/www.oarcanjo.net\/site\/advento-aquele-que-vira-veio-e-vem-2\/#primaryimage\",\"url\":\"http:\/\/www.cot.org.br\/igreja\/img\/o-tempo-do-advento.jpg\",\"contentUrl\":\"http:\/\/www.cot.org.br\/igreja\/img\/o-tempo-do-advento.jpg\"},{\"@type\":\"BreadcrumbList\",\"@id\":\"https:\/\/www.oarcanjo.net\/site\/advento-aquele-que-vira-veio-e-vem-2\/#breadcrumb\",\"itemListElement\":[{\"@type\":\"ListItem\",\"position\":1,\"name\":\"In\u00edcio\",\"item\":\"https:\/\/www.oarcanjo.net\/site\/\"},{\"@type\":\"ListItem\",\"position\":2,\"name\":\"ADVENTO &#8211; Aquele que vir\u00e1, veio e vem\"}]},{\"@type\":\"WebSite\",\"@id\":\"https:\/\/www.oarcanjo.net\/site\/#website\",\"url\":\"https:\/\/www.oarcanjo.net\/site\/\",\"name\":\"O Arcanjo no ar\",\"description\":\"Site da Par\u00f3quia S\u00e3o Miguel Arcanjo (Arquidiocese de SP)\",\"publisher\":{\"@id\":\"https:\/\/www.oarcanjo.net\/site\/#organization\"},\"potentialAction\":[{\"@type\":\"SearchAction\",\"target\":{\"@type\":\"EntryPoint\",\"urlTemplate\":\"https:\/\/www.oarcanjo.net\/site\/?s={search_term_string}\"},\"query-input\":{\"@type\":\"PropertyValueSpecification\",\"valueRequired\":true,\"valueName\":\"search_term_string\"}}],\"inLanguage\":\"pt-BR\"},{\"@type\":\"Organization\",\"@id\":\"https:\/\/www.oarcanjo.net\/site\/#organization\",\"name\":\"Par\u00f3quia S\u00e3o Miguel Arcanjo\",\"url\":\"https:\/\/www.oarcanjo.net\/site\/\",\"logo\":{\"@type\":\"ImageObject\",\"inLanguage\":\"pt-BR\",\"@id\":\"https:\/\/www.oarcanjo.net\/site\/#\/schema\/logo\/image\/\",\"url\":\"https:\/\/www.oarcanjo.net\/site\/wp-content\/uploads\/LogoOArcanjo.png\",\"contentUrl\":\"https:\/\/www.oarcanjo.net\/site\/wp-content\/uploads\/LogoOArcanjo.png\",\"width\":319,\"height\":99,\"caption\":\"Par\u00f3quia S\u00e3o Miguel Arcanjo\"},\"image\":{\"@id\":\"https:\/\/www.oarcanjo.net\/site\/#\/schema\/logo\/image\/\"},\"sameAs\":[\"https:\/\/www.facebook.com\/OArcanjoNoAr\/\"]},{\"@type\":\"Person\",\"@id\":\"https:\/\/www.oarcanjo.net\/site\/#\/schema\/person\/5eb9480bedd2f3c97e430ce128c29c6c\",\"name\":\"danilo\"}]}<\/script>\n<!-- \/ Yoast SEO plugin. -->","yoast_head_json":{"title":"ADVENTO - Aquele que vir\u00e1, veio e vem - O Arcanjo no ar","robots":{"index":"index","follow":"follow","max-snippet":"max-snippet:-1","max-image-preview":"max-image-preview:large","max-video-preview":"max-video-preview:-1"},"canonical":"https:\/\/www.oarcanjo.net\/site\/advento-aquele-que-vira-veio-e-vem-2\/","og_locale":"pt_BR","og_type":"article","og_title":"ADVENTO - Aquele que vir\u00e1, veio e vem - O Arcanjo no ar","og_description":"TEMPO DE PAZ , AMOR , ESPERAN\u00c7A , DE AJUDA AO IRM\u00c3O NECESSITADO!! ADVENTO: A palavra &#8220;advento&#8221; quer dizer &#8220;espera&#8221;. O advento corresponde ao per\u00edodo das quatro semanas de prepara\u00e7\u00e3o para a chegada do Salvador.Vamos imaginar Maria, a M\u00e3e do senhor, gr\u00e1vida do esp\u00edrito Santo \u00e0 espera do menino Jesus.Toda gravidez gera muita expectativa. O [&hellip;]","og_url":"https:\/\/www.oarcanjo.net\/site\/advento-aquele-que-vira-veio-e-vem-2\/","og_site_name":"O Arcanjo no ar","article_publisher":"https:\/\/www.facebook.com\/OArcanjoNoAr\/","article_published_time":"2010-12-10T10:55:56+00:00","og_image":[{"url":"http:\/\/www.cot.org.br\/igreja\/img\/o-tempo-do-advento.jpg"}],"author":"danilo","twitter_card":"summary_large_image","twitter_misc":{"Escrito por":"danilo","Est. tempo de leitura":"13 minutos"},"schema":{"@context":"https:\/\/schema.org","@graph":[{"@type":"Article","@id":"https:\/\/www.oarcanjo.net\/site\/advento-aquele-que-vira-veio-e-vem-2\/#article","isPartOf":{"@id":"https:\/\/www.oarcanjo.net\/site\/advento-aquele-que-vira-veio-e-vem-2\/"},"author":{"name":"danilo","@id":"https:\/\/www.oarcanjo.net\/site\/#\/schema\/person\/5eb9480bedd2f3c97e430ce128c29c6c"},"headline":"ADVENTO &#8211; Aquele que vir\u00e1, veio e vem","datePublished":"2010-12-10T10:55:56+00:00","dateModified":"2010-12-10T10:55:56+00:00","mainEntityOfPage":{"@id":"https:\/\/www.oarcanjo.net\/site\/advento-aquele-que-vira-veio-e-vem-2\/"},"wordCount":2662,"commentCount":1,"publisher":{"@id":"https:\/\/www.oarcanjo.net\/site\/#organization"},"image":{"@id":"https:\/\/www.oarcanjo.net\/site\/advento-aquele-que-vira-veio-e-vem-2\/#primaryimage"},"thumbnailUrl":"http:\/\/www.cot.org.br\/igreja\/img\/o-tempo-do-advento.jpg","articleSection":["Not\u00edcias"],"inLanguage":"pt-BR","potentialAction":[{"@type":"CommentAction","name":"Comment","target":["https:\/\/www.oarcanjo.net\/site\/advento-aquele-que-vira-veio-e-vem-2\/#respond"]}]},{"@type":"WebPage","@id":"https:\/\/www.oarcanjo.net\/site\/advento-aquele-que-vira-veio-e-vem-2\/","url":"https:\/\/www.oarcanjo.net\/site\/advento-aquele-que-vira-veio-e-vem-2\/","name":"ADVENTO - Aquele que vir\u00e1, veio e vem - O Arcanjo no ar","isPartOf":{"@id":"https:\/\/www.oarcanjo.net\/site\/#website"},"primaryImageOfPage":{"@id":"https:\/\/www.oarcanjo.net\/site\/advento-aquele-que-vira-veio-e-vem-2\/#primaryimage"},"image":{"@id":"https:\/\/www.oarcanjo.net\/site\/advento-aquele-que-vira-veio-e-vem-2\/#primaryimage"},"thumbnailUrl":"http:\/\/www.cot.org.br\/igreja\/img\/o-tempo-do-advento.jpg","datePublished":"2010-12-10T10:55:56+00:00","dateModified":"2010-12-10T10:55:56+00:00","breadcrumb":{"@id":"https:\/\/www.oarcanjo.net\/site\/advento-aquele-que-vira-veio-e-vem-2\/#breadcrumb"},"inLanguage":"pt-BR","potentialAction":[{"@type":"ReadAction","target":["https:\/\/www.oarcanjo.net\/site\/advento-aquele-que-vira-veio-e-vem-2\/"]}]},{"@type":"ImageObject","inLanguage":"pt-BR","@id":"https:\/\/www.oarcanjo.net\/site\/advento-aquele-que-vira-veio-e-vem-2\/#primaryimage","url":"http:\/\/www.cot.org.br\/igreja\/img\/o-tempo-do-advento.jpg","contentUrl":"http:\/\/www.cot.org.br\/igreja\/img\/o-tempo-do-advento.jpg"},{"@type":"BreadcrumbList","@id":"https:\/\/www.oarcanjo.net\/site\/advento-aquele-que-vira-veio-e-vem-2\/#breadcrumb","itemListElement":[{"@type":"ListItem","position":1,"name":"In\u00edcio","item":"https:\/\/www.oarcanjo.net\/site\/"},{"@type":"ListItem","position":2,"name":"ADVENTO &#8211; Aquele que vir\u00e1, veio e vem"}]},{"@type":"WebSite","@id":"https:\/\/www.oarcanjo.net\/site\/#website","url":"https:\/\/www.oarcanjo.net\/site\/","name":"O Arcanjo no ar","description":"Site da Par\u00f3quia S\u00e3o Miguel Arcanjo (Arquidiocese de SP)","publisher":{"@id":"https:\/\/www.oarcanjo.net\/site\/#organization"},"potentialAction":[{"@type":"SearchAction","target":{"@type":"EntryPoint","urlTemplate":"https:\/\/www.oarcanjo.net\/site\/?s={search_term_string}"},"query-input":{"@type":"PropertyValueSpecification","valueRequired":true,"valueName":"search_term_string"}}],"inLanguage":"pt-BR"},{"@type":"Organization","@id":"https:\/\/www.oarcanjo.net\/site\/#organization","name":"Par\u00f3quia S\u00e3o Miguel Arcanjo","url":"https:\/\/www.oarcanjo.net\/site\/","logo":{"@type":"ImageObject","inLanguage":"pt-BR","@id":"https:\/\/www.oarcanjo.net\/site\/#\/schema\/logo\/image\/","url":"https:\/\/www.oarcanjo.net\/site\/wp-content\/uploads\/LogoOArcanjo.png","contentUrl":"https:\/\/www.oarcanjo.net\/site\/wp-content\/uploads\/LogoOArcanjo.png","width":319,"height":99,"caption":"Par\u00f3quia S\u00e3o Miguel Arcanjo"},"image":{"@id":"https:\/\/www.oarcanjo.net\/site\/#\/schema\/logo\/image\/"},"sameAs":["https:\/\/www.facebook.com\/OArcanjoNoAr\/"]},{"@type":"Person","@id":"https:\/\/www.oarcanjo.net\/site\/#\/schema\/person\/5eb9480bedd2f3c97e430ce128c29c6c","name":"danilo"}]}},"publishpress_future_action":{"enabled":false,"date":"2026-05-07 16:04:30","action":"category","newStatus":"draft","terms":[],"taxonomy":"category"},"publishpress_future_workflow_manual_trigger":{"enabledWorkflows":[]},"_links":{"self":[{"href":"https:\/\/www.oarcanjo.net\/site\/wp-json\/wp\/v2\/posts\/12065"}],"collection":[{"href":"https:\/\/www.oarcanjo.net\/site\/wp-json\/wp\/v2\/posts"}],"about":[{"href":"https:\/\/www.oarcanjo.net\/site\/wp-json\/wp\/v2\/types\/post"}],"author":[{"embeddable":true,"href":"https:\/\/www.oarcanjo.net\/site\/wp-json\/wp\/v2\/users\/14"}],"replies":[{"embeddable":true,"href":"https:\/\/www.oarcanjo.net\/site\/wp-json\/wp\/v2\/comments?post=12065"}],"version-history":[{"count":0,"href":"https:\/\/www.oarcanjo.net\/site\/wp-json\/wp\/v2\/posts\/12065\/revisions"}],"wp:attachment":[{"href":"https:\/\/www.oarcanjo.net\/site\/wp-json\/wp\/v2\/media?parent=12065"}],"wp:term":[{"taxonomy":"category","embeddable":true,"href":"https:\/\/www.oarcanjo.net\/site\/wp-json\/wp\/v2\/categories?post=12065"},{"taxonomy":"post_tag","embeddable":true,"href":"https:\/\/www.oarcanjo.net\/site\/wp-json\/wp\/v2\/tags?post=12065"}],"curies":[{"name":"wp","href":"https:\/\/api.w.org\/{rel}","templated":true}]}}