
{"id":12073,"date":"2010-12-10T20:18:15","date_gmt":"2010-12-10T22:18:15","guid":{"rendered":"http:\/\/www.oarcanjo.net\/site\/?p=12073"},"modified":"2010-12-16T23:14:34","modified_gmt":"2010-12-17T01:14:34","slug":"noticias-do-meio-ambiente","status":"publish","type":"post","link":"https:\/\/www.oarcanjo.net\/site\/noticias-do-meio-ambiente\/","title":{"rendered":"Not\u00edcias do meio ambiente"},"content":{"rendered":"<p>O aquecimento global pode trazer grandes conseq\u00fbencias se\u00a0\u00a0n\u00e3o tomarem provid\u00eancias. A Terra continua com sua temperatura aumentando,\u00a0 enquanto o dinheiro est\u00e1 em primeiro plano. O Mundo pode deixar de existir se as coisas continuarem assim.<\/p>\n<p>O texto abaixo \u00e9 do Greenpeace e fala justamente que a Terra pode ser inundada por causa do derretimento das geleiras, que \u00e9 uma consequ\u00eancia do aquecimento global:<\/p>\n<p>\u00a0Ontem, o Greenpeace afundou \u00edcones das civiliza\u00e7\u00f5es no mar de Cancun, no M\u00e9xico, onde acontece a 16\u00aa Confer\u00eancia do Clima (COP16), para lembrar os negociadores dos pa\u00edses presentes no para\u00edso tropical que o tempo para evitar mudan\u00e7as clim\u00e1ticas perigosas est\u00e1 chegando ao fim.<\/p>\n<p>Hoje, no pen\u00faltimo dia oficial da confer\u00eancia, sobram teimosias e faltam defini\u00e7\u00f5es. Os pa\u00edses deveriam definir como ser\u00e1 o acordo para controlar as emiss\u00f5es de gases-estufa e, assim, a agravamento do aquecimento global. Mas o que se v\u00ea s\u00e3o pa\u00edses mantendo posi\u00e7\u00f5es anacr\u00f4nicas, completamente voltadas para seus interesses internos.<\/p>\n<p>H\u00e1 aqueles que usam os Estados Unidos \u2013 que n\u00e3o se movem \u2013 como escudo para assumir suas pr\u00f3prias responsabilidades. H\u00e1 outros que fazem menos do que poderiam \u2013 como o Brasil. E h\u00e1 quem simplesmente n\u00e3o quer se mexer, como R\u00fassia e Canad\u00e1, para ganharem mais dinheiro, em curto prazo, com a polui\u00e7\u00e3o.<\/p>\n<p>\u201cUm dos \u00fanicos elementos positivos que sa\u00edram de Copenhague (onde aconteceu a COP15) era a promessa de que o fundo para adapta\u00e7\u00e3o \u00e0s mudan\u00e7as clim\u00e1ticas seria estabelecido em Cancun. Agora, at\u00e9 essa promessa est\u00e1 por um fio\u201d, afirma o diretor de pol\u00edticas clim\u00e1ticas do Greenpeace Internacional, Wendel Trio, que acompanha a confer\u00eancia.<\/p>\n<p>Afundam, com as indefini\u00e7\u00f5es da COP16, o Cristo Redentor, a Est\u00e1tua da Liberdade, o Taj Majal, a Torre Eiffel, o Big Bem, o Anjo mexicano da Independ\u00eancia, a Pir\u00e2mide de Giz\u00e9, o Tempo chin\u00eas do Para\u00edso e a Casa de \u00d3pera de Sidney. Com esses \u00edcones, afundam nossas esperan\u00e7as de que os pa\u00edses entendessem que suas pr\u00f3prias popula\u00e7\u00f5es, aqueles a quem representam, est\u00e3o em risco.<\/p>\n<p><a href=\"http:\/\/www.oarcanjo.net\/site\/wp-content\/uploads\/CONES1.jpg\"><img loading=\"lazy\" decoding=\"async\" class=\"aligncenter size-medium wp-image-12077\" src=\"http:\/\/www.oarcanjo.net\/site\/wp-content\/uploads\/CONES1-300x214.jpg\" alt=\"\" width=\"300\" height=\"214\" srcset=\"https:\/\/www.oarcanjo.net\/site\/wp-content\/uploads\/CONES1-300x214.jpg 300w, https:\/\/www.oarcanjo.net\/site\/wp-content\/uploads\/CONES1.jpg 800w\" sizes=\"(max-width: 300px) 100vw, 300px\" \/><\/a><\/p>\n<div id=\"themify_builder_content-12073\" data-postid=\"12073\" class=\"themify_builder_content themify_builder_content-12073 themify_builder themify_builder_front\">\n\t<\/div>\n<!-- \/themify_builder_content -->","protected":false},"excerpt":{"rendered":"<p>O aquecimento global pode trazer grandes conseq\u00fbencias se\u00a0\u00a0n\u00e3o tomarem provid\u00eancias. A Terra continua com sua temperatura aumentando,\u00a0 enquanto o dinheiro est\u00e1 em primeiro plano. O Mundo pode deixar de existir se as coisas continuarem assim. O texto abaixo \u00e9 do Greenpeace e fala justamente que a Terra pode ser inundada por causa do derretimento das [&hellip;]<\/p>\n","protected":false},"author":12,"featured_media":0,"comment_status":"open","ping_status":"open","sticky":false,"template":"","format":"standard","meta":{"ngg_post_thumbnail":0,"footnotes":""},"categories":[395],"tags":[468],"yoast_head":"<!-- This site is optimized with the Yoast SEO plugin v23.5 - https:\/\/yoast.com\/wordpress\/plugins\/seo\/ -->\n<title>Not\u00edcias do meio ambiente - O Arcanjo no ar<\/title>\n<meta name=\"robots\" content=\"index, follow, max-snippet:-1, max-image-preview:large, max-video-preview:-1\" \/>\n<link rel=\"canonical\" href=\"https:\/\/www.oarcanjo.net\/site\/noticias-do-meio-ambiente\/\" \/>\n<meta property=\"og:locale\" content=\"pt_BR\" \/>\n<meta property=\"og:type\" content=\"article\" \/>\n<meta property=\"og:title\" content=\"Not\u00edcias do meio ambiente - O Arcanjo no ar\" \/>\n<meta property=\"og:description\" content=\"O aquecimento global pode trazer grandes conseq\u00fbencias se\u00a0\u00a0n\u00e3o tomarem provid\u00eancias. A Terra continua com sua temperatura aumentando,\u00a0 enquanto o dinheiro est\u00e1 em primeiro plano. O Mundo pode deixar de existir se as coisas continuarem assim. O texto abaixo \u00e9 do Greenpeace e fala justamente que a Terra pode ser inundada por causa do derretimento das [&hellip;]\" \/>\n<meta property=\"og:url\" content=\"https:\/\/www.oarcanjo.net\/site\/noticias-do-meio-ambiente\/\" \/>\n<meta property=\"og:site_name\" content=\"O Arcanjo no ar\" \/>\n<meta property=\"article:publisher\" content=\"https:\/\/www.facebook.com\/OArcanjoNoAr\/\" \/>\n<meta property=\"article:published_time\" content=\"2010-12-10T22:18:15+00:00\" \/>\n<meta property=\"article:modified_time\" content=\"2010-12-17T01:14:34+00:00\" \/>\n<meta property=\"og:image\" content=\"http:\/\/www.oarcanjo.net\/site\/wp-content\/uploads\/CONES1-300x214.jpg\" \/>\n<meta name=\"author\" content=\"mariana\" \/>\n<meta name=\"twitter:card\" content=\"summary_large_image\" \/>\n<meta name=\"twitter:label1\" content=\"Escrito por\" \/>\n\t<meta name=\"twitter:data1\" content=\"mariana\" \/>\n\t<meta name=\"twitter:label2\" content=\"Est. tempo de leitura\" \/>\n\t<meta name=\"twitter:data2\" content=\"2 minutos\" \/>\n<script type=\"application\/ld+json\" class=\"yoast-schema-graph\">{\"@context\":\"https:\/\/schema.org\",\"@graph\":[{\"@type\":\"Article\",\"@id\":\"https:\/\/www.oarcanjo.net\/site\/noticias-do-meio-ambiente\/#article\",\"isPartOf\":{\"@id\":\"https:\/\/www.oarcanjo.net\/site\/noticias-do-meio-ambiente\/\"},\"author\":{\"name\":\"mariana\",\"@id\":\"https:\/\/www.oarcanjo.net\/site\/#\/schema\/person\/e54a5c62347067e278a5d0cf64f6a6e6\"},\"headline\":\"Not\u00edcias do meio ambiente\",\"datePublished\":\"2010-12-10T22:18:15+00:00\",\"dateModified\":\"2010-12-17T01:14:34+00:00\",\"mainEntityOfPage\":{\"@id\":\"https:\/\/www.oarcanjo.net\/site\/noticias-do-meio-ambiente\/\"},\"wordCount\":369,\"commentCount\":1,\"publisher\":{\"@id\":\"https:\/\/www.oarcanjo.net\/site\/#organization\"},\"image\":{\"@id\":\"https:\/\/www.oarcanjo.net\/site\/noticias-do-meio-ambiente\/#primaryimage\"},\"thumbnailUrl\":\"http:\/\/www.oarcanjo.net\/site\/wp-content\/uploads\/CONES1-300x214.jpg\",\"keywords\":[\"meio ambiente\"],\"articleSection\":[\"Jovens\"],\"inLanguage\":\"pt-BR\",\"potentialAction\":[{\"@type\":\"CommentAction\",\"name\":\"Comment\",\"target\":[\"https:\/\/www.oarcanjo.net\/site\/noticias-do-meio-ambiente\/#respond\"]}]},{\"@type\":\"WebPage\",\"@id\":\"https:\/\/www.oarcanjo.net\/site\/noticias-do-meio-ambiente\/\",\"url\":\"https:\/\/www.oarcanjo.net\/site\/noticias-do-meio-ambiente\/\",\"name\":\"Not\u00edcias do meio ambiente - O Arcanjo no ar\",\"isPartOf\":{\"@id\":\"https:\/\/www.oarcanjo.net\/site\/#website\"},\"primaryImageOfPage\":{\"@id\":\"https:\/\/www.oarcanjo.net\/site\/noticias-do-meio-ambiente\/#primaryimage\"},\"image\":{\"@id\":\"https:\/\/www.oarcanjo.net\/site\/noticias-do-meio-ambiente\/#primaryimage\"},\"thumbnailUrl\":\"http:\/\/www.oarcanjo.net\/site\/wp-content\/uploads\/CONES1-300x214.jpg\",\"datePublished\":\"2010-12-10T22:18:15+00:00\",\"dateModified\":\"2010-12-17T01:14:34+00:00\",\"breadcrumb\":{\"@id\":\"https:\/\/www.oarcanjo.net\/site\/noticias-do-meio-ambiente\/#breadcrumb\"},\"inLanguage\":\"pt-BR\",\"potentialAction\":[{\"@type\":\"ReadAction\",\"target\":[\"https:\/\/www.oarcanjo.net\/site\/noticias-do-meio-ambiente\/\"]}]},{\"@type\":\"ImageObject\",\"inLanguage\":\"pt-BR\",\"@id\":\"https:\/\/www.oarcanjo.net\/site\/noticias-do-meio-ambiente\/#primaryimage\",\"url\":\"https:\/\/www.oarcanjo.net\/site\/wp-content\/uploads\/CONES1.jpg\",\"contentUrl\":\"https:\/\/www.oarcanjo.net\/site\/wp-content\/uploads\/CONES1.jpg\",\"width\":\"800\",\"height\":\"571\"},{\"@type\":\"BreadcrumbList\",\"@id\":\"https:\/\/www.oarcanjo.net\/site\/noticias-do-meio-ambiente\/#breadcrumb\",\"itemListElement\":[{\"@type\":\"ListItem\",\"position\":1,\"name\":\"In\u00edcio\",\"item\":\"https:\/\/www.oarcanjo.net\/site\/\"},{\"@type\":\"ListItem\",\"position\":2,\"name\":\"Not\u00edcias do meio ambiente\"}]},{\"@type\":\"WebSite\",\"@id\":\"https:\/\/www.oarcanjo.net\/site\/#website\",\"url\":\"https:\/\/www.oarcanjo.net\/site\/\",\"name\":\"O Arcanjo no ar\",\"description\":\"Site da Par\u00f3quia S\u00e3o Miguel Arcanjo (Arquidiocese de SP)\",\"publisher\":{\"@id\":\"https:\/\/www.oarcanjo.net\/site\/#organization\"},\"potentialAction\":[{\"@type\":\"SearchAction\",\"target\":{\"@type\":\"EntryPoint\",\"urlTemplate\":\"https:\/\/www.oarcanjo.net\/site\/?s={search_term_string}\"},\"query-input\":{\"@type\":\"PropertyValueSpecification\",\"valueRequired\":true,\"valueName\":\"search_term_string\"}}],\"inLanguage\":\"pt-BR\"},{\"@type\":\"Organization\",\"@id\":\"https:\/\/www.oarcanjo.net\/site\/#organization\",\"name\":\"Par\u00f3quia S\u00e3o Miguel Arcanjo\",\"url\":\"https:\/\/www.oarcanjo.net\/site\/\",\"logo\":{\"@type\":\"ImageObject\",\"inLanguage\":\"pt-BR\",\"@id\":\"https:\/\/www.oarcanjo.net\/site\/#\/schema\/logo\/image\/\",\"url\":\"https:\/\/www.oarcanjo.net\/site\/wp-content\/uploads\/LogoOArcanjo.png\",\"contentUrl\":\"https:\/\/www.oarcanjo.net\/site\/wp-content\/uploads\/LogoOArcanjo.png\",\"width\":319,\"height\":99,\"caption\":\"Par\u00f3quia S\u00e3o Miguel Arcanjo\"},\"image\":{\"@id\":\"https:\/\/www.oarcanjo.net\/site\/#\/schema\/logo\/image\/\"},\"sameAs\":[\"https:\/\/www.facebook.com\/OArcanjoNoAr\/\"]},{\"@type\":\"Person\",\"@id\":\"https:\/\/www.oarcanjo.net\/site\/#\/schema\/person\/e54a5c62347067e278a5d0cf64f6a6e6\",\"name\":\"mariana\"}]}<\/script>\n<!-- \/ Yoast SEO plugin. -->","yoast_head_json":{"title":"Not\u00edcias do meio ambiente - O Arcanjo no ar","robots":{"index":"index","follow":"follow","max-snippet":"max-snippet:-1","max-image-preview":"max-image-preview:large","max-video-preview":"max-video-preview:-1"},"canonical":"https:\/\/www.oarcanjo.net\/site\/noticias-do-meio-ambiente\/","og_locale":"pt_BR","og_type":"article","og_title":"Not\u00edcias do meio ambiente - O Arcanjo no ar","og_description":"O aquecimento global pode trazer grandes conseq\u00fbencias se\u00a0\u00a0n\u00e3o tomarem provid\u00eancias. A Terra continua com sua temperatura aumentando,\u00a0 enquanto o dinheiro est\u00e1 em primeiro plano. O Mundo pode deixar de existir se as coisas continuarem assim. O texto abaixo \u00e9 do Greenpeace e fala justamente que a Terra pode ser inundada por causa do derretimento das [&hellip;]","og_url":"https:\/\/www.oarcanjo.net\/site\/noticias-do-meio-ambiente\/","og_site_name":"O Arcanjo no ar","article_publisher":"https:\/\/www.facebook.com\/OArcanjoNoAr\/","article_published_time":"2010-12-10T22:18:15+00:00","article_modified_time":"2010-12-17T01:14:34+00:00","og_image":[{"url":"http:\/\/www.oarcanjo.net\/site\/wp-content\/uploads\/CONES1-300x214.jpg"}],"author":"mariana","twitter_card":"summary_large_image","twitter_misc":{"Escrito por":"mariana","Est. tempo de leitura":"2 minutos"},"schema":{"@context":"https:\/\/schema.org","@graph":[{"@type":"Article","@id":"https:\/\/www.oarcanjo.net\/site\/noticias-do-meio-ambiente\/#article","isPartOf":{"@id":"https:\/\/www.oarcanjo.net\/site\/noticias-do-meio-ambiente\/"},"author":{"name":"mariana","@id":"https:\/\/www.oarcanjo.net\/site\/#\/schema\/person\/e54a5c62347067e278a5d0cf64f6a6e6"},"headline":"Not\u00edcias do meio ambiente","datePublished":"2010-12-10T22:18:15+00:00","dateModified":"2010-12-17T01:14:34+00:00","mainEntityOfPage":{"@id":"https:\/\/www.oarcanjo.net\/site\/noticias-do-meio-ambiente\/"},"wordCount":369,"commentCount":1,"publisher":{"@id":"https:\/\/www.oarcanjo.net\/site\/#organization"},"image":{"@id":"https:\/\/www.oarcanjo.net\/site\/noticias-do-meio-ambiente\/#primaryimage"},"thumbnailUrl":"http:\/\/www.oarcanjo.net\/site\/wp-content\/uploads\/CONES1-300x214.jpg","keywords":["meio ambiente"],"articleSection":["Jovens"],"inLanguage":"pt-BR","potentialAction":[{"@type":"CommentAction","name":"Comment","target":["https:\/\/www.oarcanjo.net\/site\/noticias-do-meio-ambiente\/#respond"]}]},{"@type":"WebPage","@id":"https:\/\/www.oarcanjo.net\/site\/noticias-do-meio-ambiente\/","url":"https:\/\/www.oarcanjo.net\/site\/noticias-do-meio-ambiente\/","name":"Not\u00edcias do meio ambiente - O Arcanjo no ar","isPartOf":{"@id":"https:\/\/www.oarcanjo.net\/site\/#website"},"primaryImageOfPage":{"@id":"https:\/\/www.oarcanjo.net\/site\/noticias-do-meio-ambiente\/#primaryimage"},"image":{"@id":"https:\/\/www.oarcanjo.net\/site\/noticias-do-meio-ambiente\/#primaryimage"},"thumbnailUrl":"http:\/\/www.oarcanjo.net\/site\/wp-content\/uploads\/CONES1-300x214.jpg","datePublished":"2010-12-10T22:18:15+00:00","dateModified":"2010-12-17T01:14:34+00:00","breadcrumb":{"@id":"https:\/\/www.oarcanjo.net\/site\/noticias-do-meio-ambiente\/#breadcrumb"},"inLanguage":"pt-BR","potentialAction":[{"@type":"ReadAction","target":["https:\/\/www.oarcanjo.net\/site\/noticias-do-meio-ambiente\/"]}]},{"@type":"ImageObject","inLanguage":"pt-BR","@id":"https:\/\/www.oarcanjo.net\/site\/noticias-do-meio-ambiente\/#primaryimage","url":"https:\/\/www.oarcanjo.net\/site\/wp-content\/uploads\/CONES1.jpg","contentUrl":"https:\/\/www.oarcanjo.net\/site\/wp-content\/uploads\/CONES1.jpg","width":"800","height":"571"},{"@type":"BreadcrumbList","@id":"https:\/\/www.oarcanjo.net\/site\/noticias-do-meio-ambiente\/#breadcrumb","itemListElement":[{"@type":"ListItem","position":1,"name":"In\u00edcio","item":"https:\/\/www.oarcanjo.net\/site\/"},{"@type":"ListItem","position":2,"name":"Not\u00edcias do meio ambiente"}]},{"@type":"WebSite","@id":"https:\/\/www.oarcanjo.net\/site\/#website","url":"https:\/\/www.oarcanjo.net\/site\/","name":"O Arcanjo no ar","description":"Site da Par\u00f3quia S\u00e3o Miguel Arcanjo (Arquidiocese de SP)","publisher":{"@id":"https:\/\/www.oarcanjo.net\/site\/#organization"},"potentialAction":[{"@type":"SearchAction","target":{"@type":"EntryPoint","urlTemplate":"https:\/\/www.oarcanjo.net\/site\/?s={search_term_string}"},"query-input":{"@type":"PropertyValueSpecification","valueRequired":true,"valueName":"search_term_string"}}],"inLanguage":"pt-BR"},{"@type":"Organization","@id":"https:\/\/www.oarcanjo.net\/site\/#organization","name":"Par\u00f3quia S\u00e3o Miguel Arcanjo","url":"https:\/\/www.oarcanjo.net\/site\/","logo":{"@type":"ImageObject","inLanguage":"pt-BR","@id":"https:\/\/www.oarcanjo.net\/site\/#\/schema\/logo\/image\/","url":"https:\/\/www.oarcanjo.net\/site\/wp-content\/uploads\/LogoOArcanjo.png","contentUrl":"https:\/\/www.oarcanjo.net\/site\/wp-content\/uploads\/LogoOArcanjo.png","width":319,"height":99,"caption":"Par\u00f3quia S\u00e3o Miguel Arcanjo"},"image":{"@id":"https:\/\/www.oarcanjo.net\/site\/#\/schema\/logo\/image\/"},"sameAs":["https:\/\/www.facebook.com\/OArcanjoNoAr\/"]},{"@type":"Person","@id":"https:\/\/www.oarcanjo.net\/site\/#\/schema\/person\/e54a5c62347067e278a5d0cf64f6a6e6","name":"mariana"}]}},"publishpress_future_action":{"enabled":false,"date":"2026-05-07 09:37:53","action":"category","newStatus":"draft","terms":[],"taxonomy":"category"},"publishpress_future_workflow_manual_trigger":{"enabledWorkflows":[]},"_links":{"self":[{"href":"https:\/\/www.oarcanjo.net\/site\/wp-json\/wp\/v2\/posts\/12073"}],"collection":[{"href":"https:\/\/www.oarcanjo.net\/site\/wp-json\/wp\/v2\/posts"}],"about":[{"href":"https:\/\/www.oarcanjo.net\/site\/wp-json\/wp\/v2\/types\/post"}],"author":[{"embeddable":true,"href":"https:\/\/www.oarcanjo.net\/site\/wp-json\/wp\/v2\/users\/12"}],"replies":[{"embeddable":true,"href":"https:\/\/www.oarcanjo.net\/site\/wp-json\/wp\/v2\/comments?post=12073"}],"version-history":[{"count":0,"href":"https:\/\/www.oarcanjo.net\/site\/wp-json\/wp\/v2\/posts\/12073\/revisions"}],"wp:attachment":[{"href":"https:\/\/www.oarcanjo.net\/site\/wp-json\/wp\/v2\/media?parent=12073"}],"wp:term":[{"taxonomy":"category","embeddable":true,"href":"https:\/\/www.oarcanjo.net\/site\/wp-json\/wp\/v2\/categories?post=12073"},{"taxonomy":"post_tag","embeddable":true,"href":"https:\/\/www.oarcanjo.net\/site\/wp-json\/wp\/v2\/tags?post=12073"}],"curies":[{"name":"wp","href":"https:\/\/api.w.org\/{rel}","templated":true}]}}