
{"id":12136,"date":"2010-12-12T12:05:37","date_gmt":"2010-12-12T14:05:37","guid":{"rendered":"http:\/\/www.oarcanjo.net\/site\/?p=12136"},"modified":"2010-12-12T14:29:14","modified_gmt":"2010-12-12T16:29:14","slug":"curso-de-teologia-para-leigos-2011-2012","status":"publish","type":"post","link":"https:\/\/www.oarcanjo.net\/site\/curso-de-teologia-para-leigos-2011-2012\/","title":{"rendered":"Curso de Teologia para Leigos 2011-2012"},"content":{"rendered":"<p>Em 2011 come\u00e7a um novo curso de Teologia para leigos na Regi\u00e3o Bel\u00e9m.<\/p>\n<p>Tem como <strong>objetivos<\/strong>:<\/p>\n<p>&#8211; Responder aos constantes apelos da Igreja de S\u00e3o Paulo e \u00e0 permanente necessidade de forma\u00e7\u00e3o dos agentes evangelizadores, como pede o Documento de Aparecida.<\/p>\n<p>&#8211; Incentivar e qualificar leigos e leigas como educadores da f\u00e9 na cidade de S\u00e3o Paulo<\/p>\n<p>&#8211; Desenvolver um conhecimento interdisciplinar sobre os assuntos da f\u00e9 crist\u00e3 cat\u00f3lica.<\/p>\n<p>As <strong>disciplinas <\/strong>ser\u00e3o:<\/p>\n<p>&#8211; Introdu\u00e7\u00e3o \u00e0 Teologia<br \/>\n&#8211; B\u00edblia<br \/>\n&#8211; Eclesiologia<br \/>\n&#8211; Liturgia<br \/>\n&#8211; Sacramentos<br \/>\n&#8211; Cristologia<br \/>\n&#8211; Peneumatologia<br \/>\n&#8211; Mariologia<\/p>\n<p>Inscreva-se! Participe!<\/p>\n<p><strong>In\u00edcio das aulas: <\/strong>14 de fevereiro de 2011<br \/>\n<strong>Corpo docente: <\/strong>Os professores s\u00e3o mestres em Teologia especializados nas referidas disciplinas<br \/>\n<strong>Certificado: <\/strong>Certificado de participa\u00e7\u00e3o ao final do curso, para os alunos com frequ\u00eancia igual ou superior a 75%<br \/>\n<strong>Respons\u00e1veis:<br \/>\n<\/strong>Pe. Marcelo Monge &#8211; 2693-2645<br \/>\nPe. Aldo &#8211; 2605-4100<\/p>\n<p><strong>Informa\u00e7\u00f5es:<\/strong><\/p>\n<p><strong>Local: <\/strong>Centro Pastoral S\u00e3o Jos\u00e9<br \/>\nAv. \u00c1lvaro Ramos, 366 &#8211; Bel\u00e9m<br \/>\n<strong>Hor\u00e1rio: <\/strong>Segunda-feira<br \/>\nDas 19h30 \u00e0s 21h30<br \/>\n<strong>Dura\u00e7\u00e3o: <\/strong>2 anos<br \/>\n<strong>Carga hor\u00e1ria:<\/strong> 128 horas-aula<br \/>\n16 aulas para cada disciplina<\/p>\n<p><em>Aulas expositivas, trabalhos em grupo, uso de datashow.<\/em><\/p>\n<p><strong>Valor:<\/strong> Taxa mensal por aluno de R$ 15,00 (quinze reais)<\/p>\n<p><em>&#8220;\u00c9 sumamente desej\u00e1vel e necess\u00e1rio que tenhamos uma nova gera\u00e7\u00e3o de leigos bem formados, atuando em todos os campos da vida social e cultural da sociedade.<\/em><\/p>\n<p><em>Leigos e leigas com consci\u00eancia de disc\u00edpulos de Cristo, que conhe\u00e7am a f\u00e9, a moral e a doutrina social da Igreja, capazes de tomarem posi\u00e7\u00e3o, como disc\u00edpulos de Cristo, e sem medo ou vergonha de assumirem sua identidade cat\u00f3lica num mundo pluralista.<\/em><\/p>\n<p><em>O que temos a compartilhar com a sociedade \u00e9 bom, construtivo e\u00a0dignificante! Os cat\u00f3licos leigos n\u00e3o deveriam, simplesmente, amoldar-se ao &#8220;pensamento corrente&#8221;, mas ser capazes de oferecer sua contribui\u00e7\u00e3o para enriquecer o horizonte do pensamento e da cultura, atrav\u00e9s de uma postura crist\u00e3 cat\u00f3lica coerente com o ensinamento da Igreja.<\/em><\/p>\n<p><em>Nossa grande tarefa \u00e9 formar bem os leigos; \u00e9 miss\u00e3o pastoral primordial nossa.&#8221;<\/em><\/p>\n<p><em><strong>Dom Odilo Pedro Scherer<\/strong><br \/>\n<strong>Cardela Arcebispo de S\u00e3o Paulo<\/strong><br \/>\n(Carta aos Sacerdotes &#8211; 2010) <\/em><\/p>\n<div id=\"themify_builder_content-12136\" data-postid=\"12136\" class=\"themify_builder_content themify_builder_content-12136 themify_builder themify_builder_front\">\n\t<\/div>\n<!-- \/themify_builder_content -->","protected":false},"excerpt":{"rendered":"<p>Em 2011 come\u00e7a um novo curso de Teologia para leigos na Regi\u00e3o Bel\u00e9m. Tem como objetivos: &#8211; Responder aos constantes apelos da Igreja de S\u00e3o Paulo e \u00e0 permanente necessidade de forma\u00e7\u00e3o dos agentes evangelizadores, como pede o Documento de Aparecida. &#8211; Incentivar e qualificar leigos e leigas como educadores da f\u00e9 na cidade de [&hellip;]<\/p>\n","protected":false},"author":5,"featured_media":0,"comment_status":"open","ping_status":"open","sticky":false,"template":"","format":"standard","meta":{"ngg_post_thumbnail":0,"footnotes":""},"categories":[8],"tags":[],"yoast_head":"<!-- This site is optimized with the Yoast SEO plugin v23.5 - https:\/\/yoast.com\/wordpress\/plugins\/seo\/ -->\n<title>Curso de Teologia para Leigos 2011-2012 - O Arcanjo no ar<\/title>\n<meta name=\"robots\" content=\"index, follow, max-snippet:-1, max-image-preview:large, max-video-preview:-1\" \/>\n<link rel=\"canonical\" href=\"https:\/\/www.oarcanjo.net\/site\/curso-de-teologia-para-leigos-2011-2012\/\" \/>\n<meta property=\"og:locale\" content=\"pt_BR\" \/>\n<meta property=\"og:type\" content=\"article\" \/>\n<meta property=\"og:title\" content=\"Curso de Teologia para Leigos 2011-2012 - O Arcanjo no ar\" \/>\n<meta property=\"og:description\" content=\"Em 2011 come\u00e7a um novo curso de Teologia para leigos na Regi\u00e3o Bel\u00e9m. Tem como objetivos: &#8211; Responder aos constantes apelos da Igreja de S\u00e3o Paulo e \u00e0 permanente necessidade de forma\u00e7\u00e3o dos agentes evangelizadores, como pede o Documento de Aparecida. &#8211; Incentivar e qualificar leigos e leigas como educadores da f\u00e9 na cidade de [&hellip;]\" \/>\n<meta property=\"og:url\" content=\"https:\/\/www.oarcanjo.net\/site\/curso-de-teologia-para-leigos-2011-2012\/\" \/>\n<meta property=\"og:site_name\" content=\"O Arcanjo no ar\" \/>\n<meta property=\"article:publisher\" content=\"https:\/\/www.facebook.com\/OArcanjoNoAr\/\" \/>\n<meta property=\"article:published_time\" content=\"2010-12-12T14:05:37+00:00\" \/>\n<meta property=\"article:modified_time\" content=\"2010-12-12T16:29:14+00:00\" \/>\n<meta property=\"og:image\" content=\"https:\/\/www.oarcanjo.net\/site\/wp-content\/uploads\/logo-o-arcanjo-no-ar-facebook.png\" \/>\n\t<meta property=\"og:image:width\" content=\"300\" \/>\n\t<meta property=\"og:image:height\" content=\"300\" \/>\n\t<meta property=\"og:image:type\" content=\"image\/png\" \/>\n<meta name=\"author\" content=\"editor\" \/>\n<meta name=\"twitter:card\" content=\"summary_large_image\" \/>\n<meta name=\"twitter:label1\" content=\"Escrito por\" \/>\n\t<meta name=\"twitter:data1\" content=\"editor\" \/>\n\t<meta name=\"twitter:label2\" content=\"Est. tempo de leitura\" \/>\n\t<meta name=\"twitter:data2\" content=\"2 minutos\" \/>\n<script type=\"application\/ld+json\" class=\"yoast-schema-graph\">{\"@context\":\"https:\/\/schema.org\",\"@graph\":[{\"@type\":\"Article\",\"@id\":\"https:\/\/www.oarcanjo.net\/site\/curso-de-teologia-para-leigos-2011-2012\/#article\",\"isPartOf\":{\"@id\":\"https:\/\/www.oarcanjo.net\/site\/curso-de-teologia-para-leigos-2011-2012\/\"},\"author\":{\"name\":\"editor\",\"@id\":\"https:\/\/www.oarcanjo.net\/site\/#\/schema\/person\/f7024d007863202483a31326673a0838\"},\"headline\":\"Curso de Teologia para Leigos 2011-2012\",\"datePublished\":\"2010-12-12T14:05:37+00:00\",\"dateModified\":\"2010-12-12T16:29:14+00:00\",\"mainEntityOfPage\":{\"@id\":\"https:\/\/www.oarcanjo.net\/site\/curso-de-teologia-para-leigos-2011-2012\/\"},\"wordCount\":361,\"commentCount\":7,\"publisher\":{\"@id\":\"https:\/\/www.oarcanjo.net\/site\/#organization\"},\"articleSection\":[\"Not\u00edcias\"],\"inLanguage\":\"pt-BR\",\"potentialAction\":[{\"@type\":\"CommentAction\",\"name\":\"Comment\",\"target\":[\"https:\/\/www.oarcanjo.net\/site\/curso-de-teologia-para-leigos-2011-2012\/#respond\"]}]},{\"@type\":\"WebPage\",\"@id\":\"https:\/\/www.oarcanjo.net\/site\/curso-de-teologia-para-leigos-2011-2012\/\",\"url\":\"https:\/\/www.oarcanjo.net\/site\/curso-de-teologia-para-leigos-2011-2012\/\",\"name\":\"Curso de Teologia para Leigos 2011-2012 - O Arcanjo no ar\",\"isPartOf\":{\"@id\":\"https:\/\/www.oarcanjo.net\/site\/#website\"},\"datePublished\":\"2010-12-12T14:05:37+00:00\",\"dateModified\":\"2010-12-12T16:29:14+00:00\",\"breadcrumb\":{\"@id\":\"https:\/\/www.oarcanjo.net\/site\/curso-de-teologia-para-leigos-2011-2012\/#breadcrumb\"},\"inLanguage\":\"pt-BR\",\"potentialAction\":[{\"@type\":\"ReadAction\",\"target\":[\"https:\/\/www.oarcanjo.net\/site\/curso-de-teologia-para-leigos-2011-2012\/\"]}]},{\"@type\":\"BreadcrumbList\",\"@id\":\"https:\/\/www.oarcanjo.net\/site\/curso-de-teologia-para-leigos-2011-2012\/#breadcrumb\",\"itemListElement\":[{\"@type\":\"ListItem\",\"position\":1,\"name\":\"In\u00edcio\",\"item\":\"https:\/\/www.oarcanjo.net\/site\/\"},{\"@type\":\"ListItem\",\"position\":2,\"name\":\"Curso de Teologia para Leigos 2011-2012\"}]},{\"@type\":\"WebSite\",\"@id\":\"https:\/\/www.oarcanjo.net\/site\/#website\",\"url\":\"https:\/\/www.oarcanjo.net\/site\/\",\"name\":\"O Arcanjo no ar\",\"description\":\"Site da Par\u00f3quia S\u00e3o Miguel Arcanjo (Arquidiocese de SP)\",\"publisher\":{\"@id\":\"https:\/\/www.oarcanjo.net\/site\/#organization\"},\"potentialAction\":[{\"@type\":\"SearchAction\",\"target\":{\"@type\":\"EntryPoint\",\"urlTemplate\":\"https:\/\/www.oarcanjo.net\/site\/?s={search_term_string}\"},\"query-input\":{\"@type\":\"PropertyValueSpecification\",\"valueRequired\":true,\"valueName\":\"search_term_string\"}}],\"inLanguage\":\"pt-BR\"},{\"@type\":\"Organization\",\"@id\":\"https:\/\/www.oarcanjo.net\/site\/#organization\",\"name\":\"Par\u00f3quia S\u00e3o Miguel Arcanjo\",\"url\":\"https:\/\/www.oarcanjo.net\/site\/\",\"logo\":{\"@type\":\"ImageObject\",\"inLanguage\":\"pt-BR\",\"@id\":\"https:\/\/www.oarcanjo.net\/site\/#\/schema\/logo\/image\/\",\"url\":\"https:\/\/www.oarcanjo.net\/site\/wp-content\/uploads\/LogoOArcanjo.png\",\"contentUrl\":\"https:\/\/www.oarcanjo.net\/site\/wp-content\/uploads\/LogoOArcanjo.png\",\"width\":319,\"height\":99,\"caption\":\"Par\u00f3quia S\u00e3o Miguel Arcanjo\"},\"image\":{\"@id\":\"https:\/\/www.oarcanjo.net\/site\/#\/schema\/logo\/image\/\"},\"sameAs\":[\"https:\/\/www.facebook.com\/OArcanjoNoAr\/\"]},{\"@type\":\"Person\",\"@id\":\"https:\/\/www.oarcanjo.net\/site\/#\/schema\/person\/f7024d007863202483a31326673a0838\",\"name\":\"editor\",\"sameAs\":[\"http:\/\/www.oarcanjo.net\"]}]}<\/script>\n<!-- \/ Yoast SEO plugin. -->","yoast_head_json":{"title":"Curso de Teologia para Leigos 2011-2012 - O Arcanjo no ar","robots":{"index":"index","follow":"follow","max-snippet":"max-snippet:-1","max-image-preview":"max-image-preview:large","max-video-preview":"max-video-preview:-1"},"canonical":"https:\/\/www.oarcanjo.net\/site\/curso-de-teologia-para-leigos-2011-2012\/","og_locale":"pt_BR","og_type":"article","og_title":"Curso de Teologia para Leigos 2011-2012 - O Arcanjo no ar","og_description":"Em 2011 come\u00e7a um novo curso de Teologia para leigos na Regi\u00e3o Bel\u00e9m. Tem como objetivos: &#8211; Responder aos constantes apelos da Igreja de S\u00e3o Paulo e \u00e0 permanente necessidade de forma\u00e7\u00e3o dos agentes evangelizadores, como pede o Documento de Aparecida. &#8211; Incentivar e qualificar leigos e leigas como educadores da f\u00e9 na cidade de [&hellip;]","og_url":"https:\/\/www.oarcanjo.net\/site\/curso-de-teologia-para-leigos-2011-2012\/","og_site_name":"O Arcanjo no ar","article_publisher":"https:\/\/www.facebook.com\/OArcanjoNoAr\/","article_published_time":"2010-12-12T14:05:37+00:00","article_modified_time":"2010-12-12T16:29:14+00:00","og_image":[{"width":300,"height":300,"url":"https:\/\/www.oarcanjo.net\/site\/wp-content\/uploads\/logo-o-arcanjo-no-ar-facebook.png","type":"image\/png"}],"author":"editor","twitter_card":"summary_large_image","twitter_misc":{"Escrito por":"editor","Est. tempo de leitura":"2 minutos"},"schema":{"@context":"https:\/\/schema.org","@graph":[{"@type":"Article","@id":"https:\/\/www.oarcanjo.net\/site\/curso-de-teologia-para-leigos-2011-2012\/#article","isPartOf":{"@id":"https:\/\/www.oarcanjo.net\/site\/curso-de-teologia-para-leigos-2011-2012\/"},"author":{"name":"editor","@id":"https:\/\/www.oarcanjo.net\/site\/#\/schema\/person\/f7024d007863202483a31326673a0838"},"headline":"Curso de Teologia para Leigos 2011-2012","datePublished":"2010-12-12T14:05:37+00:00","dateModified":"2010-12-12T16:29:14+00:00","mainEntityOfPage":{"@id":"https:\/\/www.oarcanjo.net\/site\/curso-de-teologia-para-leigos-2011-2012\/"},"wordCount":361,"commentCount":7,"publisher":{"@id":"https:\/\/www.oarcanjo.net\/site\/#organization"},"articleSection":["Not\u00edcias"],"inLanguage":"pt-BR","potentialAction":[{"@type":"CommentAction","name":"Comment","target":["https:\/\/www.oarcanjo.net\/site\/curso-de-teologia-para-leigos-2011-2012\/#respond"]}]},{"@type":"WebPage","@id":"https:\/\/www.oarcanjo.net\/site\/curso-de-teologia-para-leigos-2011-2012\/","url":"https:\/\/www.oarcanjo.net\/site\/curso-de-teologia-para-leigos-2011-2012\/","name":"Curso de Teologia para Leigos 2011-2012 - O Arcanjo no ar","isPartOf":{"@id":"https:\/\/www.oarcanjo.net\/site\/#website"},"datePublished":"2010-12-12T14:05:37+00:00","dateModified":"2010-12-12T16:29:14+00:00","breadcrumb":{"@id":"https:\/\/www.oarcanjo.net\/site\/curso-de-teologia-para-leigos-2011-2012\/#breadcrumb"},"inLanguage":"pt-BR","potentialAction":[{"@type":"ReadAction","target":["https:\/\/www.oarcanjo.net\/site\/curso-de-teologia-para-leigos-2011-2012\/"]}]},{"@type":"BreadcrumbList","@id":"https:\/\/www.oarcanjo.net\/site\/curso-de-teologia-para-leigos-2011-2012\/#breadcrumb","itemListElement":[{"@type":"ListItem","position":1,"name":"In\u00edcio","item":"https:\/\/www.oarcanjo.net\/site\/"},{"@type":"ListItem","position":2,"name":"Curso de Teologia para Leigos 2011-2012"}]},{"@type":"WebSite","@id":"https:\/\/www.oarcanjo.net\/site\/#website","url":"https:\/\/www.oarcanjo.net\/site\/","name":"O Arcanjo no ar","description":"Site da Par\u00f3quia S\u00e3o Miguel Arcanjo (Arquidiocese de SP)","publisher":{"@id":"https:\/\/www.oarcanjo.net\/site\/#organization"},"potentialAction":[{"@type":"SearchAction","target":{"@type":"EntryPoint","urlTemplate":"https:\/\/www.oarcanjo.net\/site\/?s={search_term_string}"},"query-input":{"@type":"PropertyValueSpecification","valueRequired":true,"valueName":"search_term_string"}}],"inLanguage":"pt-BR"},{"@type":"Organization","@id":"https:\/\/www.oarcanjo.net\/site\/#organization","name":"Par\u00f3quia S\u00e3o Miguel Arcanjo","url":"https:\/\/www.oarcanjo.net\/site\/","logo":{"@type":"ImageObject","inLanguage":"pt-BR","@id":"https:\/\/www.oarcanjo.net\/site\/#\/schema\/logo\/image\/","url":"https:\/\/www.oarcanjo.net\/site\/wp-content\/uploads\/LogoOArcanjo.png","contentUrl":"https:\/\/www.oarcanjo.net\/site\/wp-content\/uploads\/LogoOArcanjo.png","width":319,"height":99,"caption":"Par\u00f3quia S\u00e3o Miguel Arcanjo"},"image":{"@id":"https:\/\/www.oarcanjo.net\/site\/#\/schema\/logo\/image\/"},"sameAs":["https:\/\/www.facebook.com\/OArcanjoNoAr\/"]},{"@type":"Person","@id":"https:\/\/www.oarcanjo.net\/site\/#\/schema\/person\/f7024d007863202483a31326673a0838","name":"editor","sameAs":["http:\/\/www.oarcanjo.net"]}]}},"publishpress_future_action":{"enabled":false,"date":"2026-05-07 14:34:29","action":"category","newStatus":"draft","terms":[],"taxonomy":"category"},"publishpress_future_workflow_manual_trigger":{"enabledWorkflows":[]},"_links":{"self":[{"href":"https:\/\/www.oarcanjo.net\/site\/wp-json\/wp\/v2\/posts\/12136"}],"collection":[{"href":"https:\/\/www.oarcanjo.net\/site\/wp-json\/wp\/v2\/posts"}],"about":[{"href":"https:\/\/www.oarcanjo.net\/site\/wp-json\/wp\/v2\/types\/post"}],"author":[{"embeddable":true,"href":"https:\/\/www.oarcanjo.net\/site\/wp-json\/wp\/v2\/users\/5"}],"replies":[{"embeddable":true,"href":"https:\/\/www.oarcanjo.net\/site\/wp-json\/wp\/v2\/comments?post=12136"}],"version-history":[{"count":0,"href":"https:\/\/www.oarcanjo.net\/site\/wp-json\/wp\/v2\/posts\/12136\/revisions"}],"wp:attachment":[{"href":"https:\/\/www.oarcanjo.net\/site\/wp-json\/wp\/v2\/media?parent=12136"}],"wp:term":[{"taxonomy":"category","embeddable":true,"href":"https:\/\/www.oarcanjo.net\/site\/wp-json\/wp\/v2\/categories?post=12136"},{"taxonomy":"post_tag","embeddable":true,"href":"https:\/\/www.oarcanjo.net\/site\/wp-json\/wp\/v2\/tags?post=12136"}],"curies":[{"name":"wp","href":"https:\/\/api.w.org\/{rel}","templated":true}]}}