
{"id":1214,"date":"2008-12-24T00:00:58","date_gmt":"2008-12-24T02:00:58","guid":{"rendered":"http:\/\/www.oarcanjo.net\/site\/?p=1214"},"modified":"2008-12-24T01:34:22","modified_gmt":"2008-12-24T03:34:22","slug":"feliz-vigilia-de-natal","status":"publish","type":"post","link":"https:\/\/www.oarcanjo.net\/site\/feliz-vigilia-de-natal\/","title":{"rendered":"Feliz vig\u00edlia de Natal"},"content":{"rendered":"<p>Marcelo Barros *<\/p>\n<p>\u00c9 v\u00e9spera de Natal. Para muita gente, o programa desta noite \u00e9 uma ceia festiva ou um encontro familiar especial. \u00c9 bom que, independentemente da sua dimens\u00e3o religiosa, o Natal possa unir as pessoas e provocar confraterniza\u00e7\u00e3o. Antigamente, a noite de Natal era de vig\u00edlia na esperan\u00e7a do sol. Depois de dias e dias, sem dar a sua luz, no duro inverno do norte, o sol volta a brilhar na manh\u00e3 do 25 de dezembro. Por isso, os crist\u00e3os escolheram esta data para festejar Jesus Cristo, como luz que ilumina as nossas vidas e nos torna mais humanos. Mesmo pessoas de outras religi\u00f5es, como aquelas que n\u00e3o t\u00eam nenhuma express\u00e3o de f\u00e9 se alegram e gostam de crer que a divindade n\u00e3o precisa de templos de ouro para vir nos encontrar. O mundo se torna um imenso pres\u00e9pio no qual Deus pode se deitar em nossas palhas e em meio \u00e0 nossa pobreza estrutural. <\/p>\n<p>Antigamente, as religi\u00f5es opunham o humano e o divino, assim como, at\u00e9 hoje, certo espiritualismo op\u00f5e o material e o espiritual. Quando se diz que algu\u00e9m \u00e9 espiritualizado, parece que se entende ser algu\u00e9m desligado da mat\u00e9ria. Na pr\u00f3pria B\u00edblia, ao contar a sua voca\u00e7\u00e3o de profeta, um disc\u00edpulo de Isa\u00edas escreve: &#8220;Uma voz diz: Grita! Respondi: O que hei de gritar? Toda carne (toda criatura) \u00e9 como a erva do campo. Toda a sua beleza \u00e9 como a flor do campo. A erva seca e a flor murcha quando sobre elas passa o vento divino. Na verdade, o povo \u00e9 mero capim que hoje existe e amanh\u00e3 \u00e9 jogado ao fogo. A Palavra de Deus, ao contr\u00e1rio, permanece eternamente!&#8221; (Is 40, 6- 8). A novidade do Natal \u00e9 que o evangelho diz: &#8220;A Palavra de Deus se fez carne e armou sua tenda no meio de n\u00f3s&#8221; (Jo 1, 14). A partir de agora, n\u00e3o existe mais divis\u00e3o entre o divino e o humano j\u00e1 que do pr\u00f3prio Jesus, se pode dizer: &#8220;Humano assim a este ponto, s\u00f3 pode ser divino&#8221;. O corpo n\u00e3o \u00e9 mais um c\u00e1rcere do esp\u00edrito. A espiritualidade do Natal nos faz amar o corpo, apreciar a beleza das pessoas, valorizar as rela\u00e7\u00f5es, mesmo aquelas que parecem superficiais e descobrir uma dimens\u00e3o sagrada do er\u00f3tico. Somos chamados a viver no mundo, cuidando do que \u00e9 real e como pessoas humanas que assumem sua humanidade.<\/p>\n<p>Ao assumir nossa realidade e revelar a divindade presente na dimens\u00e3o humana, Jesus valoriza os outros caminhos espirituais atrav\u00e9s dos quais as pessoas buscam a Deus. Pelo fato dele ter assumido nossa realidade humana, ele me ensina como crist\u00e3o a reconhecer a presen\u00e7a divina em Maom\u00e9, em Buda e nas manifesta\u00e7\u00f5es de todas as culturas e religi\u00f5es. O Natal atesta que Deus veio encontrar &#8220;toda pessoa humana que veio a este mundo&#8221;, independente de qualquer classifica\u00e7\u00e3o cultural ou religiosa. Quem descobriu o sentido mais profundo do Natal, se abre sempre mais ao outro e ao diferente. Quem n\u00e3o \u00e9 capaz de aceitar o diferente n\u00e3o sabe o que \u00e9 Natal.<\/p>\n<p>Ao assumir a humanidade em toda a sua complexidade, Jesus assume uma dimens\u00e3o masculina, mas tamb\u00e9m manifesta um ser feminino. Revela um Deus que \u00e9 Pai e M\u00e3e e permite que o chamemos de Ele e Ela. Na realidade do nosso mundo ainda t\u00e3o ferido por desigualdades de g\u00eanero, o Natal nos revela o rosto feminino da divindade.<\/p>\n<p>Pelo que, atrav\u00e9s desta reflex\u00e3o, voc\u00ea pode perceber, o Natal \u00e9 mais uma realidade a ser ainda acolhida e vivida do que simplesmente a mem\u00f3ria de algo do passado. Por isso, o que constitui verdadeiramente esta festa \u00e9 a vig\u00edlia, a espera. De fato, \u00e9 como se n\u00e3o pud\u00e9ssemos ainda chegar ao dia 25 propriamente dito. Estamos vivendo a noite entre o 24 e o 25. Vivemos a espera da madrugada, j\u00e1 antecipando a alegria do dia novo que vir\u00e1. Esta realidade \u00e9 expressa nas Igrejas tradicionais pela chamada &#8220;Missa do Galo&#8221;. Hoje, na maioria de nossas cidades, por motivos de seguran\u00e7a ou de mera conveni\u00eancia, o culto que tradicionalmente era \u00e0 meia noite, \u00e9 antecipado para \u00e0s 19 ou 20 horas. Mas, o sentido desta vig\u00edlia \u00e9 nos reunir na expectativa de uma madrugada nova para as pessoas e para todo o universo.<\/p>\n<p>Nas vig\u00edlias dos mosteiros antigos, repete-se um refr\u00e3o lit\u00fargico, baseado no livro do \u00caxodo: &#8220;Hoje, todos saber\u00e3o que o Senhor vir\u00e1 e amanh\u00e3 poder\u00e3o ver a sua gl\u00f3ria&#8221;. Parece irreal e at\u00e9 alienado cantar: &#8220;Hoje ainda poder\u00e1 ser destru\u00edda a iniq\u00fcidade do mundo, porque reinar\u00e1 sobre n\u00f3s o Salvador&#8221;. Entretanto, se trata de um c\u00e2ntico prof\u00e9tico que nos anima na esperan\u00e7a de caminharmos nesta dire\u00e7\u00e3o. <\/p>\n<p>Que a paz e a alegria deste Natal des\u00e7a sobre cada um\/uma de voc\u00eas. Um feliz Natal de esperan\u00e7a e nova humanidade.  <\/p>\n<p>* Monge beneditino e escritor<\/p>\n<p><em>(Publicado originalmente na ag\u00eancia <a href=\"http:\/\/www.adital.com.br\" target=\"_blank\">Adital<\/a>)<\/em><\/p>\n<div id=\"themify_builder_content-1214\" data-postid=\"1214\" class=\"themify_builder_content themify_builder_content-1214 themify_builder themify_builder_front\">\n\t<\/div>\n<!-- \/themify_builder_content -->","protected":false},"excerpt":{"rendered":"<p>Marcelo Barros * \u00c9 v\u00e9spera de Natal. Para muita gente, o programa desta noite \u00e9 uma ceia festiva ou um encontro familiar especial. \u00c9 bom que, independentemente da sua dimens\u00e3o religiosa, o Natal possa unir as pessoas e provocar confraterniza\u00e7\u00e3o. Antigamente, a noite de Natal era de vig\u00edlia na esperan\u00e7a do sol. Depois de dias [&hellip;]<\/p>\n","protected":false},"author":5,"featured_media":0,"comment_status":"open","ping_status":"open","sticky":false,"template":"","format":"standard","meta":{"ngg_post_thumbnail":0,"footnotes":""},"categories":[9],"tags":[76,60,160],"yoast_head":"<!-- This site is optimized with the Yoast SEO plugin v23.5 - https:\/\/yoast.com\/wordpress\/plugins\/seo\/ -->\n<title>Feliz vig\u00edlia de Natal - O Arcanjo no ar<\/title>\n<meta name=\"robots\" content=\"index, follow, max-snippet:-1, max-image-preview:large, max-video-preview:-1\" \/>\n<link rel=\"canonical\" href=\"https:\/\/www.oarcanjo.net\/site\/feliz-vigilia-de-natal\/\" \/>\n<meta property=\"og:locale\" content=\"pt_BR\" \/>\n<meta property=\"og:type\" content=\"article\" \/>\n<meta property=\"og:title\" content=\"Feliz vig\u00edlia de Natal - O Arcanjo no ar\" \/>\n<meta property=\"og:description\" content=\"Marcelo Barros * \u00c9 v\u00e9spera de Natal. Para muita gente, o programa desta noite \u00e9 uma ceia festiva ou um encontro familiar especial. \u00c9 bom que, independentemente da sua dimens\u00e3o religiosa, o Natal possa unir as pessoas e provocar confraterniza\u00e7\u00e3o. Antigamente, a noite de Natal era de vig\u00edlia na esperan\u00e7a do sol. Depois de dias [&hellip;]\" \/>\n<meta property=\"og:url\" content=\"https:\/\/www.oarcanjo.net\/site\/feliz-vigilia-de-natal\/\" \/>\n<meta property=\"og:site_name\" content=\"O Arcanjo no ar\" \/>\n<meta property=\"article:publisher\" content=\"https:\/\/www.facebook.com\/OArcanjoNoAr\/\" \/>\n<meta property=\"article:published_time\" content=\"2008-12-24T02:00:58+00:00\" \/>\n<meta property=\"article:modified_time\" content=\"2008-12-24T03:34:22+00:00\" \/>\n<meta property=\"og:image\" content=\"https:\/\/www.oarcanjo.net\/site\/wp-content\/uploads\/logo-o-arcanjo-no-ar-facebook.png\" \/>\n\t<meta property=\"og:image:width\" content=\"300\" \/>\n\t<meta property=\"og:image:height\" content=\"300\" \/>\n\t<meta property=\"og:image:type\" content=\"image\/png\" \/>\n<meta name=\"author\" content=\"editor\" \/>\n<meta name=\"twitter:card\" content=\"summary_large_image\" \/>\n<meta name=\"twitter:label1\" content=\"Escrito por\" \/>\n\t<meta name=\"twitter:data1\" content=\"editor\" \/>\n\t<meta name=\"twitter:label2\" content=\"Est. tempo de leitura\" \/>\n\t<meta name=\"twitter:data2\" content=\"4 minutos\" \/>\n<script type=\"application\/ld+json\" class=\"yoast-schema-graph\">{\"@context\":\"https:\/\/schema.org\",\"@graph\":[{\"@type\":\"Article\",\"@id\":\"https:\/\/www.oarcanjo.net\/site\/feliz-vigilia-de-natal\/#article\",\"isPartOf\":{\"@id\":\"https:\/\/www.oarcanjo.net\/site\/feliz-vigilia-de-natal\/\"},\"author\":{\"name\":\"editor\",\"@id\":\"https:\/\/www.oarcanjo.net\/site\/#\/schema\/person\/f7024d007863202483a31326673a0838\"},\"headline\":\"Feliz vig\u00edlia de Natal\",\"datePublished\":\"2008-12-24T02:00:58+00:00\",\"dateModified\":\"2008-12-24T03:34:22+00:00\",\"mainEntityOfPage\":{\"@id\":\"https:\/\/www.oarcanjo.net\/site\/feliz-vigilia-de-natal\/\"},\"wordCount\":850,\"commentCount\":0,\"publisher\":{\"@id\":\"https:\/\/www.oarcanjo.net\/site\/#organization\"},\"keywords\":[\"espiritualidade\",\"natal\",\"vig\u00edlia\"],\"articleSection\":[\"Reflex\u00f5es\"],\"inLanguage\":\"pt-BR\",\"potentialAction\":[{\"@type\":\"CommentAction\",\"name\":\"Comment\",\"target\":[\"https:\/\/www.oarcanjo.net\/site\/feliz-vigilia-de-natal\/#respond\"]}]},{\"@type\":\"WebPage\",\"@id\":\"https:\/\/www.oarcanjo.net\/site\/feliz-vigilia-de-natal\/\",\"url\":\"https:\/\/www.oarcanjo.net\/site\/feliz-vigilia-de-natal\/\",\"name\":\"Feliz vig\u00edlia de Natal - O Arcanjo no ar\",\"isPartOf\":{\"@id\":\"https:\/\/www.oarcanjo.net\/site\/#website\"},\"datePublished\":\"2008-12-24T02:00:58+00:00\",\"dateModified\":\"2008-12-24T03:34:22+00:00\",\"breadcrumb\":{\"@id\":\"https:\/\/www.oarcanjo.net\/site\/feliz-vigilia-de-natal\/#breadcrumb\"},\"inLanguage\":\"pt-BR\",\"potentialAction\":[{\"@type\":\"ReadAction\",\"target\":[\"https:\/\/www.oarcanjo.net\/site\/feliz-vigilia-de-natal\/\"]}]},{\"@type\":\"BreadcrumbList\",\"@id\":\"https:\/\/www.oarcanjo.net\/site\/feliz-vigilia-de-natal\/#breadcrumb\",\"itemListElement\":[{\"@type\":\"ListItem\",\"position\":1,\"name\":\"In\u00edcio\",\"item\":\"https:\/\/www.oarcanjo.net\/site\/\"},{\"@type\":\"ListItem\",\"position\":2,\"name\":\"Feliz vig\u00edlia de Natal\"}]},{\"@type\":\"WebSite\",\"@id\":\"https:\/\/www.oarcanjo.net\/site\/#website\",\"url\":\"https:\/\/www.oarcanjo.net\/site\/\",\"name\":\"O Arcanjo no ar\",\"description\":\"Site da Par\u00f3quia S\u00e3o Miguel Arcanjo (Arquidiocese de SP)\",\"publisher\":{\"@id\":\"https:\/\/www.oarcanjo.net\/site\/#organization\"},\"potentialAction\":[{\"@type\":\"SearchAction\",\"target\":{\"@type\":\"EntryPoint\",\"urlTemplate\":\"https:\/\/www.oarcanjo.net\/site\/?s={search_term_string}\"},\"query-input\":{\"@type\":\"PropertyValueSpecification\",\"valueRequired\":true,\"valueName\":\"search_term_string\"}}],\"inLanguage\":\"pt-BR\"},{\"@type\":\"Organization\",\"@id\":\"https:\/\/www.oarcanjo.net\/site\/#organization\",\"name\":\"Par\u00f3quia S\u00e3o Miguel Arcanjo\",\"url\":\"https:\/\/www.oarcanjo.net\/site\/\",\"logo\":{\"@type\":\"ImageObject\",\"inLanguage\":\"pt-BR\",\"@id\":\"https:\/\/www.oarcanjo.net\/site\/#\/schema\/logo\/image\/\",\"url\":\"https:\/\/www.oarcanjo.net\/site\/wp-content\/uploads\/LogoOArcanjo.png\",\"contentUrl\":\"https:\/\/www.oarcanjo.net\/site\/wp-content\/uploads\/LogoOArcanjo.png\",\"width\":319,\"height\":99,\"caption\":\"Par\u00f3quia S\u00e3o Miguel Arcanjo\"},\"image\":{\"@id\":\"https:\/\/www.oarcanjo.net\/site\/#\/schema\/logo\/image\/\"},\"sameAs\":[\"https:\/\/www.facebook.com\/OArcanjoNoAr\/\"]},{\"@type\":\"Person\",\"@id\":\"https:\/\/www.oarcanjo.net\/site\/#\/schema\/person\/f7024d007863202483a31326673a0838\",\"name\":\"editor\",\"sameAs\":[\"http:\/\/www.oarcanjo.net\"]}]}<\/script>\n<!-- \/ Yoast SEO plugin. -->","yoast_head_json":{"title":"Feliz vig\u00edlia de Natal - O Arcanjo no ar","robots":{"index":"index","follow":"follow","max-snippet":"max-snippet:-1","max-image-preview":"max-image-preview:large","max-video-preview":"max-video-preview:-1"},"canonical":"https:\/\/www.oarcanjo.net\/site\/feliz-vigilia-de-natal\/","og_locale":"pt_BR","og_type":"article","og_title":"Feliz vig\u00edlia de Natal - O Arcanjo no ar","og_description":"Marcelo Barros * \u00c9 v\u00e9spera de Natal. Para muita gente, o programa desta noite \u00e9 uma ceia festiva ou um encontro familiar especial. \u00c9 bom que, independentemente da sua dimens\u00e3o religiosa, o Natal possa unir as pessoas e provocar confraterniza\u00e7\u00e3o. Antigamente, a noite de Natal era de vig\u00edlia na esperan\u00e7a do sol. Depois de dias [&hellip;]","og_url":"https:\/\/www.oarcanjo.net\/site\/feliz-vigilia-de-natal\/","og_site_name":"O Arcanjo no ar","article_publisher":"https:\/\/www.facebook.com\/OArcanjoNoAr\/","article_published_time":"2008-12-24T02:00:58+00:00","article_modified_time":"2008-12-24T03:34:22+00:00","og_image":[{"width":300,"height":300,"url":"https:\/\/www.oarcanjo.net\/site\/wp-content\/uploads\/logo-o-arcanjo-no-ar-facebook.png","type":"image\/png"}],"author":"editor","twitter_card":"summary_large_image","twitter_misc":{"Escrito por":"editor","Est. tempo de leitura":"4 minutos"},"schema":{"@context":"https:\/\/schema.org","@graph":[{"@type":"Article","@id":"https:\/\/www.oarcanjo.net\/site\/feliz-vigilia-de-natal\/#article","isPartOf":{"@id":"https:\/\/www.oarcanjo.net\/site\/feliz-vigilia-de-natal\/"},"author":{"name":"editor","@id":"https:\/\/www.oarcanjo.net\/site\/#\/schema\/person\/f7024d007863202483a31326673a0838"},"headline":"Feliz vig\u00edlia de Natal","datePublished":"2008-12-24T02:00:58+00:00","dateModified":"2008-12-24T03:34:22+00:00","mainEntityOfPage":{"@id":"https:\/\/www.oarcanjo.net\/site\/feliz-vigilia-de-natal\/"},"wordCount":850,"commentCount":0,"publisher":{"@id":"https:\/\/www.oarcanjo.net\/site\/#organization"},"keywords":["espiritualidade","natal","vig\u00edlia"],"articleSection":["Reflex\u00f5es"],"inLanguage":"pt-BR","potentialAction":[{"@type":"CommentAction","name":"Comment","target":["https:\/\/www.oarcanjo.net\/site\/feliz-vigilia-de-natal\/#respond"]}]},{"@type":"WebPage","@id":"https:\/\/www.oarcanjo.net\/site\/feliz-vigilia-de-natal\/","url":"https:\/\/www.oarcanjo.net\/site\/feliz-vigilia-de-natal\/","name":"Feliz vig\u00edlia de Natal - O Arcanjo no ar","isPartOf":{"@id":"https:\/\/www.oarcanjo.net\/site\/#website"},"datePublished":"2008-12-24T02:00:58+00:00","dateModified":"2008-12-24T03:34:22+00:00","breadcrumb":{"@id":"https:\/\/www.oarcanjo.net\/site\/feliz-vigilia-de-natal\/#breadcrumb"},"inLanguage":"pt-BR","potentialAction":[{"@type":"ReadAction","target":["https:\/\/www.oarcanjo.net\/site\/feliz-vigilia-de-natal\/"]}]},{"@type":"BreadcrumbList","@id":"https:\/\/www.oarcanjo.net\/site\/feliz-vigilia-de-natal\/#breadcrumb","itemListElement":[{"@type":"ListItem","position":1,"name":"In\u00edcio","item":"https:\/\/www.oarcanjo.net\/site\/"},{"@type":"ListItem","position":2,"name":"Feliz vig\u00edlia de Natal"}]},{"@type":"WebSite","@id":"https:\/\/www.oarcanjo.net\/site\/#website","url":"https:\/\/www.oarcanjo.net\/site\/","name":"O Arcanjo no ar","description":"Site da Par\u00f3quia S\u00e3o Miguel Arcanjo (Arquidiocese de SP)","publisher":{"@id":"https:\/\/www.oarcanjo.net\/site\/#organization"},"potentialAction":[{"@type":"SearchAction","target":{"@type":"EntryPoint","urlTemplate":"https:\/\/www.oarcanjo.net\/site\/?s={search_term_string}"},"query-input":{"@type":"PropertyValueSpecification","valueRequired":true,"valueName":"search_term_string"}}],"inLanguage":"pt-BR"},{"@type":"Organization","@id":"https:\/\/www.oarcanjo.net\/site\/#organization","name":"Par\u00f3quia S\u00e3o Miguel Arcanjo","url":"https:\/\/www.oarcanjo.net\/site\/","logo":{"@type":"ImageObject","inLanguage":"pt-BR","@id":"https:\/\/www.oarcanjo.net\/site\/#\/schema\/logo\/image\/","url":"https:\/\/www.oarcanjo.net\/site\/wp-content\/uploads\/LogoOArcanjo.png","contentUrl":"https:\/\/www.oarcanjo.net\/site\/wp-content\/uploads\/LogoOArcanjo.png","width":319,"height":99,"caption":"Par\u00f3quia S\u00e3o Miguel Arcanjo"},"image":{"@id":"https:\/\/www.oarcanjo.net\/site\/#\/schema\/logo\/image\/"},"sameAs":["https:\/\/www.facebook.com\/OArcanjoNoAr\/"]},{"@type":"Person","@id":"https:\/\/www.oarcanjo.net\/site\/#\/schema\/person\/f7024d007863202483a31326673a0838","name":"editor","sameAs":["http:\/\/www.oarcanjo.net"]}]}},"publishpress_future_action":{"enabled":false,"date":"2026-05-07 23:09:20","action":"category","newStatus":"draft","terms":[],"taxonomy":"category"},"publishpress_future_workflow_manual_trigger":{"enabledWorkflows":[]},"_links":{"self":[{"href":"https:\/\/www.oarcanjo.net\/site\/wp-json\/wp\/v2\/posts\/1214"}],"collection":[{"href":"https:\/\/www.oarcanjo.net\/site\/wp-json\/wp\/v2\/posts"}],"about":[{"href":"https:\/\/www.oarcanjo.net\/site\/wp-json\/wp\/v2\/types\/post"}],"author":[{"embeddable":true,"href":"https:\/\/www.oarcanjo.net\/site\/wp-json\/wp\/v2\/users\/5"}],"replies":[{"embeddable":true,"href":"https:\/\/www.oarcanjo.net\/site\/wp-json\/wp\/v2\/comments?post=1214"}],"version-history":[{"count":0,"href":"https:\/\/www.oarcanjo.net\/site\/wp-json\/wp\/v2\/posts\/1214\/revisions"}],"wp:attachment":[{"href":"https:\/\/www.oarcanjo.net\/site\/wp-json\/wp\/v2\/media?parent=1214"}],"wp:term":[{"taxonomy":"category","embeddable":true,"href":"https:\/\/www.oarcanjo.net\/site\/wp-json\/wp\/v2\/categories?post=1214"},{"taxonomy":"post_tag","embeddable":true,"href":"https:\/\/www.oarcanjo.net\/site\/wp-json\/wp\/v2\/tags?post=1214"}],"curies":[{"name":"wp","href":"https:\/\/api.w.org\/{rel}","templated":true}]}}