
{"id":12144,"date":"2010-12-13T05:19:24","date_gmt":"2010-12-13T07:19:24","guid":{"rendered":"http:\/\/www.oarcanjo.net\/site\/?p=12144"},"modified":"2010-12-13T05:19:51","modified_gmt":"2010-12-13T07:19:51","slug":"reuniao-geral-da-paroquia-sao-miguel","status":"publish","type":"post","link":"https:\/\/www.oarcanjo.net\/site\/reuniao-geral-da-paroquia-sao-miguel\/","title":{"rendered":"Reuni\u00e3o geral da Par\u00f3quia S\u00e3o Miguel"},"content":{"rendered":"<p>Aconteceu no \u00faltimo s\u00e1bado, dia 11, uma reuni\u00e3o na par\u00f3quia S\u00e3o Miguel para, nas palavras de Padre J\u00falio, &#8220;arrumar as gavetas e os arm\u00e1rios&#8221;.<\/p>\n<p><a href=\"http:\/\/www.oarcanjo.net\/site\/wp-content\/uploads\/reuniao-sao-miguel-dez-2010-01.jpg\"><img loading=\"lazy\" decoding=\"async\" class=\"alignnone size-full wp-image-12187\" title=\"Reuni\u00e3o S\u00e3o Miguel Arcanjo - Dezembro 2010\" src=\"http:\/\/www.oarcanjo.net\/site\/wp-content\/uploads\/reuniao-sao-miguel-dez-2010-01.jpg\" alt=\"Reuni\u00e3o S\u00e3o Miguel Arcanjo - Dezembro 2010\" width=\"450\" height=\"300\" srcset=\"https:\/\/www.oarcanjo.net\/site\/wp-content\/uploads\/reuniao-sao-miguel-dez-2010-01.jpg 450w, https:\/\/www.oarcanjo.net\/site\/wp-content\/uploads\/reuniao-sao-miguel-dez-2010-01-300x200.jpg 300w\" sizes=\"(max-width: 450px) 100vw, 450px\" \/><\/a><\/p>\n<p style=\"text-align: justify;\">A\u00a0primeira etapa da reuni\u00e3o foi para tratar da liturgia. Como acontece uma vez por m\u00eas, a comunidade se reuniu para aprender um pouco mais com o Pe. J\u00falio como participar melhor da liturgia, como ton\u00e1-la mais bonita e funcional.<\/p>\n<p style=\"text-align: justify;\"><a href=\"http:\/\/www.oarcanjo.net\/site\/wp-content\/uploads\/reuniao-sao-miguel-dez-2010-02.jpg\"><img loading=\"lazy\" decoding=\"async\" class=\"alignnone size-full wp-image-12188\" title=\"Reuni\u00e3o S\u00e3o Miguel Arcanjo - Dezembro 2010\" src=\"http:\/\/www.oarcanjo.net\/site\/wp-content\/uploads\/reuniao-sao-miguel-dez-2010-02.jpg\" alt=\"Reuni\u00e3o S\u00e3o Miguel Arcanjo - Dezembro 2010\" width=\"450\" height=\"300\" srcset=\"https:\/\/www.oarcanjo.net\/site\/wp-content\/uploads\/reuniao-sao-miguel-dez-2010-02.jpg 450w, https:\/\/www.oarcanjo.net\/site\/wp-content\/uploads\/reuniao-sao-miguel-dez-2010-02-300x200.jpg 300w\" sizes=\"(max-width: 450px) 100vw, 450px\" \/><\/a><\/p>\n<p style=\"text-align: justify;\">Depois foram discutidas algumas datas de celebra\u00e7\u00f5es de final de ano, foi elencada a rela\u00e7\u00e3o de ministros da comunidade para ser entregue ao Bispo. Tamb\u00e9m foi feito um levantamento de nomes de representantes das mais diversas pastorais da nossa comunidade, al\u00e9m de escolhermos nomes para nos representar no setor e para a comiss\u00e3o Financeira da Comunidade.<\/p>\n<p style=\"text-align: justify;\"><a href=\"http:\/\/www.oarcanjo.net\/site\/wp-content\/uploads\/reuniao-sao-miguel-dez-2010-06.jpg\"><img loading=\"lazy\" decoding=\"async\" class=\"alignnone size-full wp-image-12189\" title=\"Reuni\u00e3o S\u00e3o Miguel Arcanjo - Dezembro 2010\" src=\"http:\/\/www.oarcanjo.net\/site\/wp-content\/uploads\/reuniao-sao-miguel-dez-2010-06.jpg\" alt=\"Reuni\u00e3o S\u00e3o Miguel Arcanjo - Dezembro 2010\" width=\"450\" height=\"300\" srcset=\"https:\/\/www.oarcanjo.net\/site\/wp-content\/uploads\/reuniao-sao-miguel-dez-2010-06.jpg 450w, https:\/\/www.oarcanjo.net\/site\/wp-content\/uploads\/reuniao-sao-miguel-dez-2010-06-300x200.jpg 300w\" sizes=\"(max-width: 450px) 100vw, 450px\" \/><\/a><\/p>\n<p style=\"text-align: justify;\">No final, padre J\u00falio fez o seguinte questionamento: O qu\u00ea fazermos para sermos mission\u00e1rios na nossa comunidade? Fica a pergunta para todos n\u00f3s e ao longo dos dias voc\u00ea ter\u00e1 detalhadamente as datas e hor\u00e1rios definidos para as celebra\u00e7\u00f5es de final de ano, os nomes dos nossos representantes e tudo mais o que foi definido nesta reuni\u00e3o, que teve como ponto positivo a certeza da recupera\u00e7\u00e3o do nosso querido Padre J\u00falio.<\/p>\n<p style=\"text-align: justify;\"><a href=\"http:\/\/www.oarcanjo.net\/site\/wp-content\/uploads\/reuniao-sao-miguel-dez-2010-03.jpg\"><img loading=\"lazy\" decoding=\"async\" class=\"alignnone size-full wp-image-12190\" title=\"Reuni\u00e3o S\u00e3o Miguel Arcanjo - Dezembro 2010\" src=\"http:\/\/www.oarcanjo.net\/site\/wp-content\/uploads\/reuniao-sao-miguel-dez-2010-03.jpg\" alt=\"Reuni\u00e3o S\u00e3o Miguel Arcanjo - Dezembro 2010\" width=\"450\" height=\"300\" srcset=\"https:\/\/www.oarcanjo.net\/site\/wp-content\/uploads\/reuniao-sao-miguel-dez-2010-03.jpg 450w, https:\/\/www.oarcanjo.net\/site\/wp-content\/uploads\/reuniao-sao-miguel-dez-2010-03-300x200.jpg 300w\" sizes=\"(max-width: 450px) 100vw, 450px\" \/><\/a><\/p>\n<p style=\"text-align: justify;\">\n<p style=\"text-align: justify;\"><a href=\"http:\/\/www.oarcanjo.net\/site\/wp-content\/uploads\/reuniao-sao-miguel-dez-2010-04.jpg\"><img loading=\"lazy\" decoding=\"async\" class=\"alignnone size-full wp-image-12191\" title=\"Reuni\u00e3o S\u00e3o Miguel Arcanjo - Dezembro 2010\" src=\"http:\/\/www.oarcanjo.net\/site\/wp-content\/uploads\/reuniao-sao-miguel-dez-2010-04.jpg\" alt=\"Reuni\u00e3o S\u00e3o Miguel Arcanjo - Dezembro 2010\" width=\"450\" height=\"300\" srcset=\"https:\/\/www.oarcanjo.net\/site\/wp-content\/uploads\/reuniao-sao-miguel-dez-2010-04.jpg 450w, https:\/\/www.oarcanjo.net\/site\/wp-content\/uploads\/reuniao-sao-miguel-dez-2010-04-300x200.jpg 300w\" sizes=\"(max-width: 450px) 100vw, 450px\" \/><\/a><\/p>\n<p style=\"text-align: justify;\">\n<p style=\"text-align: justify;\"><a href=\"http:\/\/www.oarcanjo.net\/site\/wp-content\/uploads\/reuniao-sao-miguel-dez-2010-05.jpg\"><img loading=\"lazy\" decoding=\"async\" class=\"alignnone size-full wp-image-12192\" title=\"Reuni\u00e3o S\u00e3o Miguel Arcanjo - Dezembro 2010\" src=\"http:\/\/www.oarcanjo.net\/site\/wp-content\/uploads\/reuniao-sao-miguel-dez-2010-05.jpg\" alt=\"Reuni\u00e3o S\u00e3o Miguel Arcanjo - Dezembro 2010\" width=\"450\" height=\"300\" srcset=\"https:\/\/www.oarcanjo.net\/site\/wp-content\/uploads\/reuniao-sao-miguel-dez-2010-05.jpg 450w, https:\/\/www.oarcanjo.net\/site\/wp-content\/uploads\/reuniao-sao-miguel-dez-2010-05-300x200.jpg 300w\" sizes=\"(max-width: 450px) 100vw, 450px\" \/><\/a><\/p>\n<div id=\"themify_builder_content-12144\" data-postid=\"12144\" class=\"themify_builder_content themify_builder_content-12144 themify_builder themify_builder_front\">\n\t<\/div>\n<!-- \/themify_builder_content -->","protected":false},"excerpt":{"rendered":"<p>Aconteceu no \u00faltimo s\u00e1bado, dia 11, uma reuni\u00e3o na par\u00f3quia S\u00e3o Miguel para, nas palavras de Padre J\u00falio, &#8220;arrumar as gavetas e os arm\u00e1rios&#8221;. A\u00a0primeira etapa da reuni\u00e3o foi para tratar da liturgia. Como acontece uma vez por m\u00eas, a comunidade se reuniu para aprender um pouco mais com o Pe. J\u00falio como participar melhor [&hellip;]<\/p>\n","protected":false},"author":15,"featured_media":0,"comment_status":"open","ping_status":"open","sticky":false,"template":"","format":"standard","meta":{"ngg_post_thumbnail":0,"footnotes":""},"categories":[8,7],"tags":[1128],"yoast_head":"<!-- This site is optimized with the Yoast SEO plugin v23.5 - https:\/\/yoast.com\/wordpress\/plugins\/seo\/ -->\n<title>Reuni\u00e3o geral da Par\u00f3quia S\u00e3o Miguel - O Arcanjo no ar<\/title>\n<meta name=\"robots\" content=\"index, follow, max-snippet:-1, max-image-preview:large, max-video-preview:-1\" \/>\n<link rel=\"canonical\" href=\"https:\/\/www.oarcanjo.net\/site\/reuniao-geral-da-paroquia-sao-miguel\/\" \/>\n<meta property=\"og:locale\" content=\"pt_BR\" \/>\n<meta property=\"og:type\" content=\"article\" \/>\n<meta property=\"og:title\" content=\"Reuni\u00e3o geral da Par\u00f3quia S\u00e3o Miguel - O Arcanjo no ar\" \/>\n<meta property=\"og:description\" content=\"Aconteceu no \u00faltimo s\u00e1bado, dia 11, uma reuni\u00e3o na par\u00f3quia S\u00e3o Miguel para, nas palavras de Padre J\u00falio, &#8220;arrumar as gavetas e os arm\u00e1rios&#8221;. A\u00a0primeira etapa da reuni\u00e3o foi para tratar da liturgia. Como acontece uma vez por m\u00eas, a comunidade se reuniu para aprender um pouco mais com o Pe. J\u00falio como participar melhor [&hellip;]\" \/>\n<meta property=\"og:url\" content=\"https:\/\/www.oarcanjo.net\/site\/reuniao-geral-da-paroquia-sao-miguel\/\" \/>\n<meta property=\"og:site_name\" content=\"O Arcanjo no ar\" \/>\n<meta property=\"article:publisher\" content=\"https:\/\/www.facebook.com\/OArcanjoNoAr\/\" \/>\n<meta property=\"article:published_time\" content=\"2010-12-13T07:19:24+00:00\" \/>\n<meta property=\"article:modified_time\" content=\"2010-12-13T07:19:51+00:00\" \/>\n<meta property=\"og:image\" content=\"http:\/\/www.oarcanjo.net\/site\/wp-content\/uploads\/reuniao-sao-miguel-dez-2010-01.jpg\" \/>\n<meta name=\"author\" content=\"Alexandre Nunes\" \/>\n<meta name=\"twitter:card\" content=\"summary_large_image\" \/>\n<meta name=\"twitter:label1\" content=\"Escrito por\" \/>\n\t<meta name=\"twitter:data1\" content=\"Alexandre Nunes\" \/>\n\t<meta name=\"twitter:label2\" content=\"Est. tempo de leitura\" \/>\n\t<meta name=\"twitter:data2\" content=\"1 minuto\" \/>\n<script type=\"application\/ld+json\" class=\"yoast-schema-graph\">{\"@context\":\"https:\/\/schema.org\",\"@graph\":[{\"@type\":\"Article\",\"@id\":\"https:\/\/www.oarcanjo.net\/site\/reuniao-geral-da-paroquia-sao-miguel\/#article\",\"isPartOf\":{\"@id\":\"https:\/\/www.oarcanjo.net\/site\/reuniao-geral-da-paroquia-sao-miguel\/\"},\"author\":{\"name\":\"Alexandre Nunes\",\"@id\":\"https:\/\/www.oarcanjo.net\/site\/#\/schema\/person\/0a2ae077c1a09b69d29928e3b9f1c0d1\"},\"headline\":\"Reuni\u00e3o geral da Par\u00f3quia S\u00e3o Miguel\",\"datePublished\":\"2010-12-13T07:19:24+00:00\",\"dateModified\":\"2010-12-13T07:19:51+00:00\",\"mainEntityOfPage\":{\"@id\":\"https:\/\/www.oarcanjo.net\/site\/reuniao-geral-da-paroquia-sao-miguel\/\"},\"wordCount\":222,\"commentCount\":1,\"publisher\":{\"@id\":\"https:\/\/www.oarcanjo.net\/site\/#organization\"},\"image\":{\"@id\":\"https:\/\/www.oarcanjo.net\/site\/reuniao-geral-da-paroquia-sao-miguel\/#primaryimage\"},\"thumbnailUrl\":\"http:\/\/www.oarcanjo.net\/site\/wp-content\/uploads\/reuniao-sao-miguel-dez-2010-01.jpg\",\"keywords\":[\"Reuni\u00e3o de Liturgia\"],\"articleSection\":[\"Not\u00edcias\",\"Rosto da comunidade\"],\"inLanguage\":\"pt-BR\",\"potentialAction\":[{\"@type\":\"CommentAction\",\"name\":\"Comment\",\"target\":[\"https:\/\/www.oarcanjo.net\/site\/reuniao-geral-da-paroquia-sao-miguel\/#respond\"]}]},{\"@type\":\"WebPage\",\"@id\":\"https:\/\/www.oarcanjo.net\/site\/reuniao-geral-da-paroquia-sao-miguel\/\",\"url\":\"https:\/\/www.oarcanjo.net\/site\/reuniao-geral-da-paroquia-sao-miguel\/\",\"name\":\"Reuni\u00e3o geral da Par\u00f3quia S\u00e3o Miguel - O Arcanjo no ar\",\"isPartOf\":{\"@id\":\"https:\/\/www.oarcanjo.net\/site\/#website\"},\"primaryImageOfPage\":{\"@id\":\"https:\/\/www.oarcanjo.net\/site\/reuniao-geral-da-paroquia-sao-miguel\/#primaryimage\"},\"image\":{\"@id\":\"https:\/\/www.oarcanjo.net\/site\/reuniao-geral-da-paroquia-sao-miguel\/#primaryimage\"},\"thumbnailUrl\":\"http:\/\/www.oarcanjo.net\/site\/wp-content\/uploads\/reuniao-sao-miguel-dez-2010-01.jpg\",\"datePublished\":\"2010-12-13T07:19:24+00:00\",\"dateModified\":\"2010-12-13T07:19:51+00:00\",\"breadcrumb\":{\"@id\":\"https:\/\/www.oarcanjo.net\/site\/reuniao-geral-da-paroquia-sao-miguel\/#breadcrumb\"},\"inLanguage\":\"pt-BR\",\"potentialAction\":[{\"@type\":\"ReadAction\",\"target\":[\"https:\/\/www.oarcanjo.net\/site\/reuniao-geral-da-paroquia-sao-miguel\/\"]}]},{\"@type\":\"ImageObject\",\"inLanguage\":\"pt-BR\",\"@id\":\"https:\/\/www.oarcanjo.net\/site\/reuniao-geral-da-paroquia-sao-miguel\/#primaryimage\",\"url\":\"http:\/\/www.oarcanjo.net\/site\/wp-content\/uploads\/reuniao-sao-miguel-dez-2010-01.jpg\",\"contentUrl\":\"http:\/\/www.oarcanjo.net\/site\/wp-content\/uploads\/reuniao-sao-miguel-dez-2010-01.jpg\"},{\"@type\":\"BreadcrumbList\",\"@id\":\"https:\/\/www.oarcanjo.net\/site\/reuniao-geral-da-paroquia-sao-miguel\/#breadcrumb\",\"itemListElement\":[{\"@type\":\"ListItem\",\"position\":1,\"name\":\"In\u00edcio\",\"item\":\"https:\/\/www.oarcanjo.net\/site\/\"},{\"@type\":\"ListItem\",\"position\":2,\"name\":\"Reuni\u00e3o geral da Par\u00f3quia S\u00e3o Miguel\"}]},{\"@type\":\"WebSite\",\"@id\":\"https:\/\/www.oarcanjo.net\/site\/#website\",\"url\":\"https:\/\/www.oarcanjo.net\/site\/\",\"name\":\"O Arcanjo no ar\",\"description\":\"Site da Par\u00f3quia S\u00e3o Miguel Arcanjo (Arquidiocese de SP)\",\"publisher\":{\"@id\":\"https:\/\/www.oarcanjo.net\/site\/#organization\"},\"potentialAction\":[{\"@type\":\"SearchAction\",\"target\":{\"@type\":\"EntryPoint\",\"urlTemplate\":\"https:\/\/www.oarcanjo.net\/site\/?s={search_term_string}\"},\"query-input\":{\"@type\":\"PropertyValueSpecification\",\"valueRequired\":true,\"valueName\":\"search_term_string\"}}],\"inLanguage\":\"pt-BR\"},{\"@type\":\"Organization\",\"@id\":\"https:\/\/www.oarcanjo.net\/site\/#organization\",\"name\":\"Par\u00f3quia S\u00e3o Miguel Arcanjo\",\"url\":\"https:\/\/www.oarcanjo.net\/site\/\",\"logo\":{\"@type\":\"ImageObject\",\"inLanguage\":\"pt-BR\",\"@id\":\"https:\/\/www.oarcanjo.net\/site\/#\/schema\/logo\/image\/\",\"url\":\"https:\/\/www.oarcanjo.net\/site\/wp-content\/uploads\/LogoOArcanjo.png\",\"contentUrl\":\"https:\/\/www.oarcanjo.net\/site\/wp-content\/uploads\/LogoOArcanjo.png\",\"width\":319,\"height\":99,\"caption\":\"Par\u00f3quia S\u00e3o Miguel Arcanjo\"},\"image\":{\"@id\":\"https:\/\/www.oarcanjo.net\/site\/#\/schema\/logo\/image\/\"},\"sameAs\":[\"https:\/\/www.facebook.com\/OArcanjoNoAr\/\"]},{\"@type\":\"Person\",\"@id\":\"https:\/\/www.oarcanjo.net\/site\/#\/schema\/person\/0a2ae077c1a09b69d29928e3b9f1c0d1\",\"name\":\"Alexandre Nunes\",\"sameAs\":[\"http:\/\/alexandrenu.com\"]}]}<\/script>\n<!-- \/ Yoast SEO plugin. -->","yoast_head_json":{"title":"Reuni\u00e3o geral da Par\u00f3quia S\u00e3o Miguel - O Arcanjo no ar","robots":{"index":"index","follow":"follow","max-snippet":"max-snippet:-1","max-image-preview":"max-image-preview:large","max-video-preview":"max-video-preview:-1"},"canonical":"https:\/\/www.oarcanjo.net\/site\/reuniao-geral-da-paroquia-sao-miguel\/","og_locale":"pt_BR","og_type":"article","og_title":"Reuni\u00e3o geral da Par\u00f3quia S\u00e3o Miguel - O Arcanjo no ar","og_description":"Aconteceu no \u00faltimo s\u00e1bado, dia 11, uma reuni\u00e3o na par\u00f3quia S\u00e3o Miguel para, nas palavras de Padre J\u00falio, &#8220;arrumar as gavetas e os arm\u00e1rios&#8221;. A\u00a0primeira etapa da reuni\u00e3o foi para tratar da liturgia. Como acontece uma vez por m\u00eas, a comunidade se reuniu para aprender um pouco mais com o Pe. J\u00falio como participar melhor [&hellip;]","og_url":"https:\/\/www.oarcanjo.net\/site\/reuniao-geral-da-paroquia-sao-miguel\/","og_site_name":"O Arcanjo no ar","article_publisher":"https:\/\/www.facebook.com\/OArcanjoNoAr\/","article_published_time":"2010-12-13T07:19:24+00:00","article_modified_time":"2010-12-13T07:19:51+00:00","og_image":[{"url":"http:\/\/www.oarcanjo.net\/site\/wp-content\/uploads\/reuniao-sao-miguel-dez-2010-01.jpg"}],"author":"Alexandre Nunes","twitter_card":"summary_large_image","twitter_misc":{"Escrito por":"Alexandre Nunes","Est. tempo de leitura":"1 minuto"},"schema":{"@context":"https:\/\/schema.org","@graph":[{"@type":"Article","@id":"https:\/\/www.oarcanjo.net\/site\/reuniao-geral-da-paroquia-sao-miguel\/#article","isPartOf":{"@id":"https:\/\/www.oarcanjo.net\/site\/reuniao-geral-da-paroquia-sao-miguel\/"},"author":{"name":"Alexandre Nunes","@id":"https:\/\/www.oarcanjo.net\/site\/#\/schema\/person\/0a2ae077c1a09b69d29928e3b9f1c0d1"},"headline":"Reuni\u00e3o geral da Par\u00f3quia S\u00e3o Miguel","datePublished":"2010-12-13T07:19:24+00:00","dateModified":"2010-12-13T07:19:51+00:00","mainEntityOfPage":{"@id":"https:\/\/www.oarcanjo.net\/site\/reuniao-geral-da-paroquia-sao-miguel\/"},"wordCount":222,"commentCount":1,"publisher":{"@id":"https:\/\/www.oarcanjo.net\/site\/#organization"},"image":{"@id":"https:\/\/www.oarcanjo.net\/site\/reuniao-geral-da-paroquia-sao-miguel\/#primaryimage"},"thumbnailUrl":"http:\/\/www.oarcanjo.net\/site\/wp-content\/uploads\/reuniao-sao-miguel-dez-2010-01.jpg","keywords":["Reuni\u00e3o de Liturgia"],"articleSection":["Not\u00edcias","Rosto da comunidade"],"inLanguage":"pt-BR","potentialAction":[{"@type":"CommentAction","name":"Comment","target":["https:\/\/www.oarcanjo.net\/site\/reuniao-geral-da-paroquia-sao-miguel\/#respond"]}]},{"@type":"WebPage","@id":"https:\/\/www.oarcanjo.net\/site\/reuniao-geral-da-paroquia-sao-miguel\/","url":"https:\/\/www.oarcanjo.net\/site\/reuniao-geral-da-paroquia-sao-miguel\/","name":"Reuni\u00e3o geral da Par\u00f3quia S\u00e3o Miguel - O Arcanjo no ar","isPartOf":{"@id":"https:\/\/www.oarcanjo.net\/site\/#website"},"primaryImageOfPage":{"@id":"https:\/\/www.oarcanjo.net\/site\/reuniao-geral-da-paroquia-sao-miguel\/#primaryimage"},"image":{"@id":"https:\/\/www.oarcanjo.net\/site\/reuniao-geral-da-paroquia-sao-miguel\/#primaryimage"},"thumbnailUrl":"http:\/\/www.oarcanjo.net\/site\/wp-content\/uploads\/reuniao-sao-miguel-dez-2010-01.jpg","datePublished":"2010-12-13T07:19:24+00:00","dateModified":"2010-12-13T07:19:51+00:00","breadcrumb":{"@id":"https:\/\/www.oarcanjo.net\/site\/reuniao-geral-da-paroquia-sao-miguel\/#breadcrumb"},"inLanguage":"pt-BR","potentialAction":[{"@type":"ReadAction","target":["https:\/\/www.oarcanjo.net\/site\/reuniao-geral-da-paroquia-sao-miguel\/"]}]},{"@type":"ImageObject","inLanguage":"pt-BR","@id":"https:\/\/www.oarcanjo.net\/site\/reuniao-geral-da-paroquia-sao-miguel\/#primaryimage","url":"http:\/\/www.oarcanjo.net\/site\/wp-content\/uploads\/reuniao-sao-miguel-dez-2010-01.jpg","contentUrl":"http:\/\/www.oarcanjo.net\/site\/wp-content\/uploads\/reuniao-sao-miguel-dez-2010-01.jpg"},{"@type":"BreadcrumbList","@id":"https:\/\/www.oarcanjo.net\/site\/reuniao-geral-da-paroquia-sao-miguel\/#breadcrumb","itemListElement":[{"@type":"ListItem","position":1,"name":"In\u00edcio","item":"https:\/\/www.oarcanjo.net\/site\/"},{"@type":"ListItem","position":2,"name":"Reuni\u00e3o geral da Par\u00f3quia S\u00e3o Miguel"}]},{"@type":"WebSite","@id":"https:\/\/www.oarcanjo.net\/site\/#website","url":"https:\/\/www.oarcanjo.net\/site\/","name":"O Arcanjo no ar","description":"Site da Par\u00f3quia S\u00e3o Miguel Arcanjo (Arquidiocese de SP)","publisher":{"@id":"https:\/\/www.oarcanjo.net\/site\/#organization"},"potentialAction":[{"@type":"SearchAction","target":{"@type":"EntryPoint","urlTemplate":"https:\/\/www.oarcanjo.net\/site\/?s={search_term_string}"},"query-input":{"@type":"PropertyValueSpecification","valueRequired":true,"valueName":"search_term_string"}}],"inLanguage":"pt-BR"},{"@type":"Organization","@id":"https:\/\/www.oarcanjo.net\/site\/#organization","name":"Par\u00f3quia S\u00e3o Miguel Arcanjo","url":"https:\/\/www.oarcanjo.net\/site\/","logo":{"@type":"ImageObject","inLanguage":"pt-BR","@id":"https:\/\/www.oarcanjo.net\/site\/#\/schema\/logo\/image\/","url":"https:\/\/www.oarcanjo.net\/site\/wp-content\/uploads\/LogoOArcanjo.png","contentUrl":"https:\/\/www.oarcanjo.net\/site\/wp-content\/uploads\/LogoOArcanjo.png","width":319,"height":99,"caption":"Par\u00f3quia S\u00e3o Miguel Arcanjo"},"image":{"@id":"https:\/\/www.oarcanjo.net\/site\/#\/schema\/logo\/image\/"},"sameAs":["https:\/\/www.facebook.com\/OArcanjoNoAr\/"]},{"@type":"Person","@id":"https:\/\/www.oarcanjo.net\/site\/#\/schema\/person\/0a2ae077c1a09b69d29928e3b9f1c0d1","name":"Alexandre Nunes","sameAs":["http:\/\/alexandrenu.com"]}]}},"publishpress_future_action":{"enabled":false,"date":"2026-05-09 07:24:57","action":"category","newStatus":"draft","terms":[],"taxonomy":"category"},"publishpress_future_workflow_manual_trigger":{"enabledWorkflows":[]},"_links":{"self":[{"href":"https:\/\/www.oarcanjo.net\/site\/wp-json\/wp\/v2\/posts\/12144"}],"collection":[{"href":"https:\/\/www.oarcanjo.net\/site\/wp-json\/wp\/v2\/posts"}],"about":[{"href":"https:\/\/www.oarcanjo.net\/site\/wp-json\/wp\/v2\/types\/post"}],"author":[{"embeddable":true,"href":"https:\/\/www.oarcanjo.net\/site\/wp-json\/wp\/v2\/users\/15"}],"replies":[{"embeddable":true,"href":"https:\/\/www.oarcanjo.net\/site\/wp-json\/wp\/v2\/comments?post=12144"}],"version-history":[{"count":0,"href":"https:\/\/www.oarcanjo.net\/site\/wp-json\/wp\/v2\/posts\/12144\/revisions"}],"wp:attachment":[{"href":"https:\/\/www.oarcanjo.net\/site\/wp-json\/wp\/v2\/media?parent=12144"}],"wp:term":[{"taxonomy":"category","embeddable":true,"href":"https:\/\/www.oarcanjo.net\/site\/wp-json\/wp\/v2\/categories?post=12144"},{"taxonomy":"post_tag","embeddable":true,"href":"https:\/\/www.oarcanjo.net\/site\/wp-json\/wp\/v2\/tags?post=12144"}],"curies":[{"name":"wp","href":"https:\/\/api.w.org\/{rel}","templated":true}]}}