
{"id":12155,"date":"2010-12-12T15:07:00","date_gmt":"2010-12-12T17:07:00","guid":{"rendered":"http:\/\/www.oarcanjo.net\/site\/?p=12155"},"modified":"2010-12-12T23:17:31","modified_gmt":"2010-12-13T01:17:31","slug":"a-fe-e-a-saudade-convivem","status":"publish","type":"post","link":"https:\/\/www.oarcanjo.net\/site\/a-fe-e-a-saudade-convivem\/","title":{"rendered":"A f\u00e9 e a saudade convivem"},"content":{"rendered":"<p>Dias desses, fui ao vel\u00f3rio da m\u00e3e de um amigo. Ela morreu apos meses de interna\u00e7\u00e3o. Tinha mais de 90 anos. Meu amigo abra\u00e7ou-me demoradamente e chorou em meu ombro a saudade. Disse, entre prantos: \u201cMeu pai j\u00e1 foi, meus dois irm\u00e3os morreram e, agora minha m\u00e3e\u201d.<\/p>\n<p>Ouvi seu lamento sem praticamente nada dizer. Apenas a linguagem do abra\u00e7o e do olhar. \u201cNos momentos mais dif\u00edceis da minha vida, era no colo dela que eu deitava. E ela calmamente brincava com os meus poucos cabelos.\u201d E prosseguiu: \u201cSer\u00e1 dif\u00edcil voltar para casa e arrumar as suas coisas\u201d. Meu amigo \u00e9 padre. Logo depois chegou o bispo e mais alguns padres. E rezaram juntos. E cantaram. E, cheios de f\u00e9, entregaram aquela mulher aos bra\u00e7os do Pai.<\/p>\n<p>Meu amigo padre tem muita f\u00e9. E tem saudade tamb\u00e9m. A f\u00e9 e a saudade convivem. A experi\u00eancia da despedida \u00e9 sempre dolorosa. A triste consci\u00eancia de que os abra\u00e7os, os olhares, as conversas, a conviv\u00eancia, enfim, acabaram.<\/p>\n<p>Vivi isso nas tantas despedidas de minha vida. Meu pai, meus irm\u00e3os, meus avos, tios, amigos. Chorei com os meus. Consolei os meus e, por eles, fui consolado. Muitas vezes, ofereci o colo para que minha m\u00e3e chorasse. E depois revezamos. E depois levantamos. E, apesar da dor prosseguimos.<\/p>\n<p>A dor \u00e9 uma experi\u00eancia humana. \u00c9 necess\u00e1ria. Ela tem um poder impressionante de melhorar algo em n\u00f3s se nos abrirmos para esse aprendizado.<\/p>\n<p>Quando sa\u00ed do vel\u00f3rio, liguei para minha m\u00e3e e renovei todo carinho e amor que tenho por ela. Fiquei imaginando que as palavras n\u00e3o ditas se perdem em algum lugar dif\u00edcil de encontrar.<\/p>\n<p>Quantas historias de remorso, arrependimento tardio das despedidas que n\u00e3o aconteceram! Brigas tolas. Problemas acidentais. Emo\u00e7\u00f5es travadas. E desperdi\u00e7amos o tempo de delicadezas.<\/p>\n<p>Fa\u00e7o um convite a voc\u00ea que tem pai e m\u00e3e, que tem irm\u00e3os e amigos, que tem filhos. N\u00e3o economize nos sentimentos de afeto. Convide o perd\u00e3o a morar em sua casa. Pe\u00e7a \u00e0 vingan\u00e7a, ao ego\u00edsmo e a raiva que se retirem. Aproveite o tempo precioso para dizer \u201ceu te amo\u201d a quem voc\u00ea realmente ama.<\/p>\n<p>Meu amigo padre voltou para sua casa. Com certeza, rezou para que Deus acolhesse sua m\u00e3e. Talvez tenha sentado no sof\u00e1 em que tantas vezes ela o acolheu e chorou a saudade inc\u00f4moda. \u00c9 assim mesmo! At\u00e9 a eternidade.<\/p>\n<p><em>Gabriel Chalita<br \/>\n<\/em><\/p>\n<div id=\"themify_builder_content-12155\" data-postid=\"12155\" class=\"themify_builder_content themify_builder_content-12155 themify_builder themify_builder_front\">\n\t<\/div>\n<!-- \/themify_builder_content -->","protected":false},"excerpt":{"rendered":"<p>Dias desses, fui ao vel\u00f3rio da m\u00e3e de um amigo. Ela morreu apos meses de interna\u00e7\u00e3o. Tinha mais de 90 anos. Meu amigo abra\u00e7ou-me demoradamente e chorou em meu ombro a saudade. Disse, entre prantos: \u201cMeu pai j\u00e1 foi, meus dois irm\u00e3os morreram e, agora minha m\u00e3e\u201d. Ouvi seu lamento sem praticamente nada dizer. Apenas [&hellip;]<\/p>\n","protected":false},"author":5,"featured_media":0,"comment_status":"open","ping_status":"open","sticky":false,"template":"","format":"standard","meta":{"ngg_post_thumbnail":0,"footnotes":""},"categories":[9],"tags":[928,119,441,1149],"yoast_head":"<!-- This site is optimized with the Yoast SEO plugin v23.5 - https:\/\/yoast.com\/wordpress\/plugins\/seo\/ -->\n<title>A f\u00e9 e a saudade convivem - O Arcanjo no ar<\/title>\n<meta name=\"robots\" content=\"index, follow, max-snippet:-1, max-image-preview:large, max-video-preview:-1\" \/>\n<link rel=\"canonical\" href=\"https:\/\/www.oarcanjo.net\/site\/a-fe-e-a-saudade-convivem\/\" \/>\n<meta property=\"og:locale\" content=\"pt_BR\" \/>\n<meta property=\"og:type\" content=\"article\" \/>\n<meta property=\"og:title\" content=\"A f\u00e9 e a saudade convivem - O Arcanjo no ar\" \/>\n<meta property=\"og:description\" content=\"Dias desses, fui ao vel\u00f3rio da m\u00e3e de um amigo. Ela morreu apos meses de interna\u00e7\u00e3o. Tinha mais de 90 anos. Meu amigo abra\u00e7ou-me demoradamente e chorou em meu ombro a saudade. Disse, entre prantos: \u201cMeu pai j\u00e1 foi, meus dois irm\u00e3os morreram e, agora minha m\u00e3e\u201d. Ouvi seu lamento sem praticamente nada dizer. Apenas [&hellip;]\" \/>\n<meta property=\"og:url\" content=\"https:\/\/www.oarcanjo.net\/site\/a-fe-e-a-saudade-convivem\/\" \/>\n<meta property=\"og:site_name\" content=\"O Arcanjo no ar\" \/>\n<meta property=\"article:publisher\" content=\"https:\/\/www.facebook.com\/OArcanjoNoAr\/\" \/>\n<meta property=\"article:published_time\" content=\"2010-12-12T17:07:00+00:00\" \/>\n<meta property=\"article:modified_time\" content=\"2010-12-13T01:17:31+00:00\" \/>\n<meta property=\"og:image\" content=\"https:\/\/www.oarcanjo.net\/site\/wp-content\/uploads\/logo-o-arcanjo-no-ar-facebook.png\" \/>\n\t<meta property=\"og:image:width\" content=\"300\" \/>\n\t<meta property=\"og:image:height\" content=\"300\" \/>\n\t<meta property=\"og:image:type\" content=\"image\/png\" \/>\n<meta name=\"author\" content=\"editor\" \/>\n<meta name=\"twitter:card\" content=\"summary_large_image\" \/>\n<meta name=\"twitter:label1\" content=\"Escrito por\" \/>\n\t<meta name=\"twitter:data1\" content=\"editor\" \/>\n\t<meta name=\"twitter:label2\" content=\"Est. tempo de leitura\" \/>\n\t<meta name=\"twitter:data2\" content=\"2 minutos\" \/>\n<script type=\"application\/ld+json\" class=\"yoast-schema-graph\">{\"@context\":\"https:\/\/schema.org\",\"@graph\":[{\"@type\":\"Article\",\"@id\":\"https:\/\/www.oarcanjo.net\/site\/a-fe-e-a-saudade-convivem\/#article\",\"isPartOf\":{\"@id\":\"https:\/\/www.oarcanjo.net\/site\/a-fe-e-a-saudade-convivem\/\"},\"author\":{\"name\":\"editor\",\"@id\":\"https:\/\/www.oarcanjo.net\/site\/#\/schema\/person\/f7024d007863202483a31326673a0838\"},\"headline\":\"A f\u00e9 e a saudade convivem\",\"datePublished\":\"2010-12-12T17:07:00+00:00\",\"dateModified\":\"2010-12-13T01:17:31+00:00\",\"mainEntityOfPage\":{\"@id\":\"https:\/\/www.oarcanjo.net\/site\/a-fe-e-a-saudade-convivem\/\"},\"wordCount\":427,\"commentCount\":4,\"publisher\":{\"@id\":\"https:\/\/www.oarcanjo.net\/site\/#organization\"},\"keywords\":[\"amigo\",\"fam\u00edlia\",\"f\u00e9\",\"Saudades\"],\"articleSection\":[\"Reflex\u00f5es\"],\"inLanguage\":\"pt-BR\",\"potentialAction\":[{\"@type\":\"CommentAction\",\"name\":\"Comment\",\"target\":[\"https:\/\/www.oarcanjo.net\/site\/a-fe-e-a-saudade-convivem\/#respond\"]}]},{\"@type\":\"WebPage\",\"@id\":\"https:\/\/www.oarcanjo.net\/site\/a-fe-e-a-saudade-convivem\/\",\"url\":\"https:\/\/www.oarcanjo.net\/site\/a-fe-e-a-saudade-convivem\/\",\"name\":\"A f\u00e9 e a saudade convivem - O Arcanjo no ar\",\"isPartOf\":{\"@id\":\"https:\/\/www.oarcanjo.net\/site\/#website\"},\"datePublished\":\"2010-12-12T17:07:00+00:00\",\"dateModified\":\"2010-12-13T01:17:31+00:00\",\"breadcrumb\":{\"@id\":\"https:\/\/www.oarcanjo.net\/site\/a-fe-e-a-saudade-convivem\/#breadcrumb\"},\"inLanguage\":\"pt-BR\",\"potentialAction\":[{\"@type\":\"ReadAction\",\"target\":[\"https:\/\/www.oarcanjo.net\/site\/a-fe-e-a-saudade-convivem\/\"]}]},{\"@type\":\"BreadcrumbList\",\"@id\":\"https:\/\/www.oarcanjo.net\/site\/a-fe-e-a-saudade-convivem\/#breadcrumb\",\"itemListElement\":[{\"@type\":\"ListItem\",\"position\":1,\"name\":\"In\u00edcio\",\"item\":\"https:\/\/www.oarcanjo.net\/site\/\"},{\"@type\":\"ListItem\",\"position\":2,\"name\":\"A f\u00e9 e a saudade convivem\"}]},{\"@type\":\"WebSite\",\"@id\":\"https:\/\/www.oarcanjo.net\/site\/#website\",\"url\":\"https:\/\/www.oarcanjo.net\/site\/\",\"name\":\"O Arcanjo no ar\",\"description\":\"Site da Par\u00f3quia S\u00e3o Miguel Arcanjo (Arquidiocese de SP)\",\"publisher\":{\"@id\":\"https:\/\/www.oarcanjo.net\/site\/#organization\"},\"potentialAction\":[{\"@type\":\"SearchAction\",\"target\":{\"@type\":\"EntryPoint\",\"urlTemplate\":\"https:\/\/www.oarcanjo.net\/site\/?s={search_term_string}\"},\"query-input\":{\"@type\":\"PropertyValueSpecification\",\"valueRequired\":true,\"valueName\":\"search_term_string\"}}],\"inLanguage\":\"pt-BR\"},{\"@type\":\"Organization\",\"@id\":\"https:\/\/www.oarcanjo.net\/site\/#organization\",\"name\":\"Par\u00f3quia S\u00e3o Miguel Arcanjo\",\"url\":\"https:\/\/www.oarcanjo.net\/site\/\",\"logo\":{\"@type\":\"ImageObject\",\"inLanguage\":\"pt-BR\",\"@id\":\"https:\/\/www.oarcanjo.net\/site\/#\/schema\/logo\/image\/\",\"url\":\"https:\/\/www.oarcanjo.net\/site\/wp-content\/uploads\/LogoOArcanjo.png\",\"contentUrl\":\"https:\/\/www.oarcanjo.net\/site\/wp-content\/uploads\/LogoOArcanjo.png\",\"width\":319,\"height\":99,\"caption\":\"Par\u00f3quia S\u00e3o Miguel Arcanjo\"},\"image\":{\"@id\":\"https:\/\/www.oarcanjo.net\/site\/#\/schema\/logo\/image\/\"},\"sameAs\":[\"https:\/\/www.facebook.com\/OArcanjoNoAr\/\"]},{\"@type\":\"Person\",\"@id\":\"https:\/\/www.oarcanjo.net\/site\/#\/schema\/person\/f7024d007863202483a31326673a0838\",\"name\":\"editor\",\"sameAs\":[\"http:\/\/www.oarcanjo.net\"]}]}<\/script>\n<!-- \/ Yoast SEO plugin. -->","yoast_head_json":{"title":"A f\u00e9 e a saudade convivem - O Arcanjo no ar","robots":{"index":"index","follow":"follow","max-snippet":"max-snippet:-1","max-image-preview":"max-image-preview:large","max-video-preview":"max-video-preview:-1"},"canonical":"https:\/\/www.oarcanjo.net\/site\/a-fe-e-a-saudade-convivem\/","og_locale":"pt_BR","og_type":"article","og_title":"A f\u00e9 e a saudade convivem - O Arcanjo no ar","og_description":"Dias desses, fui ao vel\u00f3rio da m\u00e3e de um amigo. Ela morreu apos meses de interna\u00e7\u00e3o. Tinha mais de 90 anos. Meu amigo abra\u00e7ou-me demoradamente e chorou em meu ombro a saudade. Disse, entre prantos: \u201cMeu pai j\u00e1 foi, meus dois irm\u00e3os morreram e, agora minha m\u00e3e\u201d. Ouvi seu lamento sem praticamente nada dizer. Apenas [&hellip;]","og_url":"https:\/\/www.oarcanjo.net\/site\/a-fe-e-a-saudade-convivem\/","og_site_name":"O Arcanjo no ar","article_publisher":"https:\/\/www.facebook.com\/OArcanjoNoAr\/","article_published_time":"2010-12-12T17:07:00+00:00","article_modified_time":"2010-12-13T01:17:31+00:00","og_image":[{"width":300,"height":300,"url":"https:\/\/www.oarcanjo.net\/site\/wp-content\/uploads\/logo-o-arcanjo-no-ar-facebook.png","type":"image\/png"}],"author":"editor","twitter_card":"summary_large_image","twitter_misc":{"Escrito por":"editor","Est. tempo de leitura":"2 minutos"},"schema":{"@context":"https:\/\/schema.org","@graph":[{"@type":"Article","@id":"https:\/\/www.oarcanjo.net\/site\/a-fe-e-a-saudade-convivem\/#article","isPartOf":{"@id":"https:\/\/www.oarcanjo.net\/site\/a-fe-e-a-saudade-convivem\/"},"author":{"name":"editor","@id":"https:\/\/www.oarcanjo.net\/site\/#\/schema\/person\/f7024d007863202483a31326673a0838"},"headline":"A f\u00e9 e a saudade convivem","datePublished":"2010-12-12T17:07:00+00:00","dateModified":"2010-12-13T01:17:31+00:00","mainEntityOfPage":{"@id":"https:\/\/www.oarcanjo.net\/site\/a-fe-e-a-saudade-convivem\/"},"wordCount":427,"commentCount":4,"publisher":{"@id":"https:\/\/www.oarcanjo.net\/site\/#organization"},"keywords":["amigo","fam\u00edlia","f\u00e9","Saudades"],"articleSection":["Reflex\u00f5es"],"inLanguage":"pt-BR","potentialAction":[{"@type":"CommentAction","name":"Comment","target":["https:\/\/www.oarcanjo.net\/site\/a-fe-e-a-saudade-convivem\/#respond"]}]},{"@type":"WebPage","@id":"https:\/\/www.oarcanjo.net\/site\/a-fe-e-a-saudade-convivem\/","url":"https:\/\/www.oarcanjo.net\/site\/a-fe-e-a-saudade-convivem\/","name":"A f\u00e9 e a saudade convivem - O Arcanjo no ar","isPartOf":{"@id":"https:\/\/www.oarcanjo.net\/site\/#website"},"datePublished":"2010-12-12T17:07:00+00:00","dateModified":"2010-12-13T01:17:31+00:00","breadcrumb":{"@id":"https:\/\/www.oarcanjo.net\/site\/a-fe-e-a-saudade-convivem\/#breadcrumb"},"inLanguage":"pt-BR","potentialAction":[{"@type":"ReadAction","target":["https:\/\/www.oarcanjo.net\/site\/a-fe-e-a-saudade-convivem\/"]}]},{"@type":"BreadcrumbList","@id":"https:\/\/www.oarcanjo.net\/site\/a-fe-e-a-saudade-convivem\/#breadcrumb","itemListElement":[{"@type":"ListItem","position":1,"name":"In\u00edcio","item":"https:\/\/www.oarcanjo.net\/site\/"},{"@type":"ListItem","position":2,"name":"A f\u00e9 e a saudade convivem"}]},{"@type":"WebSite","@id":"https:\/\/www.oarcanjo.net\/site\/#website","url":"https:\/\/www.oarcanjo.net\/site\/","name":"O Arcanjo no ar","description":"Site da Par\u00f3quia S\u00e3o Miguel Arcanjo (Arquidiocese de SP)","publisher":{"@id":"https:\/\/www.oarcanjo.net\/site\/#organization"},"potentialAction":[{"@type":"SearchAction","target":{"@type":"EntryPoint","urlTemplate":"https:\/\/www.oarcanjo.net\/site\/?s={search_term_string}"},"query-input":{"@type":"PropertyValueSpecification","valueRequired":true,"valueName":"search_term_string"}}],"inLanguage":"pt-BR"},{"@type":"Organization","@id":"https:\/\/www.oarcanjo.net\/site\/#organization","name":"Par\u00f3quia S\u00e3o Miguel Arcanjo","url":"https:\/\/www.oarcanjo.net\/site\/","logo":{"@type":"ImageObject","inLanguage":"pt-BR","@id":"https:\/\/www.oarcanjo.net\/site\/#\/schema\/logo\/image\/","url":"https:\/\/www.oarcanjo.net\/site\/wp-content\/uploads\/LogoOArcanjo.png","contentUrl":"https:\/\/www.oarcanjo.net\/site\/wp-content\/uploads\/LogoOArcanjo.png","width":319,"height":99,"caption":"Par\u00f3quia S\u00e3o Miguel Arcanjo"},"image":{"@id":"https:\/\/www.oarcanjo.net\/site\/#\/schema\/logo\/image\/"},"sameAs":["https:\/\/www.facebook.com\/OArcanjoNoAr\/"]},{"@type":"Person","@id":"https:\/\/www.oarcanjo.net\/site\/#\/schema\/person\/f7024d007863202483a31326673a0838","name":"editor","sameAs":["http:\/\/www.oarcanjo.net"]}]}},"publishpress_future_action":{"enabled":false,"date":"2026-05-09 05:55:21","action":"category","newStatus":"draft","terms":[],"taxonomy":"category"},"publishpress_future_workflow_manual_trigger":{"enabledWorkflows":[]},"_links":{"self":[{"href":"https:\/\/www.oarcanjo.net\/site\/wp-json\/wp\/v2\/posts\/12155"}],"collection":[{"href":"https:\/\/www.oarcanjo.net\/site\/wp-json\/wp\/v2\/posts"}],"about":[{"href":"https:\/\/www.oarcanjo.net\/site\/wp-json\/wp\/v2\/types\/post"}],"author":[{"embeddable":true,"href":"https:\/\/www.oarcanjo.net\/site\/wp-json\/wp\/v2\/users\/5"}],"replies":[{"embeddable":true,"href":"https:\/\/www.oarcanjo.net\/site\/wp-json\/wp\/v2\/comments?post=12155"}],"version-history":[{"count":0,"href":"https:\/\/www.oarcanjo.net\/site\/wp-json\/wp\/v2\/posts\/12155\/revisions"}],"wp:attachment":[{"href":"https:\/\/www.oarcanjo.net\/site\/wp-json\/wp\/v2\/media?parent=12155"}],"wp:term":[{"taxonomy":"category","embeddable":true,"href":"https:\/\/www.oarcanjo.net\/site\/wp-json\/wp\/v2\/categories?post=12155"},{"taxonomy":"post_tag","embeddable":true,"href":"https:\/\/www.oarcanjo.net\/site\/wp-json\/wp\/v2\/tags?post=12155"}],"curies":[{"name":"wp","href":"https:\/\/api.w.org\/{rel}","templated":true}]}}