
{"id":12173,"date":"2010-12-13T04:53:38","date_gmt":"2010-12-13T06:53:38","guid":{"rendered":"http:\/\/www.oarcanjo.net\/site\/?p=12173"},"modified":"2010-12-13T07:08:00","modified_gmt":"2010-12-13T09:08:00","slug":"por-que-itaici","status":"publish","type":"post","link":"https:\/\/www.oarcanjo.net\/site\/por-que-itaici\/","title":{"rendered":"Por que Itaici?"},"content":{"rendered":"<p>Uma frase que escutei da coordenadora do meu grupo neste retiro:\u00a0<em>N\u00e3o existem coincid\u00eancias; Existem teocid\u00eancias.<\/em><\/p>\n<p>Por ai j\u00e1 se v\u00ea a maneira como pensam os jesu\u00edtas.<\/p>\n<p>A primeira pessoa que me chamou a aten\u00e7\u00e3o para os jesu\u00edtas\u00a0foi o pr\u00f3prio padre Julio quando citava com tanto carinho Dom Luciano, e muitas vezes em suas homilias fala (como quem n\u00e3o quer nada) frases de alguns autores, por vezes, um jesu\u00edta.<\/p>\n<p><a href=\"http:\/\/www.oarcanjo.net\/site\/wp-content\/uploads\/itaici-eel-nov-2010-oracao.jpg\"><img loading=\"lazy\" decoding=\"async\" class=\"alignnone size-full wp-image-12178\" title=\"Ora\u00e7\u00e3o de Santo In\u00e1cio\" src=\"http:\/\/www.oarcanjo.net\/site\/wp-content\/uploads\/itaici-eel-nov-2010-oracao.jpg\" alt=\"Ora\u00e7\u00e3o de Santo In\u00e1cio\" width=\"450\" height=\"316\" srcset=\"https:\/\/www.oarcanjo.net\/site\/wp-content\/uploads\/itaici-eel-nov-2010-oracao.jpg 450w, https:\/\/www.oarcanjo.net\/site\/wp-content\/uploads\/itaici-eel-nov-2010-oracao-300x210.jpg 300w\" sizes=\"(max-width: 450px) 100vw, 450px\" \/><\/a><\/p>\n<p>Padre Julio sempre tem um livro pra nos indicar, e acho isso t\u00e3o importante! Foi ele que numa reuni\u00e3o de liturgia num final de ano nos falou do livro Medita\u00e7\u00e3o da Luz, de Leonardo Boff. Por teocid\u00eancia, comentei com um amigo da comunidade que queria aprender mais sobre medita\u00e7\u00e3o dentro da nossa igreja. E fui pela primeira vez para Itaici fazer a peregrina\u00e7\u00e3o inaciana. L\u00e1 conheci um rapaz que me explicou um pouco sobre como eram os retiros.<\/p>\n<p><a href=\"http:\/\/www.oarcanjo.net\/site\/wp-content\/uploads\/itaici-eel-nov-2010-capela.jpg\"><img loading=\"lazy\" decoding=\"async\" class=\"alignnone size-full wp-image-12179\" title=\"Capela\" src=\"http:\/\/www.oarcanjo.net\/site\/wp-content\/uploads\/itaici-eel-nov-2010-capela.jpg\" alt=\"Capela\" width=\"450\" height=\"293\" srcset=\"https:\/\/www.oarcanjo.net\/site\/wp-content\/uploads\/itaici-eel-nov-2010-capela.jpg 450w, https:\/\/www.oarcanjo.net\/site\/wp-content\/uploads\/itaici-eel-nov-2010-capela-300x195.jpg 300w\" sizes=\"(max-width: 450px) 100vw, 450px\" \/><\/a><\/p>\n<p>Voltando para casa, a primeira coisa que fiz foi me inscrever para o EEL1 (Exerc\u00edcios Inacianos para Leigos 1). Esses s\u00e3o retiros de final de semana, divididos assim para dar oportunidade a leigos que n\u00e3o tem 8 dias seguidos ou 30 dias seguidos livres para deixar tudo e se retirar.<\/p>\n<p>Tamb\u00e9m existem na programa\u00e7\u00e3o do site outros tantos aprofundamentos de final de semana, al\u00e9m dos EELs.<\/p>\n<p><a href=\"http:\/\/www.oarcanjo.net\/site\/wp-content\/uploads\/itaici-eel-nov-2010-patio.jpg\"><img loading=\"lazy\" decoding=\"async\" class=\"alignnone size-full wp-image-12180\" title=\"P\u00e1tio - Itaici\" src=\"http:\/\/www.oarcanjo.net\/site\/wp-content\/uploads\/itaici-eel-nov-2010-patio.jpg\" alt=\"P\u00e1tio - Itaici\" width=\"450\" height=\"316\" srcset=\"https:\/\/www.oarcanjo.net\/site\/wp-content\/uploads\/itaici-eel-nov-2010-patio.jpg 450w, https:\/\/www.oarcanjo.net\/site\/wp-content\/uploads\/itaici-eel-nov-2010-patio-300x210.jpg 300w\" sizes=\"(max-width: 450px) 100vw, 450px\" \/><\/a><\/p>\n<p>Enfim, pra terminar, ir a Itaici \u00e9 crescimento no discernimento pelo amor e n\u00e3o pela dor. \u00c9 aprender a entrar nas cenas do Evangelho, espiar, participar, ser um dos que ouvem, falam e v\u00eaem Jesus. \u00c9 aprender a rezar o Evangelho. \u00c9 aprender a contemplar o Evangelho. \u00c9 dizer juntos como os jesu\u00edtas: <em>&#8220;Em tudo amar e servir&#8221;.<\/em> \u00c9 voltar para casa cheio das gra\u00e7as e luzes de Deus pra ter for\u00e7as e coragem de amar e servir todos os dias.<\/p>\n<p>Mais imagens de Itaici:<\/p>\nngg_shortcode_0_placeholder\n<p><em>Teresa Norma<\/em><\/p>\n<div id=\"themify_builder_content-12173\" data-postid=\"12173\" class=\"themify_builder_content themify_builder_content-12173 themify_builder themify_builder_front\">\n\t<\/div>\n<!-- \/themify_builder_content -->","protected":false},"excerpt":{"rendered":"<p>Uma frase que escutei da coordenadora do meu grupo neste retiro:\u00a0N\u00e3o existem coincid\u00eancias; Existem teocid\u00eancias. Por ai j\u00e1 se v\u00ea a maneira como pensam os jesu\u00edtas. A primeira pessoa que me chamou a aten\u00e7\u00e3o para os jesu\u00edtas\u00a0foi o pr\u00f3prio padre Julio quando citava com tanto carinho Dom Luciano, e muitas vezes em suas homilias fala [&hellip;]<\/p>\n","protected":false},"author":5,"featured_media":0,"comment_status":"open","ping_status":"open","sticky":false,"template":"","format":"standard","meta":{"ngg_post_thumbnail":0,"footnotes":""},"categories":[3,9,7],"tags":[],"yoast_head":"<!-- This site is optimized with the Yoast SEO plugin v23.5 - https:\/\/yoast.com\/wordpress\/plugins\/seo\/ -->\n<title>Por que Itaici? - O Arcanjo no ar<\/title>\n<meta name=\"robots\" content=\"index, follow, max-snippet:-1, max-image-preview:large, max-video-preview:-1\" \/>\n<link rel=\"canonical\" href=\"https:\/\/www.oarcanjo.net\/site\/por-que-itaici\/\" \/>\n<meta property=\"og:locale\" content=\"pt_BR\" \/>\n<meta property=\"og:type\" content=\"article\" \/>\n<meta property=\"og:title\" content=\"Por que Itaici? - O Arcanjo no ar\" \/>\n<meta property=\"og:description\" content=\"Uma frase que escutei da coordenadora do meu grupo neste retiro:\u00a0N\u00e3o existem coincid\u00eancias; Existem teocid\u00eancias. Por ai j\u00e1 se v\u00ea a maneira como pensam os jesu\u00edtas. A primeira pessoa que me chamou a aten\u00e7\u00e3o para os jesu\u00edtas\u00a0foi o pr\u00f3prio padre Julio quando citava com tanto carinho Dom Luciano, e muitas vezes em suas homilias fala [&hellip;]\" \/>\n<meta property=\"og:url\" content=\"https:\/\/www.oarcanjo.net\/site\/por-que-itaici\/\" \/>\n<meta property=\"og:site_name\" content=\"O Arcanjo no ar\" \/>\n<meta property=\"article:publisher\" content=\"https:\/\/www.facebook.com\/OArcanjoNoAr\/\" \/>\n<meta property=\"article:published_time\" content=\"2010-12-13T06:53:38+00:00\" \/>\n<meta property=\"article:modified_time\" content=\"2010-12-13T09:08:00+00:00\" \/>\n<meta property=\"og:image\" content=\"http:\/\/www.oarcanjo.net\/site\/wp-content\/uploads\/itaici-eel-nov-2010-oracao.jpg\" \/>\n<meta name=\"author\" content=\"editor\" \/>\n<meta name=\"twitter:card\" content=\"summary_large_image\" \/>\n<meta name=\"twitter:label1\" content=\"Escrito por\" \/>\n\t<meta name=\"twitter:data1\" content=\"editor\" \/>\n\t<meta name=\"twitter:label2\" content=\"Est. tempo de leitura\" \/>\n\t<meta name=\"twitter:data2\" content=\"2 minutos\" \/>\n<script type=\"application\/ld+json\" class=\"yoast-schema-graph\">{\"@context\":\"https:\/\/schema.org\",\"@graph\":[{\"@type\":\"Article\",\"@id\":\"https:\/\/www.oarcanjo.net\/site\/por-que-itaici\/#article\",\"isPartOf\":{\"@id\":\"https:\/\/www.oarcanjo.net\/site\/por-que-itaici\/\"},\"author\":{\"name\":\"editor\",\"@id\":\"https:\/\/www.oarcanjo.net\/site\/#\/schema\/person\/f7024d007863202483a31326673a0838\"},\"headline\":\"Por que Itaici?\",\"datePublished\":\"2010-12-13T06:53:38+00:00\",\"dateModified\":\"2010-12-13T09:08:00+00:00\",\"mainEntityOfPage\":{\"@id\":\"https:\/\/www.oarcanjo.net\/site\/por-que-itaici\/\"},\"wordCount\":323,\"commentCount\":1,\"publisher\":{\"@id\":\"https:\/\/www.oarcanjo.net\/site\/#organization\"},\"image\":{\"@id\":\"https:\/\/www.oarcanjo.net\/site\/por-que-itaici\/#primaryimage\"},\"thumbnailUrl\":\"http:\/\/www.oarcanjo.net\/site\/wp-content\/uploads\/itaici-eel-nov-2010-oracao.jpg\",\"articleSection\":[\"Destaques\",\"Reflex\u00f5es\",\"Rosto da comunidade\"],\"inLanguage\":\"pt-BR\",\"potentialAction\":[{\"@type\":\"CommentAction\",\"name\":\"Comment\",\"target\":[\"https:\/\/www.oarcanjo.net\/site\/por-que-itaici\/#respond\"]}]},{\"@type\":\"WebPage\",\"@id\":\"https:\/\/www.oarcanjo.net\/site\/por-que-itaici\/\",\"url\":\"https:\/\/www.oarcanjo.net\/site\/por-que-itaici\/\",\"name\":\"Por que Itaici? - O Arcanjo no ar\",\"isPartOf\":{\"@id\":\"https:\/\/www.oarcanjo.net\/site\/#website\"},\"primaryImageOfPage\":{\"@id\":\"https:\/\/www.oarcanjo.net\/site\/por-que-itaici\/#primaryimage\"},\"image\":{\"@id\":\"https:\/\/www.oarcanjo.net\/site\/por-que-itaici\/#primaryimage\"},\"thumbnailUrl\":\"http:\/\/www.oarcanjo.net\/site\/wp-content\/uploads\/itaici-eel-nov-2010-oracao.jpg\",\"datePublished\":\"2010-12-13T06:53:38+00:00\",\"dateModified\":\"2010-12-13T09:08:00+00:00\",\"breadcrumb\":{\"@id\":\"https:\/\/www.oarcanjo.net\/site\/por-que-itaici\/#breadcrumb\"},\"inLanguage\":\"pt-BR\",\"potentialAction\":[{\"@type\":\"ReadAction\",\"target\":[\"https:\/\/www.oarcanjo.net\/site\/por-que-itaici\/\"]}]},{\"@type\":\"ImageObject\",\"inLanguage\":\"pt-BR\",\"@id\":\"https:\/\/www.oarcanjo.net\/site\/por-que-itaici\/#primaryimage\",\"url\":\"http:\/\/www.oarcanjo.net\/site\/wp-content\/uploads\/itaici-eel-nov-2010-oracao.jpg\",\"contentUrl\":\"http:\/\/www.oarcanjo.net\/site\/wp-content\/uploads\/itaici-eel-nov-2010-oracao.jpg\"},{\"@type\":\"BreadcrumbList\",\"@id\":\"https:\/\/www.oarcanjo.net\/site\/por-que-itaici\/#breadcrumb\",\"itemListElement\":[{\"@type\":\"ListItem\",\"position\":1,\"name\":\"In\u00edcio\",\"item\":\"https:\/\/www.oarcanjo.net\/site\/\"},{\"@type\":\"ListItem\",\"position\":2,\"name\":\"Por que Itaici?\"}]},{\"@type\":\"WebSite\",\"@id\":\"https:\/\/www.oarcanjo.net\/site\/#website\",\"url\":\"https:\/\/www.oarcanjo.net\/site\/\",\"name\":\"O Arcanjo no ar\",\"description\":\"Site da Par\u00f3quia S\u00e3o Miguel Arcanjo (Arquidiocese de SP)\",\"publisher\":{\"@id\":\"https:\/\/www.oarcanjo.net\/site\/#organization\"},\"potentialAction\":[{\"@type\":\"SearchAction\",\"target\":{\"@type\":\"EntryPoint\",\"urlTemplate\":\"https:\/\/www.oarcanjo.net\/site\/?s={search_term_string}\"},\"query-input\":{\"@type\":\"PropertyValueSpecification\",\"valueRequired\":true,\"valueName\":\"search_term_string\"}}],\"inLanguage\":\"pt-BR\"},{\"@type\":\"Organization\",\"@id\":\"https:\/\/www.oarcanjo.net\/site\/#organization\",\"name\":\"Par\u00f3quia S\u00e3o Miguel Arcanjo\",\"url\":\"https:\/\/www.oarcanjo.net\/site\/\",\"logo\":{\"@type\":\"ImageObject\",\"inLanguage\":\"pt-BR\",\"@id\":\"https:\/\/www.oarcanjo.net\/site\/#\/schema\/logo\/image\/\",\"url\":\"https:\/\/www.oarcanjo.net\/site\/wp-content\/uploads\/LogoOArcanjo.png\",\"contentUrl\":\"https:\/\/www.oarcanjo.net\/site\/wp-content\/uploads\/LogoOArcanjo.png\",\"width\":319,\"height\":99,\"caption\":\"Par\u00f3quia S\u00e3o Miguel Arcanjo\"},\"image\":{\"@id\":\"https:\/\/www.oarcanjo.net\/site\/#\/schema\/logo\/image\/\"},\"sameAs\":[\"https:\/\/www.facebook.com\/OArcanjoNoAr\/\"]},{\"@type\":\"Person\",\"@id\":\"https:\/\/www.oarcanjo.net\/site\/#\/schema\/person\/f7024d007863202483a31326673a0838\",\"name\":\"editor\",\"sameAs\":[\"http:\/\/www.oarcanjo.net\"]}]}<\/script>\n<!-- \/ Yoast SEO plugin. -->","yoast_head_json":{"title":"Por que Itaici? - O Arcanjo no ar","robots":{"index":"index","follow":"follow","max-snippet":"max-snippet:-1","max-image-preview":"max-image-preview:large","max-video-preview":"max-video-preview:-1"},"canonical":"https:\/\/www.oarcanjo.net\/site\/por-que-itaici\/","og_locale":"pt_BR","og_type":"article","og_title":"Por que Itaici? - O Arcanjo no ar","og_description":"Uma frase que escutei da coordenadora do meu grupo neste retiro:\u00a0N\u00e3o existem coincid\u00eancias; Existem teocid\u00eancias. Por ai j\u00e1 se v\u00ea a maneira como pensam os jesu\u00edtas. A primeira pessoa que me chamou a aten\u00e7\u00e3o para os jesu\u00edtas\u00a0foi o pr\u00f3prio padre Julio quando citava com tanto carinho Dom Luciano, e muitas vezes em suas homilias fala [&hellip;]","og_url":"https:\/\/www.oarcanjo.net\/site\/por-que-itaici\/","og_site_name":"O Arcanjo no ar","article_publisher":"https:\/\/www.facebook.com\/OArcanjoNoAr\/","article_published_time":"2010-12-13T06:53:38+00:00","article_modified_time":"2010-12-13T09:08:00+00:00","og_image":[{"url":"http:\/\/www.oarcanjo.net\/site\/wp-content\/uploads\/itaici-eel-nov-2010-oracao.jpg"}],"author":"editor","twitter_card":"summary_large_image","twitter_misc":{"Escrito por":"editor","Est. tempo de leitura":"2 minutos"},"schema":{"@context":"https:\/\/schema.org","@graph":[{"@type":"Article","@id":"https:\/\/www.oarcanjo.net\/site\/por-que-itaici\/#article","isPartOf":{"@id":"https:\/\/www.oarcanjo.net\/site\/por-que-itaici\/"},"author":{"name":"editor","@id":"https:\/\/www.oarcanjo.net\/site\/#\/schema\/person\/f7024d007863202483a31326673a0838"},"headline":"Por que Itaici?","datePublished":"2010-12-13T06:53:38+00:00","dateModified":"2010-12-13T09:08:00+00:00","mainEntityOfPage":{"@id":"https:\/\/www.oarcanjo.net\/site\/por-que-itaici\/"},"wordCount":323,"commentCount":1,"publisher":{"@id":"https:\/\/www.oarcanjo.net\/site\/#organization"},"image":{"@id":"https:\/\/www.oarcanjo.net\/site\/por-que-itaici\/#primaryimage"},"thumbnailUrl":"http:\/\/www.oarcanjo.net\/site\/wp-content\/uploads\/itaici-eel-nov-2010-oracao.jpg","articleSection":["Destaques","Reflex\u00f5es","Rosto da comunidade"],"inLanguage":"pt-BR","potentialAction":[{"@type":"CommentAction","name":"Comment","target":["https:\/\/www.oarcanjo.net\/site\/por-que-itaici\/#respond"]}]},{"@type":"WebPage","@id":"https:\/\/www.oarcanjo.net\/site\/por-que-itaici\/","url":"https:\/\/www.oarcanjo.net\/site\/por-que-itaici\/","name":"Por que Itaici? - O Arcanjo no ar","isPartOf":{"@id":"https:\/\/www.oarcanjo.net\/site\/#website"},"primaryImageOfPage":{"@id":"https:\/\/www.oarcanjo.net\/site\/por-que-itaici\/#primaryimage"},"image":{"@id":"https:\/\/www.oarcanjo.net\/site\/por-que-itaici\/#primaryimage"},"thumbnailUrl":"http:\/\/www.oarcanjo.net\/site\/wp-content\/uploads\/itaici-eel-nov-2010-oracao.jpg","datePublished":"2010-12-13T06:53:38+00:00","dateModified":"2010-12-13T09:08:00+00:00","breadcrumb":{"@id":"https:\/\/www.oarcanjo.net\/site\/por-que-itaici\/#breadcrumb"},"inLanguage":"pt-BR","potentialAction":[{"@type":"ReadAction","target":["https:\/\/www.oarcanjo.net\/site\/por-que-itaici\/"]}]},{"@type":"ImageObject","inLanguage":"pt-BR","@id":"https:\/\/www.oarcanjo.net\/site\/por-que-itaici\/#primaryimage","url":"http:\/\/www.oarcanjo.net\/site\/wp-content\/uploads\/itaici-eel-nov-2010-oracao.jpg","contentUrl":"http:\/\/www.oarcanjo.net\/site\/wp-content\/uploads\/itaici-eel-nov-2010-oracao.jpg"},{"@type":"BreadcrumbList","@id":"https:\/\/www.oarcanjo.net\/site\/por-que-itaici\/#breadcrumb","itemListElement":[{"@type":"ListItem","position":1,"name":"In\u00edcio","item":"https:\/\/www.oarcanjo.net\/site\/"},{"@type":"ListItem","position":2,"name":"Por que Itaici?"}]},{"@type":"WebSite","@id":"https:\/\/www.oarcanjo.net\/site\/#website","url":"https:\/\/www.oarcanjo.net\/site\/","name":"O Arcanjo no ar","description":"Site da Par\u00f3quia S\u00e3o Miguel Arcanjo (Arquidiocese de SP)","publisher":{"@id":"https:\/\/www.oarcanjo.net\/site\/#organization"},"potentialAction":[{"@type":"SearchAction","target":{"@type":"EntryPoint","urlTemplate":"https:\/\/www.oarcanjo.net\/site\/?s={search_term_string}"},"query-input":{"@type":"PropertyValueSpecification","valueRequired":true,"valueName":"search_term_string"}}],"inLanguage":"pt-BR"},{"@type":"Organization","@id":"https:\/\/www.oarcanjo.net\/site\/#organization","name":"Par\u00f3quia S\u00e3o Miguel Arcanjo","url":"https:\/\/www.oarcanjo.net\/site\/","logo":{"@type":"ImageObject","inLanguage":"pt-BR","@id":"https:\/\/www.oarcanjo.net\/site\/#\/schema\/logo\/image\/","url":"https:\/\/www.oarcanjo.net\/site\/wp-content\/uploads\/LogoOArcanjo.png","contentUrl":"https:\/\/www.oarcanjo.net\/site\/wp-content\/uploads\/LogoOArcanjo.png","width":319,"height":99,"caption":"Par\u00f3quia S\u00e3o Miguel Arcanjo"},"image":{"@id":"https:\/\/www.oarcanjo.net\/site\/#\/schema\/logo\/image\/"},"sameAs":["https:\/\/www.facebook.com\/OArcanjoNoAr\/"]},{"@type":"Person","@id":"https:\/\/www.oarcanjo.net\/site\/#\/schema\/person\/f7024d007863202483a31326673a0838","name":"editor","sameAs":["http:\/\/www.oarcanjo.net"]}]}},"publishpress_future_action":{"enabled":false,"date":"2026-05-09 04:33:03","action":"category","newStatus":"draft","terms":[],"taxonomy":"category"},"publishpress_future_workflow_manual_trigger":{"enabledWorkflows":[]},"_links":{"self":[{"href":"https:\/\/www.oarcanjo.net\/site\/wp-json\/wp\/v2\/posts\/12173"}],"collection":[{"href":"https:\/\/www.oarcanjo.net\/site\/wp-json\/wp\/v2\/posts"}],"about":[{"href":"https:\/\/www.oarcanjo.net\/site\/wp-json\/wp\/v2\/types\/post"}],"author":[{"embeddable":true,"href":"https:\/\/www.oarcanjo.net\/site\/wp-json\/wp\/v2\/users\/5"}],"replies":[{"embeddable":true,"href":"https:\/\/www.oarcanjo.net\/site\/wp-json\/wp\/v2\/comments?post=12173"}],"version-history":[{"count":0,"href":"https:\/\/www.oarcanjo.net\/site\/wp-json\/wp\/v2\/posts\/12173\/revisions"}],"wp:attachment":[{"href":"https:\/\/www.oarcanjo.net\/site\/wp-json\/wp\/v2\/media?parent=12173"}],"wp:term":[{"taxonomy":"category","embeddable":true,"href":"https:\/\/www.oarcanjo.net\/site\/wp-json\/wp\/v2\/categories?post=12173"},{"taxonomy":"post_tag","embeddable":true,"href":"https:\/\/www.oarcanjo.net\/site\/wp-json\/wp\/v2\/tags?post=12173"}],"curies":[{"name":"wp","href":"https:\/\/api.w.org\/{rel}","templated":true}]}}