
{"id":12212,"date":"2010-12-13T09:43:27","date_gmt":"2010-12-13T11:43:27","guid":{"rendered":"http:\/\/www.oarcanjo.net\/site\/?p=12212"},"modified":"2010-12-13T09:53:33","modified_gmt":"2010-12-13T11:53:33","slug":"padre-julio-recebe-homenagem-da-camara","status":"publish","type":"post","link":"https:\/\/www.oarcanjo.net\/site\/padre-julio-recebe-homenagem-da-camara\/","title":{"rendered":"Padre J\u00falio recebe homenagem da C\u00e2mara"},"content":{"rendered":"<p style=\"text-align: justify;\">Em Sess\u00e3o Solene realizada na sexta-feira (03\/12), o padre J\u00falio Lancellotti, foi homenageado pela C\u00e2mara Municipal de S\u00e3o Paulo, em ato relativo \u00e0s comemora\u00e7\u00f5es dos 450 anos do Poder Legislativo Municipal, celebrados neste ano de 2010.<\/p>\n<p style=\"text-align: justify;\"><img loading=\"lazy\" decoding=\"async\" class=\"alignnone size-full wp-image-12214\" title=\"Homenagem do Vereador Gabriel Chalita ao Pe. Julio - 2010\" src=\"http:\/\/www.oarcanjo.net\/site\/wp-content\/uploads\/homenagem-chalita-pejulio-dez-2010-01.jpg\" alt=\"Homenagem do Vereador Gabriel Chalita ao Pe. Julio - 2010\" width=\"450\" height=\"300\" srcset=\"https:\/\/www.oarcanjo.net\/site\/wp-content\/uploads\/homenagem-chalita-pejulio-dez-2010-01.jpg 450w, https:\/\/www.oarcanjo.net\/site\/wp-content\/uploads\/homenagem-chalita-pejulio-dez-2010-01-300x200.jpg 300w\" sizes=\"(max-width: 450px) 100vw, 450px\" \/><\/p>\n<p style=\"text-align: justify;\">\n<p style=\"text-align: justify;\"><img loading=\"lazy\" decoding=\"async\" class=\"alignnone size-full wp-image-12215\" title=\"Homenagem do Vereador Gabriel Chalita ao Pe. Julio - 2010\" src=\"http:\/\/www.oarcanjo.net\/site\/wp-content\/uploads\/homenagem-chalita-pejulio-dez-2010-02.jpg\" alt=\"Homenagem do Vereador Gabriel Chalita ao Pe. Julio - 2010\" width=\"450\" height=\"300\" srcset=\"https:\/\/www.oarcanjo.net\/site\/wp-content\/uploads\/homenagem-chalita-pejulio-dez-2010-02.jpg 450w, https:\/\/www.oarcanjo.net\/site\/wp-content\/uploads\/homenagem-chalita-pejulio-dez-2010-02-300x200.jpg 300w\" sizes=\"(max-width: 450px) 100vw, 450px\" \/><\/p>\n<p style=\"text-align: justify;\">Os vereadores entregaram ao padre J\u00falio e a outras personalidades o diploma de &#8220;Gratid\u00e3o da Cidade de S\u00e3o Paulo\u201d, t\u00edtulo de reconhecimento \u00e0s pessoas, entidades e institui\u00e7\u00f5es que t\u00eam relev\u00e2ncia para a hist\u00f3ria e os dias atuais da\u00a0 cidade de S\u00e3o Paulo. Cada vereador indicou um nome para receber o diploma e quem &#8220;apadrinhou&#8221; padre J\u00falio foi o rec\u00e9m eleito deputado federal Gabriel Chalita.<\/p>\n<p style=\"text-align: justify;\"><a href=\"http:\/\/www.oarcanjo.net\/site\/wp-content\/uploads\/homenagem-chalita-pejulio-dez-2010-04.jpg\"><img loading=\"lazy\" decoding=\"async\" class=\"alignnone size-full wp-image-12217\" title=\"Homenagem do Vereador Gabriel Chalita ao Pe. Julio - 2010\" src=\"http:\/\/www.oarcanjo.net\/site\/wp-content\/uploads\/homenagem-chalita-pejulio-dez-2010-04.jpg\" alt=\"Homenagem do Vereador Gabriel Chalita ao Pe. Julio - 2010\" width=\"450\" height=\"300\" srcset=\"https:\/\/www.oarcanjo.net\/site\/wp-content\/uploads\/homenagem-chalita-pejulio-dez-2010-04.jpg 450w, https:\/\/www.oarcanjo.net\/site\/wp-content\/uploads\/homenagem-chalita-pejulio-dez-2010-04-300x200.jpg 300w\" sizes=\"(max-width: 450px) 100vw, 450px\" \/><\/a><\/p>\n<p style=\"text-align: justify;\">Parab\u00e9ns padre J\u00falio por mais um pr\u00eamio conquistado!<\/p>\n<p style=\"text-align: justify;\"><img loading=\"lazy\" decoding=\"async\" class=\"alignnone size-full wp-image-12218\" title=\"Homenagem do Vereador Gabriel Chalita ao Pe. Julio - 2010\" src=\"http:\/\/www.oarcanjo.net\/site\/wp-content\/uploads\/homenagem-chalita-pejulio-dez-2010-05.jpg\" alt=\"Homenagem do Vereador Gabriel Chalita ao Pe. Julio - 2010\" width=\"400\" height=\"576\" srcset=\"https:\/\/www.oarcanjo.net\/site\/wp-content\/uploads\/homenagem-chalita-pejulio-dez-2010-05.jpg 400w, https:\/\/www.oarcanjo.net\/site\/wp-content\/uploads\/homenagem-chalita-pejulio-dez-2010-05-208x300.jpg 208w\" sizes=\"(max-width: 400px) 100vw, 400px\" \/><\/p>\n<div id=\"themify_builder_content-12212\" data-postid=\"12212\" class=\"themify_builder_content themify_builder_content-12212 themify_builder themify_builder_front\">\n\t<\/div>\n<!-- \/themify_builder_content -->","protected":false},"excerpt":{"rendered":"<p>Em Sess\u00e3o Solene realizada na sexta-feira (03\/12), o padre J\u00falio Lancellotti, foi homenageado pela C\u00e2mara Municipal de S\u00e3o Paulo, em ato relativo \u00e0s comemora\u00e7\u00f5es dos 450 anos do Poder Legislativo Municipal, celebrados neste ano de 2010. Os vereadores entregaram ao padre J\u00falio e a outras personalidades o diploma de &#8220;Gratid\u00e3o da Cidade de S\u00e3o Paulo\u201d, [&hellip;]<\/p>\n","protected":false},"author":15,"featured_media":0,"comment_status":"open","ping_status":"open","sticky":false,"template":"","format":"standard","meta":{"ngg_post_thumbnail":0,"footnotes":""},"categories":[3,8,7],"tags":[1223,84,967],"yoast_head":"<!-- This site is optimized with the Yoast SEO plugin v23.5 - https:\/\/yoast.com\/wordpress\/plugins\/seo\/ -->\n<title>Padre J\u00falio recebe homenagem da C\u00e2mara - O Arcanjo no ar<\/title>\n<meta name=\"robots\" content=\"index, follow, max-snippet:-1, max-image-preview:large, max-video-preview:-1\" \/>\n<link rel=\"canonical\" href=\"https:\/\/www.oarcanjo.net\/site\/padre-julio-recebe-homenagem-da-camara\/\" \/>\n<meta property=\"og:locale\" content=\"pt_BR\" \/>\n<meta property=\"og:type\" content=\"article\" \/>\n<meta property=\"og:title\" content=\"Padre J\u00falio recebe homenagem da C\u00e2mara - O Arcanjo no ar\" \/>\n<meta property=\"og:description\" content=\"Em Sess\u00e3o Solene realizada na sexta-feira (03\/12), o padre J\u00falio Lancellotti, foi homenageado pela C\u00e2mara Municipal de S\u00e3o Paulo, em ato relativo \u00e0s comemora\u00e7\u00f5es dos 450 anos do Poder Legislativo Municipal, celebrados neste ano de 2010. Os vereadores entregaram ao padre J\u00falio e a outras personalidades o diploma de &#8220;Gratid\u00e3o da Cidade de S\u00e3o Paulo\u201d, [&hellip;]\" \/>\n<meta property=\"og:url\" content=\"https:\/\/www.oarcanjo.net\/site\/padre-julio-recebe-homenagem-da-camara\/\" \/>\n<meta property=\"og:site_name\" content=\"O Arcanjo no ar\" \/>\n<meta property=\"article:publisher\" content=\"https:\/\/www.facebook.com\/OArcanjoNoAr\/\" \/>\n<meta property=\"article:published_time\" content=\"2010-12-13T11:43:27+00:00\" \/>\n<meta property=\"article:modified_time\" content=\"2010-12-13T11:53:33+00:00\" \/>\n<meta property=\"og:image\" content=\"http:\/\/www.oarcanjo.net\/site\/wp-content\/uploads\/homenagem-chalita-pejulio-dez-2010-01.jpg\" \/>\n<meta name=\"author\" content=\"Alexandre Nunes\" \/>\n<meta name=\"twitter:card\" content=\"summary_large_image\" \/>\n<meta name=\"twitter:label1\" content=\"Escrito por\" \/>\n\t<meta name=\"twitter:data1\" content=\"Alexandre Nunes\" \/>\n\t<meta name=\"twitter:label2\" content=\"Est. tempo de leitura\" \/>\n\t<meta name=\"twitter:data2\" content=\"1 minuto\" \/>\n<script type=\"application\/ld+json\" class=\"yoast-schema-graph\">{\"@context\":\"https:\/\/schema.org\",\"@graph\":[{\"@type\":\"Article\",\"@id\":\"https:\/\/www.oarcanjo.net\/site\/padre-julio-recebe-homenagem-da-camara\/#article\",\"isPartOf\":{\"@id\":\"https:\/\/www.oarcanjo.net\/site\/padre-julio-recebe-homenagem-da-camara\/\"},\"author\":{\"name\":\"Alexandre Nunes\",\"@id\":\"https:\/\/www.oarcanjo.net\/site\/#\/schema\/person\/0a2ae077c1a09b69d29928e3b9f1c0d1\"},\"headline\":\"Padre J\u00falio recebe homenagem da C\u00e2mara\",\"datePublished\":\"2010-12-13T11:43:27+00:00\",\"dateModified\":\"2010-12-13T11:53:33+00:00\",\"mainEntityOfPage\":{\"@id\":\"https:\/\/www.oarcanjo.net\/site\/padre-julio-recebe-homenagem-da-camara\/\"},\"wordCount\":132,\"commentCount\":10,\"publisher\":{\"@id\":\"https:\/\/www.oarcanjo.net\/site\/#organization\"},\"image\":{\"@id\":\"https:\/\/www.oarcanjo.net\/site\/padre-julio-recebe-homenagem-da-camara\/#primaryimage\"},\"thumbnailUrl\":\"http:\/\/www.oarcanjo.net\/site\/wp-content\/uploads\/homenagem-chalita-pejulio-dez-2010-01.jpg\",\"keywords\":[\"Gabriel Chalita\",\"homenagem\",\"Pe J\u00falio Lancellotti\"],\"articleSection\":[\"Destaques\",\"Not\u00edcias\",\"Rosto da comunidade\"],\"inLanguage\":\"pt-BR\",\"potentialAction\":[{\"@type\":\"CommentAction\",\"name\":\"Comment\",\"target\":[\"https:\/\/www.oarcanjo.net\/site\/padre-julio-recebe-homenagem-da-camara\/#respond\"]}]},{\"@type\":\"WebPage\",\"@id\":\"https:\/\/www.oarcanjo.net\/site\/padre-julio-recebe-homenagem-da-camara\/\",\"url\":\"https:\/\/www.oarcanjo.net\/site\/padre-julio-recebe-homenagem-da-camara\/\",\"name\":\"Padre J\u00falio recebe homenagem da C\u00e2mara - O Arcanjo no ar\",\"isPartOf\":{\"@id\":\"https:\/\/www.oarcanjo.net\/site\/#website\"},\"primaryImageOfPage\":{\"@id\":\"https:\/\/www.oarcanjo.net\/site\/padre-julio-recebe-homenagem-da-camara\/#primaryimage\"},\"image\":{\"@id\":\"https:\/\/www.oarcanjo.net\/site\/padre-julio-recebe-homenagem-da-camara\/#primaryimage\"},\"thumbnailUrl\":\"http:\/\/www.oarcanjo.net\/site\/wp-content\/uploads\/homenagem-chalita-pejulio-dez-2010-01.jpg\",\"datePublished\":\"2010-12-13T11:43:27+00:00\",\"dateModified\":\"2010-12-13T11:53:33+00:00\",\"breadcrumb\":{\"@id\":\"https:\/\/www.oarcanjo.net\/site\/padre-julio-recebe-homenagem-da-camara\/#breadcrumb\"},\"inLanguage\":\"pt-BR\",\"potentialAction\":[{\"@type\":\"ReadAction\",\"target\":[\"https:\/\/www.oarcanjo.net\/site\/padre-julio-recebe-homenagem-da-camara\/\"]}]},{\"@type\":\"ImageObject\",\"inLanguage\":\"pt-BR\",\"@id\":\"https:\/\/www.oarcanjo.net\/site\/padre-julio-recebe-homenagem-da-camara\/#primaryimage\",\"url\":\"https:\/\/www.oarcanjo.net\/site\/wp-content\/uploads\/homenagem-chalita-pejulio-dez-2010-01.jpg\",\"contentUrl\":\"https:\/\/www.oarcanjo.net\/site\/wp-content\/uploads\/homenagem-chalita-pejulio-dez-2010-01.jpg\",\"width\":\"450\",\"height\":\"300\",\"caption\":\"Homenagem do Vereador Gabriel Chalita ao Pe. Julio - 2010\"},{\"@type\":\"BreadcrumbList\",\"@id\":\"https:\/\/www.oarcanjo.net\/site\/padre-julio-recebe-homenagem-da-camara\/#breadcrumb\",\"itemListElement\":[{\"@type\":\"ListItem\",\"position\":1,\"name\":\"In\u00edcio\",\"item\":\"https:\/\/www.oarcanjo.net\/site\/\"},{\"@type\":\"ListItem\",\"position\":2,\"name\":\"Padre J\u00falio recebe homenagem da C\u00e2mara\"}]},{\"@type\":\"WebSite\",\"@id\":\"https:\/\/www.oarcanjo.net\/site\/#website\",\"url\":\"https:\/\/www.oarcanjo.net\/site\/\",\"name\":\"O Arcanjo no ar\",\"description\":\"Site da Par\u00f3quia S\u00e3o Miguel Arcanjo (Arquidiocese de SP)\",\"publisher\":{\"@id\":\"https:\/\/www.oarcanjo.net\/site\/#organization\"},\"potentialAction\":[{\"@type\":\"SearchAction\",\"target\":{\"@type\":\"EntryPoint\",\"urlTemplate\":\"https:\/\/www.oarcanjo.net\/site\/?s={search_term_string}\"},\"query-input\":{\"@type\":\"PropertyValueSpecification\",\"valueRequired\":true,\"valueName\":\"search_term_string\"}}],\"inLanguage\":\"pt-BR\"},{\"@type\":\"Organization\",\"@id\":\"https:\/\/www.oarcanjo.net\/site\/#organization\",\"name\":\"Par\u00f3quia S\u00e3o Miguel Arcanjo\",\"url\":\"https:\/\/www.oarcanjo.net\/site\/\",\"logo\":{\"@type\":\"ImageObject\",\"inLanguage\":\"pt-BR\",\"@id\":\"https:\/\/www.oarcanjo.net\/site\/#\/schema\/logo\/image\/\",\"url\":\"https:\/\/www.oarcanjo.net\/site\/wp-content\/uploads\/LogoOArcanjo.png\",\"contentUrl\":\"https:\/\/www.oarcanjo.net\/site\/wp-content\/uploads\/LogoOArcanjo.png\",\"width\":319,\"height\":99,\"caption\":\"Par\u00f3quia S\u00e3o Miguel Arcanjo\"},\"image\":{\"@id\":\"https:\/\/www.oarcanjo.net\/site\/#\/schema\/logo\/image\/\"},\"sameAs\":[\"https:\/\/www.facebook.com\/OArcanjoNoAr\/\"]},{\"@type\":\"Person\",\"@id\":\"https:\/\/www.oarcanjo.net\/site\/#\/schema\/person\/0a2ae077c1a09b69d29928e3b9f1c0d1\",\"name\":\"Alexandre Nunes\",\"sameAs\":[\"http:\/\/alexandrenu.com\"]}]}<\/script>\n<!-- \/ Yoast SEO plugin. -->","yoast_head_json":{"title":"Padre J\u00falio recebe homenagem da C\u00e2mara - O Arcanjo no ar","robots":{"index":"index","follow":"follow","max-snippet":"max-snippet:-1","max-image-preview":"max-image-preview:large","max-video-preview":"max-video-preview:-1"},"canonical":"https:\/\/www.oarcanjo.net\/site\/padre-julio-recebe-homenagem-da-camara\/","og_locale":"pt_BR","og_type":"article","og_title":"Padre J\u00falio recebe homenagem da C\u00e2mara - O Arcanjo no ar","og_description":"Em Sess\u00e3o Solene realizada na sexta-feira (03\/12), o padre J\u00falio Lancellotti, foi homenageado pela C\u00e2mara Municipal de S\u00e3o Paulo, em ato relativo \u00e0s comemora\u00e7\u00f5es dos 450 anos do Poder Legislativo Municipal, celebrados neste ano de 2010. Os vereadores entregaram ao padre J\u00falio e a outras personalidades o diploma de &#8220;Gratid\u00e3o da Cidade de S\u00e3o Paulo\u201d, [&hellip;]","og_url":"https:\/\/www.oarcanjo.net\/site\/padre-julio-recebe-homenagem-da-camara\/","og_site_name":"O Arcanjo no ar","article_publisher":"https:\/\/www.facebook.com\/OArcanjoNoAr\/","article_published_time":"2010-12-13T11:43:27+00:00","article_modified_time":"2010-12-13T11:53:33+00:00","og_image":[{"url":"http:\/\/www.oarcanjo.net\/site\/wp-content\/uploads\/homenagem-chalita-pejulio-dez-2010-01.jpg"}],"author":"Alexandre Nunes","twitter_card":"summary_large_image","twitter_misc":{"Escrito por":"Alexandre Nunes","Est. tempo de leitura":"1 minuto"},"schema":{"@context":"https:\/\/schema.org","@graph":[{"@type":"Article","@id":"https:\/\/www.oarcanjo.net\/site\/padre-julio-recebe-homenagem-da-camara\/#article","isPartOf":{"@id":"https:\/\/www.oarcanjo.net\/site\/padre-julio-recebe-homenagem-da-camara\/"},"author":{"name":"Alexandre Nunes","@id":"https:\/\/www.oarcanjo.net\/site\/#\/schema\/person\/0a2ae077c1a09b69d29928e3b9f1c0d1"},"headline":"Padre J\u00falio recebe homenagem da C\u00e2mara","datePublished":"2010-12-13T11:43:27+00:00","dateModified":"2010-12-13T11:53:33+00:00","mainEntityOfPage":{"@id":"https:\/\/www.oarcanjo.net\/site\/padre-julio-recebe-homenagem-da-camara\/"},"wordCount":132,"commentCount":10,"publisher":{"@id":"https:\/\/www.oarcanjo.net\/site\/#organization"},"image":{"@id":"https:\/\/www.oarcanjo.net\/site\/padre-julio-recebe-homenagem-da-camara\/#primaryimage"},"thumbnailUrl":"http:\/\/www.oarcanjo.net\/site\/wp-content\/uploads\/homenagem-chalita-pejulio-dez-2010-01.jpg","keywords":["Gabriel Chalita","homenagem","Pe J\u00falio Lancellotti"],"articleSection":["Destaques","Not\u00edcias","Rosto da comunidade"],"inLanguage":"pt-BR","potentialAction":[{"@type":"CommentAction","name":"Comment","target":["https:\/\/www.oarcanjo.net\/site\/padre-julio-recebe-homenagem-da-camara\/#respond"]}]},{"@type":"WebPage","@id":"https:\/\/www.oarcanjo.net\/site\/padre-julio-recebe-homenagem-da-camara\/","url":"https:\/\/www.oarcanjo.net\/site\/padre-julio-recebe-homenagem-da-camara\/","name":"Padre J\u00falio recebe homenagem da C\u00e2mara - O Arcanjo no ar","isPartOf":{"@id":"https:\/\/www.oarcanjo.net\/site\/#website"},"primaryImageOfPage":{"@id":"https:\/\/www.oarcanjo.net\/site\/padre-julio-recebe-homenagem-da-camara\/#primaryimage"},"image":{"@id":"https:\/\/www.oarcanjo.net\/site\/padre-julio-recebe-homenagem-da-camara\/#primaryimage"},"thumbnailUrl":"http:\/\/www.oarcanjo.net\/site\/wp-content\/uploads\/homenagem-chalita-pejulio-dez-2010-01.jpg","datePublished":"2010-12-13T11:43:27+00:00","dateModified":"2010-12-13T11:53:33+00:00","breadcrumb":{"@id":"https:\/\/www.oarcanjo.net\/site\/padre-julio-recebe-homenagem-da-camara\/#breadcrumb"},"inLanguage":"pt-BR","potentialAction":[{"@type":"ReadAction","target":["https:\/\/www.oarcanjo.net\/site\/padre-julio-recebe-homenagem-da-camara\/"]}]},{"@type":"ImageObject","inLanguage":"pt-BR","@id":"https:\/\/www.oarcanjo.net\/site\/padre-julio-recebe-homenagem-da-camara\/#primaryimage","url":"https:\/\/www.oarcanjo.net\/site\/wp-content\/uploads\/homenagem-chalita-pejulio-dez-2010-01.jpg","contentUrl":"https:\/\/www.oarcanjo.net\/site\/wp-content\/uploads\/homenagem-chalita-pejulio-dez-2010-01.jpg","width":"450","height":"300","caption":"Homenagem do Vereador Gabriel Chalita ao Pe. Julio - 2010"},{"@type":"BreadcrumbList","@id":"https:\/\/www.oarcanjo.net\/site\/padre-julio-recebe-homenagem-da-camara\/#breadcrumb","itemListElement":[{"@type":"ListItem","position":1,"name":"In\u00edcio","item":"https:\/\/www.oarcanjo.net\/site\/"},{"@type":"ListItem","position":2,"name":"Padre J\u00falio recebe homenagem da C\u00e2mara"}]},{"@type":"WebSite","@id":"https:\/\/www.oarcanjo.net\/site\/#website","url":"https:\/\/www.oarcanjo.net\/site\/","name":"O Arcanjo no ar","description":"Site da Par\u00f3quia S\u00e3o Miguel Arcanjo (Arquidiocese de SP)","publisher":{"@id":"https:\/\/www.oarcanjo.net\/site\/#organization"},"potentialAction":[{"@type":"SearchAction","target":{"@type":"EntryPoint","urlTemplate":"https:\/\/www.oarcanjo.net\/site\/?s={search_term_string}"},"query-input":{"@type":"PropertyValueSpecification","valueRequired":true,"valueName":"search_term_string"}}],"inLanguage":"pt-BR"},{"@type":"Organization","@id":"https:\/\/www.oarcanjo.net\/site\/#organization","name":"Par\u00f3quia S\u00e3o Miguel Arcanjo","url":"https:\/\/www.oarcanjo.net\/site\/","logo":{"@type":"ImageObject","inLanguage":"pt-BR","@id":"https:\/\/www.oarcanjo.net\/site\/#\/schema\/logo\/image\/","url":"https:\/\/www.oarcanjo.net\/site\/wp-content\/uploads\/LogoOArcanjo.png","contentUrl":"https:\/\/www.oarcanjo.net\/site\/wp-content\/uploads\/LogoOArcanjo.png","width":319,"height":99,"caption":"Par\u00f3quia S\u00e3o Miguel Arcanjo"},"image":{"@id":"https:\/\/www.oarcanjo.net\/site\/#\/schema\/logo\/image\/"},"sameAs":["https:\/\/www.facebook.com\/OArcanjoNoAr\/"]},{"@type":"Person","@id":"https:\/\/www.oarcanjo.net\/site\/#\/schema\/person\/0a2ae077c1a09b69d29928e3b9f1c0d1","name":"Alexandre Nunes","sameAs":["http:\/\/alexandrenu.com"]}]}},"publishpress_future_action":{"enabled":false,"date":"2026-05-07 10:08:22","action":"category","newStatus":"draft","terms":[],"taxonomy":"category"},"publishpress_future_workflow_manual_trigger":{"enabledWorkflows":[]},"_links":{"self":[{"href":"https:\/\/www.oarcanjo.net\/site\/wp-json\/wp\/v2\/posts\/12212"}],"collection":[{"href":"https:\/\/www.oarcanjo.net\/site\/wp-json\/wp\/v2\/posts"}],"about":[{"href":"https:\/\/www.oarcanjo.net\/site\/wp-json\/wp\/v2\/types\/post"}],"author":[{"embeddable":true,"href":"https:\/\/www.oarcanjo.net\/site\/wp-json\/wp\/v2\/users\/15"}],"replies":[{"embeddable":true,"href":"https:\/\/www.oarcanjo.net\/site\/wp-json\/wp\/v2\/comments?post=12212"}],"version-history":[{"count":0,"href":"https:\/\/www.oarcanjo.net\/site\/wp-json\/wp\/v2\/posts\/12212\/revisions"}],"wp:attachment":[{"href":"https:\/\/www.oarcanjo.net\/site\/wp-json\/wp\/v2\/media?parent=12212"}],"wp:term":[{"taxonomy":"category","embeddable":true,"href":"https:\/\/www.oarcanjo.net\/site\/wp-json\/wp\/v2\/categories?post=12212"},{"taxonomy":"post_tag","embeddable":true,"href":"https:\/\/www.oarcanjo.net\/site\/wp-json\/wp\/v2\/tags?post=12212"}],"curies":[{"name":"wp","href":"https:\/\/api.w.org\/{rel}","templated":true}]}}