
{"id":12222,"date":"2010-12-14T04:41:51","date_gmt":"2010-12-14T06:41:51","guid":{"rendered":"http:\/\/www.oarcanjo.net\/site\/?p=12222"},"modified":"2010-12-27T14:29:37","modified_gmt":"2010-12-27T16:29:37","slug":"os-tempos-liturgicos-o-tempo-do-advento","status":"publish","type":"post","link":"https:\/\/www.oarcanjo.net\/site\/os-tempos-liturgicos-o-tempo-do-advento\/","title":{"rendered":"Os Tempos Lit\u00fargicos &#8211; O Tempo do Advento"},"content":{"rendered":"<p><a href=\"http:\/\/www.oarcanjo.net\/site\/wp-content\/uploads\/ilustracao-advento-01.jpg\"><img loading=\"lazy\" decoding=\"async\" class=\"size-full wp-image-12257\" title=\"Ilustra\u00e7\u00e3o Advento\" src=\"http:\/\/www.oarcanjo.net\/site\/wp-content\/uploads\/ilustracao-advento-01.jpg\" alt=\"Ilustra\u00e7\u00e3o Advento\" width=\"254\" height=\"239\" align=\"left\" \/><\/a>Com este tempo inicia-se o Ano Lit\u00fargico. A palavra &#8220;advento&#8221; significa &#8220;chegada&#8221;, &#8220;vinda&#8221;. Sua espiritualidade nos chama \u00e0 esperan\u00e7a, a uma piedosa e alegre expectativa, \u00e0 convers\u00e3o, \u00e0 renova\u00e7\u00e3o e ao ju\u00edzo do Senhor.<\/p>\n<p>O Advento possui quatro domingos e tem como tarefa preparar-nos para receber o Senhor, que se manifesta a n\u00f3s. Come\u00e7amos com a expectativa da segunda vinda de Cristo, que se dar\u00e1 na grandeza de sua gl\u00f3ria. Depois, mais pr\u00f3ximos do Natal, n\u00f3s nos voltamos para a sua primeira vinda, quando ele assumiu a nossa humanidade ao nascer na gruta de Bel\u00e9m.<\/p>\n<p>A liturgia do per\u00edodo do Advento \u00e9 um c\u00e2ntico cont\u00ednuo de esperan\u00e7a. Somos chamados a viver como os primeiros crist\u00e3os e jubilosa expectativa da volta do Senhor.<\/p>\n<p><strong>Celebrando o Advento<\/strong><\/p>\n<p>&#8211; <strong>Cor do tempo: <\/strong>roxa<br \/>\n&#8211; No Advento, come\u00e7amos um <strong>novo Ano Lit\u00fargico<\/strong>. Iniciamos aos domingos a leitura de um novo evangelista (Mateus, Marcos e Lucas), conforme o ciclo trienal A-B-C.<br \/>\n&#8211;\u00a0Nesse tempo, omite-se o Gl\u00f3ria, mas canta-se o Aleluia.<br \/>\n&#8211;\u00a0Usam-se o \u00f3rg\u00e3o e os outros instrumentos musicais. O altar \u00e9 ornado com flores, com aquela modera\u00e7\u00e3o que conv\u00e9m ao car\u00e1ter pr\u00f3prio deste tempo, de modo a n\u00e3o antecipar a plena alegria do Natal do Senhor. Pelo mesmo motivo, n\u00e3o devemos tirar a sobriedade do espa\u00e7o lit\u00fargico colocando enfeites natalinos, t\u00e3o comuns no com\u00e9rcio.<br \/>\n&#8211; O 3\u00ba Domingo do Advento recebe o nome de &#8220;Domingo Gaudete&#8221; ou &#8220;Domingo da Alegria&#8221;. Nele pode-se usar a cor rosa.<br \/>\n&#8211; A realiza\u00e7\u00e3o de celebra\u00e7\u00f5es penitenciais e a celebra\u00e7\u00e3o do sacramento da Penit\u00eancia s\u00e3o de grande valor para a viv\u00eancia aut\u00eantica desse tempo.<br \/>\n&#8211; A liturgia do Advento recorda frequentemente a Virgem Maria. Por isso, esse tempo \u00e9 particularmente propr\u00edcio para desenvolvermos na comunidade uma espiritualidade mariana voltada para a espera do nascimento do Salvador.<br \/>\n&#8211; Alguns aspectos da piedade popular (novenas, pres\u00e9pios, coroa do Advento), desde que sejam bem direcionadas por uma espiritualidade ligada ao mist\u00e9rio de nossa salva\u00e7\u00e3o, podem ajudar na viv\u00eancia desse tempo.<\/p>\n<p><strong><em>Jesus Cristo &#8211;\u00a0Ontem, hoje e sempre<br \/>\nO Ano Lit\u00fargico<br \/>\nPaulinas<\/em><\/strong><\/p>\n<p><em>Texto: Sidnei Fernandes Lima<br \/>\nIlustra\u00e7\u00f5es: Sergio Ceron <\/em><\/p>\n<div id=\"themify_builder_content-12222\" data-postid=\"12222\" class=\"themify_builder_content themify_builder_content-12222 themify_builder themify_builder_front\">\n\t<\/div>\n<!-- \/themify_builder_content -->","protected":false},"excerpt":{"rendered":"<p>Com este tempo inicia-se o Ano Lit\u00fargico. A palavra &#8220;advento&#8221; significa &#8220;chegada&#8221;, &#8220;vinda&#8221;. Sua espiritualidade nos chama \u00e0 esperan\u00e7a, a uma piedosa e alegre expectativa, \u00e0 convers\u00e3o, \u00e0 renova\u00e7\u00e3o e ao ju\u00edzo do Senhor. O Advento possui quatro domingos e tem como tarefa preparar-nos para receber o Senhor, que se manifesta a n\u00f3s. Come\u00e7amos com [&hellip;]<\/p>\n","protected":false},"author":5,"featured_media":0,"comment_status":"open","ping_status":"open","sticky":false,"template":"","format":"standard","meta":{"ngg_post_thumbnail":0,"footnotes":""},"categories":[3,109,1780],"tags":[3211],"yoast_head":"<!-- This site is optimized with the Yoast SEO plugin v23.5 - https:\/\/yoast.com\/wordpress\/plugins\/seo\/ -->\n<title>Os Tempos Lit\u00fargicos - O Tempo do Advento - O Arcanjo no ar<\/title>\n<meta name=\"robots\" content=\"index, follow, max-snippet:-1, max-image-preview:large, max-video-preview:-1\" \/>\n<link rel=\"canonical\" href=\"https:\/\/www.oarcanjo.net\/site\/os-tempos-liturgicos-o-tempo-do-advento\/\" \/>\n<meta property=\"og:locale\" content=\"pt_BR\" \/>\n<meta property=\"og:type\" content=\"article\" \/>\n<meta property=\"og:title\" content=\"Os Tempos Lit\u00fargicos - O Tempo do Advento - O Arcanjo no ar\" \/>\n<meta property=\"og:description\" content=\"Com este tempo inicia-se o Ano Lit\u00fargico. A palavra &#8220;advento&#8221; significa &#8220;chegada&#8221;, &#8220;vinda&#8221;. Sua espiritualidade nos chama \u00e0 esperan\u00e7a, a uma piedosa e alegre expectativa, \u00e0 convers\u00e3o, \u00e0 renova\u00e7\u00e3o e ao ju\u00edzo do Senhor. O Advento possui quatro domingos e tem como tarefa preparar-nos para receber o Senhor, que se manifesta a n\u00f3s. Come\u00e7amos com [&hellip;]\" \/>\n<meta property=\"og:url\" content=\"https:\/\/www.oarcanjo.net\/site\/os-tempos-liturgicos-o-tempo-do-advento\/\" \/>\n<meta property=\"og:site_name\" content=\"O Arcanjo no ar\" \/>\n<meta property=\"article:publisher\" content=\"https:\/\/www.facebook.com\/OArcanjoNoAr\/\" \/>\n<meta property=\"article:published_time\" content=\"2010-12-14T06:41:51+00:00\" \/>\n<meta property=\"article:modified_time\" content=\"2010-12-27T16:29:37+00:00\" \/>\n<meta property=\"og:image\" content=\"http:\/\/www.oarcanjo.net\/site\/wp-content\/uploads\/ilustracao-advento-01.jpg\" \/>\n<meta name=\"author\" content=\"editor\" \/>\n<meta name=\"twitter:card\" content=\"summary_large_image\" \/>\n<meta name=\"twitter:label1\" content=\"Escrito por\" \/>\n\t<meta name=\"twitter:data1\" content=\"editor\" \/>\n\t<meta name=\"twitter:label2\" content=\"Est. tempo de leitura\" \/>\n\t<meta name=\"twitter:data2\" content=\"2 minutos\" \/>\n<script type=\"application\/ld+json\" class=\"yoast-schema-graph\">{\"@context\":\"https:\/\/schema.org\",\"@graph\":[{\"@type\":\"Article\",\"@id\":\"https:\/\/www.oarcanjo.net\/site\/os-tempos-liturgicos-o-tempo-do-advento\/#article\",\"isPartOf\":{\"@id\":\"https:\/\/www.oarcanjo.net\/site\/os-tempos-liturgicos-o-tempo-do-advento\/\"},\"author\":{\"name\":\"editor\",\"@id\":\"https:\/\/www.oarcanjo.net\/site\/#\/schema\/person\/f7024d007863202483a31326673a0838\"},\"headline\":\"Os Tempos Lit\u00fargicos &#8211; O Tempo do Advento\",\"datePublished\":\"2010-12-14T06:41:51+00:00\",\"dateModified\":\"2010-12-27T16:29:37+00:00\",\"mainEntityOfPage\":{\"@id\":\"https:\/\/www.oarcanjo.net\/site\/os-tempos-liturgicos-o-tempo-do-advento\/\"},\"wordCount\":393,\"commentCount\":1,\"publisher\":{\"@id\":\"https:\/\/www.oarcanjo.net\/site\/#organization\"},\"image\":{\"@id\":\"https:\/\/www.oarcanjo.net\/site\/os-tempos-liturgicos-o-tempo-do-advento\/#primaryimage\"},\"thumbnailUrl\":\"http:\/\/www.oarcanjo.net\/site\/wp-content\/uploads\/ilustracao-advento-01.jpg\",\"keywords\":[\"Tempos Lit\u00fargicos\"],\"articleSection\":[\"Destaques\",\"Liturgia\",\"Tempos Lit\u00fargicos\"],\"inLanguage\":\"pt-BR\",\"potentialAction\":[{\"@type\":\"CommentAction\",\"name\":\"Comment\",\"target\":[\"https:\/\/www.oarcanjo.net\/site\/os-tempos-liturgicos-o-tempo-do-advento\/#respond\"]}]},{\"@type\":\"WebPage\",\"@id\":\"https:\/\/www.oarcanjo.net\/site\/os-tempos-liturgicos-o-tempo-do-advento\/\",\"url\":\"https:\/\/www.oarcanjo.net\/site\/os-tempos-liturgicos-o-tempo-do-advento\/\",\"name\":\"Os Tempos Lit\u00fargicos - O Tempo do Advento - O Arcanjo no ar\",\"isPartOf\":{\"@id\":\"https:\/\/www.oarcanjo.net\/site\/#website\"},\"primaryImageOfPage\":{\"@id\":\"https:\/\/www.oarcanjo.net\/site\/os-tempos-liturgicos-o-tempo-do-advento\/#primaryimage\"},\"image\":{\"@id\":\"https:\/\/www.oarcanjo.net\/site\/os-tempos-liturgicos-o-tempo-do-advento\/#primaryimage\"},\"thumbnailUrl\":\"http:\/\/www.oarcanjo.net\/site\/wp-content\/uploads\/ilustracao-advento-01.jpg\",\"datePublished\":\"2010-12-14T06:41:51+00:00\",\"dateModified\":\"2010-12-27T16:29:37+00:00\",\"breadcrumb\":{\"@id\":\"https:\/\/www.oarcanjo.net\/site\/os-tempos-liturgicos-o-tempo-do-advento\/#breadcrumb\"},\"inLanguage\":\"pt-BR\",\"potentialAction\":[{\"@type\":\"ReadAction\",\"target\":[\"https:\/\/www.oarcanjo.net\/site\/os-tempos-liturgicos-o-tempo-do-advento\/\"]}]},{\"@type\":\"ImageObject\",\"inLanguage\":\"pt-BR\",\"@id\":\"https:\/\/www.oarcanjo.net\/site\/os-tempos-liturgicos-o-tempo-do-advento\/#primaryimage\",\"url\":\"http:\/\/www.oarcanjo.net\/site\/wp-content\/uploads\/ilustracao-advento-01.jpg\",\"contentUrl\":\"http:\/\/www.oarcanjo.net\/site\/wp-content\/uploads\/ilustracao-advento-01.jpg\"},{\"@type\":\"BreadcrumbList\",\"@id\":\"https:\/\/www.oarcanjo.net\/site\/os-tempos-liturgicos-o-tempo-do-advento\/#breadcrumb\",\"itemListElement\":[{\"@type\":\"ListItem\",\"position\":1,\"name\":\"In\u00edcio\",\"item\":\"https:\/\/www.oarcanjo.net\/site\/\"},{\"@type\":\"ListItem\",\"position\":2,\"name\":\"Os Tempos Lit\u00fargicos &#8211; O Tempo do Advento\"}]},{\"@type\":\"WebSite\",\"@id\":\"https:\/\/www.oarcanjo.net\/site\/#website\",\"url\":\"https:\/\/www.oarcanjo.net\/site\/\",\"name\":\"O Arcanjo no ar\",\"description\":\"Site da Par\u00f3quia S\u00e3o Miguel Arcanjo (Arquidiocese de SP)\",\"publisher\":{\"@id\":\"https:\/\/www.oarcanjo.net\/site\/#organization\"},\"potentialAction\":[{\"@type\":\"SearchAction\",\"target\":{\"@type\":\"EntryPoint\",\"urlTemplate\":\"https:\/\/www.oarcanjo.net\/site\/?s={search_term_string}\"},\"query-input\":{\"@type\":\"PropertyValueSpecification\",\"valueRequired\":true,\"valueName\":\"search_term_string\"}}],\"inLanguage\":\"pt-BR\"},{\"@type\":\"Organization\",\"@id\":\"https:\/\/www.oarcanjo.net\/site\/#organization\",\"name\":\"Par\u00f3quia S\u00e3o Miguel Arcanjo\",\"url\":\"https:\/\/www.oarcanjo.net\/site\/\",\"logo\":{\"@type\":\"ImageObject\",\"inLanguage\":\"pt-BR\",\"@id\":\"https:\/\/www.oarcanjo.net\/site\/#\/schema\/logo\/image\/\",\"url\":\"https:\/\/www.oarcanjo.net\/site\/wp-content\/uploads\/LogoOArcanjo.png\",\"contentUrl\":\"https:\/\/www.oarcanjo.net\/site\/wp-content\/uploads\/LogoOArcanjo.png\",\"width\":319,\"height\":99,\"caption\":\"Par\u00f3quia S\u00e3o Miguel Arcanjo\"},\"image\":{\"@id\":\"https:\/\/www.oarcanjo.net\/site\/#\/schema\/logo\/image\/\"},\"sameAs\":[\"https:\/\/www.facebook.com\/OArcanjoNoAr\/\"]},{\"@type\":\"Person\",\"@id\":\"https:\/\/www.oarcanjo.net\/site\/#\/schema\/person\/f7024d007863202483a31326673a0838\",\"name\":\"editor\",\"sameAs\":[\"http:\/\/www.oarcanjo.net\"]}]}<\/script>\n<!-- \/ Yoast SEO plugin. -->","yoast_head_json":{"title":"Os Tempos Lit\u00fargicos - O Tempo do Advento - O Arcanjo no ar","robots":{"index":"index","follow":"follow","max-snippet":"max-snippet:-1","max-image-preview":"max-image-preview:large","max-video-preview":"max-video-preview:-1"},"canonical":"https:\/\/www.oarcanjo.net\/site\/os-tempos-liturgicos-o-tempo-do-advento\/","og_locale":"pt_BR","og_type":"article","og_title":"Os Tempos Lit\u00fargicos - O Tempo do Advento - O Arcanjo no ar","og_description":"Com este tempo inicia-se o Ano Lit\u00fargico. A palavra &#8220;advento&#8221; significa &#8220;chegada&#8221;, &#8220;vinda&#8221;. Sua espiritualidade nos chama \u00e0 esperan\u00e7a, a uma piedosa e alegre expectativa, \u00e0 convers\u00e3o, \u00e0 renova\u00e7\u00e3o e ao ju\u00edzo do Senhor. O Advento possui quatro domingos e tem como tarefa preparar-nos para receber o Senhor, que se manifesta a n\u00f3s. Come\u00e7amos com [&hellip;]","og_url":"https:\/\/www.oarcanjo.net\/site\/os-tempos-liturgicos-o-tempo-do-advento\/","og_site_name":"O Arcanjo no ar","article_publisher":"https:\/\/www.facebook.com\/OArcanjoNoAr\/","article_published_time":"2010-12-14T06:41:51+00:00","article_modified_time":"2010-12-27T16:29:37+00:00","og_image":[{"url":"http:\/\/www.oarcanjo.net\/site\/wp-content\/uploads\/ilustracao-advento-01.jpg"}],"author":"editor","twitter_card":"summary_large_image","twitter_misc":{"Escrito por":"editor","Est. tempo de leitura":"2 minutos"},"schema":{"@context":"https:\/\/schema.org","@graph":[{"@type":"Article","@id":"https:\/\/www.oarcanjo.net\/site\/os-tempos-liturgicos-o-tempo-do-advento\/#article","isPartOf":{"@id":"https:\/\/www.oarcanjo.net\/site\/os-tempos-liturgicos-o-tempo-do-advento\/"},"author":{"name":"editor","@id":"https:\/\/www.oarcanjo.net\/site\/#\/schema\/person\/f7024d007863202483a31326673a0838"},"headline":"Os Tempos Lit\u00fargicos &#8211; O Tempo do Advento","datePublished":"2010-12-14T06:41:51+00:00","dateModified":"2010-12-27T16:29:37+00:00","mainEntityOfPage":{"@id":"https:\/\/www.oarcanjo.net\/site\/os-tempos-liturgicos-o-tempo-do-advento\/"},"wordCount":393,"commentCount":1,"publisher":{"@id":"https:\/\/www.oarcanjo.net\/site\/#organization"},"image":{"@id":"https:\/\/www.oarcanjo.net\/site\/os-tempos-liturgicos-o-tempo-do-advento\/#primaryimage"},"thumbnailUrl":"http:\/\/www.oarcanjo.net\/site\/wp-content\/uploads\/ilustracao-advento-01.jpg","keywords":["Tempos Lit\u00fargicos"],"articleSection":["Destaques","Liturgia","Tempos Lit\u00fargicos"],"inLanguage":"pt-BR","potentialAction":[{"@type":"CommentAction","name":"Comment","target":["https:\/\/www.oarcanjo.net\/site\/os-tempos-liturgicos-o-tempo-do-advento\/#respond"]}]},{"@type":"WebPage","@id":"https:\/\/www.oarcanjo.net\/site\/os-tempos-liturgicos-o-tempo-do-advento\/","url":"https:\/\/www.oarcanjo.net\/site\/os-tempos-liturgicos-o-tempo-do-advento\/","name":"Os Tempos Lit\u00fargicos - O Tempo do Advento - O Arcanjo no ar","isPartOf":{"@id":"https:\/\/www.oarcanjo.net\/site\/#website"},"primaryImageOfPage":{"@id":"https:\/\/www.oarcanjo.net\/site\/os-tempos-liturgicos-o-tempo-do-advento\/#primaryimage"},"image":{"@id":"https:\/\/www.oarcanjo.net\/site\/os-tempos-liturgicos-o-tempo-do-advento\/#primaryimage"},"thumbnailUrl":"http:\/\/www.oarcanjo.net\/site\/wp-content\/uploads\/ilustracao-advento-01.jpg","datePublished":"2010-12-14T06:41:51+00:00","dateModified":"2010-12-27T16:29:37+00:00","breadcrumb":{"@id":"https:\/\/www.oarcanjo.net\/site\/os-tempos-liturgicos-o-tempo-do-advento\/#breadcrumb"},"inLanguage":"pt-BR","potentialAction":[{"@type":"ReadAction","target":["https:\/\/www.oarcanjo.net\/site\/os-tempos-liturgicos-o-tempo-do-advento\/"]}]},{"@type":"ImageObject","inLanguage":"pt-BR","@id":"https:\/\/www.oarcanjo.net\/site\/os-tempos-liturgicos-o-tempo-do-advento\/#primaryimage","url":"http:\/\/www.oarcanjo.net\/site\/wp-content\/uploads\/ilustracao-advento-01.jpg","contentUrl":"http:\/\/www.oarcanjo.net\/site\/wp-content\/uploads\/ilustracao-advento-01.jpg"},{"@type":"BreadcrumbList","@id":"https:\/\/www.oarcanjo.net\/site\/os-tempos-liturgicos-o-tempo-do-advento\/#breadcrumb","itemListElement":[{"@type":"ListItem","position":1,"name":"In\u00edcio","item":"https:\/\/www.oarcanjo.net\/site\/"},{"@type":"ListItem","position":2,"name":"Os Tempos Lit\u00fargicos &#8211; O Tempo do Advento"}]},{"@type":"WebSite","@id":"https:\/\/www.oarcanjo.net\/site\/#website","url":"https:\/\/www.oarcanjo.net\/site\/","name":"O Arcanjo no ar","description":"Site da Par\u00f3quia S\u00e3o Miguel Arcanjo (Arquidiocese de SP)","publisher":{"@id":"https:\/\/www.oarcanjo.net\/site\/#organization"},"potentialAction":[{"@type":"SearchAction","target":{"@type":"EntryPoint","urlTemplate":"https:\/\/www.oarcanjo.net\/site\/?s={search_term_string}"},"query-input":{"@type":"PropertyValueSpecification","valueRequired":true,"valueName":"search_term_string"}}],"inLanguage":"pt-BR"},{"@type":"Organization","@id":"https:\/\/www.oarcanjo.net\/site\/#organization","name":"Par\u00f3quia S\u00e3o Miguel Arcanjo","url":"https:\/\/www.oarcanjo.net\/site\/","logo":{"@type":"ImageObject","inLanguage":"pt-BR","@id":"https:\/\/www.oarcanjo.net\/site\/#\/schema\/logo\/image\/","url":"https:\/\/www.oarcanjo.net\/site\/wp-content\/uploads\/LogoOArcanjo.png","contentUrl":"https:\/\/www.oarcanjo.net\/site\/wp-content\/uploads\/LogoOArcanjo.png","width":319,"height":99,"caption":"Par\u00f3quia S\u00e3o Miguel Arcanjo"},"image":{"@id":"https:\/\/www.oarcanjo.net\/site\/#\/schema\/logo\/image\/"},"sameAs":["https:\/\/www.facebook.com\/OArcanjoNoAr\/"]},{"@type":"Person","@id":"https:\/\/www.oarcanjo.net\/site\/#\/schema\/person\/f7024d007863202483a31326673a0838","name":"editor","sameAs":["http:\/\/www.oarcanjo.net"]}]}},"publishpress_future_action":{"enabled":false,"date":"2026-05-07 14:34:02","action":"category","newStatus":"draft","terms":[],"taxonomy":"category"},"publishpress_future_workflow_manual_trigger":{"enabledWorkflows":[]},"_links":{"self":[{"href":"https:\/\/www.oarcanjo.net\/site\/wp-json\/wp\/v2\/posts\/12222"}],"collection":[{"href":"https:\/\/www.oarcanjo.net\/site\/wp-json\/wp\/v2\/posts"}],"about":[{"href":"https:\/\/www.oarcanjo.net\/site\/wp-json\/wp\/v2\/types\/post"}],"author":[{"embeddable":true,"href":"https:\/\/www.oarcanjo.net\/site\/wp-json\/wp\/v2\/users\/5"}],"replies":[{"embeddable":true,"href":"https:\/\/www.oarcanjo.net\/site\/wp-json\/wp\/v2\/comments?post=12222"}],"version-history":[{"count":0,"href":"https:\/\/www.oarcanjo.net\/site\/wp-json\/wp\/v2\/posts\/12222\/revisions"}],"wp:attachment":[{"href":"https:\/\/www.oarcanjo.net\/site\/wp-json\/wp\/v2\/media?parent=12222"}],"wp:term":[{"taxonomy":"category","embeddable":true,"href":"https:\/\/www.oarcanjo.net\/site\/wp-json\/wp\/v2\/categories?post=12222"},{"taxonomy":"post_tag","embeddable":true,"href":"https:\/\/www.oarcanjo.net\/site\/wp-json\/wp\/v2\/tags?post=12222"}],"curies":[{"name":"wp","href":"https:\/\/api.w.org\/{rel}","templated":true}]}}