
{"id":1223,"date":"2008-12-23T20:37:12","date_gmt":"2008-12-23T22:37:12","guid":{"rendered":"http:\/\/www.oarcanjo.net\/site\/?p=1223"},"modified":"2009-01-15T10:28:06","modified_gmt":"2009-01-15T12:28:06","slug":"pe-julio-recebe-o-presidente-lula-com-o-povo-da-rua","status":"publish","type":"post","link":"https:\/\/www.oarcanjo.net\/site\/pe-julio-recebe-o-presidente-lula-com-o-povo-da-rua\/","title":{"rendered":"Pe. J\u00falio recebe Lula com o povo da rua"},"content":{"rendered":"<p><img loading=\"lazy\" decoding=\"async\" src=\"http:\/\/www.oarcanjo.net\/site\/wp-content\/uploads\/lulapovorua2008_site.jpg\" alt=\"Lula na festa do povo da rua em SP - foto: Ricardo Stuckert\" title=\"Lula na festa do povo da rua em SP - foto: Ricardo Stuckert\" width=\"320\" height=\"213\" hspace=\"5\"\/>\n<\/p>\n<p><em>\u201cSomente no Brasil o presidente se encontra pela manh\u00e3 com o Presidente da Fran\u00e7a e a tarde com o povo da Rua\u201d.<\/p>\n<p>\u201cTem alguns aqui que poderiam jogar um sapato no presidente, mas por favor sem chul\u00e9\u201d<\/p>\n<p>\u201c\u00c9 um descalabro as pessoas n\u00e3o respeitarem um ser humano apenas porque ele \u00e9 pobre\u201d<\/p>\n<p>\u201cFiquei  sabendo que o Prefeito de S\u00e3o Paulo n\u00e3o protege o povo da rua\u201d.<\/em><\/p>\n<p>Com essas palavras o presidente Luiz In\u00e1cio Lula da Silva participou do sexto encontro com os catadores e moradores de rua na ter\u00e7a-feira, 23 de dezembro.<\/p>\n<p>A quadra do sindicato dos banc\u00e1rios ficou lotada por cerca de mil ativistas e militantes sociais, para um encontro consagrador com o companheiro presidente, que fez jus aos mais de 70% de aprova\u00e7\u00e3o de seu governo.<\/p>\n<p>O apresentador do evento Pe. Julio Lancellotti, vig\u00e1rio episcopal para o povo da rua da Arquidiocese de S\u00e3o Paulo, ressaltou a presen\u00e7a de D. Odilo Scherer como o Cardeal do Povo da Rua. Tamb\u00e9m participou D. Pedro Luiz Stringhini, bispo auxiliar respons\u00e1vel pela Regi\u00e3o Bel\u00e9m.<\/p>\n<p>O destaque do evento foi para o a \u00d3pera do Povo da Rua, magn\u00edfica apresenta\u00e7\u00e3o musical e teatral levado por elementos do povo da rua e o discurso do l\u00edder do movimento Anderson Miranda que fez s\u00e9rias den\u00fancias at\u00e9 de elimina\u00e7\u00e3o f\u00edsica de moradores de rua nas cidades de Belo Horizonte e S\u00e3o Paulo.<\/p>\n<img loading=\"lazy\" decoding=\"async\" src=\"http:\/\/www.oarcanjo.net\/site\/wp-content\/uploads\/lulanatal2008.png\" alt=\"Equipe do site &quot;O Arcanjo no ar&quot; com o presidente Lula\" title=\"Equipe do site &quot;O Arcanjo no ar&quot; com o presidente Lula\" width=\"350\" height=\"233\" class=\"size-full wp-image-1427\" srcset=\"https:\/\/www.oarcanjo.net\/site\/wp-content\/uploads\/lulanatal2008.png 350w, https:\/\/www.oarcanjo.net\/site\/wp-content\/uploads\/lulanatal2008-300x199.png 300w\" sizes=\"(max-width: 350px) 100vw, 350px\" \/>\n<p><em>Fotos: Ricardo Stuckert<\/em><\/p>\n<div id=\"themify_builder_content-1223\" data-postid=\"1223\" class=\"themify_builder_content themify_builder_content-1223 themify_builder themify_builder_front\">\n\t<\/div>\n<!-- \/themify_builder_content -->","protected":false},"excerpt":{"rendered":"<p>\u201cSomente no Brasil o presidente se encontra pela manh\u00e3 com o Presidente da Fran\u00e7a e a tarde com o povo da Rua\u201d. \u201cTem alguns aqui que poderiam jogar um sapato no presidente, mas por favor sem chul\u00e9\u201d \u201c\u00c9 um descalabro as pessoas n\u00e3o respeitarem um ser humano apenas porque ele \u00e9 pobre\u201d \u201cFiquei sabendo que [&hellip;]<\/p>\n","protected":false},"author":5,"featured_media":0,"comment_status":"open","ping_status":"open","sticky":false,"template":"","format":"standard","meta":{"ngg_post_thumbnail":0,"footnotes":""},"categories":[8],"tags":[60,91],"yoast_head":"<!-- This site is optimized with the Yoast SEO plugin v23.5 - https:\/\/yoast.com\/wordpress\/plugins\/seo\/ -->\n<title>Pe. J\u00falio recebe Lula com o povo da rua - O Arcanjo no ar<\/title>\n<meta name=\"robots\" content=\"index, follow, max-snippet:-1, max-image-preview:large, max-video-preview:-1\" \/>\n<link rel=\"canonical\" href=\"https:\/\/www.oarcanjo.net\/site\/pe-julio-recebe-o-presidente-lula-com-o-povo-da-rua\/\" \/>\n<meta property=\"og:locale\" content=\"pt_BR\" \/>\n<meta property=\"og:type\" content=\"article\" \/>\n<meta property=\"og:title\" content=\"Pe. J\u00falio recebe Lula com o povo da rua - O Arcanjo no ar\" \/>\n<meta property=\"og:description\" content=\"\u201cSomente no Brasil o presidente se encontra pela manh\u00e3 com o Presidente da Fran\u00e7a e a tarde com o povo da Rua\u201d. \u201cTem alguns aqui que poderiam jogar um sapato no presidente, mas por favor sem chul\u00e9\u201d \u201c\u00c9 um descalabro as pessoas n\u00e3o respeitarem um ser humano apenas porque ele \u00e9 pobre\u201d \u201cFiquei sabendo que [&hellip;]\" \/>\n<meta property=\"og:url\" content=\"https:\/\/www.oarcanjo.net\/site\/pe-julio-recebe-o-presidente-lula-com-o-povo-da-rua\/\" \/>\n<meta property=\"og:site_name\" content=\"O Arcanjo no ar\" \/>\n<meta property=\"article:publisher\" content=\"https:\/\/www.facebook.com\/OArcanjoNoAr\/\" \/>\n<meta property=\"article:published_time\" content=\"2008-12-23T22:37:12+00:00\" \/>\n<meta property=\"article:modified_time\" content=\"2009-01-15T12:28:06+00:00\" \/>\n<meta property=\"og:image\" content=\"http:\/\/www.oarcanjo.net\/site\/wp-content\/uploads\/lulapovorua2008_site.jpg\" \/>\n<meta name=\"author\" content=\"editor\" \/>\n<meta name=\"twitter:card\" content=\"summary_large_image\" \/>\n<meta name=\"twitter:label1\" content=\"Escrito por\" \/>\n\t<meta name=\"twitter:data1\" content=\"editor\" \/>\n\t<meta name=\"twitter:label2\" content=\"Est. tempo de leitura\" \/>\n\t<meta name=\"twitter:data2\" content=\"1 minuto\" \/>\n<script type=\"application\/ld+json\" class=\"yoast-schema-graph\">{\"@context\":\"https:\/\/schema.org\",\"@graph\":[{\"@type\":\"Article\",\"@id\":\"https:\/\/www.oarcanjo.net\/site\/pe-julio-recebe-o-presidente-lula-com-o-povo-da-rua\/#article\",\"isPartOf\":{\"@id\":\"https:\/\/www.oarcanjo.net\/site\/pe-julio-recebe-o-presidente-lula-com-o-povo-da-rua\/\"},\"author\":{\"name\":\"editor\",\"@id\":\"https:\/\/www.oarcanjo.net\/site\/#\/schema\/person\/f7024d007863202483a31326673a0838\"},\"headline\":\"Pe. J\u00falio recebe Lula com o povo da rua\",\"datePublished\":\"2008-12-23T22:37:12+00:00\",\"dateModified\":\"2009-01-15T12:28:06+00:00\",\"mainEntityOfPage\":{\"@id\":\"https:\/\/www.oarcanjo.net\/site\/pe-julio-recebe-o-presidente-lula-com-o-povo-da-rua\/\"},\"wordCount\":278,\"commentCount\":2,\"publisher\":{\"@id\":\"https:\/\/www.oarcanjo.net\/site\/#organization\"},\"image\":{\"@id\":\"https:\/\/www.oarcanjo.net\/site\/pe-julio-recebe-o-presidente-lula-com-o-povo-da-rua\/#primaryimage\"},\"thumbnailUrl\":\"http:\/\/www.oarcanjo.net\/site\/wp-content\/uploads\/lulapovorua2008_site.jpg\",\"keywords\":[\"natal\",\"povo da rua\"],\"articleSection\":[\"Not\u00edcias\"],\"inLanguage\":\"pt-BR\",\"potentialAction\":[{\"@type\":\"CommentAction\",\"name\":\"Comment\",\"target\":[\"https:\/\/www.oarcanjo.net\/site\/pe-julio-recebe-o-presidente-lula-com-o-povo-da-rua\/#respond\"]}]},{\"@type\":\"WebPage\",\"@id\":\"https:\/\/www.oarcanjo.net\/site\/pe-julio-recebe-o-presidente-lula-com-o-povo-da-rua\/\",\"url\":\"https:\/\/www.oarcanjo.net\/site\/pe-julio-recebe-o-presidente-lula-com-o-povo-da-rua\/\",\"name\":\"Pe. J\u00falio recebe Lula com o povo da rua - O Arcanjo no ar\",\"isPartOf\":{\"@id\":\"https:\/\/www.oarcanjo.net\/site\/#website\"},\"primaryImageOfPage\":{\"@id\":\"https:\/\/www.oarcanjo.net\/site\/pe-julio-recebe-o-presidente-lula-com-o-povo-da-rua\/#primaryimage\"},\"image\":{\"@id\":\"https:\/\/www.oarcanjo.net\/site\/pe-julio-recebe-o-presidente-lula-com-o-povo-da-rua\/#primaryimage\"},\"thumbnailUrl\":\"http:\/\/www.oarcanjo.net\/site\/wp-content\/uploads\/lulapovorua2008_site.jpg\",\"datePublished\":\"2008-12-23T22:37:12+00:00\",\"dateModified\":\"2009-01-15T12:28:06+00:00\",\"breadcrumb\":{\"@id\":\"https:\/\/www.oarcanjo.net\/site\/pe-julio-recebe-o-presidente-lula-com-o-povo-da-rua\/#breadcrumb\"},\"inLanguage\":\"pt-BR\",\"potentialAction\":[{\"@type\":\"ReadAction\",\"target\":[\"https:\/\/www.oarcanjo.net\/site\/pe-julio-recebe-o-presidente-lula-com-o-povo-da-rua\/\"]}]},{\"@type\":\"ImageObject\",\"inLanguage\":\"pt-BR\",\"@id\":\"https:\/\/www.oarcanjo.net\/site\/pe-julio-recebe-o-presidente-lula-com-o-povo-da-rua\/#primaryimage\",\"url\":\"http:\/\/www.oarcanjo.net\/site\/wp-content\/uploads\/lulapovorua2008_site.jpg\",\"contentUrl\":\"http:\/\/www.oarcanjo.net\/site\/wp-content\/uploads\/lulapovorua2008_site.jpg\"},{\"@type\":\"BreadcrumbList\",\"@id\":\"https:\/\/www.oarcanjo.net\/site\/pe-julio-recebe-o-presidente-lula-com-o-povo-da-rua\/#breadcrumb\",\"itemListElement\":[{\"@type\":\"ListItem\",\"position\":1,\"name\":\"In\u00edcio\",\"item\":\"https:\/\/www.oarcanjo.net\/site\/\"},{\"@type\":\"ListItem\",\"position\":2,\"name\":\"Pe. J\u00falio recebe Lula com o povo da rua\"}]},{\"@type\":\"WebSite\",\"@id\":\"https:\/\/www.oarcanjo.net\/site\/#website\",\"url\":\"https:\/\/www.oarcanjo.net\/site\/\",\"name\":\"O Arcanjo no ar\",\"description\":\"Site da Par\u00f3quia S\u00e3o Miguel Arcanjo (Arquidiocese de SP)\",\"publisher\":{\"@id\":\"https:\/\/www.oarcanjo.net\/site\/#organization\"},\"potentialAction\":[{\"@type\":\"SearchAction\",\"target\":{\"@type\":\"EntryPoint\",\"urlTemplate\":\"https:\/\/www.oarcanjo.net\/site\/?s={search_term_string}\"},\"query-input\":{\"@type\":\"PropertyValueSpecification\",\"valueRequired\":true,\"valueName\":\"search_term_string\"}}],\"inLanguage\":\"pt-BR\"},{\"@type\":\"Organization\",\"@id\":\"https:\/\/www.oarcanjo.net\/site\/#organization\",\"name\":\"Par\u00f3quia S\u00e3o Miguel Arcanjo\",\"url\":\"https:\/\/www.oarcanjo.net\/site\/\",\"logo\":{\"@type\":\"ImageObject\",\"inLanguage\":\"pt-BR\",\"@id\":\"https:\/\/www.oarcanjo.net\/site\/#\/schema\/logo\/image\/\",\"url\":\"https:\/\/www.oarcanjo.net\/site\/wp-content\/uploads\/LogoOArcanjo.png\",\"contentUrl\":\"https:\/\/www.oarcanjo.net\/site\/wp-content\/uploads\/LogoOArcanjo.png\",\"width\":319,\"height\":99,\"caption\":\"Par\u00f3quia S\u00e3o Miguel Arcanjo\"},\"image\":{\"@id\":\"https:\/\/www.oarcanjo.net\/site\/#\/schema\/logo\/image\/\"},\"sameAs\":[\"https:\/\/www.facebook.com\/OArcanjoNoAr\/\"]},{\"@type\":\"Person\",\"@id\":\"https:\/\/www.oarcanjo.net\/site\/#\/schema\/person\/f7024d007863202483a31326673a0838\",\"name\":\"editor\",\"sameAs\":[\"http:\/\/www.oarcanjo.net\"]}]}<\/script>\n<!-- \/ Yoast SEO plugin. -->","yoast_head_json":{"title":"Pe. J\u00falio recebe Lula com o povo da rua - O Arcanjo no ar","robots":{"index":"index","follow":"follow","max-snippet":"max-snippet:-1","max-image-preview":"max-image-preview:large","max-video-preview":"max-video-preview:-1"},"canonical":"https:\/\/www.oarcanjo.net\/site\/pe-julio-recebe-o-presidente-lula-com-o-povo-da-rua\/","og_locale":"pt_BR","og_type":"article","og_title":"Pe. J\u00falio recebe Lula com o povo da rua - O Arcanjo no ar","og_description":"\u201cSomente no Brasil o presidente se encontra pela manh\u00e3 com o Presidente da Fran\u00e7a e a tarde com o povo da Rua\u201d. \u201cTem alguns aqui que poderiam jogar um sapato no presidente, mas por favor sem chul\u00e9\u201d \u201c\u00c9 um descalabro as pessoas n\u00e3o respeitarem um ser humano apenas porque ele \u00e9 pobre\u201d \u201cFiquei sabendo que [&hellip;]","og_url":"https:\/\/www.oarcanjo.net\/site\/pe-julio-recebe-o-presidente-lula-com-o-povo-da-rua\/","og_site_name":"O Arcanjo no ar","article_publisher":"https:\/\/www.facebook.com\/OArcanjoNoAr\/","article_published_time":"2008-12-23T22:37:12+00:00","article_modified_time":"2009-01-15T12:28:06+00:00","og_image":[{"url":"http:\/\/www.oarcanjo.net\/site\/wp-content\/uploads\/lulapovorua2008_site.jpg"}],"author":"editor","twitter_card":"summary_large_image","twitter_misc":{"Escrito por":"editor","Est. tempo de leitura":"1 minuto"},"schema":{"@context":"https:\/\/schema.org","@graph":[{"@type":"Article","@id":"https:\/\/www.oarcanjo.net\/site\/pe-julio-recebe-o-presidente-lula-com-o-povo-da-rua\/#article","isPartOf":{"@id":"https:\/\/www.oarcanjo.net\/site\/pe-julio-recebe-o-presidente-lula-com-o-povo-da-rua\/"},"author":{"name":"editor","@id":"https:\/\/www.oarcanjo.net\/site\/#\/schema\/person\/f7024d007863202483a31326673a0838"},"headline":"Pe. J\u00falio recebe Lula com o povo da rua","datePublished":"2008-12-23T22:37:12+00:00","dateModified":"2009-01-15T12:28:06+00:00","mainEntityOfPage":{"@id":"https:\/\/www.oarcanjo.net\/site\/pe-julio-recebe-o-presidente-lula-com-o-povo-da-rua\/"},"wordCount":278,"commentCount":2,"publisher":{"@id":"https:\/\/www.oarcanjo.net\/site\/#organization"},"image":{"@id":"https:\/\/www.oarcanjo.net\/site\/pe-julio-recebe-o-presidente-lula-com-o-povo-da-rua\/#primaryimage"},"thumbnailUrl":"http:\/\/www.oarcanjo.net\/site\/wp-content\/uploads\/lulapovorua2008_site.jpg","keywords":["natal","povo da rua"],"articleSection":["Not\u00edcias"],"inLanguage":"pt-BR","potentialAction":[{"@type":"CommentAction","name":"Comment","target":["https:\/\/www.oarcanjo.net\/site\/pe-julio-recebe-o-presidente-lula-com-o-povo-da-rua\/#respond"]}]},{"@type":"WebPage","@id":"https:\/\/www.oarcanjo.net\/site\/pe-julio-recebe-o-presidente-lula-com-o-povo-da-rua\/","url":"https:\/\/www.oarcanjo.net\/site\/pe-julio-recebe-o-presidente-lula-com-o-povo-da-rua\/","name":"Pe. J\u00falio recebe Lula com o povo da rua - O Arcanjo no ar","isPartOf":{"@id":"https:\/\/www.oarcanjo.net\/site\/#website"},"primaryImageOfPage":{"@id":"https:\/\/www.oarcanjo.net\/site\/pe-julio-recebe-o-presidente-lula-com-o-povo-da-rua\/#primaryimage"},"image":{"@id":"https:\/\/www.oarcanjo.net\/site\/pe-julio-recebe-o-presidente-lula-com-o-povo-da-rua\/#primaryimage"},"thumbnailUrl":"http:\/\/www.oarcanjo.net\/site\/wp-content\/uploads\/lulapovorua2008_site.jpg","datePublished":"2008-12-23T22:37:12+00:00","dateModified":"2009-01-15T12:28:06+00:00","breadcrumb":{"@id":"https:\/\/www.oarcanjo.net\/site\/pe-julio-recebe-o-presidente-lula-com-o-povo-da-rua\/#breadcrumb"},"inLanguage":"pt-BR","potentialAction":[{"@type":"ReadAction","target":["https:\/\/www.oarcanjo.net\/site\/pe-julio-recebe-o-presidente-lula-com-o-povo-da-rua\/"]}]},{"@type":"ImageObject","inLanguage":"pt-BR","@id":"https:\/\/www.oarcanjo.net\/site\/pe-julio-recebe-o-presidente-lula-com-o-povo-da-rua\/#primaryimage","url":"http:\/\/www.oarcanjo.net\/site\/wp-content\/uploads\/lulapovorua2008_site.jpg","contentUrl":"http:\/\/www.oarcanjo.net\/site\/wp-content\/uploads\/lulapovorua2008_site.jpg"},{"@type":"BreadcrumbList","@id":"https:\/\/www.oarcanjo.net\/site\/pe-julio-recebe-o-presidente-lula-com-o-povo-da-rua\/#breadcrumb","itemListElement":[{"@type":"ListItem","position":1,"name":"In\u00edcio","item":"https:\/\/www.oarcanjo.net\/site\/"},{"@type":"ListItem","position":2,"name":"Pe. J\u00falio recebe Lula com o povo da rua"}]},{"@type":"WebSite","@id":"https:\/\/www.oarcanjo.net\/site\/#website","url":"https:\/\/www.oarcanjo.net\/site\/","name":"O Arcanjo no ar","description":"Site da Par\u00f3quia S\u00e3o Miguel Arcanjo (Arquidiocese de SP)","publisher":{"@id":"https:\/\/www.oarcanjo.net\/site\/#organization"},"potentialAction":[{"@type":"SearchAction","target":{"@type":"EntryPoint","urlTemplate":"https:\/\/www.oarcanjo.net\/site\/?s={search_term_string}"},"query-input":{"@type":"PropertyValueSpecification","valueRequired":true,"valueName":"search_term_string"}}],"inLanguage":"pt-BR"},{"@type":"Organization","@id":"https:\/\/www.oarcanjo.net\/site\/#organization","name":"Par\u00f3quia S\u00e3o Miguel Arcanjo","url":"https:\/\/www.oarcanjo.net\/site\/","logo":{"@type":"ImageObject","inLanguage":"pt-BR","@id":"https:\/\/www.oarcanjo.net\/site\/#\/schema\/logo\/image\/","url":"https:\/\/www.oarcanjo.net\/site\/wp-content\/uploads\/LogoOArcanjo.png","contentUrl":"https:\/\/www.oarcanjo.net\/site\/wp-content\/uploads\/LogoOArcanjo.png","width":319,"height":99,"caption":"Par\u00f3quia S\u00e3o Miguel Arcanjo"},"image":{"@id":"https:\/\/www.oarcanjo.net\/site\/#\/schema\/logo\/image\/"},"sameAs":["https:\/\/www.facebook.com\/OArcanjoNoAr\/"]},{"@type":"Person","@id":"https:\/\/www.oarcanjo.net\/site\/#\/schema\/person\/f7024d007863202483a31326673a0838","name":"editor","sameAs":["http:\/\/www.oarcanjo.net"]}]}},"publishpress_future_action":{"enabled":false,"date":"2026-05-08 18:11:25","action":"category","newStatus":"draft","terms":[],"taxonomy":"category"},"publishpress_future_workflow_manual_trigger":{"enabledWorkflows":[]},"_links":{"self":[{"href":"https:\/\/www.oarcanjo.net\/site\/wp-json\/wp\/v2\/posts\/1223"}],"collection":[{"href":"https:\/\/www.oarcanjo.net\/site\/wp-json\/wp\/v2\/posts"}],"about":[{"href":"https:\/\/www.oarcanjo.net\/site\/wp-json\/wp\/v2\/types\/post"}],"author":[{"embeddable":true,"href":"https:\/\/www.oarcanjo.net\/site\/wp-json\/wp\/v2\/users\/5"}],"replies":[{"embeddable":true,"href":"https:\/\/www.oarcanjo.net\/site\/wp-json\/wp\/v2\/comments?post=1223"}],"version-history":[{"count":0,"href":"https:\/\/www.oarcanjo.net\/site\/wp-json\/wp\/v2\/posts\/1223\/revisions"}],"wp:attachment":[{"href":"https:\/\/www.oarcanjo.net\/site\/wp-json\/wp\/v2\/media?parent=1223"}],"wp:term":[{"taxonomy":"category","embeddable":true,"href":"https:\/\/www.oarcanjo.net\/site\/wp-json\/wp\/v2\/categories?post=1223"},{"taxonomy":"post_tag","embeddable":true,"href":"https:\/\/www.oarcanjo.net\/site\/wp-json\/wp\/v2\/tags?post=1223"}],"curies":[{"name":"wp","href":"https:\/\/api.w.org\/{rel}","templated":true}]}}