
{"id":12244,"date":"2010-12-15T03:02:34","date_gmt":"2010-12-15T05:02:34","guid":{"rendered":"http:\/\/www.oarcanjo.net\/site\/?p=12244"},"modified":"2010-12-20T09:33:20","modified_gmt":"2010-12-20T11:33:20","slug":"curso-de-teologia-transmite-conhecimento-da-fe-crista-catolica","status":"publish","type":"post","link":"https:\/\/www.oarcanjo.net\/site\/curso-de-teologia-transmite-conhecimento-da-fe-crista-catolica\/","title":{"rendered":"Curso de Teologia transmite conhecimento da f\u00e9 crist\u00e3 cat\u00f3lica"},"content":{"rendered":"<p>Wanderley de Oliveira<\/p>\n<p style=\"text-align: right;\"><em>\u201cA Educa\u00e7\u00e3o n\u00e3o pode tudo, mas pode alguma coisa\u201d<br \/>\n<\/em>Paulo Freire<\/p>\n<p>Ca\u00eda um dil\u00favio no fim da tarde da segunda-feira, 13 de dezembro, na cidade de S\u00e3o Paulo. Era mais um desafio aos 108 formandos que passaram os ultimos 2 anos no Curso de Teologia para Leigos do Setor Bel\u00e9m da Arquidiocese de S\u00e3o Paulo.<\/p>\n<p>Segundo Dom Odilo Scherer, Cardeal Arcebispo de S\u00e3o Paulo, \u201c\u00e9 miss\u00e3o da igreja formar leigos e leigas para se contraporem ao pensamento corrente e contribuir para enriquecer o horizonte do pensamento e da cultura, para atuarem na vida social e cultural da sociedade. Desenvolvendo uma postura crist\u00e3 cat\u00f3lica coerente com o ensinamento da Igreja\u201d.<\/p>\n<p>Uma celebra\u00e7\u00e3o abriu o evento com a participa\u00e7\u00e3o dos padres Marcelo, Aldo, Eduardo e Lauricio.<\/p>\n<p>Padre Marcelo Matias, Coordenador do Curso, como mestre de cerim\u00f4nia bem humorado recebeu os formandos para a entrega dos certificados. Os formandos emocionados relataram experi\u00eancias e viv\u00eancias renovadas na f\u00e9.<\/p>\n<p>No encerramento um delicioso coquetel foi servido aos convidados, com destaque para o quibe de forno e bolo de chocolate com sorvete.<\/p>\n<p>As inscri\u00e7\u00f5es est\u00e3o abertas para a nova turma do Curso de Teologia para Leigos que ter\u00e1 in\u00edcio em fevereiro de 2011, com aulas din\u00e2micas, expositivas e trabalhos em grupos.<\/p>\n<p>Mais informa\u00e7\u00f5es neste <a href=\"http:\/\/www.oarcanjo.net\/site\/index.php\/noticias\/curso-de-teologia-para-leigos-2011-2012\/\">link<\/a> ou no Centro Pastoral S\u00e3o Jos\u00e9, Av. Alvaro Ramos, 366, no Bel\u00e9m.<\/p>\n<p>Veja abaixo\u00a0as fotos da noite fetas por Wanderley de Oliveira:<\/p>\nngg_shortcode_0_placeholder\n<div id=\"themify_builder_content-12244\" data-postid=\"12244\" class=\"themify_builder_content themify_builder_content-12244 themify_builder themify_builder_front\">\n\t<\/div>\n<!-- \/themify_builder_content -->","protected":false},"excerpt":{"rendered":"<p>Wanderley de Oliveira \u201cA Educa\u00e7\u00e3o n\u00e3o pode tudo, mas pode alguma coisa\u201d Paulo Freire Ca\u00eda um dil\u00favio no fim da tarde da segunda-feira, 13 de dezembro, na cidade de S\u00e3o Paulo. Era mais um desafio aos 108 formandos que passaram os ultimos 2 anos no Curso de Teologia para Leigos do Setor Bel\u00e9m da Arquidiocese [&hellip;]<\/p>\n","protected":false},"author":5,"featured_media":0,"comment_status":"open","ping_status":"open","sticky":false,"template":"","format":"standard","meta":{"ngg_post_thumbnail":0,"footnotes":""},"categories":[3,8],"tags":[111,77],"yoast_head":"<!-- This site is optimized with the Yoast SEO plugin v23.5 - https:\/\/yoast.com\/wordpress\/plugins\/seo\/ -->\n<title>Curso de Teologia transmite conhecimento da f\u00e9 crist\u00e3 cat\u00f3lica - O Arcanjo no ar<\/title>\n<meta name=\"robots\" content=\"index, follow, max-snippet:-1, max-image-preview:large, max-video-preview:-1\" \/>\n<link rel=\"canonical\" href=\"https:\/\/www.oarcanjo.net\/site\/curso-de-teologia-transmite-conhecimento-da-fe-crista-catolica\/\" \/>\n<meta property=\"og:locale\" content=\"pt_BR\" \/>\n<meta property=\"og:type\" content=\"article\" \/>\n<meta property=\"og:title\" content=\"Curso de Teologia transmite conhecimento da f\u00e9 crist\u00e3 cat\u00f3lica - O Arcanjo no ar\" \/>\n<meta property=\"og:description\" content=\"Wanderley de Oliveira \u201cA Educa\u00e7\u00e3o n\u00e3o pode tudo, mas pode alguma coisa\u201d Paulo Freire Ca\u00eda um dil\u00favio no fim da tarde da segunda-feira, 13 de dezembro, na cidade de S\u00e3o Paulo. Era mais um desafio aos 108 formandos que passaram os ultimos 2 anos no Curso de Teologia para Leigos do Setor Bel\u00e9m da Arquidiocese [&hellip;]\" \/>\n<meta property=\"og:url\" content=\"https:\/\/www.oarcanjo.net\/site\/curso-de-teologia-transmite-conhecimento-da-fe-crista-catolica\/\" \/>\n<meta property=\"og:site_name\" content=\"O Arcanjo no ar\" \/>\n<meta property=\"article:publisher\" content=\"https:\/\/www.facebook.com\/OArcanjoNoAr\/\" \/>\n<meta property=\"article:published_time\" content=\"2010-12-15T05:02:34+00:00\" \/>\n<meta property=\"article:modified_time\" content=\"2010-12-20T11:33:20+00:00\" \/>\n<meta property=\"og:image\" content=\"https:\/\/www.oarcanjo.net\/site\/wp-content\/uploads\/logo-o-arcanjo-no-ar-facebook.png\" \/>\n\t<meta property=\"og:image:width\" content=\"300\" \/>\n\t<meta property=\"og:image:height\" content=\"300\" \/>\n\t<meta property=\"og:image:type\" content=\"image\/png\" \/>\n<meta name=\"author\" content=\"editor\" \/>\n<meta name=\"twitter:card\" content=\"summary_large_image\" \/>\n<meta name=\"twitter:label1\" content=\"Escrito por\" \/>\n\t<meta name=\"twitter:data1\" content=\"editor\" \/>\n\t<meta name=\"twitter:label2\" content=\"Est. tempo de leitura\" \/>\n\t<meta name=\"twitter:data2\" content=\"1 minuto\" \/>\n<script type=\"application\/ld+json\" class=\"yoast-schema-graph\">{\"@context\":\"https:\/\/schema.org\",\"@graph\":[{\"@type\":\"Article\",\"@id\":\"https:\/\/www.oarcanjo.net\/site\/curso-de-teologia-transmite-conhecimento-da-fe-crista-catolica\/#article\",\"isPartOf\":{\"@id\":\"https:\/\/www.oarcanjo.net\/site\/curso-de-teologia-transmite-conhecimento-da-fe-crista-catolica\/\"},\"author\":{\"name\":\"editor\",\"@id\":\"https:\/\/www.oarcanjo.net\/site\/#\/schema\/person\/f7024d007863202483a31326673a0838\"},\"headline\":\"Curso de Teologia transmite conhecimento da f\u00e9 crist\u00e3 cat\u00f3lica\",\"datePublished\":\"2010-12-15T05:02:34+00:00\",\"dateModified\":\"2010-12-20T11:33:20+00:00\",\"mainEntityOfPage\":{\"@id\":\"https:\/\/www.oarcanjo.net\/site\/curso-de-teologia-transmite-conhecimento-da-fe-crista-catolica\/\"},\"wordCount\":263,\"commentCount\":1,\"publisher\":{\"@id\":\"https:\/\/www.oarcanjo.net\/site\/#organization\"},\"keywords\":[\"Setor Bel\u00e9m\",\"teologia\"],\"articleSection\":[\"Destaques\",\"Not\u00edcias\"],\"inLanguage\":\"pt-BR\",\"potentialAction\":[{\"@type\":\"CommentAction\",\"name\":\"Comment\",\"target\":[\"https:\/\/www.oarcanjo.net\/site\/curso-de-teologia-transmite-conhecimento-da-fe-crista-catolica\/#respond\"]}]},{\"@type\":\"WebPage\",\"@id\":\"https:\/\/www.oarcanjo.net\/site\/curso-de-teologia-transmite-conhecimento-da-fe-crista-catolica\/\",\"url\":\"https:\/\/www.oarcanjo.net\/site\/curso-de-teologia-transmite-conhecimento-da-fe-crista-catolica\/\",\"name\":\"Curso de Teologia transmite conhecimento da f\u00e9 crist\u00e3 cat\u00f3lica - O Arcanjo no ar\",\"isPartOf\":{\"@id\":\"https:\/\/www.oarcanjo.net\/site\/#website\"},\"datePublished\":\"2010-12-15T05:02:34+00:00\",\"dateModified\":\"2010-12-20T11:33:20+00:00\",\"breadcrumb\":{\"@id\":\"https:\/\/www.oarcanjo.net\/site\/curso-de-teologia-transmite-conhecimento-da-fe-crista-catolica\/#breadcrumb\"},\"inLanguage\":\"pt-BR\",\"potentialAction\":[{\"@type\":\"ReadAction\",\"target\":[\"https:\/\/www.oarcanjo.net\/site\/curso-de-teologia-transmite-conhecimento-da-fe-crista-catolica\/\"]}]},{\"@type\":\"BreadcrumbList\",\"@id\":\"https:\/\/www.oarcanjo.net\/site\/curso-de-teologia-transmite-conhecimento-da-fe-crista-catolica\/#breadcrumb\",\"itemListElement\":[{\"@type\":\"ListItem\",\"position\":1,\"name\":\"In\u00edcio\",\"item\":\"https:\/\/www.oarcanjo.net\/site\/\"},{\"@type\":\"ListItem\",\"position\":2,\"name\":\"Curso de Teologia transmite conhecimento da f\u00e9 crist\u00e3 cat\u00f3lica\"}]},{\"@type\":\"WebSite\",\"@id\":\"https:\/\/www.oarcanjo.net\/site\/#website\",\"url\":\"https:\/\/www.oarcanjo.net\/site\/\",\"name\":\"O Arcanjo no ar\",\"description\":\"Site da Par\u00f3quia S\u00e3o Miguel Arcanjo (Arquidiocese de SP)\",\"publisher\":{\"@id\":\"https:\/\/www.oarcanjo.net\/site\/#organization\"},\"potentialAction\":[{\"@type\":\"SearchAction\",\"target\":{\"@type\":\"EntryPoint\",\"urlTemplate\":\"https:\/\/www.oarcanjo.net\/site\/?s={search_term_string}\"},\"query-input\":{\"@type\":\"PropertyValueSpecification\",\"valueRequired\":true,\"valueName\":\"search_term_string\"}}],\"inLanguage\":\"pt-BR\"},{\"@type\":\"Organization\",\"@id\":\"https:\/\/www.oarcanjo.net\/site\/#organization\",\"name\":\"Par\u00f3quia S\u00e3o Miguel Arcanjo\",\"url\":\"https:\/\/www.oarcanjo.net\/site\/\",\"logo\":{\"@type\":\"ImageObject\",\"inLanguage\":\"pt-BR\",\"@id\":\"https:\/\/www.oarcanjo.net\/site\/#\/schema\/logo\/image\/\",\"url\":\"https:\/\/www.oarcanjo.net\/site\/wp-content\/uploads\/LogoOArcanjo.png\",\"contentUrl\":\"https:\/\/www.oarcanjo.net\/site\/wp-content\/uploads\/LogoOArcanjo.png\",\"width\":319,\"height\":99,\"caption\":\"Par\u00f3quia S\u00e3o Miguel Arcanjo\"},\"image\":{\"@id\":\"https:\/\/www.oarcanjo.net\/site\/#\/schema\/logo\/image\/\"},\"sameAs\":[\"https:\/\/www.facebook.com\/OArcanjoNoAr\/\"]},{\"@type\":\"Person\",\"@id\":\"https:\/\/www.oarcanjo.net\/site\/#\/schema\/person\/f7024d007863202483a31326673a0838\",\"name\":\"editor\",\"sameAs\":[\"http:\/\/www.oarcanjo.net\"]}]}<\/script>\n<!-- \/ Yoast SEO plugin. -->","yoast_head_json":{"title":"Curso de Teologia transmite conhecimento da f\u00e9 crist\u00e3 cat\u00f3lica - O Arcanjo no ar","robots":{"index":"index","follow":"follow","max-snippet":"max-snippet:-1","max-image-preview":"max-image-preview:large","max-video-preview":"max-video-preview:-1"},"canonical":"https:\/\/www.oarcanjo.net\/site\/curso-de-teologia-transmite-conhecimento-da-fe-crista-catolica\/","og_locale":"pt_BR","og_type":"article","og_title":"Curso de Teologia transmite conhecimento da f\u00e9 crist\u00e3 cat\u00f3lica - O Arcanjo no ar","og_description":"Wanderley de Oliveira \u201cA Educa\u00e7\u00e3o n\u00e3o pode tudo, mas pode alguma coisa\u201d Paulo Freire Ca\u00eda um dil\u00favio no fim da tarde da segunda-feira, 13 de dezembro, na cidade de S\u00e3o Paulo. Era mais um desafio aos 108 formandos que passaram os ultimos 2 anos no Curso de Teologia para Leigos do Setor Bel\u00e9m da Arquidiocese [&hellip;]","og_url":"https:\/\/www.oarcanjo.net\/site\/curso-de-teologia-transmite-conhecimento-da-fe-crista-catolica\/","og_site_name":"O Arcanjo no ar","article_publisher":"https:\/\/www.facebook.com\/OArcanjoNoAr\/","article_published_time":"2010-12-15T05:02:34+00:00","article_modified_time":"2010-12-20T11:33:20+00:00","og_image":[{"width":300,"height":300,"url":"https:\/\/www.oarcanjo.net\/site\/wp-content\/uploads\/logo-o-arcanjo-no-ar-facebook.png","type":"image\/png"}],"author":"editor","twitter_card":"summary_large_image","twitter_misc":{"Escrito por":"editor","Est. tempo de leitura":"1 minuto"},"schema":{"@context":"https:\/\/schema.org","@graph":[{"@type":"Article","@id":"https:\/\/www.oarcanjo.net\/site\/curso-de-teologia-transmite-conhecimento-da-fe-crista-catolica\/#article","isPartOf":{"@id":"https:\/\/www.oarcanjo.net\/site\/curso-de-teologia-transmite-conhecimento-da-fe-crista-catolica\/"},"author":{"name":"editor","@id":"https:\/\/www.oarcanjo.net\/site\/#\/schema\/person\/f7024d007863202483a31326673a0838"},"headline":"Curso de Teologia transmite conhecimento da f\u00e9 crist\u00e3 cat\u00f3lica","datePublished":"2010-12-15T05:02:34+00:00","dateModified":"2010-12-20T11:33:20+00:00","mainEntityOfPage":{"@id":"https:\/\/www.oarcanjo.net\/site\/curso-de-teologia-transmite-conhecimento-da-fe-crista-catolica\/"},"wordCount":263,"commentCount":1,"publisher":{"@id":"https:\/\/www.oarcanjo.net\/site\/#organization"},"keywords":["Setor Bel\u00e9m","teologia"],"articleSection":["Destaques","Not\u00edcias"],"inLanguage":"pt-BR","potentialAction":[{"@type":"CommentAction","name":"Comment","target":["https:\/\/www.oarcanjo.net\/site\/curso-de-teologia-transmite-conhecimento-da-fe-crista-catolica\/#respond"]}]},{"@type":"WebPage","@id":"https:\/\/www.oarcanjo.net\/site\/curso-de-teologia-transmite-conhecimento-da-fe-crista-catolica\/","url":"https:\/\/www.oarcanjo.net\/site\/curso-de-teologia-transmite-conhecimento-da-fe-crista-catolica\/","name":"Curso de Teologia transmite conhecimento da f\u00e9 crist\u00e3 cat\u00f3lica - O Arcanjo no ar","isPartOf":{"@id":"https:\/\/www.oarcanjo.net\/site\/#website"},"datePublished":"2010-12-15T05:02:34+00:00","dateModified":"2010-12-20T11:33:20+00:00","breadcrumb":{"@id":"https:\/\/www.oarcanjo.net\/site\/curso-de-teologia-transmite-conhecimento-da-fe-crista-catolica\/#breadcrumb"},"inLanguage":"pt-BR","potentialAction":[{"@type":"ReadAction","target":["https:\/\/www.oarcanjo.net\/site\/curso-de-teologia-transmite-conhecimento-da-fe-crista-catolica\/"]}]},{"@type":"BreadcrumbList","@id":"https:\/\/www.oarcanjo.net\/site\/curso-de-teologia-transmite-conhecimento-da-fe-crista-catolica\/#breadcrumb","itemListElement":[{"@type":"ListItem","position":1,"name":"In\u00edcio","item":"https:\/\/www.oarcanjo.net\/site\/"},{"@type":"ListItem","position":2,"name":"Curso de Teologia transmite conhecimento da f\u00e9 crist\u00e3 cat\u00f3lica"}]},{"@type":"WebSite","@id":"https:\/\/www.oarcanjo.net\/site\/#website","url":"https:\/\/www.oarcanjo.net\/site\/","name":"O Arcanjo no ar","description":"Site da Par\u00f3quia S\u00e3o Miguel Arcanjo (Arquidiocese de SP)","publisher":{"@id":"https:\/\/www.oarcanjo.net\/site\/#organization"},"potentialAction":[{"@type":"SearchAction","target":{"@type":"EntryPoint","urlTemplate":"https:\/\/www.oarcanjo.net\/site\/?s={search_term_string}"},"query-input":{"@type":"PropertyValueSpecification","valueRequired":true,"valueName":"search_term_string"}}],"inLanguage":"pt-BR"},{"@type":"Organization","@id":"https:\/\/www.oarcanjo.net\/site\/#organization","name":"Par\u00f3quia S\u00e3o Miguel Arcanjo","url":"https:\/\/www.oarcanjo.net\/site\/","logo":{"@type":"ImageObject","inLanguage":"pt-BR","@id":"https:\/\/www.oarcanjo.net\/site\/#\/schema\/logo\/image\/","url":"https:\/\/www.oarcanjo.net\/site\/wp-content\/uploads\/LogoOArcanjo.png","contentUrl":"https:\/\/www.oarcanjo.net\/site\/wp-content\/uploads\/LogoOArcanjo.png","width":319,"height":99,"caption":"Par\u00f3quia S\u00e3o Miguel Arcanjo"},"image":{"@id":"https:\/\/www.oarcanjo.net\/site\/#\/schema\/logo\/image\/"},"sameAs":["https:\/\/www.facebook.com\/OArcanjoNoAr\/"]},{"@type":"Person","@id":"https:\/\/www.oarcanjo.net\/site\/#\/schema\/person\/f7024d007863202483a31326673a0838","name":"editor","sameAs":["http:\/\/www.oarcanjo.net"]}]}},"publishpress_future_action":{"enabled":false,"date":"2026-05-07 13:03:59","action":"category","newStatus":"draft","terms":[],"taxonomy":"category"},"publishpress_future_workflow_manual_trigger":{"enabledWorkflows":[]},"_links":{"self":[{"href":"https:\/\/www.oarcanjo.net\/site\/wp-json\/wp\/v2\/posts\/12244"}],"collection":[{"href":"https:\/\/www.oarcanjo.net\/site\/wp-json\/wp\/v2\/posts"}],"about":[{"href":"https:\/\/www.oarcanjo.net\/site\/wp-json\/wp\/v2\/types\/post"}],"author":[{"embeddable":true,"href":"https:\/\/www.oarcanjo.net\/site\/wp-json\/wp\/v2\/users\/5"}],"replies":[{"embeddable":true,"href":"https:\/\/www.oarcanjo.net\/site\/wp-json\/wp\/v2\/comments?post=12244"}],"version-history":[{"count":0,"href":"https:\/\/www.oarcanjo.net\/site\/wp-json\/wp\/v2\/posts\/12244\/revisions"}],"wp:attachment":[{"href":"https:\/\/www.oarcanjo.net\/site\/wp-json\/wp\/v2\/media?parent=12244"}],"wp:term":[{"taxonomy":"category","embeddable":true,"href":"https:\/\/www.oarcanjo.net\/site\/wp-json\/wp\/v2\/categories?post=12244"},{"taxonomy":"post_tag","embeddable":true,"href":"https:\/\/www.oarcanjo.net\/site\/wp-json\/wp\/v2\/tags?post=12244"}],"curies":[{"name":"wp","href":"https:\/\/api.w.org\/{rel}","templated":true}]}}