
{"id":12248,"date":"2010-12-13T22:32:50","date_gmt":"2010-12-14T00:32:50","guid":{"rendered":"http:\/\/www.oarcanjo.net\/site\/?p=12248"},"modified":"2010-12-14T22:36:18","modified_gmt":"2010-12-15T00:36:18","slug":"novo-bartolomeu-de-las-casas","status":"publish","type":"post","link":"https:\/\/www.oarcanjo.net\/site\/novo-bartolomeu-de-las-casas\/","title":{"rendered":"Novo Bartolomeu de Las Casas"},"content":{"rendered":"<p>Egon Dion\u00edsio Heck<\/p>\n<p>Zurich, hist\u00f3rica e calma, deu voz \u00e0 alma de um grande lutador. O majestoso audit\u00f3rio da &#8220;Aula&#8221;, na Universidade, cuja unidade t\u00e9cnica \u00e9 refer\u00eancia no mundo, acolheu D. Erwin, para homenagear as lutas dos que neste ano receberam o premio Nobel Alternativo. Na sua introdu\u00e7\u00e3o, um decano da universidade, fez refer\u00eancia ao bispo D. Erwin como grande lutador pela causa dos povos da Amaz\u00f4nia, especial dos povos ind\u00edgenas, como um novo Bartolomeu de Las Casas.<\/p>\n<p>Descontra\u00eddo e eloq\u00fcente, o bispo do Xingu e presidente do Cimi optou por uma din\u00e2mica menos formal e convencional. Numa esp\u00e9cie de bate papo com um interlocutor, foi expondo seus pensamentos, sentimentos e lutas pela vida, a partir de sua f\u00e9 e m\u00edstica, sem temor, apesar das amea\u00e7as de morte. Ao discorrer sobre as agress\u00f5es e viol\u00eancias contra os povos e a natureza, destacou a situa\u00e7\u00e3o do povo Kaiow\u00e1 Guarani, no Mato Grosso do Sul, que qualificou como a pior situa\u00e7\u00e3o de um povo ind\u00edgena que ele conheceu. Visitou algumas comunidades desse povo em mar\u00e7o deste ano. Disse \u00e0 ilustre plat\u00e9ia, de mais de 300 pessoas, que n\u00e3o era poss\u00edvel assistirmos no s\u00e9culo 21 a continuidade de genoc\u00eddios iniciados h\u00e1 mais de quinhentos anos, quando os primeiros europeus chegaram ao continente americano. Tamb\u00e9m narrou os principais embates hoje, como a quest\u00e3o da constru\u00e7\u00e3o da hidrel\u00e9trica de Belo Monte. Fez men\u00e7\u00e3o das mentiras propagandeadas e escondidas nos discursos oficiais, orquestradas em favor das grandes empreiteiras, a quem, sobremaneira, interessam essas obras &#8220;faran\u00f4nicas e apocal\u00edpticas&#8221;.<\/p>\n<p>Foi longamente aplaudido. Com perspic\u00e1cia e humor, com simplicidade profunda, D. Erwin trouxe uma importante contribui\u00e7\u00e3o para aqueles que est\u00e3o buscando construir um outro mundo, que superem os atuais modelos econ\u00f4micos e pol\u00edticos que est\u00e3o levando a humanidade ao precip\u00edcio. Que o &#8220;bem viver&#8221; inunde o mundo, a partir dos Andes, chegando aos Alpes.<\/p>\n<div id=\"themify_builder_content-12248\" data-postid=\"12248\" class=\"themify_builder_content themify_builder_content-12248 themify_builder themify_builder_front\">\n\t<\/div>\n<!-- \/themify_builder_content -->","protected":false},"excerpt":{"rendered":"<p>Egon Dion\u00edsio Heck Zurich, hist\u00f3rica e calma, deu voz \u00e0 alma de um grande lutador. O majestoso audit\u00f3rio da &#8220;Aula&#8221;, na Universidade, cuja unidade t\u00e9cnica \u00e9 refer\u00eancia no mundo, acolheu D. Erwin, para homenagear as lutas dos que neste ano receberam o premio Nobel Alternativo. Na sua introdu\u00e7\u00e3o, um decano da universidade, fez refer\u00eancia ao [&hellip;]<\/p>\n","protected":false},"author":5,"featured_media":0,"comment_status":"open","ping_status":"open","sticky":false,"template":"","format":"standard","meta":{"ngg_post_thumbnail":0,"footnotes":""},"categories":[8],"tags":[400,1781,1782,1783],"yoast_head":"<!-- This site is optimized with the Yoast SEO plugin v23.5 - https:\/\/yoast.com\/wordpress\/plugins\/seo\/ -->\n<title>Novo Bartolomeu de Las Casas - O Arcanjo no ar<\/title>\n<meta name=\"robots\" content=\"index, follow, max-snippet:-1, max-image-preview:large, max-video-preview:-1\" \/>\n<link rel=\"canonical\" href=\"https:\/\/www.oarcanjo.net\/site\/novo-bartolomeu-de-las-casas\/\" \/>\n<meta property=\"og:locale\" content=\"pt_BR\" \/>\n<meta property=\"og:type\" content=\"article\" \/>\n<meta property=\"og:title\" content=\"Novo Bartolomeu de Las Casas - O Arcanjo no ar\" \/>\n<meta property=\"og:description\" content=\"Egon Dion\u00edsio Heck Zurich, hist\u00f3rica e calma, deu voz \u00e0 alma de um grande lutador. O majestoso audit\u00f3rio da &#8220;Aula&#8221;, na Universidade, cuja unidade t\u00e9cnica \u00e9 refer\u00eancia no mundo, acolheu D. Erwin, para homenagear as lutas dos que neste ano receberam o premio Nobel Alternativo. Na sua introdu\u00e7\u00e3o, um decano da universidade, fez refer\u00eancia ao [&hellip;]\" \/>\n<meta property=\"og:url\" content=\"https:\/\/www.oarcanjo.net\/site\/novo-bartolomeu-de-las-casas\/\" \/>\n<meta property=\"og:site_name\" content=\"O Arcanjo no ar\" \/>\n<meta property=\"article:publisher\" content=\"https:\/\/www.facebook.com\/OArcanjoNoAr\/\" \/>\n<meta property=\"article:published_time\" content=\"2010-12-14T00:32:50+00:00\" \/>\n<meta property=\"article:modified_time\" content=\"2010-12-15T00:36:18+00:00\" \/>\n<meta property=\"og:image\" content=\"https:\/\/www.oarcanjo.net\/site\/wp-content\/uploads\/logo-o-arcanjo-no-ar-facebook.png\" \/>\n\t<meta property=\"og:image:width\" content=\"300\" \/>\n\t<meta property=\"og:image:height\" content=\"300\" \/>\n\t<meta property=\"og:image:type\" content=\"image\/png\" \/>\n<meta name=\"author\" content=\"editor\" \/>\n<meta name=\"twitter:card\" content=\"summary_large_image\" \/>\n<meta name=\"twitter:label1\" content=\"Escrito por\" \/>\n\t<meta name=\"twitter:data1\" content=\"editor\" \/>\n\t<meta name=\"twitter:label2\" content=\"Est. tempo de leitura\" \/>\n\t<meta name=\"twitter:data2\" content=\"2 minutos\" \/>\n<script type=\"application\/ld+json\" class=\"yoast-schema-graph\">{\"@context\":\"https:\/\/schema.org\",\"@graph\":[{\"@type\":\"Article\",\"@id\":\"https:\/\/www.oarcanjo.net\/site\/novo-bartolomeu-de-las-casas\/#article\",\"isPartOf\":{\"@id\":\"https:\/\/www.oarcanjo.net\/site\/novo-bartolomeu-de-las-casas\/\"},\"author\":{\"name\":\"editor\",\"@id\":\"https:\/\/www.oarcanjo.net\/site\/#\/schema\/person\/f7024d007863202483a31326673a0838\"},\"headline\":\"Novo Bartolomeu de Las Casas\",\"datePublished\":\"2010-12-14T00:32:50+00:00\",\"dateModified\":\"2010-12-15T00:36:18+00:00\",\"mainEntityOfPage\":{\"@id\":\"https:\/\/www.oarcanjo.net\/site\/novo-bartolomeu-de-las-casas\/\"},\"wordCount\":345,\"commentCount\":0,\"publisher\":{\"@id\":\"https:\/\/www.oarcanjo.net\/site\/#organization\"},\"keywords\":[\"CIMI\",\"D. Erwin Krautler\",\"ind\u00edgena\",\"Pr\u00eamio Nobel Alternativo\"],\"articleSection\":[\"Not\u00edcias\"],\"inLanguage\":\"pt-BR\",\"potentialAction\":[{\"@type\":\"CommentAction\",\"name\":\"Comment\",\"target\":[\"https:\/\/www.oarcanjo.net\/site\/novo-bartolomeu-de-las-casas\/#respond\"]}]},{\"@type\":\"WebPage\",\"@id\":\"https:\/\/www.oarcanjo.net\/site\/novo-bartolomeu-de-las-casas\/\",\"url\":\"https:\/\/www.oarcanjo.net\/site\/novo-bartolomeu-de-las-casas\/\",\"name\":\"Novo Bartolomeu de Las Casas - O Arcanjo no ar\",\"isPartOf\":{\"@id\":\"https:\/\/www.oarcanjo.net\/site\/#website\"},\"datePublished\":\"2010-12-14T00:32:50+00:00\",\"dateModified\":\"2010-12-15T00:36:18+00:00\",\"breadcrumb\":{\"@id\":\"https:\/\/www.oarcanjo.net\/site\/novo-bartolomeu-de-las-casas\/#breadcrumb\"},\"inLanguage\":\"pt-BR\",\"potentialAction\":[{\"@type\":\"ReadAction\",\"target\":[\"https:\/\/www.oarcanjo.net\/site\/novo-bartolomeu-de-las-casas\/\"]}]},{\"@type\":\"BreadcrumbList\",\"@id\":\"https:\/\/www.oarcanjo.net\/site\/novo-bartolomeu-de-las-casas\/#breadcrumb\",\"itemListElement\":[{\"@type\":\"ListItem\",\"position\":1,\"name\":\"In\u00edcio\",\"item\":\"https:\/\/www.oarcanjo.net\/site\/\"},{\"@type\":\"ListItem\",\"position\":2,\"name\":\"Novo Bartolomeu de Las Casas\"}]},{\"@type\":\"WebSite\",\"@id\":\"https:\/\/www.oarcanjo.net\/site\/#website\",\"url\":\"https:\/\/www.oarcanjo.net\/site\/\",\"name\":\"O Arcanjo no ar\",\"description\":\"Site da Par\u00f3quia S\u00e3o Miguel Arcanjo (Arquidiocese de SP)\",\"publisher\":{\"@id\":\"https:\/\/www.oarcanjo.net\/site\/#organization\"},\"potentialAction\":[{\"@type\":\"SearchAction\",\"target\":{\"@type\":\"EntryPoint\",\"urlTemplate\":\"https:\/\/www.oarcanjo.net\/site\/?s={search_term_string}\"},\"query-input\":{\"@type\":\"PropertyValueSpecification\",\"valueRequired\":true,\"valueName\":\"search_term_string\"}}],\"inLanguage\":\"pt-BR\"},{\"@type\":\"Organization\",\"@id\":\"https:\/\/www.oarcanjo.net\/site\/#organization\",\"name\":\"Par\u00f3quia S\u00e3o Miguel Arcanjo\",\"url\":\"https:\/\/www.oarcanjo.net\/site\/\",\"logo\":{\"@type\":\"ImageObject\",\"inLanguage\":\"pt-BR\",\"@id\":\"https:\/\/www.oarcanjo.net\/site\/#\/schema\/logo\/image\/\",\"url\":\"https:\/\/www.oarcanjo.net\/site\/wp-content\/uploads\/LogoOArcanjo.png\",\"contentUrl\":\"https:\/\/www.oarcanjo.net\/site\/wp-content\/uploads\/LogoOArcanjo.png\",\"width\":319,\"height\":99,\"caption\":\"Par\u00f3quia S\u00e3o Miguel Arcanjo\"},\"image\":{\"@id\":\"https:\/\/www.oarcanjo.net\/site\/#\/schema\/logo\/image\/\"},\"sameAs\":[\"https:\/\/www.facebook.com\/OArcanjoNoAr\/\"]},{\"@type\":\"Person\",\"@id\":\"https:\/\/www.oarcanjo.net\/site\/#\/schema\/person\/f7024d007863202483a31326673a0838\",\"name\":\"editor\",\"sameAs\":[\"http:\/\/www.oarcanjo.net\"]}]}<\/script>\n<!-- \/ Yoast SEO plugin. -->","yoast_head_json":{"title":"Novo Bartolomeu de Las Casas - O Arcanjo no ar","robots":{"index":"index","follow":"follow","max-snippet":"max-snippet:-1","max-image-preview":"max-image-preview:large","max-video-preview":"max-video-preview:-1"},"canonical":"https:\/\/www.oarcanjo.net\/site\/novo-bartolomeu-de-las-casas\/","og_locale":"pt_BR","og_type":"article","og_title":"Novo Bartolomeu de Las Casas - O Arcanjo no ar","og_description":"Egon Dion\u00edsio Heck Zurich, hist\u00f3rica e calma, deu voz \u00e0 alma de um grande lutador. O majestoso audit\u00f3rio da &#8220;Aula&#8221;, na Universidade, cuja unidade t\u00e9cnica \u00e9 refer\u00eancia no mundo, acolheu D. Erwin, para homenagear as lutas dos que neste ano receberam o premio Nobel Alternativo. Na sua introdu\u00e7\u00e3o, um decano da universidade, fez refer\u00eancia ao [&hellip;]","og_url":"https:\/\/www.oarcanjo.net\/site\/novo-bartolomeu-de-las-casas\/","og_site_name":"O Arcanjo no ar","article_publisher":"https:\/\/www.facebook.com\/OArcanjoNoAr\/","article_published_time":"2010-12-14T00:32:50+00:00","article_modified_time":"2010-12-15T00:36:18+00:00","og_image":[{"width":300,"height":300,"url":"https:\/\/www.oarcanjo.net\/site\/wp-content\/uploads\/logo-o-arcanjo-no-ar-facebook.png","type":"image\/png"}],"author":"editor","twitter_card":"summary_large_image","twitter_misc":{"Escrito por":"editor","Est. tempo de leitura":"2 minutos"},"schema":{"@context":"https:\/\/schema.org","@graph":[{"@type":"Article","@id":"https:\/\/www.oarcanjo.net\/site\/novo-bartolomeu-de-las-casas\/#article","isPartOf":{"@id":"https:\/\/www.oarcanjo.net\/site\/novo-bartolomeu-de-las-casas\/"},"author":{"name":"editor","@id":"https:\/\/www.oarcanjo.net\/site\/#\/schema\/person\/f7024d007863202483a31326673a0838"},"headline":"Novo Bartolomeu de Las Casas","datePublished":"2010-12-14T00:32:50+00:00","dateModified":"2010-12-15T00:36:18+00:00","mainEntityOfPage":{"@id":"https:\/\/www.oarcanjo.net\/site\/novo-bartolomeu-de-las-casas\/"},"wordCount":345,"commentCount":0,"publisher":{"@id":"https:\/\/www.oarcanjo.net\/site\/#organization"},"keywords":["CIMI","D. Erwin Krautler","ind\u00edgena","Pr\u00eamio Nobel Alternativo"],"articleSection":["Not\u00edcias"],"inLanguage":"pt-BR","potentialAction":[{"@type":"CommentAction","name":"Comment","target":["https:\/\/www.oarcanjo.net\/site\/novo-bartolomeu-de-las-casas\/#respond"]}]},{"@type":"WebPage","@id":"https:\/\/www.oarcanjo.net\/site\/novo-bartolomeu-de-las-casas\/","url":"https:\/\/www.oarcanjo.net\/site\/novo-bartolomeu-de-las-casas\/","name":"Novo Bartolomeu de Las Casas - O Arcanjo no ar","isPartOf":{"@id":"https:\/\/www.oarcanjo.net\/site\/#website"},"datePublished":"2010-12-14T00:32:50+00:00","dateModified":"2010-12-15T00:36:18+00:00","breadcrumb":{"@id":"https:\/\/www.oarcanjo.net\/site\/novo-bartolomeu-de-las-casas\/#breadcrumb"},"inLanguage":"pt-BR","potentialAction":[{"@type":"ReadAction","target":["https:\/\/www.oarcanjo.net\/site\/novo-bartolomeu-de-las-casas\/"]}]},{"@type":"BreadcrumbList","@id":"https:\/\/www.oarcanjo.net\/site\/novo-bartolomeu-de-las-casas\/#breadcrumb","itemListElement":[{"@type":"ListItem","position":1,"name":"In\u00edcio","item":"https:\/\/www.oarcanjo.net\/site\/"},{"@type":"ListItem","position":2,"name":"Novo Bartolomeu de Las Casas"}]},{"@type":"WebSite","@id":"https:\/\/www.oarcanjo.net\/site\/#website","url":"https:\/\/www.oarcanjo.net\/site\/","name":"O Arcanjo no ar","description":"Site da Par\u00f3quia S\u00e3o Miguel Arcanjo (Arquidiocese de SP)","publisher":{"@id":"https:\/\/www.oarcanjo.net\/site\/#organization"},"potentialAction":[{"@type":"SearchAction","target":{"@type":"EntryPoint","urlTemplate":"https:\/\/www.oarcanjo.net\/site\/?s={search_term_string}"},"query-input":{"@type":"PropertyValueSpecification","valueRequired":true,"valueName":"search_term_string"}}],"inLanguage":"pt-BR"},{"@type":"Organization","@id":"https:\/\/www.oarcanjo.net\/site\/#organization","name":"Par\u00f3quia S\u00e3o Miguel Arcanjo","url":"https:\/\/www.oarcanjo.net\/site\/","logo":{"@type":"ImageObject","inLanguage":"pt-BR","@id":"https:\/\/www.oarcanjo.net\/site\/#\/schema\/logo\/image\/","url":"https:\/\/www.oarcanjo.net\/site\/wp-content\/uploads\/LogoOArcanjo.png","contentUrl":"https:\/\/www.oarcanjo.net\/site\/wp-content\/uploads\/LogoOArcanjo.png","width":319,"height":99,"caption":"Par\u00f3quia S\u00e3o Miguel Arcanjo"},"image":{"@id":"https:\/\/www.oarcanjo.net\/site\/#\/schema\/logo\/image\/"},"sameAs":["https:\/\/www.facebook.com\/OArcanjoNoAr\/"]},{"@type":"Person","@id":"https:\/\/www.oarcanjo.net\/site\/#\/schema\/person\/f7024d007863202483a31326673a0838","name":"editor","sameAs":["http:\/\/www.oarcanjo.net"]}]}},"publishpress_future_action":{"enabled":false,"date":"2026-05-07 11:38:44","action":"category","newStatus":"draft","terms":[],"taxonomy":"category"},"publishpress_future_workflow_manual_trigger":{"enabledWorkflows":[]},"_links":{"self":[{"href":"https:\/\/www.oarcanjo.net\/site\/wp-json\/wp\/v2\/posts\/12248"}],"collection":[{"href":"https:\/\/www.oarcanjo.net\/site\/wp-json\/wp\/v2\/posts"}],"about":[{"href":"https:\/\/www.oarcanjo.net\/site\/wp-json\/wp\/v2\/types\/post"}],"author":[{"embeddable":true,"href":"https:\/\/www.oarcanjo.net\/site\/wp-json\/wp\/v2\/users\/5"}],"replies":[{"embeddable":true,"href":"https:\/\/www.oarcanjo.net\/site\/wp-json\/wp\/v2\/comments?post=12248"}],"version-history":[{"count":0,"href":"https:\/\/www.oarcanjo.net\/site\/wp-json\/wp\/v2\/posts\/12248\/revisions"}],"wp:attachment":[{"href":"https:\/\/www.oarcanjo.net\/site\/wp-json\/wp\/v2\/media?parent=12248"}],"wp:term":[{"taxonomy":"category","embeddable":true,"href":"https:\/\/www.oarcanjo.net\/site\/wp-json\/wp\/v2\/categories?post=12248"},{"taxonomy":"post_tag","embeddable":true,"href":"https:\/\/www.oarcanjo.net\/site\/wp-json\/wp\/v2\/tags?post=12248"}],"curies":[{"name":"wp","href":"https:\/\/api.w.org\/{rel}","templated":true}]}}