
{"id":12262,"date":"2010-12-16T00:30:40","date_gmt":"2010-12-16T02:30:40","guid":{"rendered":"http:\/\/www.oarcanjo.net\/site\/?p=12262"},"modified":"2010-12-16T00:55:36","modified_gmt":"2010-12-16T02:55:36","slug":"pastoral-da-esperanca-fecha-o-ano-de-2010-com-palestra-de-formacao","status":"publish","type":"post","link":"https:\/\/www.oarcanjo.net\/site\/pastoral-da-esperanca-fecha-o-ano-de-2010-com-palestra-de-formacao\/","title":{"rendered":"Pastoral da Esperan\u00e7a fecha o ano de 2010 com palestra de forma\u00e7\u00e3o."},"content":{"rendered":"<p style=\"text-align: justify;\">A Pastoral da Esperan\u00e7a do Setor Bel\u00e9m\u00a0promoveu seu \u00faltimo encontro de forma\u00e7\u00e3o do ano de 2010, realizado no dia 14\/12\/10 \u00a0na Igreja S\u00e3o Carlos Borromeu. Ap\u00f3s a celebra\u00e7\u00e3o presidida pelo Padre Laur\u00edcio, com a participa\u00e7\u00e3o do Di\u00e1cono Barbosa, coordenador da Pastoral da Esperan\u00e7a, ocorreu a palestra da Psic\u00f3loga, Dra. M\u00f4nica Rezende, com o tema \u201cPsicologia humana da morte\u201d.\u00a0\u00a0A Par\u00f3quia S\u00e3o Miguel Arcanjo esteve representada pelo Carlos Alberto Beatriz, sendo certo que a equipe \u00e9 composta por 25 Ministros, vindos tamb\u00e9m\u00a0das Par\u00f3quias de Nossa Senhora de Lourdes, Nossa Senhora do Bom Conselho, S\u00e3o Rafael, S\u00e3o Jo\u00e3o Batista, Santa Rita, S\u00e3o Carlos Borromeu, S\u00e3o Paulo Ap\u00f3stolo\u00a0e S\u00e3o Jos\u00e9 do Bel\u00e9m.<\/p>\n<p style=\"text-align: justify;\">\u00a0<a href=\"http:\/\/www.oarcanjo.net\/site\/wp-content\/uploads\/22.jpg\"><img loading=\"lazy\" decoding=\"async\" class=\"alignnone size-medium wp-image-12270\" title=\"2\" src=\"http:\/\/www.oarcanjo.net\/site\/wp-content\/uploads\/22-300x225.jpg\" alt=\"\" width=\"300\" height=\"225\" srcset=\"https:\/\/www.oarcanjo.net\/site\/wp-content\/uploads\/22-300x225.jpg 300w, https:\/\/www.oarcanjo.net\/site\/wp-content\/uploads\/22.jpg 640w\" sizes=\"(max-width: 300px) 100vw, 300px\" \/><\/a><\/p>\n<p style=\"text-align: justify;\">Reflex\u00f5es sobre as dificuldades da perda, a dor, \u00a0a saudade, mas a certeza da transforma\u00e7\u00e3o da vida. \u201cNa casa de meu Pai h\u00e1 muitas moradas\u201d (Jo 4,2).<\/p>\n<p style=\"text-align: justify;\"><a href=\"http:\/\/www.oarcanjo.net\/site\/wp-content\/uploads\/31.jpg\"><img loading=\"lazy\" decoding=\"async\" class=\"alignnone size-medium wp-image-12271\" title=\"3\" src=\"http:\/\/www.oarcanjo.net\/site\/wp-content\/uploads\/31-300x225.jpg\" alt=\"\" width=\"291\" height=\"225\" \/><\/a><\/p>\n<p style=\"text-align: justify;\">Os encontros de forma\u00e7\u00e3o ocorrem sob a coordena\u00e7\u00e3o do Di\u00e1cono Barbosa, objetivando manter a organiza\u00e7\u00e3o do sistema dos plant\u00f5es no Cemit\u00e9rio da Quarta Parada, bem como para a orienta\u00e7\u00e3o aos \u00a0Ministros da Esperan\u00e7a, sempre com temas que v\u00e3o auxiliar no atendimento \u00e0s fam\u00edlias e tamb\u00e9m como ato mission\u00e1rio.<\/p>\n<p style=\"text-align: justify;\">\u00a0<\/p>\n<div id=\"themify_builder_content-12262\" data-postid=\"12262\" class=\"themify_builder_content themify_builder_content-12262 themify_builder themify_builder_front\">\n\t<\/div>\n<!-- \/themify_builder_content -->","protected":false},"excerpt":{"rendered":"<p>A Pastoral da Esperan\u00e7a do Setor Bel\u00e9m\u00a0promoveu seu \u00faltimo encontro de forma\u00e7\u00e3o do ano de 2010, realizado no dia 14\/12\/10 \u00a0na Igreja S\u00e3o Carlos Borromeu. Ap\u00f3s a celebra\u00e7\u00e3o presidida pelo Padre Laur\u00edcio, com a participa\u00e7\u00e3o do Di\u00e1cono Barbosa, coordenador da Pastoral da Esperan\u00e7a, ocorreu a palestra da Psic\u00f3loga, Dra. M\u00f4nica Rezende, com o tema \u201cPsicologia [&hellip;]<\/p>\n","protected":false},"author":10,"featured_media":0,"comment_status":"open","ping_status":"open","sticky":false,"template":"","format":"standard","meta":{"ngg_post_thumbnail":0,"footnotes":""},"categories":[8],"tags":[],"yoast_head":"<!-- This site is optimized with the Yoast SEO plugin v23.5 - https:\/\/yoast.com\/wordpress\/plugins\/seo\/ -->\n<title>Pastoral da Esperan\u00e7a fecha o ano de 2010 com palestra de forma\u00e7\u00e3o. - O Arcanjo no ar<\/title>\n<meta name=\"robots\" content=\"index, follow, max-snippet:-1, max-image-preview:large, max-video-preview:-1\" \/>\n<link rel=\"canonical\" href=\"https:\/\/www.oarcanjo.net\/site\/pastoral-da-esperanca-fecha-o-ano-de-2010-com-palestra-de-formacao\/\" \/>\n<meta property=\"og:locale\" content=\"pt_BR\" \/>\n<meta property=\"og:type\" content=\"article\" \/>\n<meta property=\"og:title\" content=\"Pastoral da Esperan\u00e7a fecha o ano de 2010 com palestra de forma\u00e7\u00e3o. - O Arcanjo no ar\" \/>\n<meta property=\"og:description\" content=\"A Pastoral da Esperan\u00e7a do Setor Bel\u00e9m\u00a0promoveu seu \u00faltimo encontro de forma\u00e7\u00e3o do ano de 2010, realizado no dia 14\/12\/10 \u00a0na Igreja S\u00e3o Carlos Borromeu. Ap\u00f3s a celebra\u00e7\u00e3o presidida pelo Padre Laur\u00edcio, com a participa\u00e7\u00e3o do Di\u00e1cono Barbosa, coordenador da Pastoral da Esperan\u00e7a, ocorreu a palestra da Psic\u00f3loga, Dra. M\u00f4nica Rezende, com o tema \u201cPsicologia [&hellip;]\" \/>\n<meta property=\"og:url\" content=\"https:\/\/www.oarcanjo.net\/site\/pastoral-da-esperanca-fecha-o-ano-de-2010-com-palestra-de-formacao\/\" \/>\n<meta property=\"og:site_name\" content=\"O Arcanjo no ar\" \/>\n<meta property=\"article:publisher\" content=\"https:\/\/www.facebook.com\/OArcanjoNoAr\/\" \/>\n<meta property=\"article:published_time\" content=\"2010-12-16T02:30:40+00:00\" \/>\n<meta property=\"article:modified_time\" content=\"2010-12-16T02:55:36+00:00\" \/>\n<meta property=\"og:image\" content=\"http:\/\/www.oarcanjo.net\/site\/wp-content\/uploads\/22-300x225.jpg\" \/>\n<meta name=\"author\" content=\"carlos\" \/>\n<meta name=\"twitter:card\" content=\"summary_large_image\" \/>\n<meta name=\"twitter:label1\" content=\"Escrito por\" \/>\n\t<meta name=\"twitter:data1\" content=\"carlos\" \/>\n\t<meta name=\"twitter:label2\" content=\"Est. tempo de leitura\" \/>\n\t<meta name=\"twitter:data2\" content=\"1 minuto\" \/>\n<script type=\"application\/ld+json\" class=\"yoast-schema-graph\">{\"@context\":\"https:\/\/schema.org\",\"@graph\":[{\"@type\":\"Article\",\"@id\":\"https:\/\/www.oarcanjo.net\/site\/pastoral-da-esperanca-fecha-o-ano-de-2010-com-palestra-de-formacao\/#article\",\"isPartOf\":{\"@id\":\"https:\/\/www.oarcanjo.net\/site\/pastoral-da-esperanca-fecha-o-ano-de-2010-com-palestra-de-formacao\/\"},\"author\":{\"name\":\"carlos\",\"@id\":\"https:\/\/www.oarcanjo.net\/site\/#\/schema\/person\/f7870e710d8c8c30673de3a0ac2e451d\"},\"headline\":\"Pastoral da Esperan\u00e7a fecha o ano de 2010 com palestra de forma\u00e7\u00e3o.\",\"datePublished\":\"2010-12-16T02:30:40+00:00\",\"dateModified\":\"2010-12-16T02:55:36+00:00\",\"mainEntityOfPage\":{\"@id\":\"https:\/\/www.oarcanjo.net\/site\/pastoral-da-esperanca-fecha-o-ano-de-2010-com-palestra-de-formacao\/\"},\"wordCount\":233,\"commentCount\":0,\"publisher\":{\"@id\":\"https:\/\/www.oarcanjo.net\/site\/#organization\"},\"image\":{\"@id\":\"https:\/\/www.oarcanjo.net\/site\/pastoral-da-esperanca-fecha-o-ano-de-2010-com-palestra-de-formacao\/#primaryimage\"},\"thumbnailUrl\":\"http:\/\/www.oarcanjo.net\/site\/wp-content\/uploads\/22-300x225.jpg\",\"articleSection\":[\"Not\u00edcias\"],\"inLanguage\":\"pt-BR\",\"potentialAction\":[{\"@type\":\"CommentAction\",\"name\":\"Comment\",\"target\":[\"https:\/\/www.oarcanjo.net\/site\/pastoral-da-esperanca-fecha-o-ano-de-2010-com-palestra-de-formacao\/#respond\"]}]},{\"@type\":\"WebPage\",\"@id\":\"https:\/\/www.oarcanjo.net\/site\/pastoral-da-esperanca-fecha-o-ano-de-2010-com-palestra-de-formacao\/\",\"url\":\"https:\/\/www.oarcanjo.net\/site\/pastoral-da-esperanca-fecha-o-ano-de-2010-com-palestra-de-formacao\/\",\"name\":\"Pastoral da Esperan\u00e7a fecha o ano de 2010 com palestra de forma\u00e7\u00e3o. - O Arcanjo no ar\",\"isPartOf\":{\"@id\":\"https:\/\/www.oarcanjo.net\/site\/#website\"},\"primaryImageOfPage\":{\"@id\":\"https:\/\/www.oarcanjo.net\/site\/pastoral-da-esperanca-fecha-o-ano-de-2010-com-palestra-de-formacao\/#primaryimage\"},\"image\":{\"@id\":\"https:\/\/www.oarcanjo.net\/site\/pastoral-da-esperanca-fecha-o-ano-de-2010-com-palestra-de-formacao\/#primaryimage\"},\"thumbnailUrl\":\"http:\/\/www.oarcanjo.net\/site\/wp-content\/uploads\/22-300x225.jpg\",\"datePublished\":\"2010-12-16T02:30:40+00:00\",\"dateModified\":\"2010-12-16T02:55:36+00:00\",\"breadcrumb\":{\"@id\":\"https:\/\/www.oarcanjo.net\/site\/pastoral-da-esperanca-fecha-o-ano-de-2010-com-palestra-de-formacao\/#breadcrumb\"},\"inLanguage\":\"pt-BR\",\"potentialAction\":[{\"@type\":\"ReadAction\",\"target\":[\"https:\/\/www.oarcanjo.net\/site\/pastoral-da-esperanca-fecha-o-ano-de-2010-com-palestra-de-formacao\/\"]}]},{\"@type\":\"ImageObject\",\"inLanguage\":\"pt-BR\",\"@id\":\"https:\/\/www.oarcanjo.net\/site\/pastoral-da-esperanca-fecha-o-ano-de-2010-com-palestra-de-formacao\/#primaryimage\",\"url\":\"https:\/\/www.oarcanjo.net\/site\/wp-content\/uploads\/22.jpg\",\"contentUrl\":\"https:\/\/www.oarcanjo.net\/site\/wp-content\/uploads\/22.jpg\",\"width\":\"640\",\"height\":\"480\"},{\"@type\":\"BreadcrumbList\",\"@id\":\"https:\/\/www.oarcanjo.net\/site\/pastoral-da-esperanca-fecha-o-ano-de-2010-com-palestra-de-formacao\/#breadcrumb\",\"itemListElement\":[{\"@type\":\"ListItem\",\"position\":1,\"name\":\"In\u00edcio\",\"item\":\"https:\/\/www.oarcanjo.net\/site\/\"},{\"@type\":\"ListItem\",\"position\":2,\"name\":\"Pastoral da Esperan\u00e7a fecha o ano de 2010 com palestra de forma\u00e7\u00e3o.\"}]},{\"@type\":\"WebSite\",\"@id\":\"https:\/\/www.oarcanjo.net\/site\/#website\",\"url\":\"https:\/\/www.oarcanjo.net\/site\/\",\"name\":\"O Arcanjo no ar\",\"description\":\"Site da Par\u00f3quia S\u00e3o Miguel Arcanjo (Arquidiocese de SP)\",\"publisher\":{\"@id\":\"https:\/\/www.oarcanjo.net\/site\/#organization\"},\"potentialAction\":[{\"@type\":\"SearchAction\",\"target\":{\"@type\":\"EntryPoint\",\"urlTemplate\":\"https:\/\/www.oarcanjo.net\/site\/?s={search_term_string}\"},\"query-input\":{\"@type\":\"PropertyValueSpecification\",\"valueRequired\":true,\"valueName\":\"search_term_string\"}}],\"inLanguage\":\"pt-BR\"},{\"@type\":\"Organization\",\"@id\":\"https:\/\/www.oarcanjo.net\/site\/#organization\",\"name\":\"Par\u00f3quia S\u00e3o Miguel Arcanjo\",\"url\":\"https:\/\/www.oarcanjo.net\/site\/\",\"logo\":{\"@type\":\"ImageObject\",\"inLanguage\":\"pt-BR\",\"@id\":\"https:\/\/www.oarcanjo.net\/site\/#\/schema\/logo\/image\/\",\"url\":\"https:\/\/www.oarcanjo.net\/site\/wp-content\/uploads\/LogoOArcanjo.png\",\"contentUrl\":\"https:\/\/www.oarcanjo.net\/site\/wp-content\/uploads\/LogoOArcanjo.png\",\"width\":319,\"height\":99,\"caption\":\"Par\u00f3quia S\u00e3o Miguel Arcanjo\"},\"image\":{\"@id\":\"https:\/\/www.oarcanjo.net\/site\/#\/schema\/logo\/image\/\"},\"sameAs\":[\"https:\/\/www.facebook.com\/OArcanjoNoAr\/\"]},{\"@type\":\"Person\",\"@id\":\"https:\/\/www.oarcanjo.net\/site\/#\/schema\/person\/f7870e710d8c8c30673de3a0ac2e451d\",\"name\":\"carlos\"}]}<\/script>\n<!-- \/ Yoast SEO plugin. -->","yoast_head_json":{"title":"Pastoral da Esperan\u00e7a fecha o ano de 2010 com palestra de forma\u00e7\u00e3o. - O Arcanjo no ar","robots":{"index":"index","follow":"follow","max-snippet":"max-snippet:-1","max-image-preview":"max-image-preview:large","max-video-preview":"max-video-preview:-1"},"canonical":"https:\/\/www.oarcanjo.net\/site\/pastoral-da-esperanca-fecha-o-ano-de-2010-com-palestra-de-formacao\/","og_locale":"pt_BR","og_type":"article","og_title":"Pastoral da Esperan\u00e7a fecha o ano de 2010 com palestra de forma\u00e7\u00e3o. - O Arcanjo no ar","og_description":"A Pastoral da Esperan\u00e7a do Setor Bel\u00e9m\u00a0promoveu seu \u00faltimo encontro de forma\u00e7\u00e3o do ano de 2010, realizado no dia 14\/12\/10 \u00a0na Igreja S\u00e3o Carlos Borromeu. Ap\u00f3s a celebra\u00e7\u00e3o presidida pelo Padre Laur\u00edcio, com a participa\u00e7\u00e3o do Di\u00e1cono Barbosa, coordenador da Pastoral da Esperan\u00e7a, ocorreu a palestra da Psic\u00f3loga, Dra. M\u00f4nica Rezende, com o tema \u201cPsicologia [&hellip;]","og_url":"https:\/\/www.oarcanjo.net\/site\/pastoral-da-esperanca-fecha-o-ano-de-2010-com-palestra-de-formacao\/","og_site_name":"O Arcanjo no ar","article_publisher":"https:\/\/www.facebook.com\/OArcanjoNoAr\/","article_published_time":"2010-12-16T02:30:40+00:00","article_modified_time":"2010-12-16T02:55:36+00:00","og_image":[{"url":"http:\/\/www.oarcanjo.net\/site\/wp-content\/uploads\/22-300x225.jpg"}],"author":"carlos","twitter_card":"summary_large_image","twitter_misc":{"Escrito por":"carlos","Est. tempo de leitura":"1 minuto"},"schema":{"@context":"https:\/\/schema.org","@graph":[{"@type":"Article","@id":"https:\/\/www.oarcanjo.net\/site\/pastoral-da-esperanca-fecha-o-ano-de-2010-com-palestra-de-formacao\/#article","isPartOf":{"@id":"https:\/\/www.oarcanjo.net\/site\/pastoral-da-esperanca-fecha-o-ano-de-2010-com-palestra-de-formacao\/"},"author":{"name":"carlos","@id":"https:\/\/www.oarcanjo.net\/site\/#\/schema\/person\/f7870e710d8c8c30673de3a0ac2e451d"},"headline":"Pastoral da Esperan\u00e7a fecha o ano de 2010 com palestra de forma\u00e7\u00e3o.","datePublished":"2010-12-16T02:30:40+00:00","dateModified":"2010-12-16T02:55:36+00:00","mainEntityOfPage":{"@id":"https:\/\/www.oarcanjo.net\/site\/pastoral-da-esperanca-fecha-o-ano-de-2010-com-palestra-de-formacao\/"},"wordCount":233,"commentCount":0,"publisher":{"@id":"https:\/\/www.oarcanjo.net\/site\/#organization"},"image":{"@id":"https:\/\/www.oarcanjo.net\/site\/pastoral-da-esperanca-fecha-o-ano-de-2010-com-palestra-de-formacao\/#primaryimage"},"thumbnailUrl":"http:\/\/www.oarcanjo.net\/site\/wp-content\/uploads\/22-300x225.jpg","articleSection":["Not\u00edcias"],"inLanguage":"pt-BR","potentialAction":[{"@type":"CommentAction","name":"Comment","target":["https:\/\/www.oarcanjo.net\/site\/pastoral-da-esperanca-fecha-o-ano-de-2010-com-palestra-de-formacao\/#respond"]}]},{"@type":"WebPage","@id":"https:\/\/www.oarcanjo.net\/site\/pastoral-da-esperanca-fecha-o-ano-de-2010-com-palestra-de-formacao\/","url":"https:\/\/www.oarcanjo.net\/site\/pastoral-da-esperanca-fecha-o-ano-de-2010-com-palestra-de-formacao\/","name":"Pastoral da Esperan\u00e7a fecha o ano de 2010 com palestra de forma\u00e7\u00e3o. - O Arcanjo no ar","isPartOf":{"@id":"https:\/\/www.oarcanjo.net\/site\/#website"},"primaryImageOfPage":{"@id":"https:\/\/www.oarcanjo.net\/site\/pastoral-da-esperanca-fecha-o-ano-de-2010-com-palestra-de-formacao\/#primaryimage"},"image":{"@id":"https:\/\/www.oarcanjo.net\/site\/pastoral-da-esperanca-fecha-o-ano-de-2010-com-palestra-de-formacao\/#primaryimage"},"thumbnailUrl":"http:\/\/www.oarcanjo.net\/site\/wp-content\/uploads\/22-300x225.jpg","datePublished":"2010-12-16T02:30:40+00:00","dateModified":"2010-12-16T02:55:36+00:00","breadcrumb":{"@id":"https:\/\/www.oarcanjo.net\/site\/pastoral-da-esperanca-fecha-o-ano-de-2010-com-palestra-de-formacao\/#breadcrumb"},"inLanguage":"pt-BR","potentialAction":[{"@type":"ReadAction","target":["https:\/\/www.oarcanjo.net\/site\/pastoral-da-esperanca-fecha-o-ano-de-2010-com-palestra-de-formacao\/"]}]},{"@type":"ImageObject","inLanguage":"pt-BR","@id":"https:\/\/www.oarcanjo.net\/site\/pastoral-da-esperanca-fecha-o-ano-de-2010-com-palestra-de-formacao\/#primaryimage","url":"https:\/\/www.oarcanjo.net\/site\/wp-content\/uploads\/22.jpg","contentUrl":"https:\/\/www.oarcanjo.net\/site\/wp-content\/uploads\/22.jpg","width":"640","height":"480"},{"@type":"BreadcrumbList","@id":"https:\/\/www.oarcanjo.net\/site\/pastoral-da-esperanca-fecha-o-ano-de-2010-com-palestra-de-formacao\/#breadcrumb","itemListElement":[{"@type":"ListItem","position":1,"name":"In\u00edcio","item":"https:\/\/www.oarcanjo.net\/site\/"},{"@type":"ListItem","position":2,"name":"Pastoral da Esperan\u00e7a fecha o ano de 2010 com palestra de forma\u00e7\u00e3o."}]},{"@type":"WebSite","@id":"https:\/\/www.oarcanjo.net\/site\/#website","url":"https:\/\/www.oarcanjo.net\/site\/","name":"O Arcanjo no ar","description":"Site da Par\u00f3quia S\u00e3o Miguel Arcanjo (Arquidiocese de SP)","publisher":{"@id":"https:\/\/www.oarcanjo.net\/site\/#organization"},"potentialAction":[{"@type":"SearchAction","target":{"@type":"EntryPoint","urlTemplate":"https:\/\/www.oarcanjo.net\/site\/?s={search_term_string}"},"query-input":{"@type":"PropertyValueSpecification","valueRequired":true,"valueName":"search_term_string"}}],"inLanguage":"pt-BR"},{"@type":"Organization","@id":"https:\/\/www.oarcanjo.net\/site\/#organization","name":"Par\u00f3quia S\u00e3o Miguel Arcanjo","url":"https:\/\/www.oarcanjo.net\/site\/","logo":{"@type":"ImageObject","inLanguage":"pt-BR","@id":"https:\/\/www.oarcanjo.net\/site\/#\/schema\/logo\/image\/","url":"https:\/\/www.oarcanjo.net\/site\/wp-content\/uploads\/LogoOArcanjo.png","contentUrl":"https:\/\/www.oarcanjo.net\/site\/wp-content\/uploads\/LogoOArcanjo.png","width":319,"height":99,"caption":"Par\u00f3quia S\u00e3o Miguel Arcanjo"},"image":{"@id":"https:\/\/www.oarcanjo.net\/site\/#\/schema\/logo\/image\/"},"sameAs":["https:\/\/www.facebook.com\/OArcanjoNoAr\/"]},{"@type":"Person","@id":"https:\/\/www.oarcanjo.net\/site\/#\/schema\/person\/f7870e710d8c8c30673de3a0ac2e451d","name":"carlos"}]}},"publishpress_future_action":{"enabled":false,"date":"2026-05-07 14:33:36","action":"category","newStatus":"draft","terms":[],"taxonomy":"category"},"publishpress_future_workflow_manual_trigger":{"enabledWorkflows":[]},"_links":{"self":[{"href":"https:\/\/www.oarcanjo.net\/site\/wp-json\/wp\/v2\/posts\/12262"}],"collection":[{"href":"https:\/\/www.oarcanjo.net\/site\/wp-json\/wp\/v2\/posts"}],"about":[{"href":"https:\/\/www.oarcanjo.net\/site\/wp-json\/wp\/v2\/types\/post"}],"author":[{"embeddable":true,"href":"https:\/\/www.oarcanjo.net\/site\/wp-json\/wp\/v2\/users\/10"}],"replies":[{"embeddable":true,"href":"https:\/\/www.oarcanjo.net\/site\/wp-json\/wp\/v2\/comments?post=12262"}],"version-history":[{"count":0,"href":"https:\/\/www.oarcanjo.net\/site\/wp-json\/wp\/v2\/posts\/12262\/revisions"}],"wp:attachment":[{"href":"https:\/\/www.oarcanjo.net\/site\/wp-json\/wp\/v2\/media?parent=12262"}],"wp:term":[{"taxonomy":"category","embeddable":true,"href":"https:\/\/www.oarcanjo.net\/site\/wp-json\/wp\/v2\/categories?post=12262"},{"taxonomy":"post_tag","embeddable":true,"href":"https:\/\/www.oarcanjo.net\/site\/wp-json\/wp\/v2\/tags?post=12262"}],"curies":[{"name":"wp","href":"https:\/\/api.w.org\/{rel}","templated":true}]}}