
{"id":12331,"date":"2010-12-17T08:25:25","date_gmt":"2010-12-17T10:25:25","guid":{"rendered":"http:\/\/www.oarcanjo.net\/site\/?p=12331"},"modified":"2010-12-17T08:25:25","modified_gmt":"2010-12-17T10:25:25","slug":"as-vesperas-do-natal","status":"publish","type":"post","link":"https:\/\/www.oarcanjo.net\/site\/as-vesperas-do-natal\/","title":{"rendered":"\u00c0s v\u00e9speras do natal"},"content":{"rendered":"<p style=\"text-align: right;\"><em>\u201cO que fostes ver no deserto,<\/em><\/p>\n<p style=\"text-align: right;\"><em>um cani\u00e7o agitado pelo vento?\u201d (Lc 724b)<\/em><\/p>\n<p style=\"text-align: justify;\">\u00a0<em>Pe. Alfredo J. Gon\u00e7alves, CS<\/em><\/p>\n<p style=\"text-align: justify;\">A met\u00e1fora do \u201ccani\u00e7o agitado pelo vento\u201d se presta como uma luva para os dias que correm. De fato, um simples olhar \u00e0s ruas, pra\u00e7as e corredores dos shoppings centers \u00e9 suficiente notar como parecemos \u201ccani\u00e7os\u201d agitados pelos ventos do marketing, da propaganda e da publicidade.<\/p>\n<p style=\"text-align: justify;\">Um exemplo apenas um: lan\u00e7ado novo produto, shampoo dois em um, que \u201cacaba com a caspa e, ao mesmo tempo, hidrata os cabelos\u201d. Apelo comercial: \u201cvoc\u00ea n\u00e3o pode viver sem ele!\u201d. A insist\u00eancia no apelo e a obsess\u00e3o em apregoar as qualidades do produto revelam exatamente o contr\u00e1rio: voc\u00ea pode, sim, viver sem ele! A \u00e2nsia mercadol\u00f3gica mascara a mensagem, fala pelas entrelinhas, nega-se a si mesma. A propaganda estridente sinaliza para o vazio e a inutilidade do objeto. Por outro lado, o apelo dirige-se ao desejo de posse daquilo que est\u00e1 exposto na vitrine, envernizado por luzes e enfeites. Desej\u00e1vel, porque simultaneamente pr\u00f3ximo e distante. Mas o desejo de posse se desfaz no exato momento da compra. Esta, ao tornar seu o que parecia um sonho imposs\u00edvel, dilui automaticamente o desejo. A magia derrete-se com a pr\u00f3pria aquisi\u00e7\u00e3o. Mas faz nascer outros impulsos ou paix\u00f5es, e assim por diante&#8230;<\/p>\n<p style=\"text-align: justify;\">O mercado nutre-se dessa fome e dessa sede insaci\u00e1veis de comprar, ter, exibir, aparentar, inovar, competir. Fome e sede de novidades que, constantemente, morrem com a posse e renasce com novos desejos frente a produtos in\u00e9ditos, ou simplesmente reciclados. Basta uma mudan\u00e7a no r\u00f3tulo, na cor, no formato, nos ingredientes ou na embalagem, para que o velho se torne novo. Instala-se o c\u00edrculo fechado e vicioso do \u201cproduzir e consumir\u201d, no ritmo da matem\u00e1tica, t\u00e3o veloz e alucinado que n\u00e3o deixa lugar nem tempo \u00e0 reflex\u00e3o. O anseio da compra substitui a pergunta pela necessidade. Com raz\u00e3o, Marx referia-se ao \u201cfetiche da mercadoria\u201d.<\/p>\n<p style=\"text-align: justify;\">Numa outra met\u00e1fora, a cidade \u00e0s v\u00e9speras dos festejos natalinos, mais parece um imenso espet\u00e1culo de marionetes controlado pela gigantesca \u201cm\u00e3o invis\u00edvel\u201d do sistema capitalista, para usar a express\u00e3o de Adam Smith. Nesse palco de milh\u00f5es de atores\/consumidores embriagados, a poderosa m\u00e3o transforma seus dedos em tent\u00e1culos que chegam aos quatro cantos do planeta, ou \u00e0s mais \u00edntimas dimens\u00f5es do ser humano, tais como as rela\u00e7\u00f5es de afeto, de fam\u00edlia, de amizade&#8230; Penetra at\u00e9 no sacr\u00e1rio do que existe de mais sagrado.<\/p>\n<p style=\"text-align: justify;\">A cidade vira um formigueiro humano, para terminar com uma terceira met\u00e1fora. Torrentes de pessoas se movem nos centros comerciais, num vaiv\u00e9m permanente, deslocamento centr\u00edpeto e centr\u00edfugo, onde n\u00e3o faltam gritos, promo\u00e7\u00f5es, cifr\u00f5es, pechinchas, pacotes, empurr\u00f5es&#8230; Mas, em meio a tudo isso, a alegria inebriante de diluir-se nessa multid\u00e3o viva e ansiosa por novidades. Evidente que o cidad\u00e3o tem o direito de adquirir aquilo para o que tanto trabalhou e com o que tanto sonhou. O conforto n\u00e3o pode ser privil\u00e9gio de poucos. Gra\u00e7as a Deus, muitos brasileiros hoje podem ter acesso a produtos que antes estavam longe de seu bolso. Mas fica o alerta contra a embriaguez que nos torna \u201ccani\u00e7os, marionetes\u201d, uma esp\u00e9cie de seres com opini\u00e3o invertebrada, que o poder do marketing facilmente manipula e explora. Vale, pois, a advert\u00eancia de Jesus narrada pelo evangelista Lucas. \u201cO que fostes ver no deserto?\u201d<\/p>\n<p style=\"text-align: justify;\">provinciasaopaulo.com<\/p>\n<div id=\"themify_builder_content-12331\" data-postid=\"12331\" class=\"themify_builder_content themify_builder_content-12331 themify_builder themify_builder_front\">\n\t<\/div>\n<!-- \/themify_builder_content -->","protected":false},"excerpt":{"rendered":"<p>\u201cO que fostes ver no deserto, um cani\u00e7o agitado pelo vento?\u201d (Lc 724b) \u00a0Pe. Alfredo J. Gon\u00e7alves, CS A met\u00e1fora do \u201ccani\u00e7o agitado pelo vento\u201d se presta como uma luva para os dias que correm. De fato, um simples olhar \u00e0s ruas, pra\u00e7as e corredores dos shoppings centers \u00e9 suficiente notar como parecemos \u201ccani\u00e7os\u201d agitados [&hellip;]<\/p>\n","protected":false},"author":15,"featured_media":0,"comment_status":"open","ping_status":"open","sticky":false,"template":"","format":"standard","meta":{"ngg_post_thumbnail":0,"footnotes":""},"categories":[9],"tags":[],"yoast_head":"<!-- This site is optimized with the Yoast SEO plugin v23.5 - https:\/\/yoast.com\/wordpress\/plugins\/seo\/ -->\n<title>\u00c0s v\u00e9speras do natal - O Arcanjo no ar<\/title>\n<meta name=\"robots\" content=\"index, follow, max-snippet:-1, max-image-preview:large, max-video-preview:-1\" \/>\n<link rel=\"canonical\" href=\"https:\/\/www.oarcanjo.net\/site\/as-vesperas-do-natal\/\" \/>\n<meta property=\"og:locale\" content=\"pt_BR\" \/>\n<meta property=\"og:type\" content=\"article\" \/>\n<meta property=\"og:title\" content=\"\u00c0s v\u00e9speras do natal - O Arcanjo no ar\" \/>\n<meta property=\"og:description\" content=\"\u201cO que fostes ver no deserto, um cani\u00e7o agitado pelo vento?\u201d (Lc 724b) \u00a0Pe. Alfredo J. Gon\u00e7alves, CS A met\u00e1fora do \u201ccani\u00e7o agitado pelo vento\u201d se presta como uma luva para os dias que correm. De fato, um simples olhar \u00e0s ruas, pra\u00e7as e corredores dos shoppings centers \u00e9 suficiente notar como parecemos \u201ccani\u00e7os\u201d agitados [&hellip;]\" \/>\n<meta property=\"og:url\" content=\"https:\/\/www.oarcanjo.net\/site\/as-vesperas-do-natal\/\" \/>\n<meta property=\"og:site_name\" content=\"O Arcanjo no ar\" \/>\n<meta property=\"article:publisher\" content=\"https:\/\/www.facebook.com\/OArcanjoNoAr\/\" \/>\n<meta property=\"article:published_time\" content=\"2010-12-17T10:25:25+00:00\" \/>\n<meta property=\"og:image\" content=\"https:\/\/www.oarcanjo.net\/site\/wp-content\/uploads\/logo-o-arcanjo-no-ar-facebook.png\" \/>\n\t<meta property=\"og:image:width\" content=\"300\" \/>\n\t<meta property=\"og:image:height\" content=\"300\" \/>\n\t<meta property=\"og:image:type\" content=\"image\/png\" \/>\n<meta name=\"author\" content=\"Alexandre Nunes\" \/>\n<meta name=\"twitter:card\" content=\"summary_large_image\" \/>\n<meta name=\"twitter:label1\" content=\"Escrito por\" \/>\n\t<meta name=\"twitter:data1\" content=\"Alexandre Nunes\" \/>\n\t<meta name=\"twitter:label2\" content=\"Est. tempo de leitura\" \/>\n\t<meta name=\"twitter:data2\" content=\"3 minutos\" \/>\n<script type=\"application\/ld+json\" class=\"yoast-schema-graph\">{\"@context\":\"https:\/\/schema.org\",\"@graph\":[{\"@type\":\"Article\",\"@id\":\"https:\/\/www.oarcanjo.net\/site\/as-vesperas-do-natal\/#article\",\"isPartOf\":{\"@id\":\"https:\/\/www.oarcanjo.net\/site\/as-vesperas-do-natal\/\"},\"author\":{\"name\":\"Alexandre Nunes\",\"@id\":\"https:\/\/www.oarcanjo.net\/site\/#\/schema\/person\/0a2ae077c1a09b69d29928e3b9f1c0d1\"},\"headline\":\"\u00c0s v\u00e9speras do natal\",\"datePublished\":\"2010-12-17T10:25:25+00:00\",\"dateModified\":\"2010-12-17T10:25:25+00:00\",\"mainEntityOfPage\":{\"@id\":\"https:\/\/www.oarcanjo.net\/site\/as-vesperas-do-natal\/\"},\"wordCount\":608,\"commentCount\":2,\"publisher\":{\"@id\":\"https:\/\/www.oarcanjo.net\/site\/#organization\"},\"articleSection\":[\"Reflex\u00f5es\"],\"inLanguage\":\"pt-BR\",\"potentialAction\":[{\"@type\":\"CommentAction\",\"name\":\"Comment\",\"target\":[\"https:\/\/www.oarcanjo.net\/site\/as-vesperas-do-natal\/#respond\"]}]},{\"@type\":\"WebPage\",\"@id\":\"https:\/\/www.oarcanjo.net\/site\/as-vesperas-do-natal\/\",\"url\":\"https:\/\/www.oarcanjo.net\/site\/as-vesperas-do-natal\/\",\"name\":\"\u00c0s v\u00e9speras do natal - O Arcanjo no ar\",\"isPartOf\":{\"@id\":\"https:\/\/www.oarcanjo.net\/site\/#website\"},\"datePublished\":\"2010-12-17T10:25:25+00:00\",\"dateModified\":\"2010-12-17T10:25:25+00:00\",\"breadcrumb\":{\"@id\":\"https:\/\/www.oarcanjo.net\/site\/as-vesperas-do-natal\/#breadcrumb\"},\"inLanguage\":\"pt-BR\",\"potentialAction\":[{\"@type\":\"ReadAction\",\"target\":[\"https:\/\/www.oarcanjo.net\/site\/as-vesperas-do-natal\/\"]}]},{\"@type\":\"BreadcrumbList\",\"@id\":\"https:\/\/www.oarcanjo.net\/site\/as-vesperas-do-natal\/#breadcrumb\",\"itemListElement\":[{\"@type\":\"ListItem\",\"position\":1,\"name\":\"In\u00edcio\",\"item\":\"https:\/\/www.oarcanjo.net\/site\/\"},{\"@type\":\"ListItem\",\"position\":2,\"name\":\"\u00c0s v\u00e9speras do natal\"}]},{\"@type\":\"WebSite\",\"@id\":\"https:\/\/www.oarcanjo.net\/site\/#website\",\"url\":\"https:\/\/www.oarcanjo.net\/site\/\",\"name\":\"O Arcanjo no ar\",\"description\":\"Site da Par\u00f3quia S\u00e3o Miguel Arcanjo (Arquidiocese de SP)\",\"publisher\":{\"@id\":\"https:\/\/www.oarcanjo.net\/site\/#organization\"},\"potentialAction\":[{\"@type\":\"SearchAction\",\"target\":{\"@type\":\"EntryPoint\",\"urlTemplate\":\"https:\/\/www.oarcanjo.net\/site\/?s={search_term_string}\"},\"query-input\":{\"@type\":\"PropertyValueSpecification\",\"valueRequired\":true,\"valueName\":\"search_term_string\"}}],\"inLanguage\":\"pt-BR\"},{\"@type\":\"Organization\",\"@id\":\"https:\/\/www.oarcanjo.net\/site\/#organization\",\"name\":\"Par\u00f3quia S\u00e3o Miguel Arcanjo\",\"url\":\"https:\/\/www.oarcanjo.net\/site\/\",\"logo\":{\"@type\":\"ImageObject\",\"inLanguage\":\"pt-BR\",\"@id\":\"https:\/\/www.oarcanjo.net\/site\/#\/schema\/logo\/image\/\",\"url\":\"https:\/\/www.oarcanjo.net\/site\/wp-content\/uploads\/LogoOArcanjo.png\",\"contentUrl\":\"https:\/\/www.oarcanjo.net\/site\/wp-content\/uploads\/LogoOArcanjo.png\",\"width\":319,\"height\":99,\"caption\":\"Par\u00f3quia S\u00e3o Miguel Arcanjo\"},\"image\":{\"@id\":\"https:\/\/www.oarcanjo.net\/site\/#\/schema\/logo\/image\/\"},\"sameAs\":[\"https:\/\/www.facebook.com\/OArcanjoNoAr\/\"]},{\"@type\":\"Person\",\"@id\":\"https:\/\/www.oarcanjo.net\/site\/#\/schema\/person\/0a2ae077c1a09b69d29928e3b9f1c0d1\",\"name\":\"Alexandre Nunes\",\"sameAs\":[\"http:\/\/alexandrenu.com\"]}]}<\/script>\n<!-- \/ Yoast SEO plugin. -->","yoast_head_json":{"title":"\u00c0s v\u00e9speras do natal - O Arcanjo no ar","robots":{"index":"index","follow":"follow","max-snippet":"max-snippet:-1","max-image-preview":"max-image-preview:large","max-video-preview":"max-video-preview:-1"},"canonical":"https:\/\/www.oarcanjo.net\/site\/as-vesperas-do-natal\/","og_locale":"pt_BR","og_type":"article","og_title":"\u00c0s v\u00e9speras do natal - O Arcanjo no ar","og_description":"\u201cO que fostes ver no deserto, um cani\u00e7o agitado pelo vento?\u201d (Lc 724b) \u00a0Pe. Alfredo J. Gon\u00e7alves, CS A met\u00e1fora do \u201ccani\u00e7o agitado pelo vento\u201d se presta como uma luva para os dias que correm. De fato, um simples olhar \u00e0s ruas, pra\u00e7as e corredores dos shoppings centers \u00e9 suficiente notar como parecemos \u201ccani\u00e7os\u201d agitados [&hellip;]","og_url":"https:\/\/www.oarcanjo.net\/site\/as-vesperas-do-natal\/","og_site_name":"O Arcanjo no ar","article_publisher":"https:\/\/www.facebook.com\/OArcanjoNoAr\/","article_published_time":"2010-12-17T10:25:25+00:00","og_image":[{"width":300,"height":300,"url":"https:\/\/www.oarcanjo.net\/site\/wp-content\/uploads\/logo-o-arcanjo-no-ar-facebook.png","type":"image\/png"}],"author":"Alexandre Nunes","twitter_card":"summary_large_image","twitter_misc":{"Escrito por":"Alexandre Nunes","Est. tempo de leitura":"3 minutos"},"schema":{"@context":"https:\/\/schema.org","@graph":[{"@type":"Article","@id":"https:\/\/www.oarcanjo.net\/site\/as-vesperas-do-natal\/#article","isPartOf":{"@id":"https:\/\/www.oarcanjo.net\/site\/as-vesperas-do-natal\/"},"author":{"name":"Alexandre Nunes","@id":"https:\/\/www.oarcanjo.net\/site\/#\/schema\/person\/0a2ae077c1a09b69d29928e3b9f1c0d1"},"headline":"\u00c0s v\u00e9speras do natal","datePublished":"2010-12-17T10:25:25+00:00","dateModified":"2010-12-17T10:25:25+00:00","mainEntityOfPage":{"@id":"https:\/\/www.oarcanjo.net\/site\/as-vesperas-do-natal\/"},"wordCount":608,"commentCount":2,"publisher":{"@id":"https:\/\/www.oarcanjo.net\/site\/#organization"},"articleSection":["Reflex\u00f5es"],"inLanguage":"pt-BR","potentialAction":[{"@type":"CommentAction","name":"Comment","target":["https:\/\/www.oarcanjo.net\/site\/as-vesperas-do-natal\/#respond"]}]},{"@type":"WebPage","@id":"https:\/\/www.oarcanjo.net\/site\/as-vesperas-do-natal\/","url":"https:\/\/www.oarcanjo.net\/site\/as-vesperas-do-natal\/","name":"\u00c0s v\u00e9speras do natal - O Arcanjo no ar","isPartOf":{"@id":"https:\/\/www.oarcanjo.net\/site\/#website"},"datePublished":"2010-12-17T10:25:25+00:00","dateModified":"2010-12-17T10:25:25+00:00","breadcrumb":{"@id":"https:\/\/www.oarcanjo.net\/site\/as-vesperas-do-natal\/#breadcrumb"},"inLanguage":"pt-BR","potentialAction":[{"@type":"ReadAction","target":["https:\/\/www.oarcanjo.net\/site\/as-vesperas-do-natal\/"]}]},{"@type":"BreadcrumbList","@id":"https:\/\/www.oarcanjo.net\/site\/as-vesperas-do-natal\/#breadcrumb","itemListElement":[{"@type":"ListItem","position":1,"name":"In\u00edcio","item":"https:\/\/www.oarcanjo.net\/site\/"},{"@type":"ListItem","position":2,"name":"\u00c0s v\u00e9speras do natal"}]},{"@type":"WebSite","@id":"https:\/\/www.oarcanjo.net\/site\/#website","url":"https:\/\/www.oarcanjo.net\/site\/","name":"O Arcanjo no ar","description":"Site da Par\u00f3quia S\u00e3o Miguel Arcanjo (Arquidiocese de SP)","publisher":{"@id":"https:\/\/www.oarcanjo.net\/site\/#organization"},"potentialAction":[{"@type":"SearchAction","target":{"@type":"EntryPoint","urlTemplate":"https:\/\/www.oarcanjo.net\/site\/?s={search_term_string}"},"query-input":{"@type":"PropertyValueSpecification","valueRequired":true,"valueName":"search_term_string"}}],"inLanguage":"pt-BR"},{"@type":"Organization","@id":"https:\/\/www.oarcanjo.net\/site\/#organization","name":"Par\u00f3quia S\u00e3o Miguel Arcanjo","url":"https:\/\/www.oarcanjo.net\/site\/","logo":{"@type":"ImageObject","inLanguage":"pt-BR","@id":"https:\/\/www.oarcanjo.net\/site\/#\/schema\/logo\/image\/","url":"https:\/\/www.oarcanjo.net\/site\/wp-content\/uploads\/LogoOArcanjo.png","contentUrl":"https:\/\/www.oarcanjo.net\/site\/wp-content\/uploads\/LogoOArcanjo.png","width":319,"height":99,"caption":"Par\u00f3quia S\u00e3o Miguel Arcanjo"},"image":{"@id":"https:\/\/www.oarcanjo.net\/site\/#\/schema\/logo\/image\/"},"sameAs":["https:\/\/www.facebook.com\/OArcanjoNoAr\/"]},{"@type":"Person","@id":"https:\/\/www.oarcanjo.net\/site\/#\/schema\/person\/0a2ae077c1a09b69d29928e3b9f1c0d1","name":"Alexandre Nunes","sameAs":["http:\/\/alexandrenu.com"]}]}},"publishpress_future_action":{"enabled":false,"date":"2026-05-10 09:49:31","action":"category","newStatus":"draft","terms":[],"taxonomy":"category"},"publishpress_future_workflow_manual_trigger":{"enabledWorkflows":[]},"_links":{"self":[{"href":"https:\/\/www.oarcanjo.net\/site\/wp-json\/wp\/v2\/posts\/12331"}],"collection":[{"href":"https:\/\/www.oarcanjo.net\/site\/wp-json\/wp\/v2\/posts"}],"about":[{"href":"https:\/\/www.oarcanjo.net\/site\/wp-json\/wp\/v2\/types\/post"}],"author":[{"embeddable":true,"href":"https:\/\/www.oarcanjo.net\/site\/wp-json\/wp\/v2\/users\/15"}],"replies":[{"embeddable":true,"href":"https:\/\/www.oarcanjo.net\/site\/wp-json\/wp\/v2\/comments?post=12331"}],"version-history":[{"count":0,"href":"https:\/\/www.oarcanjo.net\/site\/wp-json\/wp\/v2\/posts\/12331\/revisions"}],"wp:attachment":[{"href":"https:\/\/www.oarcanjo.net\/site\/wp-json\/wp\/v2\/media?parent=12331"}],"wp:term":[{"taxonomy":"category","embeddable":true,"href":"https:\/\/www.oarcanjo.net\/site\/wp-json\/wp\/v2\/categories?post=12331"},{"taxonomy":"post_tag","embeddable":true,"href":"https:\/\/www.oarcanjo.net\/site\/wp-json\/wp\/v2\/tags?post=12331"}],"curies":[{"name":"wp","href":"https:\/\/api.w.org\/{rel}","templated":true}]}}