
{"id":12360,"date":"2010-12-22T00:57:21","date_gmt":"2010-12-22T02:57:21","guid":{"rendered":"http:\/\/www.oarcanjo.net\/site\/?p=12360"},"modified":"2010-12-22T00:57:21","modified_gmt":"2010-12-22T02:57:21","slug":"natal-ver-com-os-olhos-do-coracao","status":"publish","type":"post","link":"https:\/\/www.oarcanjo.net\/site\/natal-ver-com-os-olhos-do-coracao\/","title":{"rendered":"Natal: ver com os olhos do cora\u00e7\u00e3o"},"content":{"rendered":"<p>Leonardo Boff<\/p>\n<p>Somos obrigados a viver num mundo onde a mercadoria \u00e9 o objeto mais expl\u00edcito do desejo de crian\u00e7as e de adultos. A mercadoria tem que ter brilho e magia, sen\u00e3o ningu\u00e9m a compra. Ela fala mais para os olhos cobi\u00e7osos do que para o cora\u00e7\u00e3o amoroso. \u00c9 dentro desta din\u00e2mica que se inscreve a figura do Papai Noel. Ele \u00e9 a elabora\u00e7\u00e3o comercial de S\u00e3o Nicolau -Santa Claus- cuja festa se celebra no dia 6 de dezembro. Era bispo, nascido no ano 281 na atual Turquia. Herdou da fam\u00edlia importante fortuna. Na \u00e9poca de Natal saia vestido de bispo, todo vermelho, usava um bast\u00e3o e um saco com os presentes para as crian\u00e7as. Entregava-os com um bilhetinho dizendo que vinham do Menino Jesus.<\/p>\n<p>Santa Claus deu origem ao atual Papai Noel, cria\u00e7\u00e3o de um cartunista norte-americano Thomas Nast em 1886, posteriormente divulgado pela Coca-Cola j\u00e1 que nesta \u00e9poca de frio ca\u00eda muito seu consumo. A imagem do bom velhinho com roupa vermelha e saco nas costas, bonach\u00e3o, dando bons conselhos \u00e0s crian\u00e7as e entregando-lhes presentes \u00e9 a figura predominante nas ruas e nas lojas em tempo de Natal. Sua p\u00e1tria de nascimento teria sido a Lap\u00f4nia na Finl\u00e2ndia, onde h\u00e1 muita neve, elfos, duendes e gnomos e onde as pessoa se movimentam em tren\u00f3s puxados por renas.<\/p>\n<p>Papai Noel existe? Esta foi a pergunta que Virg\u00ednia, menina de 8 anos, fez a seu pai. Este lhe respondeu: &#8220;Escreva ao editor do jornal local! Se ele disser que existe, ent\u00e3o ele existe de fato&#8221;. Foi o que ela fez. Recebeu esta breve e bela resposta:<\/p>\n<p>Sim, Virg\u00ednia, Papai Noel existe. Isto \u00e9 t\u00e3o certo quanto a exist\u00eancia do amor, da generosidade e da devo\u00e7\u00e3o. E voc\u00ea sabe que tudo isto existe de verdade, trazendo mais beleza e alegria \u00e0 nossa vida. Como seria triste o mundo se n\u00e3o houvesse o Papai Noel! Seria t\u00e3o triste quanto n\u00e3o existir Virg\u00ednias como voc\u00ea. N\u00e3o haveria f\u00e9 das crian\u00e7as, nem a poesia e a fantasia que tornam nossa exist\u00eancia leve e bonita. Mas para isso temos que aprender a ver com os olhos do cora\u00e7\u00e3o e do amor. Ent\u00e3o percebemos que n\u00e3o h\u00e1 nenhum sinal de que o Papai Noel n\u00e3o exista. Se existe o Papai Noel? Gra\u00e7as a Deus ele vive e viver\u00e1 sempre que houver crian\u00e7as grandes e pequenas que aprenderam a ver com os olhos do cora\u00e7\u00e3o.<\/p>\n<p>\u00c9 o que mais nos falta hoje: a capacidade de resgatar a imagina\u00e7\u00e3o criadora para projetar melhores mundos e ver com o cora\u00e7\u00e3o. Se isso existisse, n\u00e3o haveria tanta viol\u00eancia, nem crian\u00e7as abandonas nem o sofrimento da M\u00e3e Terra devastada.<\/p>\n<p>Para os crist\u00e3os vale a figura do menino Jesus que tirita sobre as palhinhas sendo aquecido pelo bafo do boi e do jumento. Disseram-me que ele misteriosamente atrav\u00e9s de um dos anjos que cantaram nos campos de Bel\u00e9m enviou a todas as crian\u00e7as do mundo uma cart\u00e3ozinho de Natal no qual dizia:<\/p>\n<p>Queridos irm\u00e3ozinhos e irm\u00e3zinhas:<\/p>\n<p>Se voc\u00eas olhando o pres\u00e9pio e me virem a\u00ed, sabendo pelo cora\u00e7\u00e3o que sou o Deus-crian\u00e7a que n\u00e3o veio para julgar, mas para estar, alegre, com todos voc\u00eas,<\/p>\n<p>Se voc\u00eas conseguirem ver nos outros meninos e meninas, especialmente no mais pobrezinhos, a minha presen\u00e7a neles,<\/p>\n<p>Se voc\u00eas conseguirem fazer renascer a crian\u00e7a escondida no seus pais e nos adultos para que surja nelas o amor a ternura,<\/p>\n<p>Se voc\u00eas ao olharem para o pres\u00e9pio perceberem que estou quase nuzinho e lembrarem de tantas crian\u00e7as igualmente pobres e mal vestidas e sofrerem no fundo do cora\u00e7\u00e3o por esta situa\u00e7\u00e3o desumana e desejarem que ela mude de fato,<\/p>\n<p>Se voc\u00eas ao verem a vaca, o boi, as ovelhas, os cabritos, os c\u00e3es, os camelos e o elefante pensarem que o universo inteiro recebe meu amor e minha luz e que todos, estrelas, pedras, \u00e1rvores, animais e humanos formamos a grande Casa de Deus,<\/p>\n<p>Se voc\u00eas olharem para o alto e virem a estrela com sua cauda e recordarem que sempre h\u00e1 uma estrela sobre voc\u00eas, acompanho-os, iluminando-os, mostrando-lhes os melhores caminhos,<\/p>\n<p>Ent\u00e3o saibam que eu estou chegando de novo e renovando o Natal. Estarei sempre perto de voc\u00eas, caminhando com voc\u00eas, chorando com voc\u00eas e brincando com voc\u00eas at\u00e9 aquele dia que s\u00f3 Deus sabe quando estaremos todos juntos na Casa de nosso Pai e de nossa M\u00e3e de bondade para vivermos bem felizes para sempre.<\/p>\n<p>Bel\u00e9m, 25 de dezembro do ano 1.<\/p>\n<p>Assinado: Menino Jesus<\/p>\n<div id=\"themify_builder_content-12360\" data-postid=\"12360\" class=\"themify_builder_content themify_builder_content-12360 themify_builder themify_builder_front\">\n\t<\/div>\n<!-- \/themify_builder_content -->","protected":false},"excerpt":{"rendered":"<p>Leonardo Boff Somos obrigados a viver num mundo onde a mercadoria \u00e9 o objeto mais expl\u00edcito do desejo de crian\u00e7as e de adultos. A mercadoria tem que ter brilho e magia, sen\u00e3o ningu\u00e9m a compra. Ela fala mais para os olhos cobi\u00e7osos do que para o cora\u00e7\u00e3o amoroso. \u00c9 dentro desta din\u00e2mica que se inscreve [&hellip;]<\/p>\n","protected":false},"author":5,"featured_media":0,"comment_status":"open","ping_status":"open","sticky":false,"template":"","format":"standard","meta":{"ngg_post_thumbnail":0,"footnotes":""},"categories":[9],"tags":[106,1790,60,1787,1788,1789],"yoast_head":"<!-- This site is optimized with the Yoast SEO plugin v23.5 - https:\/\/yoast.com\/wordpress\/plugins\/seo\/ -->\n<title>Natal: ver com os olhos do cora\u00e7\u00e3o - O Arcanjo no ar<\/title>\n<meta name=\"robots\" content=\"index, follow, max-snippet:-1, max-image-preview:large, max-video-preview:-1\" \/>\n<link rel=\"canonical\" href=\"https:\/\/www.oarcanjo.net\/site\/natal-ver-com-os-olhos-do-coracao\/\" \/>\n<meta property=\"og:locale\" content=\"pt_BR\" \/>\n<meta property=\"og:type\" content=\"article\" \/>\n<meta property=\"og:title\" content=\"Natal: ver com os olhos do cora\u00e7\u00e3o - O Arcanjo no ar\" \/>\n<meta property=\"og:description\" content=\"Leonardo Boff Somos obrigados a viver num mundo onde a mercadoria \u00e9 o objeto mais expl\u00edcito do desejo de crian\u00e7as e de adultos. A mercadoria tem que ter brilho e magia, sen\u00e3o ningu\u00e9m a compra. Ela fala mais para os olhos cobi\u00e7osos do que para o cora\u00e7\u00e3o amoroso. \u00c9 dentro desta din\u00e2mica que se inscreve [&hellip;]\" \/>\n<meta property=\"og:url\" content=\"https:\/\/www.oarcanjo.net\/site\/natal-ver-com-os-olhos-do-coracao\/\" \/>\n<meta property=\"og:site_name\" content=\"O Arcanjo no ar\" \/>\n<meta property=\"article:publisher\" content=\"https:\/\/www.facebook.com\/OArcanjoNoAr\/\" \/>\n<meta property=\"article:published_time\" content=\"2010-12-22T02:57:21+00:00\" \/>\n<meta property=\"og:image\" content=\"https:\/\/www.oarcanjo.net\/site\/wp-content\/uploads\/logo-o-arcanjo-no-ar-facebook.png\" \/>\n\t<meta property=\"og:image:width\" content=\"300\" \/>\n\t<meta property=\"og:image:height\" content=\"300\" \/>\n\t<meta property=\"og:image:type\" content=\"image\/png\" \/>\n<meta name=\"author\" content=\"editor\" \/>\n<meta name=\"twitter:card\" content=\"summary_large_image\" \/>\n<meta name=\"twitter:label1\" content=\"Escrito por\" \/>\n\t<meta name=\"twitter:data1\" content=\"editor\" \/>\n\t<meta name=\"twitter:label2\" content=\"Est. tempo de leitura\" \/>\n\t<meta name=\"twitter:data2\" content=\"4 minutos\" \/>\n<script type=\"application\/ld+json\" class=\"yoast-schema-graph\">{\"@context\":\"https:\/\/schema.org\",\"@graph\":[{\"@type\":\"Article\",\"@id\":\"https:\/\/www.oarcanjo.net\/site\/natal-ver-com-os-olhos-do-coracao\/#article\",\"isPartOf\":{\"@id\":\"https:\/\/www.oarcanjo.net\/site\/natal-ver-com-os-olhos-do-coracao\/\"},\"author\":{\"name\":\"editor\",\"@id\":\"https:\/\/www.oarcanjo.net\/site\/#\/schema\/person\/f7024d007863202483a31326673a0838\"},\"headline\":\"Natal: ver com os olhos do cora\u00e7\u00e3o\",\"datePublished\":\"2010-12-22T02:57:21+00:00\",\"dateModified\":\"2010-12-22T02:57:21+00:00\",\"mainEntityOfPage\":{\"@id\":\"https:\/\/www.oarcanjo.net\/site\/natal-ver-com-os-olhos-do-coracao\/\"},\"wordCount\":812,\"commentCount\":1,\"publisher\":{\"@id\":\"https:\/\/www.oarcanjo.net\/site\/#organization\"},\"keywords\":[\"consumismo\",\"generosidade\",\"natal\",\"Papai Noel\",\"Santa Claus\",\"S\u00e3o Nicolau\"],\"articleSection\":[\"Reflex\u00f5es\"],\"inLanguage\":\"pt-BR\",\"potentialAction\":[{\"@type\":\"CommentAction\",\"name\":\"Comment\",\"target\":[\"https:\/\/www.oarcanjo.net\/site\/natal-ver-com-os-olhos-do-coracao\/#respond\"]}]},{\"@type\":\"WebPage\",\"@id\":\"https:\/\/www.oarcanjo.net\/site\/natal-ver-com-os-olhos-do-coracao\/\",\"url\":\"https:\/\/www.oarcanjo.net\/site\/natal-ver-com-os-olhos-do-coracao\/\",\"name\":\"Natal: ver com os olhos do cora\u00e7\u00e3o - O Arcanjo no ar\",\"isPartOf\":{\"@id\":\"https:\/\/www.oarcanjo.net\/site\/#website\"},\"datePublished\":\"2010-12-22T02:57:21+00:00\",\"dateModified\":\"2010-12-22T02:57:21+00:00\",\"breadcrumb\":{\"@id\":\"https:\/\/www.oarcanjo.net\/site\/natal-ver-com-os-olhos-do-coracao\/#breadcrumb\"},\"inLanguage\":\"pt-BR\",\"potentialAction\":[{\"@type\":\"ReadAction\",\"target\":[\"https:\/\/www.oarcanjo.net\/site\/natal-ver-com-os-olhos-do-coracao\/\"]}]},{\"@type\":\"BreadcrumbList\",\"@id\":\"https:\/\/www.oarcanjo.net\/site\/natal-ver-com-os-olhos-do-coracao\/#breadcrumb\",\"itemListElement\":[{\"@type\":\"ListItem\",\"position\":1,\"name\":\"In\u00edcio\",\"item\":\"https:\/\/www.oarcanjo.net\/site\/\"},{\"@type\":\"ListItem\",\"position\":2,\"name\":\"Natal: ver com os olhos do cora\u00e7\u00e3o\"}]},{\"@type\":\"WebSite\",\"@id\":\"https:\/\/www.oarcanjo.net\/site\/#website\",\"url\":\"https:\/\/www.oarcanjo.net\/site\/\",\"name\":\"O Arcanjo no ar\",\"description\":\"Site da Par\u00f3quia S\u00e3o Miguel Arcanjo (Arquidiocese de SP)\",\"publisher\":{\"@id\":\"https:\/\/www.oarcanjo.net\/site\/#organization\"},\"potentialAction\":[{\"@type\":\"SearchAction\",\"target\":{\"@type\":\"EntryPoint\",\"urlTemplate\":\"https:\/\/www.oarcanjo.net\/site\/?s={search_term_string}\"},\"query-input\":{\"@type\":\"PropertyValueSpecification\",\"valueRequired\":true,\"valueName\":\"search_term_string\"}}],\"inLanguage\":\"pt-BR\"},{\"@type\":\"Organization\",\"@id\":\"https:\/\/www.oarcanjo.net\/site\/#organization\",\"name\":\"Par\u00f3quia S\u00e3o Miguel Arcanjo\",\"url\":\"https:\/\/www.oarcanjo.net\/site\/\",\"logo\":{\"@type\":\"ImageObject\",\"inLanguage\":\"pt-BR\",\"@id\":\"https:\/\/www.oarcanjo.net\/site\/#\/schema\/logo\/image\/\",\"url\":\"https:\/\/www.oarcanjo.net\/site\/wp-content\/uploads\/LogoOArcanjo.png\",\"contentUrl\":\"https:\/\/www.oarcanjo.net\/site\/wp-content\/uploads\/LogoOArcanjo.png\",\"width\":319,\"height\":99,\"caption\":\"Par\u00f3quia S\u00e3o Miguel Arcanjo\"},\"image\":{\"@id\":\"https:\/\/www.oarcanjo.net\/site\/#\/schema\/logo\/image\/\"},\"sameAs\":[\"https:\/\/www.facebook.com\/OArcanjoNoAr\/\"]},{\"@type\":\"Person\",\"@id\":\"https:\/\/www.oarcanjo.net\/site\/#\/schema\/person\/f7024d007863202483a31326673a0838\",\"name\":\"editor\",\"sameAs\":[\"http:\/\/www.oarcanjo.net\"]}]}<\/script>\n<!-- \/ Yoast SEO plugin. -->","yoast_head_json":{"title":"Natal: ver com os olhos do cora\u00e7\u00e3o - O Arcanjo no ar","robots":{"index":"index","follow":"follow","max-snippet":"max-snippet:-1","max-image-preview":"max-image-preview:large","max-video-preview":"max-video-preview:-1"},"canonical":"https:\/\/www.oarcanjo.net\/site\/natal-ver-com-os-olhos-do-coracao\/","og_locale":"pt_BR","og_type":"article","og_title":"Natal: ver com os olhos do cora\u00e7\u00e3o - O Arcanjo no ar","og_description":"Leonardo Boff Somos obrigados a viver num mundo onde a mercadoria \u00e9 o objeto mais expl\u00edcito do desejo de crian\u00e7as e de adultos. A mercadoria tem que ter brilho e magia, sen\u00e3o ningu\u00e9m a compra. Ela fala mais para os olhos cobi\u00e7osos do que para o cora\u00e7\u00e3o amoroso. \u00c9 dentro desta din\u00e2mica que se inscreve [&hellip;]","og_url":"https:\/\/www.oarcanjo.net\/site\/natal-ver-com-os-olhos-do-coracao\/","og_site_name":"O Arcanjo no ar","article_publisher":"https:\/\/www.facebook.com\/OArcanjoNoAr\/","article_published_time":"2010-12-22T02:57:21+00:00","og_image":[{"width":300,"height":300,"url":"https:\/\/www.oarcanjo.net\/site\/wp-content\/uploads\/logo-o-arcanjo-no-ar-facebook.png","type":"image\/png"}],"author":"editor","twitter_card":"summary_large_image","twitter_misc":{"Escrito por":"editor","Est. tempo de leitura":"4 minutos"},"schema":{"@context":"https:\/\/schema.org","@graph":[{"@type":"Article","@id":"https:\/\/www.oarcanjo.net\/site\/natal-ver-com-os-olhos-do-coracao\/#article","isPartOf":{"@id":"https:\/\/www.oarcanjo.net\/site\/natal-ver-com-os-olhos-do-coracao\/"},"author":{"name":"editor","@id":"https:\/\/www.oarcanjo.net\/site\/#\/schema\/person\/f7024d007863202483a31326673a0838"},"headline":"Natal: ver com os olhos do cora\u00e7\u00e3o","datePublished":"2010-12-22T02:57:21+00:00","dateModified":"2010-12-22T02:57:21+00:00","mainEntityOfPage":{"@id":"https:\/\/www.oarcanjo.net\/site\/natal-ver-com-os-olhos-do-coracao\/"},"wordCount":812,"commentCount":1,"publisher":{"@id":"https:\/\/www.oarcanjo.net\/site\/#organization"},"keywords":["consumismo","generosidade","natal","Papai Noel","Santa Claus","S\u00e3o Nicolau"],"articleSection":["Reflex\u00f5es"],"inLanguage":"pt-BR","potentialAction":[{"@type":"CommentAction","name":"Comment","target":["https:\/\/www.oarcanjo.net\/site\/natal-ver-com-os-olhos-do-coracao\/#respond"]}]},{"@type":"WebPage","@id":"https:\/\/www.oarcanjo.net\/site\/natal-ver-com-os-olhos-do-coracao\/","url":"https:\/\/www.oarcanjo.net\/site\/natal-ver-com-os-olhos-do-coracao\/","name":"Natal: ver com os olhos do cora\u00e7\u00e3o - O Arcanjo no ar","isPartOf":{"@id":"https:\/\/www.oarcanjo.net\/site\/#website"},"datePublished":"2010-12-22T02:57:21+00:00","dateModified":"2010-12-22T02:57:21+00:00","breadcrumb":{"@id":"https:\/\/www.oarcanjo.net\/site\/natal-ver-com-os-olhos-do-coracao\/#breadcrumb"},"inLanguage":"pt-BR","potentialAction":[{"@type":"ReadAction","target":["https:\/\/www.oarcanjo.net\/site\/natal-ver-com-os-olhos-do-coracao\/"]}]},{"@type":"BreadcrumbList","@id":"https:\/\/www.oarcanjo.net\/site\/natal-ver-com-os-olhos-do-coracao\/#breadcrumb","itemListElement":[{"@type":"ListItem","position":1,"name":"In\u00edcio","item":"https:\/\/www.oarcanjo.net\/site\/"},{"@type":"ListItem","position":2,"name":"Natal: ver com os olhos do cora\u00e7\u00e3o"}]},{"@type":"WebSite","@id":"https:\/\/www.oarcanjo.net\/site\/#website","url":"https:\/\/www.oarcanjo.net\/site\/","name":"O Arcanjo no ar","description":"Site da Par\u00f3quia S\u00e3o Miguel Arcanjo (Arquidiocese de SP)","publisher":{"@id":"https:\/\/www.oarcanjo.net\/site\/#organization"},"potentialAction":[{"@type":"SearchAction","target":{"@type":"EntryPoint","urlTemplate":"https:\/\/www.oarcanjo.net\/site\/?s={search_term_string}"},"query-input":{"@type":"PropertyValueSpecification","valueRequired":true,"valueName":"search_term_string"}}],"inLanguage":"pt-BR"},{"@type":"Organization","@id":"https:\/\/www.oarcanjo.net\/site\/#organization","name":"Par\u00f3quia S\u00e3o Miguel Arcanjo","url":"https:\/\/www.oarcanjo.net\/site\/","logo":{"@type":"ImageObject","inLanguage":"pt-BR","@id":"https:\/\/www.oarcanjo.net\/site\/#\/schema\/logo\/image\/","url":"https:\/\/www.oarcanjo.net\/site\/wp-content\/uploads\/LogoOArcanjo.png","contentUrl":"https:\/\/www.oarcanjo.net\/site\/wp-content\/uploads\/LogoOArcanjo.png","width":319,"height":99,"caption":"Par\u00f3quia S\u00e3o Miguel Arcanjo"},"image":{"@id":"https:\/\/www.oarcanjo.net\/site\/#\/schema\/logo\/image\/"},"sameAs":["https:\/\/www.facebook.com\/OArcanjoNoAr\/"]},{"@type":"Person","@id":"https:\/\/www.oarcanjo.net\/site\/#\/schema\/person\/f7024d007863202483a31326673a0838","name":"editor","sameAs":["http:\/\/www.oarcanjo.net"]}]}},"publishpress_future_action":{"enabled":false,"date":"2026-05-10 09:49:24","action":"category","newStatus":"draft","terms":[],"taxonomy":"category"},"publishpress_future_workflow_manual_trigger":{"enabledWorkflows":[]},"_links":{"self":[{"href":"https:\/\/www.oarcanjo.net\/site\/wp-json\/wp\/v2\/posts\/12360"}],"collection":[{"href":"https:\/\/www.oarcanjo.net\/site\/wp-json\/wp\/v2\/posts"}],"about":[{"href":"https:\/\/www.oarcanjo.net\/site\/wp-json\/wp\/v2\/types\/post"}],"author":[{"embeddable":true,"href":"https:\/\/www.oarcanjo.net\/site\/wp-json\/wp\/v2\/users\/5"}],"replies":[{"embeddable":true,"href":"https:\/\/www.oarcanjo.net\/site\/wp-json\/wp\/v2\/comments?post=12360"}],"version-history":[{"count":0,"href":"https:\/\/www.oarcanjo.net\/site\/wp-json\/wp\/v2\/posts\/12360\/revisions"}],"wp:attachment":[{"href":"https:\/\/www.oarcanjo.net\/site\/wp-json\/wp\/v2\/media?parent=12360"}],"wp:term":[{"taxonomy":"category","embeddable":true,"href":"https:\/\/www.oarcanjo.net\/site\/wp-json\/wp\/v2\/categories?post=12360"},{"taxonomy":"post_tag","embeddable":true,"href":"https:\/\/www.oarcanjo.net\/site\/wp-json\/wp\/v2\/tags?post=12360"}],"curies":[{"name":"wp","href":"https:\/\/api.w.org\/{rel}","templated":true}]}}