
{"id":12367,"date":"2010-12-22T22:03:52","date_gmt":"2010-12-23T00:03:52","guid":{"rendered":"http:\/\/www.oarcanjo.net\/site\/?p=12367"},"modified":"2010-12-22T01:08:09","modified_gmt":"2010-12-22T03:08:09","slug":"serao-chamados-filhos-de-deus","status":"publish","type":"post","link":"https:\/\/www.oarcanjo.net\/site\/serao-chamados-filhos-de-deus\/","title":{"rendered":"Ser\u00e3o chamados Filhos de Deus"},"content":{"rendered":"<p>Maria Clara Lucchetti Bingemer<\/p>\n<p>Natal n\u00e3o \u00e9 ponto de partida, mas de chegada. O povo que esperava o Salvador teve seu desejo atendido! Recebeu o que esperava. Neste fim de ano, nesta nossa amada cidade de S\u00e3o Sebasti\u00e3o do Rio de Janeiro, o desejo que enche o peito e a garganta do povo \u00e9 um s\u00f3: paz. Paz para viver, para trabalhar, para construir, para amar, para formar fam\u00edlia, para estudar, para fazer arte grande e pequena, para escrever livros e compor musica, para cantar, para viver enfim com tudo que a vida tem de duro e de delicioso, de dif\u00edcil e de belo.<\/p>\n<p>Avesso ao caos, \u00e0 desordem, \u00e0 balburdia, o ser humano anseia pela paz. Seu mais profundo desejo \u00e9 que finalmente essa paz venha e se instale em seu cora\u00e7\u00e3o, em sua cidade, em suas rela\u00e7\u00f5es, em seu pa\u00eds. Desejo adiado, adiado, e \u00e0s vezes t\u00e3o pisoteado. Parece que a m\u00e1 not\u00edcia da paz e da desordem teima em ocupar espa\u00e7o, fazer barulho, e bloquear a boa nova de que a paz \u00e9 poss\u00edvel. E que se encontra entre n\u00f3s algu\u00e9m capaz de faz\u00ea-la acontecer.<\/p>\n<p>E, no entanto, em meio a essa situa\u00e7\u00e3o de desaven\u00e7a, ousamos celebrar o Natal. E assim proclamamos que nossa espera foi plenificada. Recebemos o que tanto desej\u00e1vamos e esper\u00e1vamos. &#8220;Nasceu-nos um menino &#8211; disse o profeta Isa\u00edas ao rei que tinha ao lado a esposa gr\u00e1vida &#8211; &#8230;e ele se chamar\u00e1&#8230; Pr\u00edncipe da Paz&#8221;. O povo viveu tempos penosos depois daquela profecia. E chegou a se perguntar: ter\u00e1 o Senhor Deus esquecido de sua promessa? O profeta estaria enganado?<\/p>\n<p>Havia uma jovem em Nazar\u00e9 prometida a um carpinteiro de nome Jos\u00e9. Seu nome era Maria. E antes que coabitassem, ela concebeu um filho. Jos\u00e9 sofreu diante do mist\u00e9rio que n\u00e3o entendia, mas recebeu o menino e sua m\u00e3e. Aquele que Maria recebera em seu seio seria o verdadeiro Pr\u00edncipe da Paz. E quem viu, ouviu, tocou e apalpou a Palavra da Vida feita carne maravilhou-se e acreditou: este \u00e9 o verdadeiro Pr\u00edncipe da Paz, que tanto desejamos e esperamos. S\u00f3 Ele pode trazer-nos a paz verdadeira que nada nem ningu\u00e9m pode destruir.<\/p>\n<p>O menino cresceu em gra\u00e7a e sabedoria. Levantou a voz e falou nas pra\u00e7as p\u00fablicas anunciando a chegada do Reino de Deus, feito de justi\u00e7a e de paz. Todos os que esperavam e desejavam a paz nunca acontecida o seguiam maravilhados por toda parte. De sua boca sa\u00edam palavras de vida e onde pousava seu olhar e suas m\u00e3os, o mal era vencido e a paz acontecia.<\/p>\n<p>Aqueles que n\u00e3o queriam a paz o mataram. Mas os que o amavam e o viram morrer logo receberam a boa not\u00edcia de que ele estava vivo. Creram e espalharam a novidade, inundados da paz e da alegria que ele prometera. Anunciaram aos quatro ventos que aquele que nascera pequenino do seio de Maria de Nazar\u00e9 era, na verdade, o Filho de Deus, o Pr\u00edncipe da Paz.<\/p>\n<p>S\u00f3 ent\u00e3o entenderam aquilo que ele havia ensinado. Lembraram-se de uma vez que falou do alto de um monte e disse &#8220;Felizes os que constroem a paz porque ser\u00e3o chamados filhos de Deus&#8221;. E entenderam em que consistia essa paz: n\u00e3o em aus\u00eancia de conflitos, em falsa tranquilidade de consci\u00eancia, em aliena\u00e7\u00e3o. Mas em dinamicidade que luta e tudo faz para que a justi\u00e7a aconte\u00e7a, dando seu fruto maior, que \u00e9 a verdadeira paz.<\/p>\n<p>Entenderam que Jesus tinha passado a vida lutando por isso. Morrera por causa dessa luta. E Deus, confirmando sua vida, havia dito: Esse \u00e9 o meu filho amado. Ou\u00e7am-no. Fa\u00e7am como ele.<\/p>\n<p>No Natal celebramos o nascimento do Pr\u00edncipe da Paz. Ele \u00e9 o \u00fanico que pode nos dar aquilo que mais desejamos e esperamos. Mas n\u00f3s somos respons\u00e1veis pela constru\u00e7\u00e3o e consolida\u00e7\u00e3o dessa paz por ele dada, t\u00e3o cara e fundamental para a vida.<\/p>\n<p>Emmanuel Levinas, grande fil\u00f3sofo judeu do s\u00e9culo XX dizia: &#8220;&#8230;cada um deve agir como se fosse o Messias. O Messianismo n\u00e3o \u00e9 a certeza da vinda de um homem que det\u00e9m a Hist\u00f3ria. \u00c9 meu poder de responzabilizar-me por todos&#8221;.<\/p>\n<p>Neste Natal, calemo-nos em adora\u00e7\u00e3o diante do menino envolto em faixas e deitado numa manjedoura. Em sua fragilidade repousa a salva\u00e7\u00e3o do mundo. Ele \u00e9 o pr\u00edncipe da paz. E ao mesmo tempo, responsabilizemo-nos com Ele a construir essa paz t\u00e3o desejada por n\u00f3s e por todos que v\u00eam a este mundo. Ofere\u00e7amo-la, sobretudo ao que est\u00e1 pr\u00f3ximo a n\u00f3s. Seremos felizes, bem-aventurados. E chamados filhos de Deus!<\/p>\n<div id=\"themify_builder_content-12367\" data-postid=\"12367\" class=\"themify_builder_content themify_builder_content-12367 themify_builder themify_builder_front\">\n\t<\/div>\n<!-- \/themify_builder_content -->","protected":false},"excerpt":{"rendered":"<p>Maria Clara Lucchetti Bingemer Natal n\u00e3o \u00e9 ponto de partida, mas de chegada. O povo que esperava o Salvador teve seu desejo atendido! Recebeu o que esperava. Neste fim de ano, nesta nossa amada cidade de S\u00e3o Sebasti\u00e3o do Rio de Janeiro, o desejo que enche o peito e a garganta do povo \u00e9 um [&hellip;]<\/p>\n","protected":false},"author":5,"featured_media":0,"comment_status":"open","ping_status":"open","sticky":false,"template":"","format":"standard","meta":{"ngg_post_thumbnail":0,"footnotes":""},"categories":[9],"tags":[60,167,1561,231,20],"yoast_head":"<!-- This site is optimized with the Yoast SEO plugin v23.5 - https:\/\/yoast.com\/wordpress\/plugins\/seo\/ -->\n<title>Ser\u00e3o chamados Filhos de Deus - O Arcanjo no ar<\/title>\n<meta name=\"robots\" content=\"index, follow, max-snippet:-1, max-image-preview:large, max-video-preview:-1\" \/>\n<link rel=\"canonical\" href=\"https:\/\/www.oarcanjo.net\/site\/serao-chamados-filhos-de-deus\/\" \/>\n<meta property=\"og:locale\" content=\"pt_BR\" \/>\n<meta property=\"og:type\" content=\"article\" \/>\n<meta property=\"og:title\" content=\"Ser\u00e3o chamados Filhos de Deus - O Arcanjo no ar\" \/>\n<meta property=\"og:description\" content=\"Maria Clara Lucchetti Bingemer Natal n\u00e3o \u00e9 ponto de partida, mas de chegada. O povo que esperava o Salvador teve seu desejo atendido! Recebeu o que esperava. Neste fim de ano, nesta nossa amada cidade de S\u00e3o Sebasti\u00e3o do Rio de Janeiro, o desejo que enche o peito e a garganta do povo \u00e9 um [&hellip;]\" \/>\n<meta property=\"og:url\" content=\"https:\/\/www.oarcanjo.net\/site\/serao-chamados-filhos-de-deus\/\" \/>\n<meta property=\"og:site_name\" content=\"O Arcanjo no ar\" \/>\n<meta property=\"article:publisher\" content=\"https:\/\/www.facebook.com\/OArcanjoNoAr\/\" \/>\n<meta property=\"article:published_time\" content=\"2010-12-23T00:03:52+00:00\" \/>\n<meta property=\"article:modified_time\" content=\"2010-12-22T03:08:09+00:00\" \/>\n<meta property=\"og:image\" content=\"https:\/\/www.oarcanjo.net\/site\/wp-content\/uploads\/logo-o-arcanjo-no-ar-facebook.png\" \/>\n\t<meta property=\"og:image:width\" content=\"300\" \/>\n\t<meta property=\"og:image:height\" content=\"300\" \/>\n\t<meta property=\"og:image:type\" content=\"image\/png\" \/>\n<meta name=\"author\" content=\"editor\" \/>\n<meta name=\"twitter:card\" content=\"summary_large_image\" \/>\n<meta name=\"twitter:label1\" content=\"Escrito por\" \/>\n\t<meta name=\"twitter:data1\" content=\"editor\" \/>\n\t<meta name=\"twitter:label2\" content=\"Est. tempo de leitura\" \/>\n\t<meta name=\"twitter:data2\" content=\"4 minutos\" \/>\n<script type=\"application\/ld+json\" class=\"yoast-schema-graph\">{\"@context\":\"https:\/\/schema.org\",\"@graph\":[{\"@type\":\"Article\",\"@id\":\"https:\/\/www.oarcanjo.net\/site\/serao-chamados-filhos-de-deus\/#article\",\"isPartOf\":{\"@id\":\"https:\/\/www.oarcanjo.net\/site\/serao-chamados-filhos-de-deus\/\"},\"author\":{\"name\":\"editor\",\"@id\":\"https:\/\/www.oarcanjo.net\/site\/#\/schema\/person\/f7024d007863202483a31326673a0838\"},\"headline\":\"Ser\u00e3o chamados Filhos de Deus\",\"datePublished\":\"2010-12-23T00:03:52+00:00\",\"dateModified\":\"2010-12-22T03:08:09+00:00\",\"mainEntityOfPage\":{\"@id\":\"https:\/\/www.oarcanjo.net\/site\/serao-chamados-filhos-de-deus\/\"},\"wordCount\":811,\"commentCount\":0,\"publisher\":{\"@id\":\"https:\/\/www.oarcanjo.net\/site\/#organization\"},\"keywords\":[\"natal\",\"paz\",\"Rio de Janeiro\",\"seguran\u00e7a\",\"viol\u00eancia\"],\"articleSection\":[\"Reflex\u00f5es\"],\"inLanguage\":\"pt-BR\",\"potentialAction\":[{\"@type\":\"CommentAction\",\"name\":\"Comment\",\"target\":[\"https:\/\/www.oarcanjo.net\/site\/serao-chamados-filhos-de-deus\/#respond\"]}]},{\"@type\":\"WebPage\",\"@id\":\"https:\/\/www.oarcanjo.net\/site\/serao-chamados-filhos-de-deus\/\",\"url\":\"https:\/\/www.oarcanjo.net\/site\/serao-chamados-filhos-de-deus\/\",\"name\":\"Ser\u00e3o chamados Filhos de Deus - O Arcanjo no ar\",\"isPartOf\":{\"@id\":\"https:\/\/www.oarcanjo.net\/site\/#website\"},\"datePublished\":\"2010-12-23T00:03:52+00:00\",\"dateModified\":\"2010-12-22T03:08:09+00:00\",\"breadcrumb\":{\"@id\":\"https:\/\/www.oarcanjo.net\/site\/serao-chamados-filhos-de-deus\/#breadcrumb\"},\"inLanguage\":\"pt-BR\",\"potentialAction\":[{\"@type\":\"ReadAction\",\"target\":[\"https:\/\/www.oarcanjo.net\/site\/serao-chamados-filhos-de-deus\/\"]}]},{\"@type\":\"BreadcrumbList\",\"@id\":\"https:\/\/www.oarcanjo.net\/site\/serao-chamados-filhos-de-deus\/#breadcrumb\",\"itemListElement\":[{\"@type\":\"ListItem\",\"position\":1,\"name\":\"In\u00edcio\",\"item\":\"https:\/\/www.oarcanjo.net\/site\/\"},{\"@type\":\"ListItem\",\"position\":2,\"name\":\"Ser\u00e3o chamados Filhos de Deus\"}]},{\"@type\":\"WebSite\",\"@id\":\"https:\/\/www.oarcanjo.net\/site\/#website\",\"url\":\"https:\/\/www.oarcanjo.net\/site\/\",\"name\":\"O Arcanjo no ar\",\"description\":\"Site da Par\u00f3quia S\u00e3o Miguel Arcanjo (Arquidiocese de SP)\",\"publisher\":{\"@id\":\"https:\/\/www.oarcanjo.net\/site\/#organization\"},\"potentialAction\":[{\"@type\":\"SearchAction\",\"target\":{\"@type\":\"EntryPoint\",\"urlTemplate\":\"https:\/\/www.oarcanjo.net\/site\/?s={search_term_string}\"},\"query-input\":{\"@type\":\"PropertyValueSpecification\",\"valueRequired\":true,\"valueName\":\"search_term_string\"}}],\"inLanguage\":\"pt-BR\"},{\"@type\":\"Organization\",\"@id\":\"https:\/\/www.oarcanjo.net\/site\/#organization\",\"name\":\"Par\u00f3quia S\u00e3o Miguel Arcanjo\",\"url\":\"https:\/\/www.oarcanjo.net\/site\/\",\"logo\":{\"@type\":\"ImageObject\",\"inLanguage\":\"pt-BR\",\"@id\":\"https:\/\/www.oarcanjo.net\/site\/#\/schema\/logo\/image\/\",\"url\":\"https:\/\/www.oarcanjo.net\/site\/wp-content\/uploads\/LogoOArcanjo.png\",\"contentUrl\":\"https:\/\/www.oarcanjo.net\/site\/wp-content\/uploads\/LogoOArcanjo.png\",\"width\":319,\"height\":99,\"caption\":\"Par\u00f3quia S\u00e3o Miguel Arcanjo\"},\"image\":{\"@id\":\"https:\/\/www.oarcanjo.net\/site\/#\/schema\/logo\/image\/\"},\"sameAs\":[\"https:\/\/www.facebook.com\/OArcanjoNoAr\/\"]},{\"@type\":\"Person\",\"@id\":\"https:\/\/www.oarcanjo.net\/site\/#\/schema\/person\/f7024d007863202483a31326673a0838\",\"name\":\"editor\",\"sameAs\":[\"http:\/\/www.oarcanjo.net\"]}]}<\/script>\n<!-- \/ Yoast SEO plugin. -->","yoast_head_json":{"title":"Ser\u00e3o chamados Filhos de Deus - O Arcanjo no ar","robots":{"index":"index","follow":"follow","max-snippet":"max-snippet:-1","max-image-preview":"max-image-preview:large","max-video-preview":"max-video-preview:-1"},"canonical":"https:\/\/www.oarcanjo.net\/site\/serao-chamados-filhos-de-deus\/","og_locale":"pt_BR","og_type":"article","og_title":"Ser\u00e3o chamados Filhos de Deus - O Arcanjo no ar","og_description":"Maria Clara Lucchetti Bingemer Natal n\u00e3o \u00e9 ponto de partida, mas de chegada. O povo que esperava o Salvador teve seu desejo atendido! Recebeu o que esperava. Neste fim de ano, nesta nossa amada cidade de S\u00e3o Sebasti\u00e3o do Rio de Janeiro, o desejo que enche o peito e a garganta do povo \u00e9 um [&hellip;]","og_url":"https:\/\/www.oarcanjo.net\/site\/serao-chamados-filhos-de-deus\/","og_site_name":"O Arcanjo no ar","article_publisher":"https:\/\/www.facebook.com\/OArcanjoNoAr\/","article_published_time":"2010-12-23T00:03:52+00:00","article_modified_time":"2010-12-22T03:08:09+00:00","og_image":[{"width":300,"height":300,"url":"https:\/\/www.oarcanjo.net\/site\/wp-content\/uploads\/logo-o-arcanjo-no-ar-facebook.png","type":"image\/png"}],"author":"editor","twitter_card":"summary_large_image","twitter_misc":{"Escrito por":"editor","Est. tempo de leitura":"4 minutos"},"schema":{"@context":"https:\/\/schema.org","@graph":[{"@type":"Article","@id":"https:\/\/www.oarcanjo.net\/site\/serao-chamados-filhos-de-deus\/#article","isPartOf":{"@id":"https:\/\/www.oarcanjo.net\/site\/serao-chamados-filhos-de-deus\/"},"author":{"name":"editor","@id":"https:\/\/www.oarcanjo.net\/site\/#\/schema\/person\/f7024d007863202483a31326673a0838"},"headline":"Ser\u00e3o chamados Filhos de Deus","datePublished":"2010-12-23T00:03:52+00:00","dateModified":"2010-12-22T03:08:09+00:00","mainEntityOfPage":{"@id":"https:\/\/www.oarcanjo.net\/site\/serao-chamados-filhos-de-deus\/"},"wordCount":811,"commentCount":0,"publisher":{"@id":"https:\/\/www.oarcanjo.net\/site\/#organization"},"keywords":["natal","paz","Rio de Janeiro","seguran\u00e7a","viol\u00eancia"],"articleSection":["Reflex\u00f5es"],"inLanguage":"pt-BR","potentialAction":[{"@type":"CommentAction","name":"Comment","target":["https:\/\/www.oarcanjo.net\/site\/serao-chamados-filhos-de-deus\/#respond"]}]},{"@type":"WebPage","@id":"https:\/\/www.oarcanjo.net\/site\/serao-chamados-filhos-de-deus\/","url":"https:\/\/www.oarcanjo.net\/site\/serao-chamados-filhos-de-deus\/","name":"Ser\u00e3o chamados Filhos de Deus - O Arcanjo no ar","isPartOf":{"@id":"https:\/\/www.oarcanjo.net\/site\/#website"},"datePublished":"2010-12-23T00:03:52+00:00","dateModified":"2010-12-22T03:08:09+00:00","breadcrumb":{"@id":"https:\/\/www.oarcanjo.net\/site\/serao-chamados-filhos-de-deus\/#breadcrumb"},"inLanguage":"pt-BR","potentialAction":[{"@type":"ReadAction","target":["https:\/\/www.oarcanjo.net\/site\/serao-chamados-filhos-de-deus\/"]}]},{"@type":"BreadcrumbList","@id":"https:\/\/www.oarcanjo.net\/site\/serao-chamados-filhos-de-deus\/#breadcrumb","itemListElement":[{"@type":"ListItem","position":1,"name":"In\u00edcio","item":"https:\/\/www.oarcanjo.net\/site\/"},{"@type":"ListItem","position":2,"name":"Ser\u00e3o chamados Filhos de Deus"}]},{"@type":"WebSite","@id":"https:\/\/www.oarcanjo.net\/site\/#website","url":"https:\/\/www.oarcanjo.net\/site\/","name":"O Arcanjo no ar","description":"Site da Par\u00f3quia S\u00e3o Miguel Arcanjo (Arquidiocese de SP)","publisher":{"@id":"https:\/\/www.oarcanjo.net\/site\/#organization"},"potentialAction":[{"@type":"SearchAction","target":{"@type":"EntryPoint","urlTemplate":"https:\/\/www.oarcanjo.net\/site\/?s={search_term_string}"},"query-input":{"@type":"PropertyValueSpecification","valueRequired":true,"valueName":"search_term_string"}}],"inLanguage":"pt-BR"},{"@type":"Organization","@id":"https:\/\/www.oarcanjo.net\/site\/#organization","name":"Par\u00f3quia S\u00e3o Miguel Arcanjo","url":"https:\/\/www.oarcanjo.net\/site\/","logo":{"@type":"ImageObject","inLanguage":"pt-BR","@id":"https:\/\/www.oarcanjo.net\/site\/#\/schema\/logo\/image\/","url":"https:\/\/www.oarcanjo.net\/site\/wp-content\/uploads\/LogoOArcanjo.png","contentUrl":"https:\/\/www.oarcanjo.net\/site\/wp-content\/uploads\/LogoOArcanjo.png","width":319,"height":99,"caption":"Par\u00f3quia S\u00e3o Miguel Arcanjo"},"image":{"@id":"https:\/\/www.oarcanjo.net\/site\/#\/schema\/logo\/image\/"},"sameAs":["https:\/\/www.facebook.com\/OArcanjoNoAr\/"]},{"@type":"Person","@id":"https:\/\/www.oarcanjo.net\/site\/#\/schema\/person\/f7024d007863202483a31326673a0838","name":"editor","sameAs":["http:\/\/www.oarcanjo.net"]}]}},"publishpress_future_action":{"enabled":false,"date":"2026-05-10 09:49:24","action":"category","newStatus":"draft","terms":[],"taxonomy":"category"},"publishpress_future_workflow_manual_trigger":{"enabledWorkflows":[]},"_links":{"self":[{"href":"https:\/\/www.oarcanjo.net\/site\/wp-json\/wp\/v2\/posts\/12367"}],"collection":[{"href":"https:\/\/www.oarcanjo.net\/site\/wp-json\/wp\/v2\/posts"}],"about":[{"href":"https:\/\/www.oarcanjo.net\/site\/wp-json\/wp\/v2\/types\/post"}],"author":[{"embeddable":true,"href":"https:\/\/www.oarcanjo.net\/site\/wp-json\/wp\/v2\/users\/5"}],"replies":[{"embeddable":true,"href":"https:\/\/www.oarcanjo.net\/site\/wp-json\/wp\/v2\/comments?post=12367"}],"version-history":[{"count":0,"href":"https:\/\/www.oarcanjo.net\/site\/wp-json\/wp\/v2\/posts\/12367\/revisions"}],"wp:attachment":[{"href":"https:\/\/www.oarcanjo.net\/site\/wp-json\/wp\/v2\/media?parent=12367"}],"wp:term":[{"taxonomy":"category","embeddable":true,"href":"https:\/\/www.oarcanjo.net\/site\/wp-json\/wp\/v2\/categories?post=12367"},{"taxonomy":"post_tag","embeddable":true,"href":"https:\/\/www.oarcanjo.net\/site\/wp-json\/wp\/v2\/tags?post=12367"}],"curies":[{"name":"wp","href":"https:\/\/api.w.org\/{rel}","templated":true}]}}