
{"id":12369,"date":"2010-12-22T12:09:33","date_gmt":"2010-12-22T14:09:33","guid":{"rendered":"http:\/\/www.oarcanjo.net\/site\/?p=12369"},"modified":"2010-12-22T01:11:23","modified_gmt":"2010-12-22T03:11:23","slug":"dom-aloisio-docura-e-profecia","status":"publish","type":"post","link":"https:\/\/www.oarcanjo.net\/site\/dom-aloisio-docura-e-profecia\/","title":{"rendered":"Dom Aloisio, do\u00e7ura e profecia"},"content":{"rendered":"<p>Leo Arlindo, Alo\u00edsio Cardeal Lorscheider, foi uma chama luminosa, com seu um cora\u00e7\u00e3o am\u00e1vel e cheio de bondade, uma pessoa humana ao extremo, dotada de grandes virtudes e qualidades, de um \u201cbispo completo\u201d, segundo o grande te\u00f3logo Alberto Antoniazzi e no dizer do Senador Tasso Jereissati, \u201cdo homem mais ilustre da nossa gera\u00e7\u00e3o, no Cear\u00e1, com a sua vida de dedica\u00e7\u00e3o \u00e0 causa dos exclu\u00eddos\u201d, do maior benfeitor dos cearenses e patrim\u00f4nio de todo povo brasileiro.<\/p>\n<p>Ele foi um homem de Deus que, \u201cna medita\u00e7\u00e3o da Palavra de Deus, na Eucaristia, e na ora\u00e7\u00e3o do Of\u00edcio Divino se inebriava, se fortalecia, e na a\u00e7\u00e3o caritativa, prestimosa, solid\u00e1ria, constante e incans\u00e1vel, se entregava todos os dias para animar seus padres, para consolar os sofredores e fracos&#8230;\u201d (cf. O livro A Ternura de um Pastor, p.13). Dele tamb\u00e9m disse o Desembargador Fernando Ximenes: \u201cas camadas desfavorecidas ou marginalizadas, os sem-terra, os presos pol\u00edticos, os presidi\u00e1rios comuns e os trabalhadores em greve \u2013 ganharam um aliado de peso\u201d (Ibid. 22).<\/p>\n<p>Do\u00e7ura em pessoa, alegria constante, posi\u00e7\u00f5es corajosas e determinadas, ao mesmo tempo, pregava e anunciava o di\u00e1logo e a conc\u00f3rdia com grande sabedoria. Carregou sempre no seu grande cora\u00e7\u00e3o, as alegrias, as esperan\u00e7as, as tristezas, as ang\u00fastias e os sofrimentos de sua querida gente (cf. GS 200), al\u00e9m de travar, sem jamais se cansar, uma luta pela redemocratiza\u00e7\u00e3o, pela liberdade de express\u00e3o, pela dignidade da pessoa humana e pelo fim da tortura em nosso querido Brasil.<\/p>\n<p>Dom Alo\u00edsio foi o grande te\u00f3logo que sabia compreender a realidade na sua conjuntura e, com suas posi\u00e7\u00f5es bem claras e definidas, nas an\u00e1lises e nas conclus\u00f5es teol\u00f3gicas pastorais, passando para o povo um clima que favorecia e gerava uma confian\u00e7a generalizada. Da\u00ed ser o Cardeal que mais se destacou em todos os Conclaves e S\u00ednodos de que participou, gerando para o mundo inteiro e, especialmente, para toda a imprensa, uma grande expectativa. Sua palavra s\u00e1bia, corajosa e prof\u00e9tica era acolhida por todos como uma boa not\u00edcia, muito especial.<\/p>\n<p>Outra coisa bela, exemplar e maravilhosa no Cardeal Lorscheider foi a sua fidelidade \u00e0 Igreja e \u00e0 Sede de Pedro vivenciada e compreendida em profundidade a partir do Conc\u00edlio Vaticano II (1962 a 1965), com um enorme desejo de que o maior acontecimento eclesial do S\u00e9culo XX, o Conc\u00edlio, fosse aplicado e encarnado nas diversas realidades vividas pelo homem hodierno. A Igreja, mais do que nunca, precisava ser renovada, rejuvenescida. Era o sonho verdadeiro \u201caggiornamento\u201d, que estava diante dos olhos e do seu cora\u00e7\u00e3o.<\/p>\n<p>Ele, na sua simplicidade, amabilidade e bondade sem limites, deixou-nos um legado de boas obras e a\u00e7\u00f5es, que se concretizaram no seu testemunho e no seu modo de viver, na \u00edntima e em profunda comunh\u00e3o, pela ora\u00e7\u00e3o e a\u00e7\u00e3o, a Deus Pai. Para Dom Alo\u00edsio, como t\u00e3o bem diz o Ap\u00f3stolo Paulo, viver para foi verdadeiramente Cristo e morrer foi o lucro que todos n\u00f3s experimentamos, atrav\u00e9s da sua vida, e nunca iremos esquec\u00ea-lo (cf. Fl 1, 21).<\/p>\n<p>Seu modo de se comunicar e sua capacidade de dialogar com todas as classes sociais, especialmente os empobrecidos, sua palavra segura, advertindo \u201coportuna e inoportunamente\u201d (2Tm 4, 2), sua voz corajosa em denunciar as injusti\u00e7as e, sobretudo, a sua ternura e humildade franciscana, nos levam a afirmar que Dom Alo\u00edsio, verdadeiramente, habita eternamente em nossos cora\u00e7\u00f5es.<\/p>\n<div id=\"themify_builder_content-12369\" data-postid=\"12369\" class=\"themify_builder_content themify_builder_content-12369 themify_builder themify_builder_front\">\n\t<\/div>\n<!-- \/themify_builder_content -->","protected":false},"excerpt":{"rendered":"<p>Leo Arlindo, Alo\u00edsio Cardeal Lorscheider, foi uma chama luminosa, com seu um cora\u00e7\u00e3o am\u00e1vel e cheio de bondade, uma pessoa humana ao extremo, dotada de grandes virtudes e qualidades, de um \u201cbispo completo\u201d, segundo o grande te\u00f3logo Alberto Antoniazzi e no dizer do Senador Tasso Jereissati, \u201cdo homem mais ilustre da nossa gera\u00e7\u00e3o, no Cear\u00e1, [&hellip;]<\/p>\n","protected":false},"author":5,"featured_media":0,"comment_status":"open","ping_status":"open","sticky":false,"template":"","format":"standard","meta":{"ngg_post_thumbnail":0,"footnotes":""},"categories":[474],"tags":[1792,187],"yoast_head":"<!-- This site is optimized with the Yoast SEO plugin v23.5 - https:\/\/yoast.com\/wordpress\/plugins\/seo\/ -->\n<title>Dom Aloisio, do\u00e7ura e profecia - O Arcanjo no ar<\/title>\n<meta name=\"robots\" content=\"index, follow, max-snippet:-1, max-image-preview:large, max-video-preview:-1\" \/>\n<link rel=\"canonical\" href=\"https:\/\/www.oarcanjo.net\/site\/dom-aloisio-docura-e-profecia\/\" \/>\n<meta property=\"og:locale\" content=\"pt_BR\" \/>\n<meta property=\"og:type\" content=\"article\" \/>\n<meta property=\"og:title\" content=\"Dom Aloisio, do\u00e7ura e profecia - O Arcanjo no ar\" \/>\n<meta property=\"og:description\" content=\"Leo Arlindo, Alo\u00edsio Cardeal Lorscheider, foi uma chama luminosa, com seu um cora\u00e7\u00e3o am\u00e1vel e cheio de bondade, uma pessoa humana ao extremo, dotada de grandes virtudes e qualidades, de um \u201cbispo completo\u201d, segundo o grande te\u00f3logo Alberto Antoniazzi e no dizer do Senador Tasso Jereissati, \u201cdo homem mais ilustre da nossa gera\u00e7\u00e3o, no Cear\u00e1, [&hellip;]\" \/>\n<meta property=\"og:url\" content=\"https:\/\/www.oarcanjo.net\/site\/dom-aloisio-docura-e-profecia\/\" \/>\n<meta property=\"og:site_name\" content=\"O Arcanjo no ar\" \/>\n<meta property=\"article:publisher\" content=\"https:\/\/www.facebook.com\/OArcanjoNoAr\/\" \/>\n<meta property=\"article:published_time\" content=\"2010-12-22T14:09:33+00:00\" \/>\n<meta property=\"article:modified_time\" content=\"2010-12-22T03:11:23+00:00\" \/>\n<meta property=\"og:image\" content=\"https:\/\/www.oarcanjo.net\/site\/wp-content\/uploads\/logo-o-arcanjo-no-ar-facebook.png\" \/>\n\t<meta property=\"og:image:width\" content=\"300\" \/>\n\t<meta property=\"og:image:height\" content=\"300\" \/>\n\t<meta property=\"og:image:type\" content=\"image\/png\" \/>\n<meta name=\"author\" content=\"editor\" \/>\n<meta name=\"twitter:card\" content=\"summary_large_image\" \/>\n<meta name=\"twitter:label1\" content=\"Escrito por\" \/>\n\t<meta name=\"twitter:data1\" content=\"editor\" \/>\n\t<meta name=\"twitter:label2\" content=\"Est. tempo de leitura\" \/>\n\t<meta name=\"twitter:data2\" content=\"3 minutos\" \/>\n<script type=\"application\/ld+json\" class=\"yoast-schema-graph\">{\"@context\":\"https:\/\/schema.org\",\"@graph\":[{\"@type\":\"Article\",\"@id\":\"https:\/\/www.oarcanjo.net\/site\/dom-aloisio-docura-e-profecia\/#article\",\"isPartOf\":{\"@id\":\"https:\/\/www.oarcanjo.net\/site\/dom-aloisio-docura-e-profecia\/\"},\"author\":{\"name\":\"editor\",\"@id\":\"https:\/\/www.oarcanjo.net\/site\/#\/schema\/person\/f7024d007863202483a31326673a0838\"},\"headline\":\"Dom Aloisio, do\u00e7ura e profecia\",\"datePublished\":\"2010-12-22T14:09:33+00:00\",\"dateModified\":\"2010-12-22T03:11:23+00:00\",\"mainEntityOfPage\":{\"@id\":\"https:\/\/www.oarcanjo.net\/site\/dom-aloisio-docura-e-profecia\/\"},\"wordCount\":599,\"commentCount\":0,\"publisher\":{\"@id\":\"https:\/\/www.oarcanjo.net\/site\/#organization\"},\"keywords\":[\"Dom Aloisio Lorscheider\",\"profeta\"],\"articleSection\":[\"D. Aloisio Lorscheider\"],\"inLanguage\":\"pt-BR\",\"potentialAction\":[{\"@type\":\"CommentAction\",\"name\":\"Comment\",\"target\":[\"https:\/\/www.oarcanjo.net\/site\/dom-aloisio-docura-e-profecia\/#respond\"]}]},{\"@type\":\"WebPage\",\"@id\":\"https:\/\/www.oarcanjo.net\/site\/dom-aloisio-docura-e-profecia\/\",\"url\":\"https:\/\/www.oarcanjo.net\/site\/dom-aloisio-docura-e-profecia\/\",\"name\":\"Dom Aloisio, do\u00e7ura e profecia - O Arcanjo no ar\",\"isPartOf\":{\"@id\":\"https:\/\/www.oarcanjo.net\/site\/#website\"},\"datePublished\":\"2010-12-22T14:09:33+00:00\",\"dateModified\":\"2010-12-22T03:11:23+00:00\",\"breadcrumb\":{\"@id\":\"https:\/\/www.oarcanjo.net\/site\/dom-aloisio-docura-e-profecia\/#breadcrumb\"},\"inLanguage\":\"pt-BR\",\"potentialAction\":[{\"@type\":\"ReadAction\",\"target\":[\"https:\/\/www.oarcanjo.net\/site\/dom-aloisio-docura-e-profecia\/\"]}]},{\"@type\":\"BreadcrumbList\",\"@id\":\"https:\/\/www.oarcanjo.net\/site\/dom-aloisio-docura-e-profecia\/#breadcrumb\",\"itemListElement\":[{\"@type\":\"ListItem\",\"position\":1,\"name\":\"In\u00edcio\",\"item\":\"https:\/\/www.oarcanjo.net\/site\/\"},{\"@type\":\"ListItem\",\"position\":2,\"name\":\"Dom Aloisio, do\u00e7ura e profecia\"}]},{\"@type\":\"WebSite\",\"@id\":\"https:\/\/www.oarcanjo.net\/site\/#website\",\"url\":\"https:\/\/www.oarcanjo.net\/site\/\",\"name\":\"O Arcanjo no ar\",\"description\":\"Site da Par\u00f3quia S\u00e3o Miguel Arcanjo (Arquidiocese de SP)\",\"publisher\":{\"@id\":\"https:\/\/www.oarcanjo.net\/site\/#organization\"},\"potentialAction\":[{\"@type\":\"SearchAction\",\"target\":{\"@type\":\"EntryPoint\",\"urlTemplate\":\"https:\/\/www.oarcanjo.net\/site\/?s={search_term_string}\"},\"query-input\":{\"@type\":\"PropertyValueSpecification\",\"valueRequired\":true,\"valueName\":\"search_term_string\"}}],\"inLanguage\":\"pt-BR\"},{\"@type\":\"Organization\",\"@id\":\"https:\/\/www.oarcanjo.net\/site\/#organization\",\"name\":\"Par\u00f3quia S\u00e3o Miguel Arcanjo\",\"url\":\"https:\/\/www.oarcanjo.net\/site\/\",\"logo\":{\"@type\":\"ImageObject\",\"inLanguage\":\"pt-BR\",\"@id\":\"https:\/\/www.oarcanjo.net\/site\/#\/schema\/logo\/image\/\",\"url\":\"https:\/\/www.oarcanjo.net\/site\/wp-content\/uploads\/LogoOArcanjo.png\",\"contentUrl\":\"https:\/\/www.oarcanjo.net\/site\/wp-content\/uploads\/LogoOArcanjo.png\",\"width\":319,\"height\":99,\"caption\":\"Par\u00f3quia S\u00e3o Miguel Arcanjo\"},\"image\":{\"@id\":\"https:\/\/www.oarcanjo.net\/site\/#\/schema\/logo\/image\/\"},\"sameAs\":[\"https:\/\/www.facebook.com\/OArcanjoNoAr\/\"]},{\"@type\":\"Person\",\"@id\":\"https:\/\/www.oarcanjo.net\/site\/#\/schema\/person\/f7024d007863202483a31326673a0838\",\"name\":\"editor\",\"sameAs\":[\"http:\/\/www.oarcanjo.net\"]}]}<\/script>\n<!-- \/ Yoast SEO plugin. -->","yoast_head_json":{"title":"Dom Aloisio, do\u00e7ura e profecia - O Arcanjo no ar","robots":{"index":"index","follow":"follow","max-snippet":"max-snippet:-1","max-image-preview":"max-image-preview:large","max-video-preview":"max-video-preview:-1"},"canonical":"https:\/\/www.oarcanjo.net\/site\/dom-aloisio-docura-e-profecia\/","og_locale":"pt_BR","og_type":"article","og_title":"Dom Aloisio, do\u00e7ura e profecia - O Arcanjo no ar","og_description":"Leo Arlindo, Alo\u00edsio Cardeal Lorscheider, foi uma chama luminosa, com seu um cora\u00e7\u00e3o am\u00e1vel e cheio de bondade, uma pessoa humana ao extremo, dotada de grandes virtudes e qualidades, de um \u201cbispo completo\u201d, segundo o grande te\u00f3logo Alberto Antoniazzi e no dizer do Senador Tasso Jereissati, \u201cdo homem mais ilustre da nossa gera\u00e7\u00e3o, no Cear\u00e1, [&hellip;]","og_url":"https:\/\/www.oarcanjo.net\/site\/dom-aloisio-docura-e-profecia\/","og_site_name":"O Arcanjo no ar","article_publisher":"https:\/\/www.facebook.com\/OArcanjoNoAr\/","article_published_time":"2010-12-22T14:09:33+00:00","article_modified_time":"2010-12-22T03:11:23+00:00","og_image":[{"width":300,"height":300,"url":"https:\/\/www.oarcanjo.net\/site\/wp-content\/uploads\/logo-o-arcanjo-no-ar-facebook.png","type":"image\/png"}],"author":"editor","twitter_card":"summary_large_image","twitter_misc":{"Escrito por":"editor","Est. tempo de leitura":"3 minutos"},"schema":{"@context":"https:\/\/schema.org","@graph":[{"@type":"Article","@id":"https:\/\/www.oarcanjo.net\/site\/dom-aloisio-docura-e-profecia\/#article","isPartOf":{"@id":"https:\/\/www.oarcanjo.net\/site\/dom-aloisio-docura-e-profecia\/"},"author":{"name":"editor","@id":"https:\/\/www.oarcanjo.net\/site\/#\/schema\/person\/f7024d007863202483a31326673a0838"},"headline":"Dom Aloisio, do\u00e7ura e profecia","datePublished":"2010-12-22T14:09:33+00:00","dateModified":"2010-12-22T03:11:23+00:00","mainEntityOfPage":{"@id":"https:\/\/www.oarcanjo.net\/site\/dom-aloisio-docura-e-profecia\/"},"wordCount":599,"commentCount":0,"publisher":{"@id":"https:\/\/www.oarcanjo.net\/site\/#organization"},"keywords":["Dom Aloisio Lorscheider","profeta"],"articleSection":["D. Aloisio Lorscheider"],"inLanguage":"pt-BR","potentialAction":[{"@type":"CommentAction","name":"Comment","target":["https:\/\/www.oarcanjo.net\/site\/dom-aloisio-docura-e-profecia\/#respond"]}]},{"@type":"WebPage","@id":"https:\/\/www.oarcanjo.net\/site\/dom-aloisio-docura-e-profecia\/","url":"https:\/\/www.oarcanjo.net\/site\/dom-aloisio-docura-e-profecia\/","name":"Dom Aloisio, do\u00e7ura e profecia - O Arcanjo no ar","isPartOf":{"@id":"https:\/\/www.oarcanjo.net\/site\/#website"},"datePublished":"2010-12-22T14:09:33+00:00","dateModified":"2010-12-22T03:11:23+00:00","breadcrumb":{"@id":"https:\/\/www.oarcanjo.net\/site\/dom-aloisio-docura-e-profecia\/#breadcrumb"},"inLanguage":"pt-BR","potentialAction":[{"@type":"ReadAction","target":["https:\/\/www.oarcanjo.net\/site\/dom-aloisio-docura-e-profecia\/"]}]},{"@type":"BreadcrumbList","@id":"https:\/\/www.oarcanjo.net\/site\/dom-aloisio-docura-e-profecia\/#breadcrumb","itemListElement":[{"@type":"ListItem","position":1,"name":"In\u00edcio","item":"https:\/\/www.oarcanjo.net\/site\/"},{"@type":"ListItem","position":2,"name":"Dom Aloisio, do\u00e7ura e profecia"}]},{"@type":"WebSite","@id":"https:\/\/www.oarcanjo.net\/site\/#website","url":"https:\/\/www.oarcanjo.net\/site\/","name":"O Arcanjo no ar","description":"Site da Par\u00f3quia S\u00e3o Miguel Arcanjo (Arquidiocese de SP)","publisher":{"@id":"https:\/\/www.oarcanjo.net\/site\/#organization"},"potentialAction":[{"@type":"SearchAction","target":{"@type":"EntryPoint","urlTemplate":"https:\/\/www.oarcanjo.net\/site\/?s={search_term_string}"},"query-input":{"@type":"PropertyValueSpecification","valueRequired":true,"valueName":"search_term_string"}}],"inLanguage":"pt-BR"},{"@type":"Organization","@id":"https:\/\/www.oarcanjo.net\/site\/#organization","name":"Par\u00f3quia S\u00e3o Miguel Arcanjo","url":"https:\/\/www.oarcanjo.net\/site\/","logo":{"@type":"ImageObject","inLanguage":"pt-BR","@id":"https:\/\/www.oarcanjo.net\/site\/#\/schema\/logo\/image\/","url":"https:\/\/www.oarcanjo.net\/site\/wp-content\/uploads\/LogoOArcanjo.png","contentUrl":"https:\/\/www.oarcanjo.net\/site\/wp-content\/uploads\/LogoOArcanjo.png","width":319,"height":99,"caption":"Par\u00f3quia S\u00e3o Miguel Arcanjo"},"image":{"@id":"https:\/\/www.oarcanjo.net\/site\/#\/schema\/logo\/image\/"},"sameAs":["https:\/\/www.facebook.com\/OArcanjoNoAr\/"]},{"@type":"Person","@id":"https:\/\/www.oarcanjo.net\/site\/#\/schema\/person\/f7024d007863202483a31326673a0838","name":"editor","sameAs":["http:\/\/www.oarcanjo.net"]}]}},"publishpress_future_action":{"enabled":false,"date":"2026-05-06 19:23:23","action":"category","newStatus":"draft","terms":[],"taxonomy":"category"},"publishpress_future_workflow_manual_trigger":{"enabledWorkflows":[]},"_links":{"self":[{"href":"https:\/\/www.oarcanjo.net\/site\/wp-json\/wp\/v2\/posts\/12369"}],"collection":[{"href":"https:\/\/www.oarcanjo.net\/site\/wp-json\/wp\/v2\/posts"}],"about":[{"href":"https:\/\/www.oarcanjo.net\/site\/wp-json\/wp\/v2\/types\/post"}],"author":[{"embeddable":true,"href":"https:\/\/www.oarcanjo.net\/site\/wp-json\/wp\/v2\/users\/5"}],"replies":[{"embeddable":true,"href":"https:\/\/www.oarcanjo.net\/site\/wp-json\/wp\/v2\/comments?post=12369"}],"version-history":[{"count":0,"href":"https:\/\/www.oarcanjo.net\/site\/wp-json\/wp\/v2\/posts\/12369\/revisions"}],"wp:attachment":[{"href":"https:\/\/www.oarcanjo.net\/site\/wp-json\/wp\/v2\/media?parent=12369"}],"wp:term":[{"taxonomy":"category","embeddable":true,"href":"https:\/\/www.oarcanjo.net\/site\/wp-json\/wp\/v2\/categories?post=12369"},{"taxonomy":"post_tag","embeddable":true,"href":"https:\/\/www.oarcanjo.net\/site\/wp-json\/wp\/v2\/tags?post=12369"}],"curies":[{"name":"wp","href":"https:\/\/api.w.org\/{rel}","templated":true}]}}