
{"id":12405,"date":"2010-12-23T06:30:49","date_gmt":"2010-12-23T08:30:49","guid":{"rendered":"http:\/\/www.oarcanjo.net\/site\/?p=12405"},"modified":"2010-12-22T23:34:09","modified_gmt":"2010-12-23T01:34:09","slug":"natal-encontro-e-desencontro","status":"publish","type":"post","link":"https:\/\/www.oarcanjo.net\/site\/natal-encontro-e-desencontro\/","title":{"rendered":"Natal: Encontro e desencontro"},"content":{"rendered":"<p>Dom Dem\u00e9trio Valentini<\/p>\n<p>A celebra\u00e7\u00e3o do Natal j\u00e1 foi a express\u00e3o maior da simbiose entre f\u00e9 crist\u00e3 e cultura ocidental. Em nossos dias, esta simbiose est\u00e1 se diluindo rapidamente.<\/p>\n<p>Na celebra\u00e7\u00e3o do Natal entram agora componentes mutuamente alheios e estranhos. De tal modo que a festa vai perdendo sua identidade crist\u00e3. Assistimos, assim, a um processo hist\u00f3rico inverso daquele acontecido nos albores da Europa. Ent\u00e3o, de uma festa pag\u00e3, se forjou uma celebra\u00e7\u00e3o crist\u00e3. Agora, de uma celebra\u00e7\u00e3o crist\u00e3 se tomam os ingredientes para uma festividade que se desenvolve sem nenhuma rela\u00e7\u00e3o com os dados da f\u00e9. A substitui\u00e7\u00e3o do Menino Jesus pelo &#8220;Papai Noel&#8221; \u00e9 o s\u00edmbolo maior deste div\u00f3rcio cultural.<\/p>\n<p>A partir de Constantino, o cristianismo deixou de ser uma seita estranha e proibida, para rapidamente se tornar religi\u00e3o hegem\u00f4nica, e finalmente \u00fanica, nos territ\u00f3rios do antigo imp\u00e9rio romano.<\/p>\n<p>O fato hist\u00f3rico mais expressivo desta nova situa\u00e7\u00e3o, foi a coroa\u00e7\u00e3o Carlos Magno pelo Papa, como imperador do novo &#8220;Sacro Imp\u00e9rio Romano&#8221;, nos in\u00edcios do s\u00e9culo nono.<\/p>\n<p>Com a iniciativa de S\u00e3o Francisco de Assis, no s\u00e9culo treze, de recompor o ambiente de Bel\u00e9m pela montagem do &#8220;pres\u00e9pio&#8221;, acabou plasmando o formato exterior da festa comemorativa do nascimento de Jesus.<\/p>\n<p>Quando eclodiu o Renascimento, no s\u00e9culo quinze, os grandes artistas n\u00e3o tiveram nenhuma d\u00favida em encontrar nos epis\u00f3dios da f\u00e9 crist\u00e3 os argumentos para as suas obras de arte. Todas as obras primas de Michelangelo trazem motivos de f\u00e9 crist\u00e3. Estava consumada a identifica\u00e7\u00e3o entre f\u00e9 e cultura, entre culto e arte.<\/p>\n<p>Que o Natal tenha sido fruto desta lenta e progressiva identifica\u00e7\u00e3o entre f\u00e9 crist\u00e3 e cultura europ\u00e9ia, \u00e9 testemunhado pela sua pr\u00f3pria data. Ela \u00e9 indicada por um dia de m\u00eas, 25 de dezembro. Sinal evidente de que \u00e9 festa posterior aos in\u00edcios da Igreja, que s\u00f3 usava o calend\u00e1rio judeu, que tem como refer\u00eancia as semanas, e n\u00e3o os meses.<\/p>\n<p>Assim, toda celebra\u00e7\u00e3o indicada por dia de m\u00eas, testemunha ter sido introduzida posteriormente. No in\u00edcio, a Igreja n\u00e3o celebrava o nascimento de Jesus em dezembro. Nem os Evangelhos apresentam algum ind\u00edcio que leve a deduzir que o nascimento de Jesus tenha acontecido em alguma determinada \u00e9poca do ano.<\/p>\n<p>A fixa\u00e7\u00e3o do dia 25 de dezembro, provavelmente, se liga \u00e0 antiga tradi\u00e7\u00e3o pag\u00e3 da festa do sol, que ocorria nesta \u00e9poca do ano. Com o crescimento das refer\u00eancias crist\u00e3s, foi f\u00e1cil para a Igreja assumir a tradi\u00e7\u00e3o festiva, proveniente do paganismo, mas impregnando-a de novo significado: Cristo, o &#8220;sol nascente que ilumina todo homem que vem a este mundo&#8221;.<\/p>\n<p>Estava convertida ao cristianismo uma festa que era t\u00edpica do paganismo. E isto foi feito pela Igreja sem nenhum constrangimento.<\/p>\n<p>O desafio que agora inquieta a Igreja \u00e9 como recompor a f\u00e9 crist\u00e3 com a cultura atual. Para que isto aconte\u00e7a, se faz necess\u00e1rio um duplo movimento. Que a sociedade cultive valores aut\u00eanticos, ao alcance de suas motiva\u00e7\u00f5es. E que a Igreja ofere\u00e7a o testemunho de quanto os valores crist\u00e3os iluminam a vida humana e lhe conferem um novo significado.<\/p>\n<p>Assim, a beleza das narrativas de Lucas e Mateus, se tornar\u00e3o roteiro renovado para a express\u00e3o simult\u00e2nea da f\u00e9 crist\u00e3 e da arte humana.<\/p>\n<p>E o Natal voltar\u00e1 a ser a express\u00e3o da comunh\u00e3o entre f\u00e9 e cultura.<\/p>\n<div id=\"themify_builder_content-12405\" data-postid=\"12405\" class=\"themify_builder_content themify_builder_content-12405 themify_builder themify_builder_front\">\n\t<\/div>\n<!-- \/themify_builder_content -->","protected":false},"excerpt":{"rendered":"<p>Dom Dem\u00e9trio Valentini A celebra\u00e7\u00e3o do Natal j\u00e1 foi a express\u00e3o maior da simbiose entre f\u00e9 crist\u00e3 e cultura ocidental. Em nossos dias, esta simbiose est\u00e1 se diluindo rapidamente. Na celebra\u00e7\u00e3o do Natal entram agora componentes mutuamente alheios e estranhos. De tal modo que a festa vai perdendo sua identidade crist\u00e3. Assistimos, assim, a um [&hellip;]<\/p>\n","protected":false},"author":5,"featured_media":0,"comment_status":"open","ping_status":"open","sticky":false,"template":"","format":"standard","meta":{"ngg_post_thumbnail":0,"footnotes":""},"categories":[9],"tags":[441,236,60],"yoast_head":"<!-- This site is optimized with the Yoast SEO plugin v23.5 - https:\/\/yoast.com\/wordpress\/plugins\/seo\/ -->\n<title>Natal: Encontro e desencontro - O Arcanjo no ar<\/title>\n<meta name=\"robots\" content=\"index, follow, max-snippet:-1, max-image-preview:large, max-video-preview:-1\" \/>\n<link rel=\"canonical\" href=\"https:\/\/www.oarcanjo.net\/site\/natal-encontro-e-desencontro\/\" \/>\n<meta property=\"og:locale\" content=\"pt_BR\" \/>\n<meta property=\"og:type\" content=\"article\" \/>\n<meta property=\"og:title\" content=\"Natal: Encontro e desencontro - O Arcanjo no ar\" \/>\n<meta property=\"og:description\" content=\"Dom Dem\u00e9trio Valentini A celebra\u00e7\u00e3o do Natal j\u00e1 foi a express\u00e3o maior da simbiose entre f\u00e9 crist\u00e3 e cultura ocidental. Em nossos dias, esta simbiose est\u00e1 se diluindo rapidamente. Na celebra\u00e7\u00e3o do Natal entram agora componentes mutuamente alheios e estranhos. De tal modo que a festa vai perdendo sua identidade crist\u00e3. Assistimos, assim, a um [&hellip;]\" \/>\n<meta property=\"og:url\" content=\"https:\/\/www.oarcanjo.net\/site\/natal-encontro-e-desencontro\/\" \/>\n<meta property=\"og:site_name\" content=\"O Arcanjo no ar\" \/>\n<meta property=\"article:publisher\" content=\"https:\/\/www.facebook.com\/OArcanjoNoAr\/\" \/>\n<meta property=\"article:published_time\" content=\"2010-12-23T08:30:49+00:00\" \/>\n<meta property=\"article:modified_time\" content=\"2010-12-23T01:34:09+00:00\" \/>\n<meta property=\"og:image\" content=\"https:\/\/www.oarcanjo.net\/site\/wp-content\/uploads\/logo-o-arcanjo-no-ar-facebook.png\" \/>\n\t<meta property=\"og:image:width\" content=\"300\" \/>\n\t<meta property=\"og:image:height\" content=\"300\" \/>\n\t<meta property=\"og:image:type\" content=\"image\/png\" \/>\n<meta name=\"author\" content=\"editor\" \/>\n<meta name=\"twitter:card\" content=\"summary_large_image\" \/>\n<meta name=\"twitter:label1\" content=\"Escrito por\" \/>\n\t<meta name=\"twitter:data1\" content=\"editor\" \/>\n\t<meta name=\"twitter:label2\" content=\"Est. tempo de leitura\" \/>\n\t<meta name=\"twitter:data2\" content=\"3 minutos\" \/>\n<script type=\"application\/ld+json\" class=\"yoast-schema-graph\">{\"@context\":\"https:\/\/schema.org\",\"@graph\":[{\"@type\":\"Article\",\"@id\":\"https:\/\/www.oarcanjo.net\/site\/natal-encontro-e-desencontro\/#article\",\"isPartOf\":{\"@id\":\"https:\/\/www.oarcanjo.net\/site\/natal-encontro-e-desencontro\/\"},\"author\":{\"name\":\"editor\",\"@id\":\"https:\/\/www.oarcanjo.net\/site\/#\/schema\/person\/f7024d007863202483a31326673a0838\"},\"headline\":\"Natal: Encontro e desencontro\",\"datePublished\":\"2010-12-23T08:30:49+00:00\",\"dateModified\":\"2010-12-23T01:34:09+00:00\",\"mainEntityOfPage\":{\"@id\":\"https:\/\/www.oarcanjo.net\/site\/natal-encontro-e-desencontro\/\"},\"wordCount\":598,\"commentCount\":0,\"publisher\":{\"@id\":\"https:\/\/www.oarcanjo.net\/site\/#organization\"},\"keywords\":[\"f\u00e9\",\"Jesus\",\"natal\"],\"articleSection\":[\"Reflex\u00f5es\"],\"inLanguage\":\"pt-BR\",\"potentialAction\":[{\"@type\":\"CommentAction\",\"name\":\"Comment\",\"target\":[\"https:\/\/www.oarcanjo.net\/site\/natal-encontro-e-desencontro\/#respond\"]}]},{\"@type\":\"WebPage\",\"@id\":\"https:\/\/www.oarcanjo.net\/site\/natal-encontro-e-desencontro\/\",\"url\":\"https:\/\/www.oarcanjo.net\/site\/natal-encontro-e-desencontro\/\",\"name\":\"Natal: Encontro e desencontro - O Arcanjo no ar\",\"isPartOf\":{\"@id\":\"https:\/\/www.oarcanjo.net\/site\/#website\"},\"datePublished\":\"2010-12-23T08:30:49+00:00\",\"dateModified\":\"2010-12-23T01:34:09+00:00\",\"breadcrumb\":{\"@id\":\"https:\/\/www.oarcanjo.net\/site\/natal-encontro-e-desencontro\/#breadcrumb\"},\"inLanguage\":\"pt-BR\",\"potentialAction\":[{\"@type\":\"ReadAction\",\"target\":[\"https:\/\/www.oarcanjo.net\/site\/natal-encontro-e-desencontro\/\"]}]},{\"@type\":\"BreadcrumbList\",\"@id\":\"https:\/\/www.oarcanjo.net\/site\/natal-encontro-e-desencontro\/#breadcrumb\",\"itemListElement\":[{\"@type\":\"ListItem\",\"position\":1,\"name\":\"In\u00edcio\",\"item\":\"https:\/\/www.oarcanjo.net\/site\/\"},{\"@type\":\"ListItem\",\"position\":2,\"name\":\"Natal: Encontro e desencontro\"}]},{\"@type\":\"WebSite\",\"@id\":\"https:\/\/www.oarcanjo.net\/site\/#website\",\"url\":\"https:\/\/www.oarcanjo.net\/site\/\",\"name\":\"O Arcanjo no ar\",\"description\":\"Site da Par\u00f3quia S\u00e3o Miguel Arcanjo (Arquidiocese de SP)\",\"publisher\":{\"@id\":\"https:\/\/www.oarcanjo.net\/site\/#organization\"},\"potentialAction\":[{\"@type\":\"SearchAction\",\"target\":{\"@type\":\"EntryPoint\",\"urlTemplate\":\"https:\/\/www.oarcanjo.net\/site\/?s={search_term_string}\"},\"query-input\":{\"@type\":\"PropertyValueSpecification\",\"valueRequired\":true,\"valueName\":\"search_term_string\"}}],\"inLanguage\":\"pt-BR\"},{\"@type\":\"Organization\",\"@id\":\"https:\/\/www.oarcanjo.net\/site\/#organization\",\"name\":\"Par\u00f3quia S\u00e3o Miguel Arcanjo\",\"url\":\"https:\/\/www.oarcanjo.net\/site\/\",\"logo\":{\"@type\":\"ImageObject\",\"inLanguage\":\"pt-BR\",\"@id\":\"https:\/\/www.oarcanjo.net\/site\/#\/schema\/logo\/image\/\",\"url\":\"https:\/\/www.oarcanjo.net\/site\/wp-content\/uploads\/LogoOArcanjo.png\",\"contentUrl\":\"https:\/\/www.oarcanjo.net\/site\/wp-content\/uploads\/LogoOArcanjo.png\",\"width\":319,\"height\":99,\"caption\":\"Par\u00f3quia S\u00e3o Miguel Arcanjo\"},\"image\":{\"@id\":\"https:\/\/www.oarcanjo.net\/site\/#\/schema\/logo\/image\/\"},\"sameAs\":[\"https:\/\/www.facebook.com\/OArcanjoNoAr\/\"]},{\"@type\":\"Person\",\"@id\":\"https:\/\/www.oarcanjo.net\/site\/#\/schema\/person\/f7024d007863202483a31326673a0838\",\"name\":\"editor\",\"sameAs\":[\"http:\/\/www.oarcanjo.net\"]}]}<\/script>\n<!-- \/ Yoast SEO plugin. -->","yoast_head_json":{"title":"Natal: Encontro e desencontro - O Arcanjo no ar","robots":{"index":"index","follow":"follow","max-snippet":"max-snippet:-1","max-image-preview":"max-image-preview:large","max-video-preview":"max-video-preview:-1"},"canonical":"https:\/\/www.oarcanjo.net\/site\/natal-encontro-e-desencontro\/","og_locale":"pt_BR","og_type":"article","og_title":"Natal: Encontro e desencontro - O Arcanjo no ar","og_description":"Dom Dem\u00e9trio Valentini A celebra\u00e7\u00e3o do Natal j\u00e1 foi a express\u00e3o maior da simbiose entre f\u00e9 crist\u00e3 e cultura ocidental. Em nossos dias, esta simbiose est\u00e1 se diluindo rapidamente. Na celebra\u00e7\u00e3o do Natal entram agora componentes mutuamente alheios e estranhos. De tal modo que a festa vai perdendo sua identidade crist\u00e3. Assistimos, assim, a um [&hellip;]","og_url":"https:\/\/www.oarcanjo.net\/site\/natal-encontro-e-desencontro\/","og_site_name":"O Arcanjo no ar","article_publisher":"https:\/\/www.facebook.com\/OArcanjoNoAr\/","article_published_time":"2010-12-23T08:30:49+00:00","article_modified_time":"2010-12-23T01:34:09+00:00","og_image":[{"width":300,"height":300,"url":"https:\/\/www.oarcanjo.net\/site\/wp-content\/uploads\/logo-o-arcanjo-no-ar-facebook.png","type":"image\/png"}],"author":"editor","twitter_card":"summary_large_image","twitter_misc":{"Escrito por":"editor","Est. tempo de leitura":"3 minutos"},"schema":{"@context":"https:\/\/schema.org","@graph":[{"@type":"Article","@id":"https:\/\/www.oarcanjo.net\/site\/natal-encontro-e-desencontro\/#article","isPartOf":{"@id":"https:\/\/www.oarcanjo.net\/site\/natal-encontro-e-desencontro\/"},"author":{"name":"editor","@id":"https:\/\/www.oarcanjo.net\/site\/#\/schema\/person\/f7024d007863202483a31326673a0838"},"headline":"Natal: Encontro e desencontro","datePublished":"2010-12-23T08:30:49+00:00","dateModified":"2010-12-23T01:34:09+00:00","mainEntityOfPage":{"@id":"https:\/\/www.oarcanjo.net\/site\/natal-encontro-e-desencontro\/"},"wordCount":598,"commentCount":0,"publisher":{"@id":"https:\/\/www.oarcanjo.net\/site\/#organization"},"keywords":["f\u00e9","Jesus","natal"],"articleSection":["Reflex\u00f5es"],"inLanguage":"pt-BR","potentialAction":[{"@type":"CommentAction","name":"Comment","target":["https:\/\/www.oarcanjo.net\/site\/natal-encontro-e-desencontro\/#respond"]}]},{"@type":"WebPage","@id":"https:\/\/www.oarcanjo.net\/site\/natal-encontro-e-desencontro\/","url":"https:\/\/www.oarcanjo.net\/site\/natal-encontro-e-desencontro\/","name":"Natal: Encontro e desencontro - O Arcanjo no ar","isPartOf":{"@id":"https:\/\/www.oarcanjo.net\/site\/#website"},"datePublished":"2010-12-23T08:30:49+00:00","dateModified":"2010-12-23T01:34:09+00:00","breadcrumb":{"@id":"https:\/\/www.oarcanjo.net\/site\/natal-encontro-e-desencontro\/#breadcrumb"},"inLanguage":"pt-BR","potentialAction":[{"@type":"ReadAction","target":["https:\/\/www.oarcanjo.net\/site\/natal-encontro-e-desencontro\/"]}]},{"@type":"BreadcrumbList","@id":"https:\/\/www.oarcanjo.net\/site\/natal-encontro-e-desencontro\/#breadcrumb","itemListElement":[{"@type":"ListItem","position":1,"name":"In\u00edcio","item":"https:\/\/www.oarcanjo.net\/site\/"},{"@type":"ListItem","position":2,"name":"Natal: Encontro e desencontro"}]},{"@type":"WebSite","@id":"https:\/\/www.oarcanjo.net\/site\/#website","url":"https:\/\/www.oarcanjo.net\/site\/","name":"O Arcanjo no ar","description":"Site da Par\u00f3quia S\u00e3o Miguel Arcanjo (Arquidiocese de SP)","publisher":{"@id":"https:\/\/www.oarcanjo.net\/site\/#organization"},"potentialAction":[{"@type":"SearchAction","target":{"@type":"EntryPoint","urlTemplate":"https:\/\/www.oarcanjo.net\/site\/?s={search_term_string}"},"query-input":{"@type":"PropertyValueSpecification","valueRequired":true,"valueName":"search_term_string"}}],"inLanguage":"pt-BR"},{"@type":"Organization","@id":"https:\/\/www.oarcanjo.net\/site\/#organization","name":"Par\u00f3quia S\u00e3o Miguel Arcanjo","url":"https:\/\/www.oarcanjo.net\/site\/","logo":{"@type":"ImageObject","inLanguage":"pt-BR","@id":"https:\/\/www.oarcanjo.net\/site\/#\/schema\/logo\/image\/","url":"https:\/\/www.oarcanjo.net\/site\/wp-content\/uploads\/LogoOArcanjo.png","contentUrl":"https:\/\/www.oarcanjo.net\/site\/wp-content\/uploads\/LogoOArcanjo.png","width":319,"height":99,"caption":"Par\u00f3quia S\u00e3o Miguel Arcanjo"},"image":{"@id":"https:\/\/www.oarcanjo.net\/site\/#\/schema\/logo\/image\/"},"sameAs":["https:\/\/www.facebook.com\/OArcanjoNoAr\/"]},{"@type":"Person","@id":"https:\/\/www.oarcanjo.net\/site\/#\/schema\/person\/f7024d007863202483a31326673a0838","name":"editor","sameAs":["http:\/\/www.oarcanjo.net"]}]}},"publishpress_future_action":{"enabled":false,"date":"2026-05-10 10:04:37","action":"category","newStatus":"draft","terms":[],"taxonomy":"category"},"publishpress_future_workflow_manual_trigger":{"enabledWorkflows":[]},"_links":{"self":[{"href":"https:\/\/www.oarcanjo.net\/site\/wp-json\/wp\/v2\/posts\/12405"}],"collection":[{"href":"https:\/\/www.oarcanjo.net\/site\/wp-json\/wp\/v2\/posts"}],"about":[{"href":"https:\/\/www.oarcanjo.net\/site\/wp-json\/wp\/v2\/types\/post"}],"author":[{"embeddable":true,"href":"https:\/\/www.oarcanjo.net\/site\/wp-json\/wp\/v2\/users\/5"}],"replies":[{"embeddable":true,"href":"https:\/\/www.oarcanjo.net\/site\/wp-json\/wp\/v2\/comments?post=12405"}],"version-history":[{"count":0,"href":"https:\/\/www.oarcanjo.net\/site\/wp-json\/wp\/v2\/posts\/12405\/revisions"}],"wp:attachment":[{"href":"https:\/\/www.oarcanjo.net\/site\/wp-json\/wp\/v2\/media?parent=12405"}],"wp:term":[{"taxonomy":"category","embeddable":true,"href":"https:\/\/www.oarcanjo.net\/site\/wp-json\/wp\/v2\/categories?post=12405"},{"taxonomy":"post_tag","embeddable":true,"href":"https:\/\/www.oarcanjo.net\/site\/wp-json\/wp\/v2\/tags?post=12405"}],"curies":[{"name":"wp","href":"https:\/\/api.w.org\/{rel}","templated":true}]}}