
{"id":12408,"date":"2010-12-23T12:30:46","date_gmt":"2010-12-23T14:30:46","guid":{"rendered":"http:\/\/www.oarcanjo.net\/site\/?p=12408"},"modified":"2010-12-23T00:21:11","modified_gmt":"2010-12-23T02:21:11","slug":"o-sequestro-das-luzes-do-natal-e-a-escuridao","status":"publish","type":"post","link":"https:\/\/www.oarcanjo.net\/site\/o-sequestro-das-luzes-do-natal-e-a-escuridao\/","title":{"rendered":"O sequestro das Luzes do Natal e a escurid\u00e3o"},"content":{"rendered":"<p>Jung Mo Sung<\/p>\n<p>As propagandas de alguns dos maiores bancos privados do Brasil para esta \u00e9poca de Natal nos ensinam que devemos lutar contra o consumismo desenfreado, usar dinheiro com consci\u00eancia, saber que o dinheiro \u00e9 um instrumento, buscar a verdadeira felicidade, etc. \u00c9 o esp\u00edrito de Natal invadindo espa\u00e7os que normalmente s\u00e3o dominados por gan\u00e2ncia de mais dinheiro, ostenta\u00e7\u00e3o e efici\u00eancia econ\u00f4mica acima de tudo.<\/p>\n<p>Essas propagandas me fazem pensar: ser\u00e1 que na \u00e9poca de Natal ocorre uma &#8220;convers\u00e3o radical&#8221; entre os grandes capitalistas e executivos e eles percebem que a vida \u00e9 mais do que a busca ilimitada de riqueza e a sua ostenta\u00e7\u00e3o? Uma convers\u00e3o que, mesmo sendo por muito pouco tempo, mostraria o &#8220;poder&#8221; do esp\u00edrito do Natal? Gostaria de acreditar, mas a vida real me lembra que n\u00e3o devemos confundir ret\u00f3ricas de propaganda com as reais inten\u00e7\u00f5es dos capitalistas e a l\u00f3gica econ\u00f4mica capitalista.<\/p>\n<p>\u00c9 claro que deve haver algum grande empres\u00e1rio ou executivo desejando que a vida realmente seja assim, com o uso consciente do dinheiro, consumo sustent\u00e1vel, justi\u00e7a social acima da acumula\u00e7\u00e3o da riqueza nas m\u00e3os de poucos, etc. Mas, ele tamb\u00e9m vai tomar consci\u00eancia de que uma coisa \u00e9 propaganda do final de ano e a outra \u00e9 a &#8220;vida dura e crua&#8221; dos neg\u00f3cios.<\/p>\n<p>A apropria\u00e7\u00e3o ou o seq\u00fcestro do &#8220;esp\u00edrito de Natal&#8221; pelas propagandas das grandes empresas nos lembram que n\u00e3o basta l\u00edderes de igrejas ou te\u00f3logos\/as propagarem discursos enaltecendo o esp\u00edrito do Natal, pregando que todos n\u00f3s dever\u00edamos viver de acordo com os valores natalino. Esses discursos, por mais bonitos e tocantes que possam ser, n\u00e3o fazem mais diferen\u00e7a no e para o mundo. Tudo ficou pasteurizado! E quando o an\u00fancio da Boa Nova n\u00e3o faz mais diferen\u00e7a, n\u00e3o provoca mudan\u00e7a e n\u00e3o produz uma novidade, n\u00e3o \u00e9 mais Evangelho.<\/p>\n<p>Este \u00e9 um dos grandes desafios do cristianismo em uma sociedade injusta que se legitima e funciona em nome dos valores ocidentais e crist\u00e3os. Esta identifica\u00e7\u00e3o \u00e9 t\u00e3o profunda que a Igreja Cat\u00f3lica, ou pelo menos a sua hierarquia que pensa que fala em nome de toda a Igreja Cat\u00f3lica, luta para que os pr\u00e9dios das institui\u00e7\u00f5es p\u00fablicas, as que representam o Estado e a sociedade, mantenham dentro delas o crucifixo. Isto para lembrar a todos\/as que vivemos em uma sociedade &#8220;fundada&#8221; no cristianismo.<\/p>\n<p>Os pres\u00e9pios luxuosos espalhados pelos pontos centrais das cidades e em espa\u00e7os comerciais de grande circula\u00e7\u00e3o tamb\u00e9m s\u00e3o express\u00f5es dessa perda da diferen\u00e7a. Mais do que a perda da diferen\u00e7a entre o an\u00fancio da boa-nova aos pobres e o an\u00fancio dos grandes feitos poderosos do Imp\u00e9rio, ocorreu entre n\u00f3s uma profunda invers\u00e3o. Esses pres\u00e9pios luxuosos, que vemos mesmo dentro das igrejas, pretendem representar um fato dram\u00e1tico, oposto: o nascimento de um menino pobre, de uma fam\u00edlia pobre, em um est\u00e1bulo no meio dos animais.<\/p>\n<p>Palavras rom\u00e2nticas, embrulhadas em palavras espiritualizantes e religiosas, que tocam nossos cora\u00e7\u00f5es s\u00e3o apropriadas para este tempo de Natal. Por isso elas fazem muito sucesso. Mas, quando at\u00e9 os grandes bancos, que est\u00e3o na ponta do capitalismo global, as utilizam, \u00e9 tempo de procurarmos novas palavras e imagens! Se n\u00e3o, a luz que nasce da manjedoura se misturar\u00e1 com as luzes potentes das grandes \u00e1rvores de Natal ou decora\u00e7\u00f5es dos bancos e perder\u00e1 a sua diferen\u00e7a, o seu brilho especial.<\/p>\n<p>Cristianismo s\u00f3 manter\u00e1 a sua relev\u00e2ncia no mundo de hoje se for capaz de manter a sua diferen\u00e7a! N\u00e3o uma diferen\u00e7a que o fa\u00e7a se sentir especial, superior aos demais, mas sim uma diferen\u00e7a que sempre nos mostre que as luzes do Imp\u00e9rio s\u00e3o como holofotes que iluminam os grandes monumentos e os grandes &#8220;sucessos&#8221; (financeiros, pol\u00edticos, religiosos&#8230;) e tiram do foco, da nossa vista, os sofrimentos das pessoas marginalizadas que est\u00e3o abandonadas na escurid\u00e3o.<\/p>\n<p>Quem s\u00f3 olha para o que o holofote foca, ou busca ser iluminado pelo holofote &#8211; a grande tenta\u00e7\u00e3o, da grandeza, do sucesso e da fama -, fica cego para tudo o que est\u00e1 em sua volta. A nossa diferen\u00e7a deve se manifestar como a p\u00e1lida luz que vem de uma &#8220;manjedoura em Bel\u00e9m&#8221; e ilumina a vida das pessoas que vivem e lutam contra a luz que gera a escurid\u00e3o.<\/p>\n<div id=\"themify_builder_content-12408\" data-postid=\"12408\" class=\"themify_builder_content themify_builder_content-12408 themify_builder themify_builder_front\">\n\t<\/div>\n<!-- \/themify_builder_content -->","protected":false},"excerpt":{"rendered":"<p>Jung Mo Sung As propagandas de alguns dos maiores bancos privados do Brasil para esta \u00e9poca de Natal nos ensinam que devemos lutar contra o consumismo desenfreado, usar dinheiro com consci\u00eancia, saber que o dinheiro \u00e9 um instrumento, buscar a verdadeira felicidade, etc. \u00c9 o esp\u00edrito de Natal invadindo espa\u00e7os que normalmente s\u00e3o dominados por [&hellip;]<\/p>\n","protected":false},"author":5,"featured_media":0,"comment_status":"open","ping_status":"open","sticky":false,"template":"","format":"standard","meta":{"ngg_post_thumbnail":0,"footnotes":""},"categories":[9],"tags":[108,633,222,60,391],"yoast_head":"<!-- This site is optimized with the Yoast SEO plugin v23.5 - https:\/\/yoast.com\/wordpress\/plugins\/seo\/ -->\n<title>O sequestro das Luzes do Natal e a escurid\u00e3o - O Arcanjo no ar<\/title>\n<meta name=\"robots\" content=\"index, follow, max-snippet:-1, max-image-preview:large, max-video-preview:-1\" \/>\n<link rel=\"canonical\" href=\"https:\/\/www.oarcanjo.net\/site\/o-sequestro-das-luzes-do-natal-e-a-escuridao\/\" \/>\n<meta property=\"og:locale\" content=\"pt_BR\" \/>\n<meta property=\"og:type\" content=\"article\" \/>\n<meta property=\"og:title\" content=\"O sequestro das Luzes do Natal e a escurid\u00e3o - O Arcanjo no ar\" \/>\n<meta property=\"og:description\" content=\"Jung Mo Sung As propagandas de alguns dos maiores bancos privados do Brasil para esta \u00e9poca de Natal nos ensinam que devemos lutar contra o consumismo desenfreado, usar dinheiro com consci\u00eancia, saber que o dinheiro \u00e9 um instrumento, buscar a verdadeira felicidade, etc. \u00c9 o esp\u00edrito de Natal invadindo espa\u00e7os que normalmente s\u00e3o dominados por [&hellip;]\" \/>\n<meta property=\"og:url\" content=\"https:\/\/www.oarcanjo.net\/site\/o-sequestro-das-luzes-do-natal-e-a-escuridao\/\" \/>\n<meta property=\"og:site_name\" content=\"O Arcanjo no ar\" \/>\n<meta property=\"article:publisher\" content=\"https:\/\/www.facebook.com\/OArcanjoNoAr\/\" \/>\n<meta property=\"article:published_time\" content=\"2010-12-23T14:30:46+00:00\" \/>\n<meta property=\"article:modified_time\" content=\"2010-12-23T02:21:11+00:00\" \/>\n<meta property=\"og:image\" content=\"https:\/\/www.oarcanjo.net\/site\/wp-content\/uploads\/logo-o-arcanjo-no-ar-facebook.png\" \/>\n\t<meta property=\"og:image:width\" content=\"300\" \/>\n\t<meta property=\"og:image:height\" content=\"300\" \/>\n\t<meta property=\"og:image:type\" content=\"image\/png\" \/>\n<meta name=\"author\" content=\"editor\" \/>\n<meta name=\"twitter:card\" content=\"summary_large_image\" \/>\n<meta name=\"twitter:label1\" content=\"Escrito por\" \/>\n\t<meta name=\"twitter:data1\" content=\"editor\" \/>\n\t<meta name=\"twitter:label2\" content=\"Est. tempo de leitura\" \/>\n\t<meta name=\"twitter:data2\" content=\"4 minutos\" \/>\n<script type=\"application\/ld+json\" class=\"yoast-schema-graph\">{\"@context\":\"https:\/\/schema.org\",\"@graph\":[{\"@type\":\"Article\",\"@id\":\"https:\/\/www.oarcanjo.net\/site\/o-sequestro-das-luzes-do-natal-e-a-escuridao\/#article\",\"isPartOf\":{\"@id\":\"https:\/\/www.oarcanjo.net\/site\/o-sequestro-das-luzes-do-natal-e-a-escuridao\/\"},\"author\":{\"name\":\"editor\",\"@id\":\"https:\/\/www.oarcanjo.net\/site\/#\/schema\/person\/f7024d007863202483a31326673a0838\"},\"headline\":\"O sequestro das Luzes do Natal e a escurid\u00e3o\",\"datePublished\":\"2010-12-23T14:30:46+00:00\",\"dateModified\":\"2010-12-23T02:21:11+00:00\",\"mainEntityOfPage\":{\"@id\":\"https:\/\/www.oarcanjo.net\/site\/o-sequestro-das-luzes-do-natal-e-a-escuridao\/\"},\"wordCount\":788,\"commentCount\":1,\"publisher\":{\"@id\":\"https:\/\/www.oarcanjo.net\/site\/#organization\"},\"keywords\":[\"Advento\",\"capitalismo\",\"cristianismo\",\"natal\",\"Profecia\"],\"articleSection\":[\"Reflex\u00f5es\"],\"inLanguage\":\"pt-BR\",\"potentialAction\":[{\"@type\":\"CommentAction\",\"name\":\"Comment\",\"target\":[\"https:\/\/www.oarcanjo.net\/site\/o-sequestro-das-luzes-do-natal-e-a-escuridao\/#respond\"]}]},{\"@type\":\"WebPage\",\"@id\":\"https:\/\/www.oarcanjo.net\/site\/o-sequestro-das-luzes-do-natal-e-a-escuridao\/\",\"url\":\"https:\/\/www.oarcanjo.net\/site\/o-sequestro-das-luzes-do-natal-e-a-escuridao\/\",\"name\":\"O sequestro das Luzes do Natal e a escurid\u00e3o - O Arcanjo no ar\",\"isPartOf\":{\"@id\":\"https:\/\/www.oarcanjo.net\/site\/#website\"},\"datePublished\":\"2010-12-23T14:30:46+00:00\",\"dateModified\":\"2010-12-23T02:21:11+00:00\",\"breadcrumb\":{\"@id\":\"https:\/\/www.oarcanjo.net\/site\/o-sequestro-das-luzes-do-natal-e-a-escuridao\/#breadcrumb\"},\"inLanguage\":\"pt-BR\",\"potentialAction\":[{\"@type\":\"ReadAction\",\"target\":[\"https:\/\/www.oarcanjo.net\/site\/o-sequestro-das-luzes-do-natal-e-a-escuridao\/\"]}]},{\"@type\":\"BreadcrumbList\",\"@id\":\"https:\/\/www.oarcanjo.net\/site\/o-sequestro-das-luzes-do-natal-e-a-escuridao\/#breadcrumb\",\"itemListElement\":[{\"@type\":\"ListItem\",\"position\":1,\"name\":\"In\u00edcio\",\"item\":\"https:\/\/www.oarcanjo.net\/site\/\"},{\"@type\":\"ListItem\",\"position\":2,\"name\":\"O sequestro das Luzes do Natal e a escurid\u00e3o\"}]},{\"@type\":\"WebSite\",\"@id\":\"https:\/\/www.oarcanjo.net\/site\/#website\",\"url\":\"https:\/\/www.oarcanjo.net\/site\/\",\"name\":\"O Arcanjo no ar\",\"description\":\"Site da Par\u00f3quia S\u00e3o Miguel Arcanjo (Arquidiocese de SP)\",\"publisher\":{\"@id\":\"https:\/\/www.oarcanjo.net\/site\/#organization\"},\"potentialAction\":[{\"@type\":\"SearchAction\",\"target\":{\"@type\":\"EntryPoint\",\"urlTemplate\":\"https:\/\/www.oarcanjo.net\/site\/?s={search_term_string}\"},\"query-input\":{\"@type\":\"PropertyValueSpecification\",\"valueRequired\":true,\"valueName\":\"search_term_string\"}}],\"inLanguage\":\"pt-BR\"},{\"@type\":\"Organization\",\"@id\":\"https:\/\/www.oarcanjo.net\/site\/#organization\",\"name\":\"Par\u00f3quia S\u00e3o Miguel Arcanjo\",\"url\":\"https:\/\/www.oarcanjo.net\/site\/\",\"logo\":{\"@type\":\"ImageObject\",\"inLanguage\":\"pt-BR\",\"@id\":\"https:\/\/www.oarcanjo.net\/site\/#\/schema\/logo\/image\/\",\"url\":\"https:\/\/www.oarcanjo.net\/site\/wp-content\/uploads\/LogoOArcanjo.png\",\"contentUrl\":\"https:\/\/www.oarcanjo.net\/site\/wp-content\/uploads\/LogoOArcanjo.png\",\"width\":319,\"height\":99,\"caption\":\"Par\u00f3quia S\u00e3o Miguel Arcanjo\"},\"image\":{\"@id\":\"https:\/\/www.oarcanjo.net\/site\/#\/schema\/logo\/image\/\"},\"sameAs\":[\"https:\/\/www.facebook.com\/OArcanjoNoAr\/\"]},{\"@type\":\"Person\",\"@id\":\"https:\/\/www.oarcanjo.net\/site\/#\/schema\/person\/f7024d007863202483a31326673a0838\",\"name\":\"editor\",\"sameAs\":[\"http:\/\/www.oarcanjo.net\"]}]}<\/script>\n<!-- \/ Yoast SEO plugin. -->","yoast_head_json":{"title":"O sequestro das Luzes do Natal e a escurid\u00e3o - O Arcanjo no ar","robots":{"index":"index","follow":"follow","max-snippet":"max-snippet:-1","max-image-preview":"max-image-preview:large","max-video-preview":"max-video-preview:-1"},"canonical":"https:\/\/www.oarcanjo.net\/site\/o-sequestro-das-luzes-do-natal-e-a-escuridao\/","og_locale":"pt_BR","og_type":"article","og_title":"O sequestro das Luzes do Natal e a escurid\u00e3o - O Arcanjo no ar","og_description":"Jung Mo Sung As propagandas de alguns dos maiores bancos privados do Brasil para esta \u00e9poca de Natal nos ensinam que devemos lutar contra o consumismo desenfreado, usar dinheiro com consci\u00eancia, saber que o dinheiro \u00e9 um instrumento, buscar a verdadeira felicidade, etc. \u00c9 o esp\u00edrito de Natal invadindo espa\u00e7os que normalmente s\u00e3o dominados por [&hellip;]","og_url":"https:\/\/www.oarcanjo.net\/site\/o-sequestro-das-luzes-do-natal-e-a-escuridao\/","og_site_name":"O Arcanjo no ar","article_publisher":"https:\/\/www.facebook.com\/OArcanjoNoAr\/","article_published_time":"2010-12-23T14:30:46+00:00","article_modified_time":"2010-12-23T02:21:11+00:00","og_image":[{"width":300,"height":300,"url":"https:\/\/www.oarcanjo.net\/site\/wp-content\/uploads\/logo-o-arcanjo-no-ar-facebook.png","type":"image\/png"}],"author":"editor","twitter_card":"summary_large_image","twitter_misc":{"Escrito por":"editor","Est. tempo de leitura":"4 minutos"},"schema":{"@context":"https:\/\/schema.org","@graph":[{"@type":"Article","@id":"https:\/\/www.oarcanjo.net\/site\/o-sequestro-das-luzes-do-natal-e-a-escuridao\/#article","isPartOf":{"@id":"https:\/\/www.oarcanjo.net\/site\/o-sequestro-das-luzes-do-natal-e-a-escuridao\/"},"author":{"name":"editor","@id":"https:\/\/www.oarcanjo.net\/site\/#\/schema\/person\/f7024d007863202483a31326673a0838"},"headline":"O sequestro das Luzes do Natal e a escurid\u00e3o","datePublished":"2010-12-23T14:30:46+00:00","dateModified":"2010-12-23T02:21:11+00:00","mainEntityOfPage":{"@id":"https:\/\/www.oarcanjo.net\/site\/o-sequestro-das-luzes-do-natal-e-a-escuridao\/"},"wordCount":788,"commentCount":1,"publisher":{"@id":"https:\/\/www.oarcanjo.net\/site\/#organization"},"keywords":["Advento","capitalismo","cristianismo","natal","Profecia"],"articleSection":["Reflex\u00f5es"],"inLanguage":"pt-BR","potentialAction":[{"@type":"CommentAction","name":"Comment","target":["https:\/\/www.oarcanjo.net\/site\/o-sequestro-das-luzes-do-natal-e-a-escuridao\/#respond"]}]},{"@type":"WebPage","@id":"https:\/\/www.oarcanjo.net\/site\/o-sequestro-das-luzes-do-natal-e-a-escuridao\/","url":"https:\/\/www.oarcanjo.net\/site\/o-sequestro-das-luzes-do-natal-e-a-escuridao\/","name":"O sequestro das Luzes do Natal e a escurid\u00e3o - O Arcanjo no ar","isPartOf":{"@id":"https:\/\/www.oarcanjo.net\/site\/#website"},"datePublished":"2010-12-23T14:30:46+00:00","dateModified":"2010-12-23T02:21:11+00:00","breadcrumb":{"@id":"https:\/\/www.oarcanjo.net\/site\/o-sequestro-das-luzes-do-natal-e-a-escuridao\/#breadcrumb"},"inLanguage":"pt-BR","potentialAction":[{"@type":"ReadAction","target":["https:\/\/www.oarcanjo.net\/site\/o-sequestro-das-luzes-do-natal-e-a-escuridao\/"]}]},{"@type":"BreadcrumbList","@id":"https:\/\/www.oarcanjo.net\/site\/o-sequestro-das-luzes-do-natal-e-a-escuridao\/#breadcrumb","itemListElement":[{"@type":"ListItem","position":1,"name":"In\u00edcio","item":"https:\/\/www.oarcanjo.net\/site\/"},{"@type":"ListItem","position":2,"name":"O sequestro das Luzes do Natal e a escurid\u00e3o"}]},{"@type":"WebSite","@id":"https:\/\/www.oarcanjo.net\/site\/#website","url":"https:\/\/www.oarcanjo.net\/site\/","name":"O Arcanjo no ar","description":"Site da Par\u00f3quia S\u00e3o Miguel Arcanjo (Arquidiocese de SP)","publisher":{"@id":"https:\/\/www.oarcanjo.net\/site\/#organization"},"potentialAction":[{"@type":"SearchAction","target":{"@type":"EntryPoint","urlTemplate":"https:\/\/www.oarcanjo.net\/site\/?s={search_term_string}"},"query-input":{"@type":"PropertyValueSpecification","valueRequired":true,"valueName":"search_term_string"}}],"inLanguage":"pt-BR"},{"@type":"Organization","@id":"https:\/\/www.oarcanjo.net\/site\/#organization","name":"Par\u00f3quia S\u00e3o Miguel Arcanjo","url":"https:\/\/www.oarcanjo.net\/site\/","logo":{"@type":"ImageObject","inLanguage":"pt-BR","@id":"https:\/\/www.oarcanjo.net\/site\/#\/schema\/logo\/image\/","url":"https:\/\/www.oarcanjo.net\/site\/wp-content\/uploads\/LogoOArcanjo.png","contentUrl":"https:\/\/www.oarcanjo.net\/site\/wp-content\/uploads\/LogoOArcanjo.png","width":319,"height":99,"caption":"Par\u00f3quia S\u00e3o Miguel Arcanjo"},"image":{"@id":"https:\/\/www.oarcanjo.net\/site\/#\/schema\/logo\/image\/"},"sameAs":["https:\/\/www.facebook.com\/OArcanjoNoAr\/"]},{"@type":"Person","@id":"https:\/\/www.oarcanjo.net\/site\/#\/schema\/person\/f7024d007863202483a31326673a0838","name":"editor","sameAs":["http:\/\/www.oarcanjo.net"]}]}},"publishpress_future_action":{"enabled":false,"date":"2026-05-10 10:01:58","action":"category","newStatus":"draft","terms":[],"taxonomy":"category"},"publishpress_future_workflow_manual_trigger":{"enabledWorkflows":[]},"_links":{"self":[{"href":"https:\/\/www.oarcanjo.net\/site\/wp-json\/wp\/v2\/posts\/12408"}],"collection":[{"href":"https:\/\/www.oarcanjo.net\/site\/wp-json\/wp\/v2\/posts"}],"about":[{"href":"https:\/\/www.oarcanjo.net\/site\/wp-json\/wp\/v2\/types\/post"}],"author":[{"embeddable":true,"href":"https:\/\/www.oarcanjo.net\/site\/wp-json\/wp\/v2\/users\/5"}],"replies":[{"embeddable":true,"href":"https:\/\/www.oarcanjo.net\/site\/wp-json\/wp\/v2\/comments?post=12408"}],"version-history":[{"count":0,"href":"https:\/\/www.oarcanjo.net\/site\/wp-json\/wp\/v2\/posts\/12408\/revisions"}],"wp:attachment":[{"href":"https:\/\/www.oarcanjo.net\/site\/wp-json\/wp\/v2\/media?parent=12408"}],"wp:term":[{"taxonomy":"category","embeddable":true,"href":"https:\/\/www.oarcanjo.net\/site\/wp-json\/wp\/v2\/categories?post=12408"},{"taxonomy":"post_tag","embeddable":true,"href":"https:\/\/www.oarcanjo.net\/site\/wp-json\/wp\/v2\/tags?post=12408"}],"curies":[{"name":"wp","href":"https:\/\/api.w.org\/{rel}","templated":true}]}}