
{"id":12442,"date":"2010-12-23T12:47:15","date_gmt":"2010-12-23T14:47:15","guid":{"rendered":"http:\/\/www.oarcanjo.net\/site\/?p=12442"},"modified":"2010-12-23T12:47:15","modified_gmt":"2010-12-23T14:47:15","slug":"sinonimos-do-natal","status":"publish","type":"post","link":"https:\/\/www.oarcanjo.net\/site\/sinonimos-do-natal\/","title":{"rendered":"Sin\u00f4nimos do Natal"},"content":{"rendered":"<p style=\"text-align: justify;\"><em>Pe. Alfredo J. Gon\u00e7alves, CS<\/em><\/p>\n<p style=\"text-align: justify;\">Ao longo dos s\u00e9culos, o Natal adquiriu os mais diversos sin\u00f4nimos. Hoje, em especial nos pa\u00edses do ocidente, a data representa significados diferentes, plurais, variados e at\u00e9 contradit\u00f3rios. Primeiramente, h\u00e1 o <em>Natal Familiar<\/em>. Tem cara de la\u00e7os \u00edntimos, particulares, restritos ao \u00e2mbito do parentesco. Nesta perspectiva, os festejos natalinos constituem um tempo privilegiado para costurar rela\u00e7\u00f5es rompidas, refazer as amizades. A ceia pode ser um momento particularmente rico em arrependimentos, abra\u00e7os, alegria e comemora\u00e7\u00e3o festiva. \u00c9 claramente sin\u00f4nimo de reconcilia\u00e7\u00e3o, reencontro, renova\u00e7\u00e3o e recome\u00e7o&#8230;<\/p>\n<p style=\"text-align: justify;\">Depois h\u00e1 o <em>Natal do Papai Noel<\/em>. Com o passar do tempo, converteu-se no Natal do Mercado. O com\u00e9rcio e o consumo entram em fase de ebuli\u00e7\u00e3o. O trin\u00f4mio \u201cprodu\u00e7\u00e3o, comercializa\u00e7\u00e3o e compra\u201d imp\u00f5e-se com uma for\u00e7a de \u00e1guas represadas. As ruas, pra\u00e7as e corredores dos shoppings centers ganham um frenesi sem precedentes. Torrentes de clientes por a\u00ed circulam sem parar. Nas v\u00e9speras da festa, as pessoas experimentam uma atmosfera de pressa, correria, uma verdadeira obsess\u00e3o por adquirir novidades. Sen\u00e3o, onde colocar o d\u00e9cimo terceiro sal\u00e1rio! Contribuem para isso o peso de marketing, da propaganda e da publicidade. A insist\u00eancia e estrid\u00eancia de seus apelos ultrapassam os tons e sons mais inesperados. Tanto entre as crian\u00e7as quanto entre os adultos, respira-se um ar de que \u00e9 preciso \u201cabrir m\u00e3o\u201d. O tempo \u00e9 de gastar,comprar, divertir-se, festejar. Tudo, claro, aben\u00e7oado pelo bom e simp\u00e1tico velhinho de barbas brancas e longas&#8230;<\/p>\n<p style=\"text-align: justify;\">Mas h\u00e1 tamb\u00e9m o <em>Natal do Menino Jesus<\/em>. Embora um tanto quanto esquecido e envergonhado, em meio a essa profus\u00e3o de cores e luzes, imagens e sons, mercadorias e pre\u00e7os baratos, brinquedos e cart\u00f5es de cr\u00e9dito, o Menino segue sendo o protagonista central da festa. Verdade que anda meio relegado a um segundo plano, quando n\u00e3o inteiramente desaparecido. N\u00e3o poucas crian\u00e7as talvez se espantem com a figura do Menino, Maria e Jos\u00e9. Alguns poder\u00e3o nos surpreender com a pergunta \u201cquem s\u00e3o esses\u201d? Ali\u00e1s, n\u00e3o deixaria de ser uma pergunta original. Tamb\u00e9m no tempo do nascimento de Jesus, sua m\u00e3e \u201co envolveu com faixas e o reclinou numa manjedoura, porque n\u00e3o havia lugar para eles\u201d, nos diz o evangelista (Lc 2,7)&#8230;<\/p>\n<p style=\"text-align: justify;\">H\u00e1, ainda, o <em>Natal do Pres\u00e9pio<\/em>. Encontra-se por toda parte: lares, ruas, pra\u00e7as, Igrejas, exposi\u00e7\u00f5es. Segundo a tradi\u00e7\u00e3o, remonta ao s\u00e9culo XIII, sendo Francisco de Assis o primeiro a representar a Fam\u00edlia de Nazar\u00e9 na gruta de Bel\u00e9m. Da\u00ed sua proximidade com os relatos evang\u00e9licos. Costuma ser uma imagem muito viva em nossa mem\u00f3ria: animais, pastores, anjos, estrela, reis magos. Sua recorda\u00e7\u00e3o, em geral, traz repercuss\u00f5es da mais tenra inf\u00e2ncia. Mist\u00e9rio e magia a\u00ed se mesclam para nos transportar a uma s\u00e9rie de lembran\u00e7as inconscientes, mas carregadas de do\u00e7ura e encanto. Essa imagem nebulosa, n\u00e3o raro, vem acompanhada pela alegria dos presentes natalinos t\u00e3o ansiosamente esperados nos sapatos colocados com anteced\u00eancia na lareira. Ultimamente, por\u00e9m, o pres\u00e9pio vem ganhando novos ingredientes, alheios ao contexto evang\u00e9lico, tais como neve, bolas, cart\u00f5es postais, imagens de Papai Noel&#8230;<\/p>\n<div id=\"themify_builder_content-12442\" data-postid=\"12442\" class=\"themify_builder_content themify_builder_content-12442 themify_builder themify_builder_front\">\n\t<\/div>\n<!-- \/themify_builder_content -->","protected":false},"excerpt":{"rendered":"<p>Pe. Alfredo J. Gon\u00e7alves, CS Ao longo dos s\u00e9culos, o Natal adquiriu os mais diversos sin\u00f4nimos. Hoje, em especial nos pa\u00edses do ocidente, a data representa significados diferentes, plurais, variados e at\u00e9 contradit\u00f3rios. Primeiramente, h\u00e1 o Natal Familiar. Tem cara de la\u00e7os \u00edntimos, particulares, restritos ao \u00e2mbito do parentesco. Nesta perspectiva, os festejos natalinos constituem [&hellip;]<\/p>\n","protected":false},"author":15,"featured_media":0,"comment_status":"open","ping_status":"open","sticky":false,"template":"","format":"standard","meta":{"ngg_post_thumbnail":0,"footnotes":""},"categories":[9],"tags":[60],"yoast_head":"<!-- This site is optimized with the Yoast SEO plugin v23.5 - https:\/\/yoast.com\/wordpress\/plugins\/seo\/ -->\n<title>Sin\u00f4nimos do Natal - O Arcanjo no ar<\/title>\n<meta name=\"robots\" content=\"index, follow, max-snippet:-1, max-image-preview:large, max-video-preview:-1\" \/>\n<link rel=\"canonical\" href=\"https:\/\/www.oarcanjo.net\/site\/sinonimos-do-natal\/\" \/>\n<meta property=\"og:locale\" content=\"pt_BR\" \/>\n<meta property=\"og:type\" content=\"article\" \/>\n<meta property=\"og:title\" content=\"Sin\u00f4nimos do Natal - O Arcanjo no ar\" \/>\n<meta property=\"og:description\" content=\"Pe. Alfredo J. Gon\u00e7alves, CS Ao longo dos s\u00e9culos, o Natal adquiriu os mais diversos sin\u00f4nimos. Hoje, em especial nos pa\u00edses do ocidente, a data representa significados diferentes, plurais, variados e at\u00e9 contradit\u00f3rios. Primeiramente, h\u00e1 o Natal Familiar. Tem cara de la\u00e7os \u00edntimos, particulares, restritos ao \u00e2mbito do parentesco. Nesta perspectiva, os festejos natalinos constituem [&hellip;]\" \/>\n<meta property=\"og:url\" content=\"https:\/\/www.oarcanjo.net\/site\/sinonimos-do-natal\/\" \/>\n<meta property=\"og:site_name\" content=\"O Arcanjo no ar\" \/>\n<meta property=\"article:publisher\" content=\"https:\/\/www.facebook.com\/OArcanjoNoAr\/\" \/>\n<meta property=\"article:published_time\" content=\"2010-12-23T14:47:15+00:00\" \/>\n<meta property=\"og:image\" content=\"https:\/\/www.oarcanjo.net\/site\/wp-content\/uploads\/logo-o-arcanjo-no-ar-facebook.png\" \/>\n\t<meta property=\"og:image:width\" content=\"300\" \/>\n\t<meta property=\"og:image:height\" content=\"300\" \/>\n\t<meta property=\"og:image:type\" content=\"image\/png\" \/>\n<meta name=\"author\" content=\"Alexandre Nunes\" \/>\n<meta name=\"twitter:card\" content=\"summary_large_image\" \/>\n<meta name=\"twitter:label1\" content=\"Escrito por\" \/>\n\t<meta name=\"twitter:data1\" content=\"Alexandre Nunes\" \/>\n\t<meta name=\"twitter:label2\" content=\"Est. tempo de leitura\" \/>\n\t<meta name=\"twitter:data2\" content=\"3 minutos\" \/>\n<script type=\"application\/ld+json\" class=\"yoast-schema-graph\">{\"@context\":\"https:\/\/schema.org\",\"@graph\":[{\"@type\":\"Article\",\"@id\":\"https:\/\/www.oarcanjo.net\/site\/sinonimos-do-natal\/#article\",\"isPartOf\":{\"@id\":\"https:\/\/www.oarcanjo.net\/site\/sinonimos-do-natal\/\"},\"author\":{\"name\":\"Alexandre Nunes\",\"@id\":\"https:\/\/www.oarcanjo.net\/site\/#\/schema\/person\/0a2ae077c1a09b69d29928e3b9f1c0d1\"},\"headline\":\"Sin\u00f4nimos do Natal\",\"datePublished\":\"2010-12-23T14:47:15+00:00\",\"dateModified\":\"2010-12-23T14:47:15+00:00\",\"mainEntityOfPage\":{\"@id\":\"https:\/\/www.oarcanjo.net\/site\/sinonimos-do-natal\/\"},\"wordCount\":564,\"commentCount\":0,\"publisher\":{\"@id\":\"https:\/\/www.oarcanjo.net\/site\/#organization\"},\"keywords\":[\"natal\"],\"articleSection\":[\"Reflex\u00f5es\"],\"inLanguage\":\"pt-BR\",\"potentialAction\":[{\"@type\":\"CommentAction\",\"name\":\"Comment\",\"target\":[\"https:\/\/www.oarcanjo.net\/site\/sinonimos-do-natal\/#respond\"]}]},{\"@type\":\"WebPage\",\"@id\":\"https:\/\/www.oarcanjo.net\/site\/sinonimos-do-natal\/\",\"url\":\"https:\/\/www.oarcanjo.net\/site\/sinonimos-do-natal\/\",\"name\":\"Sin\u00f4nimos do Natal - O Arcanjo no ar\",\"isPartOf\":{\"@id\":\"https:\/\/www.oarcanjo.net\/site\/#website\"},\"datePublished\":\"2010-12-23T14:47:15+00:00\",\"dateModified\":\"2010-12-23T14:47:15+00:00\",\"breadcrumb\":{\"@id\":\"https:\/\/www.oarcanjo.net\/site\/sinonimos-do-natal\/#breadcrumb\"},\"inLanguage\":\"pt-BR\",\"potentialAction\":[{\"@type\":\"ReadAction\",\"target\":[\"https:\/\/www.oarcanjo.net\/site\/sinonimos-do-natal\/\"]}]},{\"@type\":\"BreadcrumbList\",\"@id\":\"https:\/\/www.oarcanjo.net\/site\/sinonimos-do-natal\/#breadcrumb\",\"itemListElement\":[{\"@type\":\"ListItem\",\"position\":1,\"name\":\"In\u00edcio\",\"item\":\"https:\/\/www.oarcanjo.net\/site\/\"},{\"@type\":\"ListItem\",\"position\":2,\"name\":\"Sin\u00f4nimos do Natal\"}]},{\"@type\":\"WebSite\",\"@id\":\"https:\/\/www.oarcanjo.net\/site\/#website\",\"url\":\"https:\/\/www.oarcanjo.net\/site\/\",\"name\":\"O Arcanjo no ar\",\"description\":\"Site da Par\u00f3quia S\u00e3o Miguel Arcanjo (Arquidiocese de SP)\",\"publisher\":{\"@id\":\"https:\/\/www.oarcanjo.net\/site\/#organization\"},\"potentialAction\":[{\"@type\":\"SearchAction\",\"target\":{\"@type\":\"EntryPoint\",\"urlTemplate\":\"https:\/\/www.oarcanjo.net\/site\/?s={search_term_string}\"},\"query-input\":{\"@type\":\"PropertyValueSpecification\",\"valueRequired\":true,\"valueName\":\"search_term_string\"}}],\"inLanguage\":\"pt-BR\"},{\"@type\":\"Organization\",\"@id\":\"https:\/\/www.oarcanjo.net\/site\/#organization\",\"name\":\"Par\u00f3quia S\u00e3o Miguel Arcanjo\",\"url\":\"https:\/\/www.oarcanjo.net\/site\/\",\"logo\":{\"@type\":\"ImageObject\",\"inLanguage\":\"pt-BR\",\"@id\":\"https:\/\/www.oarcanjo.net\/site\/#\/schema\/logo\/image\/\",\"url\":\"https:\/\/www.oarcanjo.net\/site\/wp-content\/uploads\/LogoOArcanjo.png\",\"contentUrl\":\"https:\/\/www.oarcanjo.net\/site\/wp-content\/uploads\/LogoOArcanjo.png\",\"width\":319,\"height\":99,\"caption\":\"Par\u00f3quia S\u00e3o Miguel Arcanjo\"},\"image\":{\"@id\":\"https:\/\/www.oarcanjo.net\/site\/#\/schema\/logo\/image\/\"},\"sameAs\":[\"https:\/\/www.facebook.com\/OArcanjoNoAr\/\"]},{\"@type\":\"Person\",\"@id\":\"https:\/\/www.oarcanjo.net\/site\/#\/schema\/person\/0a2ae077c1a09b69d29928e3b9f1c0d1\",\"name\":\"Alexandre Nunes\",\"sameAs\":[\"http:\/\/alexandrenu.com\"]}]}<\/script>\n<!-- \/ Yoast SEO plugin. -->","yoast_head_json":{"title":"Sin\u00f4nimos do Natal - O Arcanjo no ar","robots":{"index":"index","follow":"follow","max-snippet":"max-snippet:-1","max-image-preview":"max-image-preview:large","max-video-preview":"max-video-preview:-1"},"canonical":"https:\/\/www.oarcanjo.net\/site\/sinonimos-do-natal\/","og_locale":"pt_BR","og_type":"article","og_title":"Sin\u00f4nimos do Natal - O Arcanjo no ar","og_description":"Pe. Alfredo J. Gon\u00e7alves, CS Ao longo dos s\u00e9culos, o Natal adquiriu os mais diversos sin\u00f4nimos. Hoje, em especial nos pa\u00edses do ocidente, a data representa significados diferentes, plurais, variados e at\u00e9 contradit\u00f3rios. Primeiramente, h\u00e1 o Natal Familiar. Tem cara de la\u00e7os \u00edntimos, particulares, restritos ao \u00e2mbito do parentesco. Nesta perspectiva, os festejos natalinos constituem [&hellip;]","og_url":"https:\/\/www.oarcanjo.net\/site\/sinonimos-do-natal\/","og_site_name":"O Arcanjo no ar","article_publisher":"https:\/\/www.facebook.com\/OArcanjoNoAr\/","article_published_time":"2010-12-23T14:47:15+00:00","og_image":[{"width":300,"height":300,"url":"https:\/\/www.oarcanjo.net\/site\/wp-content\/uploads\/logo-o-arcanjo-no-ar-facebook.png","type":"image\/png"}],"author":"Alexandre Nunes","twitter_card":"summary_large_image","twitter_misc":{"Escrito por":"Alexandre Nunes","Est. tempo de leitura":"3 minutos"},"schema":{"@context":"https:\/\/schema.org","@graph":[{"@type":"Article","@id":"https:\/\/www.oarcanjo.net\/site\/sinonimos-do-natal\/#article","isPartOf":{"@id":"https:\/\/www.oarcanjo.net\/site\/sinonimos-do-natal\/"},"author":{"name":"Alexandre Nunes","@id":"https:\/\/www.oarcanjo.net\/site\/#\/schema\/person\/0a2ae077c1a09b69d29928e3b9f1c0d1"},"headline":"Sin\u00f4nimos do Natal","datePublished":"2010-12-23T14:47:15+00:00","dateModified":"2010-12-23T14:47:15+00:00","mainEntityOfPage":{"@id":"https:\/\/www.oarcanjo.net\/site\/sinonimos-do-natal\/"},"wordCount":564,"commentCount":0,"publisher":{"@id":"https:\/\/www.oarcanjo.net\/site\/#organization"},"keywords":["natal"],"articleSection":["Reflex\u00f5es"],"inLanguage":"pt-BR","potentialAction":[{"@type":"CommentAction","name":"Comment","target":["https:\/\/www.oarcanjo.net\/site\/sinonimos-do-natal\/#respond"]}]},{"@type":"WebPage","@id":"https:\/\/www.oarcanjo.net\/site\/sinonimos-do-natal\/","url":"https:\/\/www.oarcanjo.net\/site\/sinonimos-do-natal\/","name":"Sin\u00f4nimos do Natal - O Arcanjo no ar","isPartOf":{"@id":"https:\/\/www.oarcanjo.net\/site\/#website"},"datePublished":"2010-12-23T14:47:15+00:00","dateModified":"2010-12-23T14:47:15+00:00","breadcrumb":{"@id":"https:\/\/www.oarcanjo.net\/site\/sinonimos-do-natal\/#breadcrumb"},"inLanguage":"pt-BR","potentialAction":[{"@type":"ReadAction","target":["https:\/\/www.oarcanjo.net\/site\/sinonimos-do-natal\/"]}]},{"@type":"BreadcrumbList","@id":"https:\/\/www.oarcanjo.net\/site\/sinonimos-do-natal\/#breadcrumb","itemListElement":[{"@type":"ListItem","position":1,"name":"In\u00edcio","item":"https:\/\/www.oarcanjo.net\/site\/"},{"@type":"ListItem","position":2,"name":"Sin\u00f4nimos do Natal"}]},{"@type":"WebSite","@id":"https:\/\/www.oarcanjo.net\/site\/#website","url":"https:\/\/www.oarcanjo.net\/site\/","name":"O Arcanjo no ar","description":"Site da Par\u00f3quia S\u00e3o Miguel Arcanjo (Arquidiocese de SP)","publisher":{"@id":"https:\/\/www.oarcanjo.net\/site\/#organization"},"potentialAction":[{"@type":"SearchAction","target":{"@type":"EntryPoint","urlTemplate":"https:\/\/www.oarcanjo.net\/site\/?s={search_term_string}"},"query-input":{"@type":"PropertyValueSpecification","valueRequired":true,"valueName":"search_term_string"}}],"inLanguage":"pt-BR"},{"@type":"Organization","@id":"https:\/\/www.oarcanjo.net\/site\/#organization","name":"Par\u00f3quia S\u00e3o Miguel Arcanjo","url":"https:\/\/www.oarcanjo.net\/site\/","logo":{"@type":"ImageObject","inLanguage":"pt-BR","@id":"https:\/\/www.oarcanjo.net\/site\/#\/schema\/logo\/image\/","url":"https:\/\/www.oarcanjo.net\/site\/wp-content\/uploads\/LogoOArcanjo.png","contentUrl":"https:\/\/www.oarcanjo.net\/site\/wp-content\/uploads\/LogoOArcanjo.png","width":319,"height":99,"caption":"Par\u00f3quia S\u00e3o Miguel Arcanjo"},"image":{"@id":"https:\/\/www.oarcanjo.net\/site\/#\/schema\/logo\/image\/"},"sameAs":["https:\/\/www.facebook.com\/OArcanjoNoAr\/"]},{"@type":"Person","@id":"https:\/\/www.oarcanjo.net\/site\/#\/schema\/person\/0a2ae077c1a09b69d29928e3b9f1c0d1","name":"Alexandre Nunes","sameAs":["http:\/\/alexandrenu.com"]}]}},"publishpress_future_action":{"enabled":false,"date":"2026-05-10 09:50:12","action":"category","newStatus":"draft","terms":[],"taxonomy":"category"},"publishpress_future_workflow_manual_trigger":{"enabledWorkflows":[]},"_links":{"self":[{"href":"https:\/\/www.oarcanjo.net\/site\/wp-json\/wp\/v2\/posts\/12442"}],"collection":[{"href":"https:\/\/www.oarcanjo.net\/site\/wp-json\/wp\/v2\/posts"}],"about":[{"href":"https:\/\/www.oarcanjo.net\/site\/wp-json\/wp\/v2\/types\/post"}],"author":[{"embeddable":true,"href":"https:\/\/www.oarcanjo.net\/site\/wp-json\/wp\/v2\/users\/15"}],"replies":[{"embeddable":true,"href":"https:\/\/www.oarcanjo.net\/site\/wp-json\/wp\/v2\/comments?post=12442"}],"version-history":[{"count":0,"href":"https:\/\/www.oarcanjo.net\/site\/wp-json\/wp\/v2\/posts\/12442\/revisions"}],"wp:attachment":[{"href":"https:\/\/www.oarcanjo.net\/site\/wp-json\/wp\/v2\/media?parent=12442"}],"wp:term":[{"taxonomy":"category","embeddable":true,"href":"https:\/\/www.oarcanjo.net\/site\/wp-json\/wp\/v2\/categories?post=12442"},{"taxonomy":"post_tag","embeddable":true,"href":"https:\/\/www.oarcanjo.net\/site\/wp-json\/wp\/v2\/tags?post=12442"}],"curies":[{"name":"wp","href":"https:\/\/api.w.org\/{rel}","templated":true}]}}