
{"id":12453,"date":"2010-12-24T15:50:12","date_gmt":"2010-12-24T17:50:12","guid":{"rendered":"http:\/\/www.oarcanjo.net\/site\/?p=12453"},"modified":"2010-12-25T13:01:46","modified_gmt":"2010-12-25T15:01:46","slug":"catadores-e-povo-da-rua-celebram-natal-com-novas-conquistas","status":"publish","type":"post","link":"https:\/\/www.oarcanjo.net\/site\/catadores-e-povo-da-rua-celebram-natal-com-novas-conquistas\/","title":{"rendered":"Catadores e povo da rua celebram Natal com novas conquistas"},"content":{"rendered":"<p>Representantes de catadores de material recicl\u00e1vel e popula\u00e7\u00e3o em situa\u00e7\u00e3o de rua participaram do encontro de Natal com o presidente Lula, realizado em S\u00e3o Paulo na quinta-feira, 23\/12, pelo oitavo ano consecutivo. A presidenta eleita, Dilma Rousseff, tamb\u00e9m estava presente e se comprometeu a dar contuidade aos trabalhos do atual governo.<\/p>\n<p><a href=\"http:\/\/www.oarcanjo.net\/site\/wp-content\/uploads\/IMG_0551.jpg\"><img loading=\"lazy\" decoding=\"async\" class=\"alignnone size-medium wp-image-12450\" title=\"Pe. Julio Lancellotti no encontro de Natal do povo da rua com o presidente Lula\" src=\"http:\/\/www.oarcanjo.net\/site\/wp-content\/uploads\/IMG_0551-300x200.jpg\" alt=\"Pe. Julio Lancellotti no encontro de Natal do povo da rua com o presidente Lula\" width=\"300\" height=\"200\" srcset=\"https:\/\/www.oarcanjo.net\/site\/wp-content\/uploads\/IMG_0551-300x200.jpg 300w, https:\/\/www.oarcanjo.net\/site\/wp-content\/uploads\/IMG_0551.jpg 640w\" sizes=\"(max-width: 300px) 100vw, 300px\" \/><\/a><\/p>\n<p>No evento, conduzido pelo Pe. Julio Lancellotti, Vig\u00e1rio Episcopal para o Povo da Rua, o presidente assinou decretos de regulamenta\u00e7\u00e3o da Pol\u00edtica Nacional de Res\u00edduos S\u00f3lidos e o que institui o Programa Pr\u00f3-Catador. Lula anunciou tamb\u00e9m que nos pr\u00f3ximos dias vai lan\u00e7ar por medida provis\u00f3ria incentivos fiscais para empresas que comprarem material reciclado de cooperativas de catadores.<\/p>\n<p>Diversos ministros e autoridades do governo estiveram presentes e firmaram conv\u00eanios de apoio a projetos que beneficiam a popula\u00e7\u00e3o de rua. A Secretaria de Direitos Humanos apresentou o novo servi\u00e7o do Disque 100 para receber den\u00fancias de casos de maus tratos e viola\u00e7\u00f5es contra as pessoas em situa\u00e7\u00e3o de rua e fornecer informa\u00e7\u00f5es sobre albergues, centros de refer\u00eancia e assist\u00eancia social e casas de repouso. As liga\u00e7\u00f5es s\u00e3o gratuitas.<\/p>\n<p>Prefeitos de diversas cidades receberam o selo &#8220;Amigo do Catador&#8221; por terem aderido ao projeto lan\u00e7ado em 2009 em que o munic\u00edpio paga \u00e0s cooperativas de catadores pelos servi\u00e7os prestados.<\/p>\n<p>Lula e Dilma entregaram ainda um caminh\u00e3o a cooperativas de catadores para a coleta seletiva solid\u00e1ria. Os dois acompanharam emocionados as falas das representantes do Movimentos Nacional da Popula\u00e7\u00e3o em Situa\u00e7\u00e3o de Rua, Maria L\u00facia Santos Pereira, e do Movimento Nacional de Catadores, Matilde Ramos:<\/p>\n<p><object classid=\"clsid:d27cdb6e-ae6d-11cf-96b8-444553540000\" width=\"560\" height=\"340\" codebase=\"http:\/\/download.macromedia.com\/pub\/shockwave\/cabs\/flash\/swflash.cab#version=6,0,40,0\"><param name=\"allowFullScreen\" value=\"true\" \/><param name=\"allowscriptaccess\" value=\"always\" \/><param name=\"src\" value=\"http:\/\/www.youtube.com\/v\/G_bAcfqUtM8?fs=1&amp;hl=en_US&amp;rel=0&amp;color1=0xe1600f&amp;color2=0xfebd01\" \/><param name=\"allowfullscreen\" value=\"true\" \/><embed type=\"application\/x-shockwave-flash\" width=\"560\" height=\"340\" src=\"http:\/\/www.youtube.com\/v\/G_bAcfqUtM8?fs=1&amp;hl=en_US&amp;rel=0&amp;color1=0xe1600f&amp;color2=0xfebd01\" allowscriptaccess=\"always\" allowfullscreen=\"true\"><\/embed><\/object><\/p>\n<p><object classid=\"clsid:d27cdb6e-ae6d-11cf-96b8-444553540000\" width=\"560\" height=\"340\" codebase=\"http:\/\/download.macromedia.com\/pub\/shockwave\/cabs\/flash\/swflash.cab#version=6,0,40,0\"><param name=\"allowFullScreen\" value=\"true\" \/><param name=\"allowscriptaccess\" value=\"always\" \/><param name=\"src\" value=\"http:\/\/www.youtube.com\/v\/SoKUm_onOLs?fs=1&amp;hl=en_US&amp;rel=0&amp;color1=0xe1600f&amp;color2=0xfebd01\" \/><param name=\"allowfullscreen\" value=\"true\" \/><embed type=\"application\/x-shockwave-flash\" width=\"560\" height=\"340\" src=\"http:\/\/www.youtube.com\/v\/SoKUm_onOLs?fs=1&amp;hl=en_US&amp;rel=0&amp;color1=0xe1600f&amp;color2=0xfebd01\" allowscriptaccess=\"always\" allowfullscreen=\"true\"><\/embed><\/object><\/p>\n<p>No discurso, a presidenta eleita, Dilma Rousseff, assumiu tamb\u00e9m o compromisso de participar do encontro de Natal dos pr\u00f3ximos anos:<\/p>\n<p><object classid=\"clsid:d27cdb6e-ae6d-11cf-96b8-444553540000\" width=\"560\" height=\"340\" codebase=\"http:\/\/download.macromedia.com\/pub\/shockwave\/cabs\/flash\/swflash.cab#version=6,0,40,0\"><param name=\"allowFullScreen\" value=\"true\" \/><param name=\"allowscriptaccess\" value=\"always\" \/><param name=\"src\" value=\"http:\/\/www.youtube.com\/v\/OauKnBdZh7s?fs=1&amp;hl=en_US&amp;rel=0&amp;color1=0xe1600f&amp;color2=0xfebd01\" \/><param name=\"allowfullscreen\" value=\"true\" \/><embed type=\"application\/x-shockwave-flash\" width=\"560\" height=\"340\" src=\"http:\/\/www.youtube.com\/v\/OauKnBdZh7s?fs=1&amp;hl=en_US&amp;rel=0&amp;color1=0xe1600f&amp;color2=0xfebd01\" allowscriptaccess=\"always\" allowfullscreen=\"true\"><\/embed><\/object><\/p>\n<p>Lula contou aos presentes que tinha visitado o vice-presidente Jos\u00e9 Alencar, internado ap\u00f3s sofrer uma hemorragia, e pediu a todos que rezassem um Pai Nosso. Em seguida, falou sobre o significado do encontro com os catadores e povo de rua:<\/p>\n<p><object classid=\"clsid:d27cdb6e-ae6d-11cf-96b8-444553540000\" width=\"560\" height=\"340\" codebase=\"http:\/\/download.macromedia.com\/pub\/shockwave\/cabs\/flash\/swflash.cab#version=6,0,40,0\"><param name=\"allowFullScreen\" value=\"true\" \/><param name=\"allowscriptaccess\" value=\"always\" \/><param name=\"src\" value=\"http:\/\/www.youtube.com\/v\/2FkQaUcwVmI?fs=1&amp;hl=en_US&amp;rel=0&amp;color1=0xe1600f&amp;color2=0xfebd01\" \/><param name=\"allowfullscreen\" value=\"true\" \/><embed type=\"application\/x-shockwave-flash\" width=\"560\" height=\"340\" src=\"http:\/\/www.youtube.com\/v\/2FkQaUcwVmI?fs=1&amp;hl=en_US&amp;rel=0&amp;color1=0xe1600f&amp;color2=0xfebd01\" allowscriptaccess=\"always\" allowfullscreen=\"true\"><\/embed><\/object><\/p>\n<p>Leia tamb\u00e9m a reportagem completa no <a href=\"http:\/\/www.arquidiocesedesaopaulo.org.br\/noticias\/2010\/noticias_101224_natal_dos_catadores.htm\" target=\"_blank\">site da Arquidiocese de S\u00e3o Paulo<\/a> e veja abaixo as fotos do evento, capturadas por Calos A. Beatriz e Wanderley Oliveira:<\/p>\nngg_shortcode_0_placeholder\n<div id=\"themify_builder_content-12453\" data-postid=\"12453\" class=\"themify_builder_content themify_builder_content-12453 themify_builder themify_builder_front\">\n\t<\/div>\n<!-- \/themify_builder_content -->","protected":false},"excerpt":{"rendered":"<p>Representantes de catadores de material recicl\u00e1vel e popula\u00e7\u00e3o em situa\u00e7\u00e3o de rua participaram do encontro de Natal com o presidente Lula, realizado em S\u00e3o Paulo na quinta-feira, 23\/12, pelo oitavo ano consecutivo. A presidenta eleita, Dilma Rousseff, tamb\u00e9m estava presente e se comprometeu a dar contuidade aos trabalhos do atual governo. No evento, conduzido pelo [&hellip;]<\/p>\n","protected":false},"author":5,"featured_media":0,"comment_status":"open","ping_status":"open","sticky":false,"template":"","format":"standard","meta":{"ngg_post_thumbnail":0,"footnotes":""},"categories":[3,8,280],"tags":[414,1793,1362,91,1794],"yoast_head":"<!-- This site is optimized with the Yoast SEO plugin v23.5 - https:\/\/yoast.com\/wordpress\/plugins\/seo\/ -->\n<title>Catadores e povo da rua celebram Natal com novas conquistas - O Arcanjo no ar<\/title>\n<meta name=\"robots\" content=\"index, follow, max-snippet:-1, max-image-preview:large, max-video-preview:-1\" \/>\n<link rel=\"canonical\" href=\"https:\/\/www.oarcanjo.net\/site\/catadores-e-povo-da-rua-celebram-natal-com-novas-conquistas\/\" \/>\n<meta property=\"og:locale\" content=\"pt_BR\" \/>\n<meta property=\"og:type\" content=\"article\" \/>\n<meta property=\"og:title\" content=\"Catadores e povo da rua celebram Natal com novas conquistas - O Arcanjo no ar\" \/>\n<meta property=\"og:description\" content=\"Representantes de catadores de material recicl\u00e1vel e popula\u00e7\u00e3o em situa\u00e7\u00e3o de rua participaram do encontro de Natal com o presidente Lula, realizado em S\u00e3o Paulo na quinta-feira, 23\/12, pelo oitavo ano consecutivo. A presidenta eleita, Dilma Rousseff, tamb\u00e9m estava presente e se comprometeu a dar contuidade aos trabalhos do atual governo. No evento, conduzido pelo [&hellip;]\" \/>\n<meta property=\"og:url\" content=\"https:\/\/www.oarcanjo.net\/site\/catadores-e-povo-da-rua-celebram-natal-com-novas-conquistas\/\" \/>\n<meta property=\"og:site_name\" content=\"O Arcanjo no ar\" \/>\n<meta property=\"article:publisher\" content=\"https:\/\/www.facebook.com\/OArcanjoNoAr\/\" \/>\n<meta property=\"article:published_time\" content=\"2010-12-24T17:50:12+00:00\" \/>\n<meta property=\"article:modified_time\" content=\"2010-12-25T15:01:46+00:00\" \/>\n<meta property=\"og:image\" content=\"http:\/\/www.oarcanjo.net\/site\/wp-content\/uploads\/IMG_0551-300x200.jpg\" \/>\n<meta name=\"author\" content=\"editor\" \/>\n<meta name=\"twitter:card\" content=\"summary_large_image\" \/>\n<meta name=\"twitter:label1\" content=\"Escrito por\" \/>\n\t<meta name=\"twitter:data1\" content=\"editor\" \/>\n\t<meta name=\"twitter:label2\" content=\"Est. tempo de leitura\" \/>\n\t<meta name=\"twitter:data2\" content=\"2 minutos\" \/>\n<script type=\"application\/ld+json\" class=\"yoast-schema-graph\">{\"@context\":\"https:\/\/schema.org\",\"@graph\":[{\"@type\":\"Article\",\"@id\":\"https:\/\/www.oarcanjo.net\/site\/catadores-e-povo-da-rua-celebram-natal-com-novas-conquistas\/#article\",\"isPartOf\":{\"@id\":\"https:\/\/www.oarcanjo.net\/site\/catadores-e-povo-da-rua-celebram-natal-com-novas-conquistas\/\"},\"author\":{\"name\":\"editor\",\"@id\":\"https:\/\/www.oarcanjo.net\/site\/#\/schema\/person\/f7024d007863202483a31326673a0838\"},\"headline\":\"Catadores e povo da rua celebram Natal com novas conquistas\",\"datePublished\":\"2010-12-24T17:50:12+00:00\",\"dateModified\":\"2010-12-25T15:01:46+00:00\",\"mainEntityOfPage\":{\"@id\":\"https:\/\/www.oarcanjo.net\/site\/catadores-e-povo-da-rua-celebram-natal-com-novas-conquistas\/\"},\"wordCount\":387,\"commentCount\":1,\"publisher\":{\"@id\":\"https:\/\/www.oarcanjo.net\/site\/#organization\"},\"image\":{\"@id\":\"https:\/\/www.oarcanjo.net\/site\/catadores-e-povo-da-rua-celebram-natal-com-novas-conquistas\/#primaryimage\"},\"thumbnailUrl\":\"http:\/\/www.oarcanjo.net\/site\/wp-content\/uploads\/IMG_0551-300x200.jpg\",\"keywords\":[\"catadores\",\"Dilma\",\"Lula\",\"povo da rua\",\"reciclagem\"],\"articleSection\":[\"Destaques\",\"Not\u00edcias\",\"V\u00eddeos\"],\"inLanguage\":\"pt-BR\",\"potentialAction\":[{\"@type\":\"CommentAction\",\"name\":\"Comment\",\"target\":[\"https:\/\/www.oarcanjo.net\/site\/catadores-e-povo-da-rua-celebram-natal-com-novas-conquistas\/#respond\"]}]},{\"@type\":\"WebPage\",\"@id\":\"https:\/\/www.oarcanjo.net\/site\/catadores-e-povo-da-rua-celebram-natal-com-novas-conquistas\/\",\"url\":\"https:\/\/www.oarcanjo.net\/site\/catadores-e-povo-da-rua-celebram-natal-com-novas-conquistas\/\",\"name\":\"Catadores e povo da rua celebram Natal com novas conquistas - O Arcanjo no ar\",\"isPartOf\":{\"@id\":\"https:\/\/www.oarcanjo.net\/site\/#website\"},\"primaryImageOfPage\":{\"@id\":\"https:\/\/www.oarcanjo.net\/site\/catadores-e-povo-da-rua-celebram-natal-com-novas-conquistas\/#primaryimage\"},\"image\":{\"@id\":\"https:\/\/www.oarcanjo.net\/site\/catadores-e-povo-da-rua-celebram-natal-com-novas-conquistas\/#primaryimage\"},\"thumbnailUrl\":\"http:\/\/www.oarcanjo.net\/site\/wp-content\/uploads\/IMG_0551-300x200.jpg\",\"datePublished\":\"2010-12-24T17:50:12+00:00\",\"dateModified\":\"2010-12-25T15:01:46+00:00\",\"breadcrumb\":{\"@id\":\"https:\/\/www.oarcanjo.net\/site\/catadores-e-povo-da-rua-celebram-natal-com-novas-conquistas\/#breadcrumb\"},\"inLanguage\":\"pt-BR\",\"potentialAction\":[{\"@type\":\"ReadAction\",\"target\":[\"https:\/\/www.oarcanjo.net\/site\/catadores-e-povo-da-rua-celebram-natal-com-novas-conquistas\/\"]}]},{\"@type\":\"ImageObject\",\"inLanguage\":\"pt-BR\",\"@id\":\"https:\/\/www.oarcanjo.net\/site\/catadores-e-povo-da-rua-celebram-natal-com-novas-conquistas\/#primaryimage\",\"url\":\"https:\/\/www.oarcanjo.net\/site\/wp-content\/uploads\/IMG_0551.jpg\",\"contentUrl\":\"https:\/\/www.oarcanjo.net\/site\/wp-content\/uploads\/IMG_0551.jpg\",\"width\":\"640\",\"height\":\"427\",\"caption\":\"Pe. Julio Lancellotti no encontro de Natal do povo da rua com o presidente Lula\"},{\"@type\":\"BreadcrumbList\",\"@id\":\"https:\/\/www.oarcanjo.net\/site\/catadores-e-povo-da-rua-celebram-natal-com-novas-conquistas\/#breadcrumb\",\"itemListElement\":[{\"@type\":\"ListItem\",\"position\":1,\"name\":\"In\u00edcio\",\"item\":\"https:\/\/www.oarcanjo.net\/site\/\"},{\"@type\":\"ListItem\",\"position\":2,\"name\":\"Catadores e povo da rua celebram Natal com novas conquistas\"}]},{\"@type\":\"WebSite\",\"@id\":\"https:\/\/www.oarcanjo.net\/site\/#website\",\"url\":\"https:\/\/www.oarcanjo.net\/site\/\",\"name\":\"O Arcanjo no ar\",\"description\":\"Site da Par\u00f3quia S\u00e3o Miguel Arcanjo (Arquidiocese de SP)\",\"publisher\":{\"@id\":\"https:\/\/www.oarcanjo.net\/site\/#organization\"},\"potentialAction\":[{\"@type\":\"SearchAction\",\"target\":{\"@type\":\"EntryPoint\",\"urlTemplate\":\"https:\/\/www.oarcanjo.net\/site\/?s={search_term_string}\"},\"query-input\":{\"@type\":\"PropertyValueSpecification\",\"valueRequired\":true,\"valueName\":\"search_term_string\"}}],\"inLanguage\":\"pt-BR\"},{\"@type\":\"Organization\",\"@id\":\"https:\/\/www.oarcanjo.net\/site\/#organization\",\"name\":\"Par\u00f3quia S\u00e3o Miguel Arcanjo\",\"url\":\"https:\/\/www.oarcanjo.net\/site\/\",\"logo\":{\"@type\":\"ImageObject\",\"inLanguage\":\"pt-BR\",\"@id\":\"https:\/\/www.oarcanjo.net\/site\/#\/schema\/logo\/image\/\",\"url\":\"https:\/\/www.oarcanjo.net\/site\/wp-content\/uploads\/LogoOArcanjo.png\",\"contentUrl\":\"https:\/\/www.oarcanjo.net\/site\/wp-content\/uploads\/LogoOArcanjo.png\",\"width\":319,\"height\":99,\"caption\":\"Par\u00f3quia S\u00e3o Miguel Arcanjo\"},\"image\":{\"@id\":\"https:\/\/www.oarcanjo.net\/site\/#\/schema\/logo\/image\/\"},\"sameAs\":[\"https:\/\/www.facebook.com\/OArcanjoNoAr\/\"]},{\"@type\":\"Person\",\"@id\":\"https:\/\/www.oarcanjo.net\/site\/#\/schema\/person\/f7024d007863202483a31326673a0838\",\"name\":\"editor\",\"sameAs\":[\"http:\/\/www.oarcanjo.net\"]}]}<\/script>\n<!-- \/ Yoast SEO plugin. -->","yoast_head_json":{"title":"Catadores e povo da rua celebram Natal com novas conquistas - O Arcanjo no ar","robots":{"index":"index","follow":"follow","max-snippet":"max-snippet:-1","max-image-preview":"max-image-preview:large","max-video-preview":"max-video-preview:-1"},"canonical":"https:\/\/www.oarcanjo.net\/site\/catadores-e-povo-da-rua-celebram-natal-com-novas-conquistas\/","og_locale":"pt_BR","og_type":"article","og_title":"Catadores e povo da rua celebram Natal com novas conquistas - O Arcanjo no ar","og_description":"Representantes de catadores de material recicl\u00e1vel e popula\u00e7\u00e3o em situa\u00e7\u00e3o de rua participaram do encontro de Natal com o presidente Lula, realizado em S\u00e3o Paulo na quinta-feira, 23\/12, pelo oitavo ano consecutivo. A presidenta eleita, Dilma Rousseff, tamb\u00e9m estava presente e se comprometeu a dar contuidade aos trabalhos do atual governo. No evento, conduzido pelo [&hellip;]","og_url":"https:\/\/www.oarcanjo.net\/site\/catadores-e-povo-da-rua-celebram-natal-com-novas-conquistas\/","og_site_name":"O Arcanjo no ar","article_publisher":"https:\/\/www.facebook.com\/OArcanjoNoAr\/","article_published_time":"2010-12-24T17:50:12+00:00","article_modified_time":"2010-12-25T15:01:46+00:00","og_image":[{"url":"http:\/\/www.oarcanjo.net\/site\/wp-content\/uploads\/IMG_0551-300x200.jpg"}],"author":"editor","twitter_card":"summary_large_image","twitter_misc":{"Escrito por":"editor","Est. tempo de leitura":"2 minutos"},"schema":{"@context":"https:\/\/schema.org","@graph":[{"@type":"Article","@id":"https:\/\/www.oarcanjo.net\/site\/catadores-e-povo-da-rua-celebram-natal-com-novas-conquistas\/#article","isPartOf":{"@id":"https:\/\/www.oarcanjo.net\/site\/catadores-e-povo-da-rua-celebram-natal-com-novas-conquistas\/"},"author":{"name":"editor","@id":"https:\/\/www.oarcanjo.net\/site\/#\/schema\/person\/f7024d007863202483a31326673a0838"},"headline":"Catadores e povo da rua celebram Natal com novas conquistas","datePublished":"2010-12-24T17:50:12+00:00","dateModified":"2010-12-25T15:01:46+00:00","mainEntityOfPage":{"@id":"https:\/\/www.oarcanjo.net\/site\/catadores-e-povo-da-rua-celebram-natal-com-novas-conquistas\/"},"wordCount":387,"commentCount":1,"publisher":{"@id":"https:\/\/www.oarcanjo.net\/site\/#organization"},"image":{"@id":"https:\/\/www.oarcanjo.net\/site\/catadores-e-povo-da-rua-celebram-natal-com-novas-conquistas\/#primaryimage"},"thumbnailUrl":"http:\/\/www.oarcanjo.net\/site\/wp-content\/uploads\/IMG_0551-300x200.jpg","keywords":["catadores","Dilma","Lula","povo da rua","reciclagem"],"articleSection":["Destaques","Not\u00edcias","V\u00eddeos"],"inLanguage":"pt-BR","potentialAction":[{"@type":"CommentAction","name":"Comment","target":["https:\/\/www.oarcanjo.net\/site\/catadores-e-povo-da-rua-celebram-natal-com-novas-conquistas\/#respond"]}]},{"@type":"WebPage","@id":"https:\/\/www.oarcanjo.net\/site\/catadores-e-povo-da-rua-celebram-natal-com-novas-conquistas\/","url":"https:\/\/www.oarcanjo.net\/site\/catadores-e-povo-da-rua-celebram-natal-com-novas-conquistas\/","name":"Catadores e povo da rua celebram Natal com novas conquistas - O Arcanjo no ar","isPartOf":{"@id":"https:\/\/www.oarcanjo.net\/site\/#website"},"primaryImageOfPage":{"@id":"https:\/\/www.oarcanjo.net\/site\/catadores-e-povo-da-rua-celebram-natal-com-novas-conquistas\/#primaryimage"},"image":{"@id":"https:\/\/www.oarcanjo.net\/site\/catadores-e-povo-da-rua-celebram-natal-com-novas-conquistas\/#primaryimage"},"thumbnailUrl":"http:\/\/www.oarcanjo.net\/site\/wp-content\/uploads\/IMG_0551-300x200.jpg","datePublished":"2010-12-24T17:50:12+00:00","dateModified":"2010-12-25T15:01:46+00:00","breadcrumb":{"@id":"https:\/\/www.oarcanjo.net\/site\/catadores-e-povo-da-rua-celebram-natal-com-novas-conquistas\/#breadcrumb"},"inLanguage":"pt-BR","potentialAction":[{"@type":"ReadAction","target":["https:\/\/www.oarcanjo.net\/site\/catadores-e-povo-da-rua-celebram-natal-com-novas-conquistas\/"]}]},{"@type":"ImageObject","inLanguage":"pt-BR","@id":"https:\/\/www.oarcanjo.net\/site\/catadores-e-povo-da-rua-celebram-natal-com-novas-conquistas\/#primaryimage","url":"https:\/\/www.oarcanjo.net\/site\/wp-content\/uploads\/IMG_0551.jpg","contentUrl":"https:\/\/www.oarcanjo.net\/site\/wp-content\/uploads\/IMG_0551.jpg","width":"640","height":"427","caption":"Pe. Julio Lancellotti no encontro de Natal do povo da rua com o presidente Lula"},{"@type":"BreadcrumbList","@id":"https:\/\/www.oarcanjo.net\/site\/catadores-e-povo-da-rua-celebram-natal-com-novas-conquistas\/#breadcrumb","itemListElement":[{"@type":"ListItem","position":1,"name":"In\u00edcio","item":"https:\/\/www.oarcanjo.net\/site\/"},{"@type":"ListItem","position":2,"name":"Catadores e povo da rua celebram Natal com novas conquistas"}]},{"@type":"WebSite","@id":"https:\/\/www.oarcanjo.net\/site\/#website","url":"https:\/\/www.oarcanjo.net\/site\/","name":"O Arcanjo no ar","description":"Site da Par\u00f3quia S\u00e3o Miguel Arcanjo (Arquidiocese de SP)","publisher":{"@id":"https:\/\/www.oarcanjo.net\/site\/#organization"},"potentialAction":[{"@type":"SearchAction","target":{"@type":"EntryPoint","urlTemplate":"https:\/\/www.oarcanjo.net\/site\/?s={search_term_string}"},"query-input":{"@type":"PropertyValueSpecification","valueRequired":true,"valueName":"search_term_string"}}],"inLanguage":"pt-BR"},{"@type":"Organization","@id":"https:\/\/www.oarcanjo.net\/site\/#organization","name":"Par\u00f3quia S\u00e3o Miguel Arcanjo","url":"https:\/\/www.oarcanjo.net\/site\/","logo":{"@type":"ImageObject","inLanguage":"pt-BR","@id":"https:\/\/www.oarcanjo.net\/site\/#\/schema\/logo\/image\/","url":"https:\/\/www.oarcanjo.net\/site\/wp-content\/uploads\/LogoOArcanjo.png","contentUrl":"https:\/\/www.oarcanjo.net\/site\/wp-content\/uploads\/LogoOArcanjo.png","width":319,"height":99,"caption":"Par\u00f3quia S\u00e3o Miguel Arcanjo"},"image":{"@id":"https:\/\/www.oarcanjo.net\/site\/#\/schema\/logo\/image\/"},"sameAs":["https:\/\/www.facebook.com\/OArcanjoNoAr\/"]},{"@type":"Person","@id":"https:\/\/www.oarcanjo.net\/site\/#\/schema\/person\/f7024d007863202483a31326673a0838","name":"editor","sameAs":["http:\/\/www.oarcanjo.net"]}]}},"publishpress_future_action":{"enabled":false,"date":"2026-05-09 03:21:37","action":"category","newStatus":"draft","terms":[],"taxonomy":"category"},"publishpress_future_workflow_manual_trigger":{"enabledWorkflows":[]},"_links":{"self":[{"href":"https:\/\/www.oarcanjo.net\/site\/wp-json\/wp\/v2\/posts\/12453"}],"collection":[{"href":"https:\/\/www.oarcanjo.net\/site\/wp-json\/wp\/v2\/posts"}],"about":[{"href":"https:\/\/www.oarcanjo.net\/site\/wp-json\/wp\/v2\/types\/post"}],"author":[{"embeddable":true,"href":"https:\/\/www.oarcanjo.net\/site\/wp-json\/wp\/v2\/users\/5"}],"replies":[{"embeddable":true,"href":"https:\/\/www.oarcanjo.net\/site\/wp-json\/wp\/v2\/comments?post=12453"}],"version-history":[{"count":0,"href":"https:\/\/www.oarcanjo.net\/site\/wp-json\/wp\/v2\/posts\/12453\/revisions"}],"wp:attachment":[{"href":"https:\/\/www.oarcanjo.net\/site\/wp-json\/wp\/v2\/media?parent=12453"}],"wp:term":[{"taxonomy":"category","embeddable":true,"href":"https:\/\/www.oarcanjo.net\/site\/wp-json\/wp\/v2\/categories?post=12453"},{"taxonomy":"post_tag","embeddable":true,"href":"https:\/\/www.oarcanjo.net\/site\/wp-json\/wp\/v2\/tags?post=12453"}],"curies":[{"name":"wp","href":"https:\/\/api.w.org\/{rel}","templated":true}]}}