
{"id":12479,"date":"2010-12-24T17:32:10","date_gmt":"2010-12-24T19:32:10","guid":{"rendered":"http:\/\/www.oarcanjo.net\/site\/?p=12479"},"modified":"2010-12-24T17:32:50","modified_gmt":"2010-12-24T19:32:50","slug":"12479","status":"publish","type":"post","link":"https:\/\/www.oarcanjo.net\/site\/12479\/","title":{"rendered":"O que \u00e9 simb\u00f3lico nas ra\u00edzes brasileiras"},"content":{"rendered":"<p style=\"text-align: right;\">S\u00edmbolo<br \/>\n(dic. Objeto f\u00edsico ou imaterial\u00a0a que se d\u00e1 uma significa\u00e7\u00e3o abstrata:\u00a0a balan\u00e7a \u00e9 o s\u00edmbolo da justi\u00e7a)<\/p>\n<p><strong>Simb\u00f3lico I<\/strong><\/p>\n<p>N\u00f3s, rep\u00f3rteres do portal O Arcanjo no Ar, Carlos e Wanderley, est\u00e1vamos flanando pela Av. Paulista, quando nos deparamos com um imenso \u201cpres\u00e9pio\u201d suspenso no ar sobre a avenida, havia v\u00e1rios personagens envolto num palco em veludo, n\u00e3o era um est\u00e1bulo e n\u00e3o havia l\u00e1 o menino Jesus, o que havia era uma enorme placa do banco patrocinador da Prefeitura da cidade da terceira maior arquidiocese cat\u00f3lica do mundo. Percorrendo os shoppings tamb\u00e9m notamos que os \u201cpres\u00e9pios\u201d n\u00e3o t\u00eam mais a reprodu\u00e7\u00e3o cl\u00e1ssica do nascimento de Cristo.<\/p>\n<p>Pensando bem, \u00e9 melhor mesmo que no pres\u00e9pio de Jesus n\u00e3o esteja nos templos e catedrais do deus dinheiro. Jesus se tornaria um cidad\u00e3o da cidade de Nazar\u00e9 e a senzala onde nasceu era um est\u00e1bulo.<\/p>\n<p>Em plena Idade M\u00eddia que nos encontramos, a era da sociedade de informa\u00e7\u00e3o, da alta tecnologiaI infelizmente ainda h\u00e1 muitas senzalas.<\/p>\n<p><strong>Simb\u00f3lico II<\/strong><\/p>\n<p>A equipe de comunica\u00e7\u00e3o d\u2019O Arcanjo cobriu o encontro do Presidente da Rep\u00fablica, Lula, e a futura Presidenta Dilma com a popula\u00e7\u00e3o em situa\u00e7\u00e3o de rua e os catadores de res\u00edduos recicl\u00e1veis. Apesar de todas as ressalvas, cr\u00edticas e cobran\u00e7as que devemos fazer aos governantes, a parte isso, devemos reconhecer a simbologia de um momento hist\u00f3rico, onde um governante de origem oper\u00e1ria passe o poder de estado \u00e0 primeira mulher presidenta desta Rep\u00fablica, militante da esquerda na juventude, representante da gera\u00e7\u00e3o de 1968, o ano que n\u00e3o terminou&#8230; Assinaram decretos e reconheceram a cidadania de cerca de 25 milh\u00f5es de pessoas que passaram \u00e0 classe C, faltam ainda 25 milh\u00f5es de brasileiros que n\u00e3o sabem o que \u00e9 saneamento b\u00e1sico. Jesus lutava h\u00e1 dois mil anos pela vida plena para todos.<\/p>\n<p><strong>Simb\u00f3lico III<\/strong><\/p>\n<p>Para garantir a governabilidade a nova presidenta teve que compactuar com o passado e o presente. Nomeia a artista Anna Maria Buarque de Hollanda, primeira mulher a ocupar o Mist\u00e9rio da Cultura. Ela \u00e9 irm\u00e3 do grande compositor de m\u00fasica popular brasileira Chico Buarque e filha do soci\u00f3logo S\u00e9rgio Buarque de Holanda, autor do livro que devemos ler, reler e estudar: \u201cRa\u00edzes do Brasil\u201d. Ana \u00e9 s\u00edmbolo da alta cultura.<\/p>\n<p>Dilma, em nome do pacto e da governabilidade ter\u00e1 que nomear Pedro Novais ministro do turismo, representante da casa grande, do atraso e da barb\u00e1rie. Mesmo tendo 80 anos de idade \u00e9 norteado por seus baixos instintos, promoveu uma \u201cfesta\u201d num motel com dinheiro p\u00fablico. Infelizmente, numa democracia temos de respeitar o eleitores que votaram nele para deputado pelo Maranh\u00e3o. Este \u00e9 o retrato do Brasil, somente a edu\u00e7\u00e3o e arte contra a barb\u00e1rie podem vencer a opress\u00e3o e a represss\u00e3o.<\/p>\n<p><strong>Simb\u00f3lico IV<\/strong><\/p>\n<p>N\u00e3o importa se voc\u00ea acredita no menino Jesus, no pequeno Buda ou no jovem Guevara&#8230;n\u00e3o devemos matar em n\u00f3s \u00e0quela crian\u00e7a de tr\u00eas anos que temos em nossos cora\u00e7\u00f5es. Neles e nelas residem a esperan\u00e7a de que dias melhores vir\u00e3o, se lutarmos por eles. Sendo contradit\u00f3rio agora; quem tem minha idade conhece um jingle natalino \u2013\u201c&#8230;feliz natal pra todos \/ feliz natal&#8230;\u201d cantarola a\u00ed, vai!<\/p>\n<p>Wanderley de Oliveira<br \/>\nRep\u00f3rter volunt\u00e1rio do Arcanjo no Ar<br \/>\ne gestor de conte\u00fados de m\u00eddias digitais<\/p>\n<div id=\"themify_builder_content-12479\" data-postid=\"12479\" class=\"themify_builder_content themify_builder_content-12479 themify_builder themify_builder_front\">\n\t<\/div>\n<!-- \/themify_builder_content -->","protected":false},"excerpt":{"rendered":"<p>S\u00edmbolo (dic. Objeto f\u00edsico ou imaterial\u00a0a que se d\u00e1 uma significa\u00e7\u00e3o abstrata:\u00a0a balan\u00e7a \u00e9 o s\u00edmbolo da justi\u00e7a) Simb\u00f3lico I N\u00f3s, rep\u00f3rteres do portal O Arcanjo no Ar, Carlos e Wanderley, est\u00e1vamos flanando pela Av. Paulista, quando nos deparamos com um imenso \u201cpres\u00e9pio\u201d suspenso no ar sobre a avenida, havia v\u00e1rios personagens envolto num palco [&hellip;]<\/p>\n","protected":false},"author":5,"featured_media":0,"comment_status":"open","ping_status":"open","sticky":false,"template":"","format":"standard","meta":{"ngg_post_thumbnail":0,"footnotes":""},"categories":[9],"tags":[60,150],"yoast_head":"<!-- This site is optimized with the Yoast SEO plugin v23.5 - https:\/\/yoast.com\/wordpress\/plugins\/seo\/ -->\n<title>O que \u00e9 simb\u00f3lico nas ra\u00edzes brasileiras - O Arcanjo no ar<\/title>\n<meta name=\"robots\" content=\"index, follow, max-snippet:-1, max-image-preview:large, max-video-preview:-1\" \/>\n<link rel=\"canonical\" href=\"https:\/\/www.oarcanjo.net\/site\/12479\/\" \/>\n<meta property=\"og:locale\" content=\"pt_BR\" \/>\n<meta property=\"og:type\" content=\"article\" \/>\n<meta property=\"og:title\" content=\"O que \u00e9 simb\u00f3lico nas ra\u00edzes brasileiras - O Arcanjo no ar\" \/>\n<meta property=\"og:description\" content=\"S\u00edmbolo (dic. Objeto f\u00edsico ou imaterial\u00a0a que se d\u00e1 uma significa\u00e7\u00e3o abstrata:\u00a0a balan\u00e7a \u00e9 o s\u00edmbolo da justi\u00e7a) Simb\u00f3lico I N\u00f3s, rep\u00f3rteres do portal O Arcanjo no Ar, Carlos e Wanderley, est\u00e1vamos flanando pela Av. Paulista, quando nos deparamos com um imenso \u201cpres\u00e9pio\u201d suspenso no ar sobre a avenida, havia v\u00e1rios personagens envolto num palco [&hellip;]\" \/>\n<meta property=\"og:url\" content=\"https:\/\/www.oarcanjo.net\/site\/12479\/\" \/>\n<meta property=\"og:site_name\" content=\"O Arcanjo no ar\" \/>\n<meta property=\"article:publisher\" content=\"https:\/\/www.facebook.com\/OArcanjoNoAr\/\" \/>\n<meta property=\"article:published_time\" content=\"2010-12-24T19:32:10+00:00\" \/>\n<meta property=\"article:modified_time\" content=\"2010-12-24T19:32:50+00:00\" \/>\n<meta property=\"og:image\" content=\"https:\/\/www.oarcanjo.net\/site\/wp-content\/uploads\/logo-o-arcanjo-no-ar-facebook.png\" \/>\n\t<meta property=\"og:image:width\" content=\"300\" \/>\n\t<meta property=\"og:image:height\" content=\"300\" \/>\n\t<meta property=\"og:image:type\" content=\"image\/png\" \/>\n<meta name=\"author\" content=\"editor\" \/>\n<meta name=\"twitter:card\" content=\"summary_large_image\" \/>\n<meta name=\"twitter:label1\" content=\"Escrito por\" \/>\n\t<meta name=\"twitter:data1\" content=\"editor\" \/>\n\t<meta name=\"twitter:label2\" content=\"Est. tempo de leitura\" \/>\n\t<meta name=\"twitter:data2\" content=\"3 minutos\" \/>\n<script type=\"application\/ld+json\" class=\"yoast-schema-graph\">{\"@context\":\"https:\/\/schema.org\",\"@graph\":[{\"@type\":\"Article\",\"@id\":\"https:\/\/www.oarcanjo.net\/site\/12479\/#article\",\"isPartOf\":{\"@id\":\"https:\/\/www.oarcanjo.net\/site\/12479\/\"},\"author\":{\"name\":\"editor\",\"@id\":\"https:\/\/www.oarcanjo.net\/site\/#\/schema\/person\/f7024d007863202483a31326673a0838\"},\"headline\":\"O que \u00e9 simb\u00f3lico nas ra\u00edzes brasileiras\",\"datePublished\":\"2010-12-24T19:32:10+00:00\",\"dateModified\":\"2010-12-24T19:32:50+00:00\",\"mainEntityOfPage\":{\"@id\":\"https:\/\/www.oarcanjo.net\/site\/12479\/\"},\"wordCount\":605,\"commentCount\":0,\"publisher\":{\"@id\":\"https:\/\/www.oarcanjo.net\/site\/#organization\"},\"keywords\":[\"natal\",\"pres\u00e9pio\"],\"articleSection\":[\"Reflex\u00f5es\"],\"inLanguage\":\"pt-BR\",\"potentialAction\":[{\"@type\":\"CommentAction\",\"name\":\"Comment\",\"target\":[\"https:\/\/www.oarcanjo.net\/site\/12479\/#respond\"]}]},{\"@type\":\"WebPage\",\"@id\":\"https:\/\/www.oarcanjo.net\/site\/12479\/\",\"url\":\"https:\/\/www.oarcanjo.net\/site\/12479\/\",\"name\":\"O que \u00e9 simb\u00f3lico nas ra\u00edzes brasileiras - O Arcanjo no ar\",\"isPartOf\":{\"@id\":\"https:\/\/www.oarcanjo.net\/site\/#website\"},\"datePublished\":\"2010-12-24T19:32:10+00:00\",\"dateModified\":\"2010-12-24T19:32:50+00:00\",\"breadcrumb\":{\"@id\":\"https:\/\/www.oarcanjo.net\/site\/12479\/#breadcrumb\"},\"inLanguage\":\"pt-BR\",\"potentialAction\":[{\"@type\":\"ReadAction\",\"target\":[\"https:\/\/www.oarcanjo.net\/site\/12479\/\"]}]},{\"@type\":\"BreadcrumbList\",\"@id\":\"https:\/\/www.oarcanjo.net\/site\/12479\/#breadcrumb\",\"itemListElement\":[{\"@type\":\"ListItem\",\"position\":1,\"name\":\"In\u00edcio\",\"item\":\"https:\/\/www.oarcanjo.net\/site\/\"},{\"@type\":\"ListItem\",\"position\":2,\"name\":\"O que \u00e9 simb\u00f3lico nas ra\u00edzes brasileiras\"}]},{\"@type\":\"WebSite\",\"@id\":\"https:\/\/www.oarcanjo.net\/site\/#website\",\"url\":\"https:\/\/www.oarcanjo.net\/site\/\",\"name\":\"O Arcanjo no ar\",\"description\":\"Site da Par\u00f3quia S\u00e3o Miguel Arcanjo (Arquidiocese de SP)\",\"publisher\":{\"@id\":\"https:\/\/www.oarcanjo.net\/site\/#organization\"},\"potentialAction\":[{\"@type\":\"SearchAction\",\"target\":{\"@type\":\"EntryPoint\",\"urlTemplate\":\"https:\/\/www.oarcanjo.net\/site\/?s={search_term_string}\"},\"query-input\":{\"@type\":\"PropertyValueSpecification\",\"valueRequired\":true,\"valueName\":\"search_term_string\"}}],\"inLanguage\":\"pt-BR\"},{\"@type\":\"Organization\",\"@id\":\"https:\/\/www.oarcanjo.net\/site\/#organization\",\"name\":\"Par\u00f3quia S\u00e3o Miguel Arcanjo\",\"url\":\"https:\/\/www.oarcanjo.net\/site\/\",\"logo\":{\"@type\":\"ImageObject\",\"inLanguage\":\"pt-BR\",\"@id\":\"https:\/\/www.oarcanjo.net\/site\/#\/schema\/logo\/image\/\",\"url\":\"https:\/\/www.oarcanjo.net\/site\/wp-content\/uploads\/LogoOArcanjo.png\",\"contentUrl\":\"https:\/\/www.oarcanjo.net\/site\/wp-content\/uploads\/LogoOArcanjo.png\",\"width\":319,\"height\":99,\"caption\":\"Par\u00f3quia S\u00e3o Miguel Arcanjo\"},\"image\":{\"@id\":\"https:\/\/www.oarcanjo.net\/site\/#\/schema\/logo\/image\/\"},\"sameAs\":[\"https:\/\/www.facebook.com\/OArcanjoNoAr\/\"]},{\"@type\":\"Person\",\"@id\":\"https:\/\/www.oarcanjo.net\/site\/#\/schema\/person\/f7024d007863202483a31326673a0838\",\"name\":\"editor\",\"sameAs\":[\"http:\/\/www.oarcanjo.net\"]}]}<\/script>\n<!-- \/ Yoast SEO plugin. -->","yoast_head_json":{"title":"O que \u00e9 simb\u00f3lico nas ra\u00edzes brasileiras - O Arcanjo no ar","robots":{"index":"index","follow":"follow","max-snippet":"max-snippet:-1","max-image-preview":"max-image-preview:large","max-video-preview":"max-video-preview:-1"},"canonical":"https:\/\/www.oarcanjo.net\/site\/12479\/","og_locale":"pt_BR","og_type":"article","og_title":"O que \u00e9 simb\u00f3lico nas ra\u00edzes brasileiras - O Arcanjo no ar","og_description":"S\u00edmbolo (dic. Objeto f\u00edsico ou imaterial\u00a0a que se d\u00e1 uma significa\u00e7\u00e3o abstrata:\u00a0a balan\u00e7a \u00e9 o s\u00edmbolo da justi\u00e7a) Simb\u00f3lico I N\u00f3s, rep\u00f3rteres do portal O Arcanjo no Ar, Carlos e Wanderley, est\u00e1vamos flanando pela Av. Paulista, quando nos deparamos com um imenso \u201cpres\u00e9pio\u201d suspenso no ar sobre a avenida, havia v\u00e1rios personagens envolto num palco [&hellip;]","og_url":"https:\/\/www.oarcanjo.net\/site\/12479\/","og_site_name":"O Arcanjo no ar","article_publisher":"https:\/\/www.facebook.com\/OArcanjoNoAr\/","article_published_time":"2010-12-24T19:32:10+00:00","article_modified_time":"2010-12-24T19:32:50+00:00","og_image":[{"width":300,"height":300,"url":"https:\/\/www.oarcanjo.net\/site\/wp-content\/uploads\/logo-o-arcanjo-no-ar-facebook.png","type":"image\/png"}],"author":"editor","twitter_card":"summary_large_image","twitter_misc":{"Escrito por":"editor","Est. tempo de leitura":"3 minutos"},"schema":{"@context":"https:\/\/schema.org","@graph":[{"@type":"Article","@id":"https:\/\/www.oarcanjo.net\/site\/12479\/#article","isPartOf":{"@id":"https:\/\/www.oarcanjo.net\/site\/12479\/"},"author":{"name":"editor","@id":"https:\/\/www.oarcanjo.net\/site\/#\/schema\/person\/f7024d007863202483a31326673a0838"},"headline":"O que \u00e9 simb\u00f3lico nas ra\u00edzes brasileiras","datePublished":"2010-12-24T19:32:10+00:00","dateModified":"2010-12-24T19:32:50+00:00","mainEntityOfPage":{"@id":"https:\/\/www.oarcanjo.net\/site\/12479\/"},"wordCount":605,"commentCount":0,"publisher":{"@id":"https:\/\/www.oarcanjo.net\/site\/#organization"},"keywords":["natal","pres\u00e9pio"],"articleSection":["Reflex\u00f5es"],"inLanguage":"pt-BR","potentialAction":[{"@type":"CommentAction","name":"Comment","target":["https:\/\/www.oarcanjo.net\/site\/12479\/#respond"]}]},{"@type":"WebPage","@id":"https:\/\/www.oarcanjo.net\/site\/12479\/","url":"https:\/\/www.oarcanjo.net\/site\/12479\/","name":"O que \u00e9 simb\u00f3lico nas ra\u00edzes brasileiras - O Arcanjo no ar","isPartOf":{"@id":"https:\/\/www.oarcanjo.net\/site\/#website"},"datePublished":"2010-12-24T19:32:10+00:00","dateModified":"2010-12-24T19:32:50+00:00","breadcrumb":{"@id":"https:\/\/www.oarcanjo.net\/site\/12479\/#breadcrumb"},"inLanguage":"pt-BR","potentialAction":[{"@type":"ReadAction","target":["https:\/\/www.oarcanjo.net\/site\/12479\/"]}]},{"@type":"BreadcrumbList","@id":"https:\/\/www.oarcanjo.net\/site\/12479\/#breadcrumb","itemListElement":[{"@type":"ListItem","position":1,"name":"In\u00edcio","item":"https:\/\/www.oarcanjo.net\/site\/"},{"@type":"ListItem","position":2,"name":"O que \u00e9 simb\u00f3lico nas ra\u00edzes brasileiras"}]},{"@type":"WebSite","@id":"https:\/\/www.oarcanjo.net\/site\/#website","url":"https:\/\/www.oarcanjo.net\/site\/","name":"O Arcanjo no ar","description":"Site da Par\u00f3quia S\u00e3o Miguel Arcanjo (Arquidiocese de SP)","publisher":{"@id":"https:\/\/www.oarcanjo.net\/site\/#organization"},"potentialAction":[{"@type":"SearchAction","target":{"@type":"EntryPoint","urlTemplate":"https:\/\/www.oarcanjo.net\/site\/?s={search_term_string}"},"query-input":{"@type":"PropertyValueSpecification","valueRequired":true,"valueName":"search_term_string"}}],"inLanguage":"pt-BR"},{"@type":"Organization","@id":"https:\/\/www.oarcanjo.net\/site\/#organization","name":"Par\u00f3quia S\u00e3o Miguel Arcanjo","url":"https:\/\/www.oarcanjo.net\/site\/","logo":{"@type":"ImageObject","inLanguage":"pt-BR","@id":"https:\/\/www.oarcanjo.net\/site\/#\/schema\/logo\/image\/","url":"https:\/\/www.oarcanjo.net\/site\/wp-content\/uploads\/LogoOArcanjo.png","contentUrl":"https:\/\/www.oarcanjo.net\/site\/wp-content\/uploads\/LogoOArcanjo.png","width":319,"height":99,"caption":"Par\u00f3quia S\u00e3o Miguel Arcanjo"},"image":{"@id":"https:\/\/www.oarcanjo.net\/site\/#\/schema\/logo\/image\/"},"sameAs":["https:\/\/www.facebook.com\/OArcanjoNoAr\/"]},{"@type":"Person","@id":"https:\/\/www.oarcanjo.net\/site\/#\/schema\/person\/f7024d007863202483a31326673a0838","name":"editor","sameAs":["http:\/\/www.oarcanjo.net"]}]}},"publishpress_future_action":{"enabled":false,"date":"2026-05-10 09:34:13","action":"category","newStatus":"draft","terms":[],"taxonomy":"category"},"publishpress_future_workflow_manual_trigger":{"enabledWorkflows":[]},"_links":{"self":[{"href":"https:\/\/www.oarcanjo.net\/site\/wp-json\/wp\/v2\/posts\/12479"}],"collection":[{"href":"https:\/\/www.oarcanjo.net\/site\/wp-json\/wp\/v2\/posts"}],"about":[{"href":"https:\/\/www.oarcanjo.net\/site\/wp-json\/wp\/v2\/types\/post"}],"author":[{"embeddable":true,"href":"https:\/\/www.oarcanjo.net\/site\/wp-json\/wp\/v2\/users\/5"}],"replies":[{"embeddable":true,"href":"https:\/\/www.oarcanjo.net\/site\/wp-json\/wp\/v2\/comments?post=12479"}],"version-history":[{"count":0,"href":"https:\/\/www.oarcanjo.net\/site\/wp-json\/wp\/v2\/posts\/12479\/revisions"}],"wp:attachment":[{"href":"https:\/\/www.oarcanjo.net\/site\/wp-json\/wp\/v2\/media?parent=12479"}],"wp:term":[{"taxonomy":"category","embeddable":true,"href":"https:\/\/www.oarcanjo.net\/site\/wp-json\/wp\/v2\/categories?post=12479"},{"taxonomy":"post_tag","embeddable":true,"href":"https:\/\/www.oarcanjo.net\/site\/wp-json\/wp\/v2\/tags?post=12479"}],"curies":[{"name":"wp","href":"https:\/\/api.w.org\/{rel}","templated":true}]}}