
{"id":12482,"date":"2010-12-25T13:45:19","date_gmt":"2010-12-25T15:45:19","guid":{"rendered":"http:\/\/www.oarcanjo.net\/site\/?p=12482"},"modified":"2010-12-26T00:09:55","modified_gmt":"2010-12-26T02:09:55","slug":"missa-da-vigilia-de-natal-2010","status":"publish","type":"post","link":"https:\/\/www.oarcanjo.net\/site\/missa-da-vigilia-de-natal-2010\/","title":{"rendered":"Missa da Vig\u00edlia de Natal 2010"},"content":{"rendered":"<p>Centenas de pessoas participaram da missa da Vig\u00edlia de Natal, celebrada na noite de 24 de dezembro na igreja S\u00e3o Miguel Arcanjo, em S\u00e3o Paulo.<\/p>\n<p>Veja a \u00edntegra da homilia do Pe. Julio Lancellotti:<\/p>\n<p><object classid=\"clsid:d27cdb6e-ae6d-11cf-96b8-444553540000\" width=\"560\" height=\"340\" codebase=\"http:\/\/download.macromedia.com\/pub\/shockwave\/cabs\/flash\/swflash.cab#version=6,0,40,0\"><param name=\"allowFullScreen\" value=\"true\" \/><param name=\"allowscriptaccess\" value=\"always\" \/><param name=\"src\" value=\"http:\/\/www.youtube.com\/v\/tNXEMl8ekfw?fs=1&amp;hl=en_US&amp;rel=0&amp;color1=0xe1600f&amp;color2=0xfebd01\" \/><param name=\"allowfullscreen\" value=\"true\" \/><embed type=\"application\/x-shockwave-flash\" width=\"560\" height=\"340\" src=\"http:\/\/www.youtube.com\/v\/tNXEMl8ekfw?fs=1&amp;hl=en_US&amp;rel=0&amp;color1=0xe1600f&amp;color2=0xfebd01\" allowfullscreen=\"true\" allowscriptaccess=\"always\"><\/embed><\/object><\/p>\n<p>No final, integrantes da comunidade encenaram o pres\u00e9pio:<\/p>\n<p><object classid=\"clsid:d27cdb6e-ae6d-11cf-96b8-444553540000\" width=\"560\" height=\"340\" codebase=\"http:\/\/download.macromedia.com\/pub\/shockwave\/cabs\/flash\/swflash.cab#version=6,0,40,0\"><param name=\"allowFullScreen\" value=\"true\" \/><param name=\"allowscriptaccess\" value=\"always\" \/><param name=\"src\" value=\"http:\/\/www.youtube.com\/v\/nIpNzvDxZtI?fs=1&amp;hl=en_US&amp;rel=0&amp;color1=0xe1600f&amp;color2=0xfebd01\" \/><param name=\"allowfullscreen\" value=\"true\" \/><embed type=\"application\/x-shockwave-flash\" width=\"560\" height=\"340\" src=\"http:\/\/www.youtube.com\/v\/nIpNzvDxZtI?fs=1&amp;hl=en_US&amp;rel=0&amp;color1=0xe1600f&amp;color2=0xfebd01\" allowfullscreen=\"true\" allowscriptaccess=\"always\"><\/embed><\/object><\/p>\n<p>Vejam algumas fotos:<\/p>\n<p><a href=\"http:\/\/www.oarcanjo.net\/site\/wp-content\/uploads\/nat-11.jpg\"><img loading=\"lazy\" decoding=\"async\" class=\"alignright size-medium wp-image-12522\" title=\"nat (1)\" src=\"http:\/\/www.oarcanjo.net\/site\/wp-content\/uploads\/nat-11-300x200.jpg\" alt=\"\" width=\"300\" height=\"200\" srcset=\"https:\/\/www.oarcanjo.net\/site\/wp-content\/uploads\/nat-11-300x200.jpg 300w, https:\/\/www.oarcanjo.net\/site\/wp-content\/uploads\/nat-11.jpg 640w\" sizes=\"(max-width: 300px) 100vw, 300px\" \/><\/a><\/p>\n<p><a href=\"http:\/\/www.oarcanjo.net\/site\/wp-content\/uploads\/nat-2.jpg\"><img loading=\"lazy\" decoding=\"async\" class=\"alignright size-medium wp-image-12523\" title=\"nat (2)\" src=\"http:\/\/www.oarcanjo.net\/site\/wp-content\/uploads\/nat-2-300x200.jpg\" alt=\"\" width=\"300\" height=\"200\" srcset=\"https:\/\/www.oarcanjo.net\/site\/wp-content\/uploads\/nat-2-300x200.jpg 300w, https:\/\/www.oarcanjo.net\/site\/wp-content\/uploads\/nat-2.jpg 640w\" sizes=\"(max-width: 300px) 100vw, 300px\" \/><\/a><a href=\"http:\/\/www.oarcanjo.net\/site\/wp-content\/uploads\/nat-3.jpg\"><img loading=\"lazy\" decoding=\"async\" class=\"alignright size-medium wp-image-12524\" title=\"nat (3)\" src=\"http:\/\/www.oarcanjo.net\/site\/wp-content\/uploads\/nat-3-300x200.jpg\" alt=\"\" width=\"300\" height=\"200\" srcset=\"https:\/\/www.oarcanjo.net\/site\/wp-content\/uploads\/nat-3-300x200.jpg 300w, https:\/\/www.oarcanjo.net\/site\/wp-content\/uploads\/nat-3.jpg 640w\" sizes=\"(max-width: 300px) 100vw, 300px\" \/><\/a><a href=\"http:\/\/www.oarcanjo.net\/site\/wp-content\/uploads\/nat-4.jpg\"><img loading=\"lazy\" decoding=\"async\" class=\"alignright size-medium wp-image-12525\" title=\"nat (4)\" src=\"http:\/\/www.oarcanjo.net\/site\/wp-content\/uploads\/nat-4-300x200.jpg\" alt=\"\" width=\"300\" height=\"200\" srcset=\"https:\/\/www.oarcanjo.net\/site\/wp-content\/uploads\/nat-4-300x200.jpg 300w, https:\/\/www.oarcanjo.net\/site\/wp-content\/uploads\/nat-4.jpg 640w\" sizes=\"(max-width: 300px) 100vw, 300px\" \/><\/a><a href=\"http:\/\/www.oarcanjo.net\/site\/wp-content\/uploads\/nat-5.jpg\"><img loading=\"lazy\" decoding=\"async\" class=\"alignright size-medium wp-image-12526\" title=\"nat (5)\" src=\"http:\/\/www.oarcanjo.net\/site\/wp-content\/uploads\/nat-5-300x200.jpg\" alt=\"\" width=\"300\" height=\"200\" srcset=\"https:\/\/www.oarcanjo.net\/site\/wp-content\/uploads\/nat-5-300x200.jpg 300w, https:\/\/www.oarcanjo.net\/site\/wp-content\/uploads\/nat-5.jpg 640w\" sizes=\"(max-width: 300px) 100vw, 300px\" \/><\/a><\/p>\n<div id=\"themify_builder_content-12482\" data-postid=\"12482\" class=\"themify_builder_content themify_builder_content-12482 themify_builder themify_builder_front\">\n\t<\/div>\n<!-- \/themify_builder_content -->","protected":false},"excerpt":{"rendered":"<p>Centenas de pessoas participaram da missa da Vig\u00edlia de Natal, celebrada na noite de 24 de dezembro na igreja S\u00e3o Miguel Arcanjo, em S\u00e3o Paulo. Assista \u00e0 homilia do Pe. Julio Lancellotti e \u00e0 encena\u00e7\u00e3o do nascimento do Menino Jesus<\/p>\n","protected":false},"author":5,"featured_media":0,"comment_status":"open","ping_status":"open","sticky":false,"template":"","format":"standard","meta":{"ngg_post_thumbnail":0,"footnotes":""},"categories":[4,3,475,7],"tags":[1795,1367,60,150],"yoast_head":"<!-- This site is optimized with the Yoast SEO plugin v23.5 - https:\/\/yoast.com\/wordpress\/plugins\/seo\/ -->\n<title>Missa da Vig\u00edlia de Natal 2010 - O Arcanjo no ar<\/title>\n<meta name=\"robots\" content=\"index, follow, max-snippet:-1, max-image-preview:large, max-video-preview:-1\" \/>\n<link rel=\"canonical\" href=\"https:\/\/www.oarcanjo.net\/site\/missa-da-vigilia-de-natal-2010\/\" \/>\n<meta property=\"og:locale\" content=\"pt_BR\" \/>\n<meta property=\"og:type\" content=\"article\" \/>\n<meta property=\"og:title\" content=\"Missa da Vig\u00edlia de Natal 2010 - O Arcanjo no ar\" \/>\n<meta property=\"og:description\" content=\"Centenas de pessoas participaram da missa da Vig\u00edlia de Natal, celebrada na noite de 24 de dezembro na igreja S\u00e3o Miguel Arcanjo, em S\u00e3o Paulo. Assista \u00e0 homilia do Pe. Julio Lancellotti e \u00e0 encena\u00e7\u00e3o do nascimento do Menino Jesus\" \/>\n<meta property=\"og:url\" content=\"https:\/\/www.oarcanjo.net\/site\/missa-da-vigilia-de-natal-2010\/\" \/>\n<meta property=\"og:site_name\" content=\"O Arcanjo no ar\" \/>\n<meta property=\"article:publisher\" content=\"https:\/\/www.facebook.com\/OArcanjoNoAr\/\" \/>\n<meta property=\"article:published_time\" content=\"2010-12-25T15:45:19+00:00\" \/>\n<meta property=\"article:modified_time\" content=\"2010-12-26T02:09:55+00:00\" \/>\n<meta property=\"og:image\" content=\"http:\/\/www.oarcanjo.net\/site\/wp-content\/uploads\/nat-11-300x200.jpg\" \/>\n<meta name=\"author\" content=\"editor\" \/>\n<meta name=\"twitter:card\" content=\"summary_large_image\" \/>\n<meta name=\"twitter:label1\" content=\"Escrito por\" \/>\n\t<meta name=\"twitter:data1\" content=\"editor\" \/>\n<script type=\"application\/ld+json\" class=\"yoast-schema-graph\">{\"@context\":\"https:\/\/schema.org\",\"@graph\":[{\"@type\":\"Article\",\"@id\":\"https:\/\/www.oarcanjo.net\/site\/missa-da-vigilia-de-natal-2010\/#article\",\"isPartOf\":{\"@id\":\"https:\/\/www.oarcanjo.net\/site\/missa-da-vigilia-de-natal-2010\/\"},\"author\":{\"name\":\"editor\",\"@id\":\"https:\/\/www.oarcanjo.net\/site\/#\/schema\/person\/f7024d007863202483a31326673a0838\"},\"headline\":\"Missa da Vig\u00edlia de Natal 2010\",\"datePublished\":\"2010-12-25T15:45:19+00:00\",\"dateModified\":\"2010-12-26T02:09:55+00:00\",\"mainEntityOfPage\":{\"@id\":\"https:\/\/www.oarcanjo.net\/site\/missa-da-vigilia-de-natal-2010\/\"},\"wordCount\":54,\"commentCount\":8,\"publisher\":{\"@id\":\"https:\/\/www.oarcanjo.net\/site\/#organization\"},\"image\":{\"@id\":\"https:\/\/www.oarcanjo.net\/site\/missa-da-vigilia-de-natal-2010\/#primaryimage\"},\"thumbnailUrl\":\"http:\/\/www.oarcanjo.net\/site\/wp-content\/uploads\/nat-11-300x200.jpg\",\"keywords\":[\"humanizar\",\"Menino Jesus\",\"natal\",\"pres\u00e9pio\"],\"articleSection\":[\"Blog\",\"Destaques\",\"Homilias\",\"Rosto da comunidade\"],\"inLanguage\":\"pt-BR\",\"potentialAction\":[{\"@type\":\"CommentAction\",\"name\":\"Comment\",\"target\":[\"https:\/\/www.oarcanjo.net\/site\/missa-da-vigilia-de-natal-2010\/#respond\"]}]},{\"@type\":\"WebPage\",\"@id\":\"https:\/\/www.oarcanjo.net\/site\/missa-da-vigilia-de-natal-2010\/\",\"url\":\"https:\/\/www.oarcanjo.net\/site\/missa-da-vigilia-de-natal-2010\/\",\"name\":\"Missa da Vig\u00edlia de Natal 2010 - O Arcanjo no ar\",\"isPartOf\":{\"@id\":\"https:\/\/www.oarcanjo.net\/site\/#website\"},\"primaryImageOfPage\":{\"@id\":\"https:\/\/www.oarcanjo.net\/site\/missa-da-vigilia-de-natal-2010\/#primaryimage\"},\"image\":{\"@id\":\"https:\/\/www.oarcanjo.net\/site\/missa-da-vigilia-de-natal-2010\/#primaryimage\"},\"thumbnailUrl\":\"http:\/\/www.oarcanjo.net\/site\/wp-content\/uploads\/nat-11-300x200.jpg\",\"datePublished\":\"2010-12-25T15:45:19+00:00\",\"dateModified\":\"2010-12-26T02:09:55+00:00\",\"breadcrumb\":{\"@id\":\"https:\/\/www.oarcanjo.net\/site\/missa-da-vigilia-de-natal-2010\/#breadcrumb\"},\"inLanguage\":\"pt-BR\",\"potentialAction\":[{\"@type\":\"ReadAction\",\"target\":[\"https:\/\/www.oarcanjo.net\/site\/missa-da-vigilia-de-natal-2010\/\"]}]},{\"@type\":\"ImageObject\",\"inLanguage\":\"pt-BR\",\"@id\":\"https:\/\/www.oarcanjo.net\/site\/missa-da-vigilia-de-natal-2010\/#primaryimage\",\"url\":\"https:\/\/www.oarcanjo.net\/site\/wp-content\/uploads\/nat-11.jpg\",\"contentUrl\":\"https:\/\/www.oarcanjo.net\/site\/wp-content\/uploads\/nat-11.jpg\",\"width\":\"640\",\"height\":\"427\"},{\"@type\":\"BreadcrumbList\",\"@id\":\"https:\/\/www.oarcanjo.net\/site\/missa-da-vigilia-de-natal-2010\/#breadcrumb\",\"itemListElement\":[{\"@type\":\"ListItem\",\"position\":1,\"name\":\"In\u00edcio\",\"item\":\"https:\/\/www.oarcanjo.net\/site\/\"},{\"@type\":\"ListItem\",\"position\":2,\"name\":\"Missa da Vig\u00edlia de Natal 2010\"}]},{\"@type\":\"WebSite\",\"@id\":\"https:\/\/www.oarcanjo.net\/site\/#website\",\"url\":\"https:\/\/www.oarcanjo.net\/site\/\",\"name\":\"O Arcanjo no ar\",\"description\":\"Site da Par\u00f3quia S\u00e3o Miguel Arcanjo (Arquidiocese de SP)\",\"publisher\":{\"@id\":\"https:\/\/www.oarcanjo.net\/site\/#organization\"},\"potentialAction\":[{\"@type\":\"SearchAction\",\"target\":{\"@type\":\"EntryPoint\",\"urlTemplate\":\"https:\/\/www.oarcanjo.net\/site\/?s={search_term_string}\"},\"query-input\":{\"@type\":\"PropertyValueSpecification\",\"valueRequired\":true,\"valueName\":\"search_term_string\"}}],\"inLanguage\":\"pt-BR\"},{\"@type\":\"Organization\",\"@id\":\"https:\/\/www.oarcanjo.net\/site\/#organization\",\"name\":\"Par\u00f3quia S\u00e3o Miguel Arcanjo\",\"url\":\"https:\/\/www.oarcanjo.net\/site\/\",\"logo\":{\"@type\":\"ImageObject\",\"inLanguage\":\"pt-BR\",\"@id\":\"https:\/\/www.oarcanjo.net\/site\/#\/schema\/logo\/image\/\",\"url\":\"https:\/\/www.oarcanjo.net\/site\/wp-content\/uploads\/LogoOArcanjo.png\",\"contentUrl\":\"https:\/\/www.oarcanjo.net\/site\/wp-content\/uploads\/LogoOArcanjo.png\",\"width\":319,\"height\":99,\"caption\":\"Par\u00f3quia S\u00e3o Miguel Arcanjo\"},\"image\":{\"@id\":\"https:\/\/www.oarcanjo.net\/site\/#\/schema\/logo\/image\/\"},\"sameAs\":[\"https:\/\/www.facebook.com\/OArcanjoNoAr\/\"]},{\"@type\":\"Person\",\"@id\":\"https:\/\/www.oarcanjo.net\/site\/#\/schema\/person\/f7024d007863202483a31326673a0838\",\"name\":\"editor\",\"sameAs\":[\"http:\/\/www.oarcanjo.net\"]}]}<\/script>\n<!-- \/ Yoast SEO plugin. -->","yoast_head_json":{"title":"Missa da Vig\u00edlia de Natal 2010 - O Arcanjo no ar","robots":{"index":"index","follow":"follow","max-snippet":"max-snippet:-1","max-image-preview":"max-image-preview:large","max-video-preview":"max-video-preview:-1"},"canonical":"https:\/\/www.oarcanjo.net\/site\/missa-da-vigilia-de-natal-2010\/","og_locale":"pt_BR","og_type":"article","og_title":"Missa da Vig\u00edlia de Natal 2010 - O Arcanjo no ar","og_description":"Centenas de pessoas participaram da missa da Vig\u00edlia de Natal, celebrada na noite de 24 de dezembro na igreja S\u00e3o Miguel Arcanjo, em S\u00e3o Paulo. Assista \u00e0 homilia do Pe. Julio Lancellotti e \u00e0 encena\u00e7\u00e3o do nascimento do Menino Jesus","og_url":"https:\/\/www.oarcanjo.net\/site\/missa-da-vigilia-de-natal-2010\/","og_site_name":"O Arcanjo no ar","article_publisher":"https:\/\/www.facebook.com\/OArcanjoNoAr\/","article_published_time":"2010-12-25T15:45:19+00:00","article_modified_time":"2010-12-26T02:09:55+00:00","og_image":[{"url":"http:\/\/www.oarcanjo.net\/site\/wp-content\/uploads\/nat-11-300x200.jpg"}],"author":"editor","twitter_card":"summary_large_image","twitter_misc":{"Escrito por":"editor"},"schema":{"@context":"https:\/\/schema.org","@graph":[{"@type":"Article","@id":"https:\/\/www.oarcanjo.net\/site\/missa-da-vigilia-de-natal-2010\/#article","isPartOf":{"@id":"https:\/\/www.oarcanjo.net\/site\/missa-da-vigilia-de-natal-2010\/"},"author":{"name":"editor","@id":"https:\/\/www.oarcanjo.net\/site\/#\/schema\/person\/f7024d007863202483a31326673a0838"},"headline":"Missa da Vig\u00edlia de Natal 2010","datePublished":"2010-12-25T15:45:19+00:00","dateModified":"2010-12-26T02:09:55+00:00","mainEntityOfPage":{"@id":"https:\/\/www.oarcanjo.net\/site\/missa-da-vigilia-de-natal-2010\/"},"wordCount":54,"commentCount":8,"publisher":{"@id":"https:\/\/www.oarcanjo.net\/site\/#organization"},"image":{"@id":"https:\/\/www.oarcanjo.net\/site\/missa-da-vigilia-de-natal-2010\/#primaryimage"},"thumbnailUrl":"http:\/\/www.oarcanjo.net\/site\/wp-content\/uploads\/nat-11-300x200.jpg","keywords":["humanizar","Menino Jesus","natal","pres\u00e9pio"],"articleSection":["Blog","Destaques","Homilias","Rosto da comunidade"],"inLanguage":"pt-BR","potentialAction":[{"@type":"CommentAction","name":"Comment","target":["https:\/\/www.oarcanjo.net\/site\/missa-da-vigilia-de-natal-2010\/#respond"]}]},{"@type":"WebPage","@id":"https:\/\/www.oarcanjo.net\/site\/missa-da-vigilia-de-natal-2010\/","url":"https:\/\/www.oarcanjo.net\/site\/missa-da-vigilia-de-natal-2010\/","name":"Missa da Vig\u00edlia de Natal 2010 - O Arcanjo no ar","isPartOf":{"@id":"https:\/\/www.oarcanjo.net\/site\/#website"},"primaryImageOfPage":{"@id":"https:\/\/www.oarcanjo.net\/site\/missa-da-vigilia-de-natal-2010\/#primaryimage"},"image":{"@id":"https:\/\/www.oarcanjo.net\/site\/missa-da-vigilia-de-natal-2010\/#primaryimage"},"thumbnailUrl":"http:\/\/www.oarcanjo.net\/site\/wp-content\/uploads\/nat-11-300x200.jpg","datePublished":"2010-12-25T15:45:19+00:00","dateModified":"2010-12-26T02:09:55+00:00","breadcrumb":{"@id":"https:\/\/www.oarcanjo.net\/site\/missa-da-vigilia-de-natal-2010\/#breadcrumb"},"inLanguage":"pt-BR","potentialAction":[{"@type":"ReadAction","target":["https:\/\/www.oarcanjo.net\/site\/missa-da-vigilia-de-natal-2010\/"]}]},{"@type":"ImageObject","inLanguage":"pt-BR","@id":"https:\/\/www.oarcanjo.net\/site\/missa-da-vigilia-de-natal-2010\/#primaryimage","url":"https:\/\/www.oarcanjo.net\/site\/wp-content\/uploads\/nat-11.jpg","contentUrl":"https:\/\/www.oarcanjo.net\/site\/wp-content\/uploads\/nat-11.jpg","width":"640","height":"427"},{"@type":"BreadcrumbList","@id":"https:\/\/www.oarcanjo.net\/site\/missa-da-vigilia-de-natal-2010\/#breadcrumb","itemListElement":[{"@type":"ListItem","position":1,"name":"In\u00edcio","item":"https:\/\/www.oarcanjo.net\/site\/"},{"@type":"ListItem","position":2,"name":"Missa da Vig\u00edlia de Natal 2010"}]},{"@type":"WebSite","@id":"https:\/\/www.oarcanjo.net\/site\/#website","url":"https:\/\/www.oarcanjo.net\/site\/","name":"O Arcanjo no ar","description":"Site da Par\u00f3quia S\u00e3o Miguel Arcanjo (Arquidiocese de SP)","publisher":{"@id":"https:\/\/www.oarcanjo.net\/site\/#organization"},"potentialAction":[{"@type":"SearchAction","target":{"@type":"EntryPoint","urlTemplate":"https:\/\/www.oarcanjo.net\/site\/?s={search_term_string}"},"query-input":{"@type":"PropertyValueSpecification","valueRequired":true,"valueName":"search_term_string"}}],"inLanguage":"pt-BR"},{"@type":"Organization","@id":"https:\/\/www.oarcanjo.net\/site\/#organization","name":"Par\u00f3quia S\u00e3o Miguel Arcanjo","url":"https:\/\/www.oarcanjo.net\/site\/","logo":{"@type":"ImageObject","inLanguage":"pt-BR","@id":"https:\/\/www.oarcanjo.net\/site\/#\/schema\/logo\/image\/","url":"https:\/\/www.oarcanjo.net\/site\/wp-content\/uploads\/LogoOArcanjo.png","contentUrl":"https:\/\/www.oarcanjo.net\/site\/wp-content\/uploads\/LogoOArcanjo.png","width":319,"height":99,"caption":"Par\u00f3quia S\u00e3o Miguel Arcanjo"},"image":{"@id":"https:\/\/www.oarcanjo.net\/site\/#\/schema\/logo\/image\/"},"sameAs":["https:\/\/www.facebook.com\/OArcanjoNoAr\/"]},{"@type":"Person","@id":"https:\/\/www.oarcanjo.net\/site\/#\/schema\/person\/f7024d007863202483a31326673a0838","name":"editor","sameAs":["http:\/\/www.oarcanjo.net"]}]}},"publishpress_future_action":{"enabled":false,"date":"2026-05-09 10:25:23","action":"category","newStatus":"draft","terms":[],"taxonomy":"category"},"publishpress_future_workflow_manual_trigger":{"enabledWorkflows":[]},"_links":{"self":[{"href":"https:\/\/www.oarcanjo.net\/site\/wp-json\/wp\/v2\/posts\/12482"}],"collection":[{"href":"https:\/\/www.oarcanjo.net\/site\/wp-json\/wp\/v2\/posts"}],"about":[{"href":"https:\/\/www.oarcanjo.net\/site\/wp-json\/wp\/v2\/types\/post"}],"author":[{"embeddable":true,"href":"https:\/\/www.oarcanjo.net\/site\/wp-json\/wp\/v2\/users\/5"}],"replies":[{"embeddable":true,"href":"https:\/\/www.oarcanjo.net\/site\/wp-json\/wp\/v2\/comments?post=12482"}],"version-history":[{"count":0,"href":"https:\/\/www.oarcanjo.net\/site\/wp-json\/wp\/v2\/posts\/12482\/revisions"}],"wp:attachment":[{"href":"https:\/\/www.oarcanjo.net\/site\/wp-json\/wp\/v2\/media?parent=12482"}],"wp:term":[{"taxonomy":"category","embeddable":true,"href":"https:\/\/www.oarcanjo.net\/site\/wp-json\/wp\/v2\/categories?post=12482"},{"taxonomy":"post_tag","embeddable":true,"href":"https:\/\/www.oarcanjo.net\/site\/wp-json\/wp\/v2\/tags?post=12482"}],"curies":[{"name":"wp","href":"https:\/\/api.w.org\/{rel}","templated":true}]}}