
{"id":12505,"date":"2010-12-25T14:54:13","date_gmt":"2010-12-25T16:54:13","guid":{"rendered":"http:\/\/www.oarcanjo.net\/site\/?p=12505"},"modified":"2010-12-25T14:54:13","modified_gmt":"2010-12-25T16:54:13","slug":"natal-a-festa-e-de-todos","status":"publish","type":"post","link":"https:\/\/www.oarcanjo.net\/site\/natal-a-festa-e-de-todos\/","title":{"rendered":"Natal: a festa \u00e9 de todos"},"content":{"rendered":"<p>D. Odilo Pedro Scherer<\/p>\n<p>O Natal comemora o nascimento de Jesus Cristo, a quem se refaz a origem do cristianismo. Por isso, \u00e9 festa grande nas comunidades crist\u00e3s, com express\u00f5es religiosas e culturais exuberantes.<\/p>\n<p>E a eles agrega-se a comunidade humana em geral pelo com\u00e9rcio aquecido, nas manifesta\u00e7\u00f5es de calor humano e nas tradi\u00e7\u00f5es populares, n\u00e3o necessariamente religiosas e crist\u00e3s. O Natal tornou-se festa para todos. E n\u00e3o \u00e9 sem raz\u00e3o.<\/p>\n<p>Os crist\u00e3os lembram no Natal que o Filho de Deus veio ao mundo e assumiu nossa humanidade, nascendo da Virgem Maria.<\/p>\n<p>Por Ele, Deus manifestou sua bondade para com a humanidade e nos estendeu a m\u00e3o, tornando-se pr\u00f3ximo de n\u00f3s, assumindo as fei\u00e7\u00f5es e tamb\u00e9m as ang\u00fastias e dores de cada ser humano. A todos trouxe alegria e indicou o caminho para a vida feliz e a realiza\u00e7\u00e3o plena dos anseios humanos.<\/p>\n<p>Proclamamos que o Natal \u00e9 obra de Deus -&#8220;Deus enviou ao mundo seu Filho&#8221; (G\u00e1latas, 4,4)-, que deseja unir a si a humanidade: &#8220;Deus tanto amou o mundo, que lhe entregou seu Filho \u00fanico&#8221;. N\u00e3o veio para condenar, mas para salvar (cf. Jo\u00e3o, 3,16). Isso aparece tamb\u00e9m nas atitudes, na prega\u00e7\u00e3o e nas a\u00e7\u00f5es de Jesus, sempre \u00e0 procura da &#8220;ovelha perdida&#8221;, pronto para aliviar as dores das pessoas.<\/p>\n<p>O Natal traz motivos de alegria e de festa para toda a humanidade. O nascimento de Jesus manifestou que Deus ama com ternura e compaix\u00e3o a todos; tamb\u00e9m aqueles que n\u00e3o creem, mas buscam luz e sentido para a vida.<\/p>\n<p>E tamb\u00e9m os que se negam a pensar sequer na dimens\u00e3o religiosa da exist\u00eancia: s\u00e3o igualmente amados por Deus, que por eles enviou seu Filho ao mundo. Pode-se rejeitar o amor de uma pessoa, mas n\u00e3o se pode impedir algu\u00e9m de amar&#8230;<\/p>\n<p>O Natal contagia e faz com que, por um momento, todos fiquem bons, lembrem do pr\u00f3ximo, cumprimentem-se felizes, enviem mensagens de paz e deem presentes&#8230;<\/p>\n<p>Multiplicam-se os apelos \u00e0 supera\u00e7\u00e3o da viol\u00eancia e \u00e0 reconcilia\u00e7\u00e3o; realizam-se a\u00e7\u00f5es solid\u00e1rias incont\u00e1veis para aliviar os sofrimentos do pr\u00f3ximo, mesmo sem saber quem ele \u00e9; intensificam-se gest\u00f5es em prol da justi\u00e7a nas rela\u00e7\u00f5es sociais e internacionais; valoriza-se o que \u00e9 belo e que toque a alma, amole\u00e7a o cora\u00e7\u00e3o e fa\u00e7a o esp\u00edrito sonhar&#8230;<\/p>\n<p>O ser humano redescobre o que h\u00e1 de bom dentro dele. E como seria bom se fosse Natal todos os dias!<\/p>\n<p>Ser\u00e1 a nostalgia de um para\u00edso perdido ou sinal de um mundo desejado? Nada \u00e9 mais condizente com o Natal, que a Igreja tamb\u00e9m comemora como dia da fraternidade universal. O Natal traz o an\u00fancio de que Deus quer reunir a grande fam\u00edlia humana num povo de irm\u00e3os, em que a solidariedade e o amor ao pr\u00f3ximo sejam o modo normal de viver e conviver.<\/p>\n<p>Mesmo assim, o Natal n\u00e3o muda as coisas como por encanto, com um toque de m\u00e1gica, e o mundo continua a girar; \u00e9 de se prever que ainda continuem a existir injusti\u00e7as, guerras, viol\u00eancias, sofrimentos, desonestidades privadas e p\u00fablicas&#8230; E, ent\u00e3o, de nada valeu que o Filho de Deus tenha vindo ao mundo? Valeu!<\/p>\n<p>Ele n\u00e3o veio na figura de um anjo de fogo, pronto a exterminar toda resist\u00eancia, mas na forma de uma crian\u00e7a, de bra\u00e7os abertos, fraco com os fracos, pequeno com os pequenos. N\u00e3o se substitui a n\u00f3s, n\u00e3o tira nossas responsabilidades nem suprime nossa liberdade.<\/p>\n<p>Faz-se pr\u00f3ximo de n\u00f3s, n\u00e3o estamos sozinhos no mundo, podemos contar com Ele. Experimentou nossa vida e valorizou tudo o que \u00e9 nosso; fez-se &#8220;Emanuel, Deus no meio de n\u00f3s&#8221;; est\u00e1 ao nosso lado, indica-nos o caminho por onde seguir e a verdade que ilumina o mist\u00e9rio da nossa exist\u00eancia. \u00c9 motivo para desejar &#8220;Feliz Natal&#8221; a todos!<\/p>\n<p><em>Artigo publicado originalmente no jornal Folha de S. Paulo<\/em><\/p>\n<div id=\"themify_builder_content-12505\" data-postid=\"12505\" class=\"themify_builder_content themify_builder_content-12505 themify_builder themify_builder_front\">\n\t<\/div>\n<!-- \/themify_builder_content -->","protected":false},"excerpt":{"rendered":"<p>Neste artigo, D. Odilo Pedro Scherer, cardeal arcebispo de S\u00e3o Paulo, lembra o sentido original da festa do 25 de dezembro: o Natal comemora o nascimento de Jesus Cristo, a quem se refaz a origem do cristianismo. Por isso, \u00e9 festa grande nas comunidades crist\u00e3s, com express\u00f5es religiosas e culturais exuberantes<\/p>\n","protected":false},"author":5,"featured_media":0,"comment_status":"open","ping_status":"open","sticky":false,"template":"","format":"standard","meta":{"ngg_post_thumbnail":0,"footnotes":""},"categories":[9],"tags":[60],"yoast_head":"<!-- This site is optimized with the Yoast SEO plugin v23.5 - https:\/\/yoast.com\/wordpress\/plugins\/seo\/ -->\n<title>Natal: a festa \u00e9 de todos - O Arcanjo no ar<\/title>\n<meta name=\"robots\" content=\"index, follow, max-snippet:-1, max-image-preview:large, max-video-preview:-1\" \/>\n<link rel=\"canonical\" href=\"https:\/\/www.oarcanjo.net\/site\/natal-a-festa-e-de-todos\/\" \/>\n<meta property=\"og:locale\" content=\"pt_BR\" \/>\n<meta property=\"og:type\" content=\"article\" \/>\n<meta property=\"og:title\" content=\"Natal: a festa \u00e9 de todos - O Arcanjo no ar\" \/>\n<meta property=\"og:description\" content=\"Neste artigo, D. Odilo Pedro Scherer, cardeal arcebispo de S\u00e3o Paulo, lembra o sentido original da festa do 25 de dezembro: o Natal comemora o nascimento de Jesus Cristo, a quem se refaz a origem do cristianismo. Por isso, \u00e9 festa grande nas comunidades crist\u00e3s, com express\u00f5es religiosas e culturais exuberantes\" \/>\n<meta property=\"og:url\" content=\"https:\/\/www.oarcanjo.net\/site\/natal-a-festa-e-de-todos\/\" \/>\n<meta property=\"og:site_name\" content=\"O Arcanjo no ar\" \/>\n<meta property=\"article:publisher\" content=\"https:\/\/www.facebook.com\/OArcanjoNoAr\/\" \/>\n<meta property=\"article:published_time\" content=\"2010-12-25T16:54:13+00:00\" \/>\n<meta property=\"og:image\" content=\"https:\/\/www.oarcanjo.net\/site\/wp-content\/uploads\/logo-o-arcanjo-no-ar-facebook.png\" \/>\n\t<meta property=\"og:image:width\" content=\"300\" \/>\n\t<meta property=\"og:image:height\" content=\"300\" \/>\n\t<meta property=\"og:image:type\" content=\"image\/png\" \/>\n<meta name=\"author\" content=\"editor\" \/>\n<meta name=\"twitter:card\" content=\"summary_large_image\" \/>\n<meta name=\"twitter:label1\" content=\"Escrito por\" \/>\n\t<meta name=\"twitter:data1\" content=\"editor\" \/>\n\t<meta name=\"twitter:label2\" content=\"Est. tempo de leitura\" \/>\n\t<meta name=\"twitter:data2\" content=\"3 minutos\" \/>\n<script type=\"application\/ld+json\" class=\"yoast-schema-graph\">{\"@context\":\"https:\/\/schema.org\",\"@graph\":[{\"@type\":\"Article\",\"@id\":\"https:\/\/www.oarcanjo.net\/site\/natal-a-festa-e-de-todos\/#article\",\"isPartOf\":{\"@id\":\"https:\/\/www.oarcanjo.net\/site\/natal-a-festa-e-de-todos\/\"},\"author\":{\"name\":\"editor\",\"@id\":\"https:\/\/www.oarcanjo.net\/site\/#\/schema\/person\/f7024d007863202483a31326673a0838\"},\"headline\":\"Natal: a festa \u00e9 de todos\",\"datePublished\":\"2010-12-25T16:54:13+00:00\",\"dateModified\":\"2010-12-25T16:54:13+00:00\",\"mainEntityOfPage\":{\"@id\":\"https:\/\/www.oarcanjo.net\/site\/natal-a-festa-e-de-todos\/\"},\"wordCount\":691,\"commentCount\":0,\"publisher\":{\"@id\":\"https:\/\/www.oarcanjo.net\/site\/#organization\"},\"keywords\":[\"natal\"],\"articleSection\":[\"Reflex\u00f5es\"],\"inLanguage\":\"pt-BR\",\"potentialAction\":[{\"@type\":\"CommentAction\",\"name\":\"Comment\",\"target\":[\"https:\/\/www.oarcanjo.net\/site\/natal-a-festa-e-de-todos\/#respond\"]}]},{\"@type\":\"WebPage\",\"@id\":\"https:\/\/www.oarcanjo.net\/site\/natal-a-festa-e-de-todos\/\",\"url\":\"https:\/\/www.oarcanjo.net\/site\/natal-a-festa-e-de-todos\/\",\"name\":\"Natal: a festa \u00e9 de todos - O Arcanjo no ar\",\"isPartOf\":{\"@id\":\"https:\/\/www.oarcanjo.net\/site\/#website\"},\"datePublished\":\"2010-12-25T16:54:13+00:00\",\"dateModified\":\"2010-12-25T16:54:13+00:00\",\"breadcrumb\":{\"@id\":\"https:\/\/www.oarcanjo.net\/site\/natal-a-festa-e-de-todos\/#breadcrumb\"},\"inLanguage\":\"pt-BR\",\"potentialAction\":[{\"@type\":\"ReadAction\",\"target\":[\"https:\/\/www.oarcanjo.net\/site\/natal-a-festa-e-de-todos\/\"]}]},{\"@type\":\"BreadcrumbList\",\"@id\":\"https:\/\/www.oarcanjo.net\/site\/natal-a-festa-e-de-todos\/#breadcrumb\",\"itemListElement\":[{\"@type\":\"ListItem\",\"position\":1,\"name\":\"In\u00edcio\",\"item\":\"https:\/\/www.oarcanjo.net\/site\/\"},{\"@type\":\"ListItem\",\"position\":2,\"name\":\"Natal: a festa \u00e9 de todos\"}]},{\"@type\":\"WebSite\",\"@id\":\"https:\/\/www.oarcanjo.net\/site\/#website\",\"url\":\"https:\/\/www.oarcanjo.net\/site\/\",\"name\":\"O Arcanjo no ar\",\"description\":\"Site da Par\u00f3quia S\u00e3o Miguel Arcanjo (Arquidiocese de SP)\",\"publisher\":{\"@id\":\"https:\/\/www.oarcanjo.net\/site\/#organization\"},\"potentialAction\":[{\"@type\":\"SearchAction\",\"target\":{\"@type\":\"EntryPoint\",\"urlTemplate\":\"https:\/\/www.oarcanjo.net\/site\/?s={search_term_string}\"},\"query-input\":{\"@type\":\"PropertyValueSpecification\",\"valueRequired\":true,\"valueName\":\"search_term_string\"}}],\"inLanguage\":\"pt-BR\"},{\"@type\":\"Organization\",\"@id\":\"https:\/\/www.oarcanjo.net\/site\/#organization\",\"name\":\"Par\u00f3quia S\u00e3o Miguel Arcanjo\",\"url\":\"https:\/\/www.oarcanjo.net\/site\/\",\"logo\":{\"@type\":\"ImageObject\",\"inLanguage\":\"pt-BR\",\"@id\":\"https:\/\/www.oarcanjo.net\/site\/#\/schema\/logo\/image\/\",\"url\":\"https:\/\/www.oarcanjo.net\/site\/wp-content\/uploads\/LogoOArcanjo.png\",\"contentUrl\":\"https:\/\/www.oarcanjo.net\/site\/wp-content\/uploads\/LogoOArcanjo.png\",\"width\":319,\"height\":99,\"caption\":\"Par\u00f3quia S\u00e3o Miguel Arcanjo\"},\"image\":{\"@id\":\"https:\/\/www.oarcanjo.net\/site\/#\/schema\/logo\/image\/\"},\"sameAs\":[\"https:\/\/www.facebook.com\/OArcanjoNoAr\/\"]},{\"@type\":\"Person\",\"@id\":\"https:\/\/www.oarcanjo.net\/site\/#\/schema\/person\/f7024d007863202483a31326673a0838\",\"name\":\"editor\",\"sameAs\":[\"http:\/\/www.oarcanjo.net\"]}]}<\/script>\n<!-- \/ Yoast SEO plugin. -->","yoast_head_json":{"title":"Natal: a festa \u00e9 de todos - O Arcanjo no ar","robots":{"index":"index","follow":"follow","max-snippet":"max-snippet:-1","max-image-preview":"max-image-preview:large","max-video-preview":"max-video-preview:-1"},"canonical":"https:\/\/www.oarcanjo.net\/site\/natal-a-festa-e-de-todos\/","og_locale":"pt_BR","og_type":"article","og_title":"Natal: a festa \u00e9 de todos - O Arcanjo no ar","og_description":"Neste artigo, D. Odilo Pedro Scherer, cardeal arcebispo de S\u00e3o Paulo, lembra o sentido original da festa do 25 de dezembro: o Natal comemora o nascimento de Jesus Cristo, a quem se refaz a origem do cristianismo. Por isso, \u00e9 festa grande nas comunidades crist\u00e3s, com express\u00f5es religiosas e culturais exuberantes","og_url":"https:\/\/www.oarcanjo.net\/site\/natal-a-festa-e-de-todos\/","og_site_name":"O Arcanjo no ar","article_publisher":"https:\/\/www.facebook.com\/OArcanjoNoAr\/","article_published_time":"2010-12-25T16:54:13+00:00","og_image":[{"width":300,"height":300,"url":"https:\/\/www.oarcanjo.net\/site\/wp-content\/uploads\/logo-o-arcanjo-no-ar-facebook.png","type":"image\/png"}],"author":"editor","twitter_card":"summary_large_image","twitter_misc":{"Escrito por":"editor","Est. tempo de leitura":"3 minutos"},"schema":{"@context":"https:\/\/schema.org","@graph":[{"@type":"Article","@id":"https:\/\/www.oarcanjo.net\/site\/natal-a-festa-e-de-todos\/#article","isPartOf":{"@id":"https:\/\/www.oarcanjo.net\/site\/natal-a-festa-e-de-todos\/"},"author":{"name":"editor","@id":"https:\/\/www.oarcanjo.net\/site\/#\/schema\/person\/f7024d007863202483a31326673a0838"},"headline":"Natal: a festa \u00e9 de todos","datePublished":"2010-12-25T16:54:13+00:00","dateModified":"2010-12-25T16:54:13+00:00","mainEntityOfPage":{"@id":"https:\/\/www.oarcanjo.net\/site\/natal-a-festa-e-de-todos\/"},"wordCount":691,"commentCount":0,"publisher":{"@id":"https:\/\/www.oarcanjo.net\/site\/#organization"},"keywords":["natal"],"articleSection":["Reflex\u00f5es"],"inLanguage":"pt-BR","potentialAction":[{"@type":"CommentAction","name":"Comment","target":["https:\/\/www.oarcanjo.net\/site\/natal-a-festa-e-de-todos\/#respond"]}]},{"@type":"WebPage","@id":"https:\/\/www.oarcanjo.net\/site\/natal-a-festa-e-de-todos\/","url":"https:\/\/www.oarcanjo.net\/site\/natal-a-festa-e-de-todos\/","name":"Natal: a festa \u00e9 de todos - O Arcanjo no ar","isPartOf":{"@id":"https:\/\/www.oarcanjo.net\/site\/#website"},"datePublished":"2010-12-25T16:54:13+00:00","dateModified":"2010-12-25T16:54:13+00:00","breadcrumb":{"@id":"https:\/\/www.oarcanjo.net\/site\/natal-a-festa-e-de-todos\/#breadcrumb"},"inLanguage":"pt-BR","potentialAction":[{"@type":"ReadAction","target":["https:\/\/www.oarcanjo.net\/site\/natal-a-festa-e-de-todos\/"]}]},{"@type":"BreadcrumbList","@id":"https:\/\/www.oarcanjo.net\/site\/natal-a-festa-e-de-todos\/#breadcrumb","itemListElement":[{"@type":"ListItem","position":1,"name":"In\u00edcio","item":"https:\/\/www.oarcanjo.net\/site\/"},{"@type":"ListItem","position":2,"name":"Natal: a festa \u00e9 de todos"}]},{"@type":"WebSite","@id":"https:\/\/www.oarcanjo.net\/site\/#website","url":"https:\/\/www.oarcanjo.net\/site\/","name":"O Arcanjo no ar","description":"Site da Par\u00f3quia S\u00e3o Miguel Arcanjo (Arquidiocese de SP)","publisher":{"@id":"https:\/\/www.oarcanjo.net\/site\/#organization"},"potentialAction":[{"@type":"SearchAction","target":{"@type":"EntryPoint","urlTemplate":"https:\/\/www.oarcanjo.net\/site\/?s={search_term_string}"},"query-input":{"@type":"PropertyValueSpecification","valueRequired":true,"valueName":"search_term_string"}}],"inLanguage":"pt-BR"},{"@type":"Organization","@id":"https:\/\/www.oarcanjo.net\/site\/#organization","name":"Par\u00f3quia S\u00e3o Miguel Arcanjo","url":"https:\/\/www.oarcanjo.net\/site\/","logo":{"@type":"ImageObject","inLanguage":"pt-BR","@id":"https:\/\/www.oarcanjo.net\/site\/#\/schema\/logo\/image\/","url":"https:\/\/www.oarcanjo.net\/site\/wp-content\/uploads\/LogoOArcanjo.png","contentUrl":"https:\/\/www.oarcanjo.net\/site\/wp-content\/uploads\/LogoOArcanjo.png","width":319,"height":99,"caption":"Par\u00f3quia S\u00e3o Miguel Arcanjo"},"image":{"@id":"https:\/\/www.oarcanjo.net\/site\/#\/schema\/logo\/image\/"},"sameAs":["https:\/\/www.facebook.com\/OArcanjoNoAr\/"]},{"@type":"Person","@id":"https:\/\/www.oarcanjo.net\/site\/#\/schema\/person\/f7024d007863202483a31326673a0838","name":"editor","sameAs":["http:\/\/www.oarcanjo.net"]}]}},"publishpress_future_action":{"enabled":false,"date":"2026-05-10 09:32:50","action":"category","newStatus":"draft","terms":[],"taxonomy":"category"},"publishpress_future_workflow_manual_trigger":{"enabledWorkflows":[]},"_links":{"self":[{"href":"https:\/\/www.oarcanjo.net\/site\/wp-json\/wp\/v2\/posts\/12505"}],"collection":[{"href":"https:\/\/www.oarcanjo.net\/site\/wp-json\/wp\/v2\/posts"}],"about":[{"href":"https:\/\/www.oarcanjo.net\/site\/wp-json\/wp\/v2\/types\/post"}],"author":[{"embeddable":true,"href":"https:\/\/www.oarcanjo.net\/site\/wp-json\/wp\/v2\/users\/5"}],"replies":[{"embeddable":true,"href":"https:\/\/www.oarcanjo.net\/site\/wp-json\/wp\/v2\/comments?post=12505"}],"version-history":[{"count":0,"href":"https:\/\/www.oarcanjo.net\/site\/wp-json\/wp\/v2\/posts\/12505\/revisions"}],"wp:attachment":[{"href":"https:\/\/www.oarcanjo.net\/site\/wp-json\/wp\/v2\/media?parent=12505"}],"wp:term":[{"taxonomy":"category","embeddable":true,"href":"https:\/\/www.oarcanjo.net\/site\/wp-json\/wp\/v2\/categories?post=12505"},{"taxonomy":"post_tag","embeddable":true,"href":"https:\/\/www.oarcanjo.net\/site\/wp-json\/wp\/v2\/tags?post=12505"}],"curies":[{"name":"wp","href":"https:\/\/api.w.org\/{rel}","templated":true}]}}