
{"id":12560,"date":"2010-12-25T06:00:55","date_gmt":"2010-12-25T08:00:55","guid":{"rendered":"http:\/\/www.oarcanjo.net\/site\/?p=12560"},"modified":"2010-12-27T15:35:09","modified_gmt":"2010-12-27T17:35:09","slug":"os-tempos-liturgicos-o-tempo-do-natal","status":"publish","type":"post","link":"https:\/\/www.oarcanjo.net\/site\/os-tempos-liturgicos-o-tempo-do-natal\/","title":{"rendered":"Os Tempos Lit\u00fargicos &#8211; O Tempo do Natal"},"content":{"rendered":"<p>Durante esse per\u00edodo, comemora-se a manifesta\u00e7\u00e3o do Senhor em nossa carne. Celebramos a &#8220;troca de dons entre o c\u00e9u e a terra&#8221;, pedindo que possamos &#8220;participar da divindade daquele que uniu ao Pai a nossa humanidade&#8221;. N\u00e3o celebramos apenas um acontecimento do passado, o nascimento de Jesus em Bel\u00e9m; celebramos o hoje da nossa salva\u00e7\u00e3o que se inicia com a manifesta\u00e7\u00e3o de Deus na humanidade de nossa carne.<\/p>\n<p>A alegria da Solenidade do Natal do Senhor se desdobra e se prolonga por oito dias sucessivos, os quais chamamos &#8220;Oitava do Natal&#8221;. Nesses oito dias existem algumas festas muito significativas. No dia 26 de dezembro, celebramos o primeiro m\u00e1rtir de Cristo, Santo Estev\u00e3o. No dia 27 de dezembro, celebramos S\u00e3o Jo\u00e3o, ap\u00f3stolo e evangelista. No dia 28 de dezembro, celebramos os Santos Inocentes M\u00e1rtires. A festa da Sagrada Fam\u00edlia, celebramos dentro do Domingo da Oitava de Natal ou, se n\u00e3o houver nenhum domingo dentro da oitava, celebramos no dia 30 de dezemnbro. No dia 1\u00ba de janeiro, celebramos a Solenidade da Santa M\u00e3e de Deus.<\/p>\n<p>A Solenidade da Epifania do Senhor (&#8220;epifania&#8221; quer dizer &#8220;revela\u00e7\u00e3o&#8221;), mais conhecida como Festa de Reis, \u00e9 celebrada no dia 6 de janeiro. No Brasil \u00e9 transferida para o domingo entre 2 e 8 de janeiro. Nela celebramos a manifesta\u00e7\u00e3o do Senhor a todas as na\u00e7\u00f5es, que s\u00e3o representadas pelos magos que v\u00e3o ao encontro do Salvador.<\/p>\n<p>A festa do Batismo do Senhor \u00e9 celebrada no domingo depois do dia 6 de janeiro, e revela a filia\u00e7\u00e3o divina de Jesus mediante a voz descida do c\u00e9u. Nesse momento acontece a verdadeira un\u00e7\u00e3o e investidura de Jesus como Messias (cf. Mc 1,10).<\/p>\n<p>Os textos lit\u00fargicos nos levam n\u00e3o a contemplar o anivers\u00e1rio de Jesus, mas sim a celebrar o mist\u00e9rio de sua manifesta\u00e7\u00e3o ao mundo para salvar a humanidade na humildade de nossa carne. No nascimento do Redentor, saudamos e celebramos a nossa reden\u00e7\u00e3o, que se cumprir\u00e1 em sua P\u00e1scoa.<\/p>\n<p><strong>Celebrando o Tempo do Natal<\/strong><\/p>\n<p>&#8211; <strong>Cor do tempo:<\/strong> branca<br \/>\n&#8211; <strong>Nas missas de Natal<\/strong>, no momento do Credo, todos fazem genuflex\u00e3o \u00e0s palavras :<em> &#8220;E se encarnou&#8221;<\/em><br \/>\n&#8211; <strong>Na missa da Epifania do Senhor<\/strong>, depois da proclama\u00e7\u00e3o do Evangelho, ou ap\u00f3s a Ora\u00e7\u00e3o depois da Comunh\u00e3o, faz-se o an\u00fancio do dia da P\u00e1scoa.<\/p>\n<div align=\"center\">\n<div id=\"attachment_12565\" style=\"width: 172px\" class=\"wp-caption alignnone\"><a href=\"http:\/\/www.oarcanjo.net\/site\/wp-content\/uploads\/ilustracao-tempo-liturgico-natal.jpg\"><img loading=\"lazy\" decoding=\"async\" aria-describedby=\"caption-attachment-12565\" class=\"size-full wp-image-12565\" title=\"Os Tempos Lit\u00fargicos - O Tempo do Natal\" src=\"http:\/\/www.oarcanjo.net\/site\/wp-content\/uploads\/ilustracao-tempo-liturgico-natal.jpg\" alt=\"Os Tempos Lit\u00fargicos - O Tempo do Natal\" width=\"162\" height=\"492\" align=\"center\" \/><\/a><p id=\"caption-attachment-12565\" class=\"wp-caption-text\">O Verbo de Deus se esvazia e assume a natureza humana. Desce na terra numa gruta escura; alcan\u00e7a as profundezas das \u00e1guas (Batismo); revela-se (Epifania) aos pastores e magos; \u00e9 ungido pelo Esp\u00edrito e apontado como o Cordeiro (Batismo).<\/p><\/div>\n<\/div>\n<p><strong><em>Jesus Cristo &#8211;\u00a0Ontem, hoje e sempre<br \/>\nO Ano Lit\u00fargico<br \/>\nPaulinas<\/em><\/strong><\/p>\n<p><em>Texto: Sidnei Fernandes Lima<br \/>\nIlustra\u00e7\u00f5es: Sergio Ceron <\/em><\/p>\n<div id=\"themify_builder_content-12560\" data-postid=\"12560\" class=\"themify_builder_content themify_builder_content-12560 themify_builder themify_builder_front\">\n\t<\/div>\n<!-- \/themify_builder_content -->","protected":false},"excerpt":{"rendered":"<p>Durante esse per\u00edodo, comemora-se a manifesta\u00e7\u00e3o do Senhor em nossa carne. Celebramos a &#8220;troca de dons entre o c\u00e9u e a terra&#8221;, pedindo que possamos &#8220;participar da divindade daquele que uniu ao Pai a nossa humanidade&#8221;. N\u00e3o celebramos apenas um acontecimento do passado, o nascimento de Jesus em Bel\u00e9m; celebramos o hoje da nossa salva\u00e7\u00e3o [&hellip;]<\/p>\n","protected":false},"author":5,"featured_media":0,"comment_status":"open","ping_status":"open","sticky":false,"template":"","format":"standard","meta":{"ngg_post_thumbnail":0,"footnotes":""},"categories":[3,109,1780],"tags":[3211],"yoast_head":"<!-- This site is optimized with the Yoast SEO plugin v23.5 - https:\/\/yoast.com\/wordpress\/plugins\/seo\/ -->\n<title>Os Tempos Lit\u00fargicos - O Tempo do Natal - O Arcanjo no ar<\/title>\n<meta name=\"robots\" content=\"index, follow, max-snippet:-1, max-image-preview:large, max-video-preview:-1\" \/>\n<link rel=\"canonical\" href=\"https:\/\/www.oarcanjo.net\/site\/os-tempos-liturgicos-o-tempo-do-natal\/\" \/>\n<meta property=\"og:locale\" content=\"pt_BR\" \/>\n<meta property=\"og:type\" content=\"article\" \/>\n<meta property=\"og:title\" content=\"Os Tempos Lit\u00fargicos - O Tempo do Natal - O Arcanjo no ar\" \/>\n<meta property=\"og:description\" content=\"Durante esse per\u00edodo, comemora-se a manifesta\u00e7\u00e3o do Senhor em nossa carne. Celebramos a &#8220;troca de dons entre o c\u00e9u e a terra&#8221;, pedindo que possamos &#8220;participar da divindade daquele que uniu ao Pai a nossa humanidade&#8221;. N\u00e3o celebramos apenas um acontecimento do passado, o nascimento de Jesus em Bel\u00e9m; celebramos o hoje da nossa salva\u00e7\u00e3o [&hellip;]\" \/>\n<meta property=\"og:url\" content=\"https:\/\/www.oarcanjo.net\/site\/os-tempos-liturgicos-o-tempo-do-natal\/\" \/>\n<meta property=\"og:site_name\" content=\"O Arcanjo no ar\" \/>\n<meta property=\"article:publisher\" content=\"https:\/\/www.facebook.com\/OArcanjoNoAr\/\" \/>\n<meta property=\"article:published_time\" content=\"2010-12-25T08:00:55+00:00\" \/>\n<meta property=\"article:modified_time\" content=\"2010-12-27T17:35:09+00:00\" \/>\n<meta property=\"og:image\" content=\"http:\/\/www.oarcanjo.net\/site\/wp-content\/uploads\/ilustracao-tempo-liturgico-natal.jpg\" \/>\n<meta name=\"author\" content=\"editor\" \/>\n<meta name=\"twitter:card\" content=\"summary_large_image\" \/>\n<meta name=\"twitter:label1\" content=\"Escrito por\" \/>\n\t<meta name=\"twitter:data1\" content=\"editor\" \/>\n\t<meta name=\"twitter:label2\" content=\"Est. tempo de leitura\" \/>\n\t<meta name=\"twitter:data2\" content=\"2 minutos\" \/>\n<script type=\"application\/ld+json\" class=\"yoast-schema-graph\">{\"@context\":\"https:\/\/schema.org\",\"@graph\":[{\"@type\":\"Article\",\"@id\":\"https:\/\/www.oarcanjo.net\/site\/os-tempos-liturgicos-o-tempo-do-natal\/#article\",\"isPartOf\":{\"@id\":\"https:\/\/www.oarcanjo.net\/site\/os-tempos-liturgicos-o-tempo-do-natal\/\"},\"author\":{\"name\":\"editor\",\"@id\":\"https:\/\/www.oarcanjo.net\/site\/#\/schema\/person\/f7024d007863202483a31326673a0838\"},\"headline\":\"Os Tempos Lit\u00fargicos &#8211; O Tempo do Natal\",\"datePublished\":\"2010-12-25T08:00:55+00:00\",\"dateModified\":\"2010-12-27T17:35:09+00:00\",\"mainEntityOfPage\":{\"@id\":\"https:\/\/www.oarcanjo.net\/site\/os-tempos-liturgicos-o-tempo-do-natal\/\"},\"wordCount\":478,\"commentCount\":0,\"publisher\":{\"@id\":\"https:\/\/www.oarcanjo.net\/site\/#organization\"},\"image\":{\"@id\":\"https:\/\/www.oarcanjo.net\/site\/os-tempos-liturgicos-o-tempo-do-natal\/#primaryimage\"},\"thumbnailUrl\":\"http:\/\/www.oarcanjo.net\/site\/wp-content\/uploads\/ilustracao-tempo-liturgico-natal.jpg\",\"keywords\":[\"Tempos Lit\u00fargicos\"],\"articleSection\":[\"Destaques\",\"Liturgia\",\"Tempos Lit\u00fargicos\"],\"inLanguage\":\"pt-BR\",\"potentialAction\":[{\"@type\":\"CommentAction\",\"name\":\"Comment\",\"target\":[\"https:\/\/www.oarcanjo.net\/site\/os-tempos-liturgicos-o-tempo-do-natal\/#respond\"]}]},{\"@type\":\"WebPage\",\"@id\":\"https:\/\/www.oarcanjo.net\/site\/os-tempos-liturgicos-o-tempo-do-natal\/\",\"url\":\"https:\/\/www.oarcanjo.net\/site\/os-tempos-liturgicos-o-tempo-do-natal\/\",\"name\":\"Os Tempos Lit\u00fargicos - O Tempo do Natal - O Arcanjo no ar\",\"isPartOf\":{\"@id\":\"https:\/\/www.oarcanjo.net\/site\/#website\"},\"primaryImageOfPage\":{\"@id\":\"https:\/\/www.oarcanjo.net\/site\/os-tempos-liturgicos-o-tempo-do-natal\/#primaryimage\"},\"image\":{\"@id\":\"https:\/\/www.oarcanjo.net\/site\/os-tempos-liturgicos-o-tempo-do-natal\/#primaryimage\"},\"thumbnailUrl\":\"http:\/\/www.oarcanjo.net\/site\/wp-content\/uploads\/ilustracao-tempo-liturgico-natal.jpg\",\"datePublished\":\"2010-12-25T08:00:55+00:00\",\"dateModified\":\"2010-12-27T17:35:09+00:00\",\"breadcrumb\":{\"@id\":\"https:\/\/www.oarcanjo.net\/site\/os-tempos-liturgicos-o-tempo-do-natal\/#breadcrumb\"},\"inLanguage\":\"pt-BR\",\"potentialAction\":[{\"@type\":\"ReadAction\",\"target\":[\"https:\/\/www.oarcanjo.net\/site\/os-tempos-liturgicos-o-tempo-do-natal\/\"]}]},{\"@type\":\"ImageObject\",\"inLanguage\":\"pt-BR\",\"@id\":\"https:\/\/www.oarcanjo.net\/site\/os-tempos-liturgicos-o-tempo-do-natal\/#primaryimage\",\"url\":\"http:\/\/www.oarcanjo.net\/site\/wp-content\/uploads\/ilustracao-tempo-liturgico-natal.jpg\",\"contentUrl\":\"http:\/\/www.oarcanjo.net\/site\/wp-content\/uploads\/ilustracao-tempo-liturgico-natal.jpg\"},{\"@type\":\"BreadcrumbList\",\"@id\":\"https:\/\/www.oarcanjo.net\/site\/os-tempos-liturgicos-o-tempo-do-natal\/#breadcrumb\",\"itemListElement\":[{\"@type\":\"ListItem\",\"position\":1,\"name\":\"In\u00edcio\",\"item\":\"https:\/\/www.oarcanjo.net\/site\/\"},{\"@type\":\"ListItem\",\"position\":2,\"name\":\"Os Tempos Lit\u00fargicos &#8211; O Tempo do Natal\"}]},{\"@type\":\"WebSite\",\"@id\":\"https:\/\/www.oarcanjo.net\/site\/#website\",\"url\":\"https:\/\/www.oarcanjo.net\/site\/\",\"name\":\"O Arcanjo no ar\",\"description\":\"Site da Par\u00f3quia S\u00e3o Miguel Arcanjo (Arquidiocese de SP)\",\"publisher\":{\"@id\":\"https:\/\/www.oarcanjo.net\/site\/#organization\"},\"potentialAction\":[{\"@type\":\"SearchAction\",\"target\":{\"@type\":\"EntryPoint\",\"urlTemplate\":\"https:\/\/www.oarcanjo.net\/site\/?s={search_term_string}\"},\"query-input\":{\"@type\":\"PropertyValueSpecification\",\"valueRequired\":true,\"valueName\":\"search_term_string\"}}],\"inLanguage\":\"pt-BR\"},{\"@type\":\"Organization\",\"@id\":\"https:\/\/www.oarcanjo.net\/site\/#organization\",\"name\":\"Par\u00f3quia S\u00e3o Miguel Arcanjo\",\"url\":\"https:\/\/www.oarcanjo.net\/site\/\",\"logo\":{\"@type\":\"ImageObject\",\"inLanguage\":\"pt-BR\",\"@id\":\"https:\/\/www.oarcanjo.net\/site\/#\/schema\/logo\/image\/\",\"url\":\"https:\/\/www.oarcanjo.net\/site\/wp-content\/uploads\/LogoOArcanjo.png\",\"contentUrl\":\"https:\/\/www.oarcanjo.net\/site\/wp-content\/uploads\/LogoOArcanjo.png\",\"width\":319,\"height\":99,\"caption\":\"Par\u00f3quia S\u00e3o Miguel Arcanjo\"},\"image\":{\"@id\":\"https:\/\/www.oarcanjo.net\/site\/#\/schema\/logo\/image\/\"},\"sameAs\":[\"https:\/\/www.facebook.com\/OArcanjoNoAr\/\"]},{\"@type\":\"Person\",\"@id\":\"https:\/\/www.oarcanjo.net\/site\/#\/schema\/person\/f7024d007863202483a31326673a0838\",\"name\":\"editor\",\"sameAs\":[\"http:\/\/www.oarcanjo.net\"]}]}<\/script>\n<!-- \/ Yoast SEO plugin. -->","yoast_head_json":{"title":"Os Tempos Lit\u00fargicos - O Tempo do Natal - O Arcanjo no ar","robots":{"index":"index","follow":"follow","max-snippet":"max-snippet:-1","max-image-preview":"max-image-preview:large","max-video-preview":"max-video-preview:-1"},"canonical":"https:\/\/www.oarcanjo.net\/site\/os-tempos-liturgicos-o-tempo-do-natal\/","og_locale":"pt_BR","og_type":"article","og_title":"Os Tempos Lit\u00fargicos - O Tempo do Natal - O Arcanjo no ar","og_description":"Durante esse per\u00edodo, comemora-se a manifesta\u00e7\u00e3o do Senhor em nossa carne. Celebramos a &#8220;troca de dons entre o c\u00e9u e a terra&#8221;, pedindo que possamos &#8220;participar da divindade daquele que uniu ao Pai a nossa humanidade&#8221;. N\u00e3o celebramos apenas um acontecimento do passado, o nascimento de Jesus em Bel\u00e9m; celebramos o hoje da nossa salva\u00e7\u00e3o [&hellip;]","og_url":"https:\/\/www.oarcanjo.net\/site\/os-tempos-liturgicos-o-tempo-do-natal\/","og_site_name":"O Arcanjo no ar","article_publisher":"https:\/\/www.facebook.com\/OArcanjoNoAr\/","article_published_time":"2010-12-25T08:00:55+00:00","article_modified_time":"2010-12-27T17:35:09+00:00","og_image":[{"url":"http:\/\/www.oarcanjo.net\/site\/wp-content\/uploads\/ilustracao-tempo-liturgico-natal.jpg"}],"author":"editor","twitter_card":"summary_large_image","twitter_misc":{"Escrito por":"editor","Est. tempo de leitura":"2 minutos"},"schema":{"@context":"https:\/\/schema.org","@graph":[{"@type":"Article","@id":"https:\/\/www.oarcanjo.net\/site\/os-tempos-liturgicos-o-tempo-do-natal\/#article","isPartOf":{"@id":"https:\/\/www.oarcanjo.net\/site\/os-tempos-liturgicos-o-tempo-do-natal\/"},"author":{"name":"editor","@id":"https:\/\/www.oarcanjo.net\/site\/#\/schema\/person\/f7024d007863202483a31326673a0838"},"headline":"Os Tempos Lit\u00fargicos &#8211; O Tempo do Natal","datePublished":"2010-12-25T08:00:55+00:00","dateModified":"2010-12-27T17:35:09+00:00","mainEntityOfPage":{"@id":"https:\/\/www.oarcanjo.net\/site\/os-tempos-liturgicos-o-tempo-do-natal\/"},"wordCount":478,"commentCount":0,"publisher":{"@id":"https:\/\/www.oarcanjo.net\/site\/#organization"},"image":{"@id":"https:\/\/www.oarcanjo.net\/site\/os-tempos-liturgicos-o-tempo-do-natal\/#primaryimage"},"thumbnailUrl":"http:\/\/www.oarcanjo.net\/site\/wp-content\/uploads\/ilustracao-tempo-liturgico-natal.jpg","keywords":["Tempos Lit\u00fargicos"],"articleSection":["Destaques","Liturgia","Tempos Lit\u00fargicos"],"inLanguage":"pt-BR","potentialAction":[{"@type":"CommentAction","name":"Comment","target":["https:\/\/www.oarcanjo.net\/site\/os-tempos-liturgicos-o-tempo-do-natal\/#respond"]}]},{"@type":"WebPage","@id":"https:\/\/www.oarcanjo.net\/site\/os-tempos-liturgicos-o-tempo-do-natal\/","url":"https:\/\/www.oarcanjo.net\/site\/os-tempos-liturgicos-o-tempo-do-natal\/","name":"Os Tempos Lit\u00fargicos - O Tempo do Natal - O Arcanjo no ar","isPartOf":{"@id":"https:\/\/www.oarcanjo.net\/site\/#website"},"primaryImageOfPage":{"@id":"https:\/\/www.oarcanjo.net\/site\/os-tempos-liturgicos-o-tempo-do-natal\/#primaryimage"},"image":{"@id":"https:\/\/www.oarcanjo.net\/site\/os-tempos-liturgicos-o-tempo-do-natal\/#primaryimage"},"thumbnailUrl":"http:\/\/www.oarcanjo.net\/site\/wp-content\/uploads\/ilustracao-tempo-liturgico-natal.jpg","datePublished":"2010-12-25T08:00:55+00:00","dateModified":"2010-12-27T17:35:09+00:00","breadcrumb":{"@id":"https:\/\/www.oarcanjo.net\/site\/os-tempos-liturgicos-o-tempo-do-natal\/#breadcrumb"},"inLanguage":"pt-BR","potentialAction":[{"@type":"ReadAction","target":["https:\/\/www.oarcanjo.net\/site\/os-tempos-liturgicos-o-tempo-do-natal\/"]}]},{"@type":"ImageObject","inLanguage":"pt-BR","@id":"https:\/\/www.oarcanjo.net\/site\/os-tempos-liturgicos-o-tempo-do-natal\/#primaryimage","url":"http:\/\/www.oarcanjo.net\/site\/wp-content\/uploads\/ilustracao-tempo-liturgico-natal.jpg","contentUrl":"http:\/\/www.oarcanjo.net\/site\/wp-content\/uploads\/ilustracao-tempo-liturgico-natal.jpg"},{"@type":"BreadcrumbList","@id":"https:\/\/www.oarcanjo.net\/site\/os-tempos-liturgicos-o-tempo-do-natal\/#breadcrumb","itemListElement":[{"@type":"ListItem","position":1,"name":"In\u00edcio","item":"https:\/\/www.oarcanjo.net\/site\/"},{"@type":"ListItem","position":2,"name":"Os Tempos Lit\u00fargicos &#8211; O Tempo do Natal"}]},{"@type":"WebSite","@id":"https:\/\/www.oarcanjo.net\/site\/#website","url":"https:\/\/www.oarcanjo.net\/site\/","name":"O Arcanjo no ar","description":"Site da Par\u00f3quia S\u00e3o Miguel Arcanjo (Arquidiocese de SP)","publisher":{"@id":"https:\/\/www.oarcanjo.net\/site\/#organization"},"potentialAction":[{"@type":"SearchAction","target":{"@type":"EntryPoint","urlTemplate":"https:\/\/www.oarcanjo.net\/site\/?s={search_term_string}"},"query-input":{"@type":"PropertyValueSpecification","valueRequired":true,"valueName":"search_term_string"}}],"inLanguage":"pt-BR"},{"@type":"Organization","@id":"https:\/\/www.oarcanjo.net\/site\/#organization","name":"Par\u00f3quia S\u00e3o Miguel Arcanjo","url":"https:\/\/www.oarcanjo.net\/site\/","logo":{"@type":"ImageObject","inLanguage":"pt-BR","@id":"https:\/\/www.oarcanjo.net\/site\/#\/schema\/logo\/image\/","url":"https:\/\/www.oarcanjo.net\/site\/wp-content\/uploads\/LogoOArcanjo.png","contentUrl":"https:\/\/www.oarcanjo.net\/site\/wp-content\/uploads\/LogoOArcanjo.png","width":319,"height":99,"caption":"Par\u00f3quia S\u00e3o Miguel Arcanjo"},"image":{"@id":"https:\/\/www.oarcanjo.net\/site\/#\/schema\/logo\/image\/"},"sameAs":["https:\/\/www.facebook.com\/OArcanjoNoAr\/"]},{"@type":"Person","@id":"https:\/\/www.oarcanjo.net\/site\/#\/schema\/person\/f7024d007863202483a31326673a0838","name":"editor","sameAs":["http:\/\/www.oarcanjo.net"]}]}},"publishpress_future_action":{"enabled":false,"date":"2026-05-09 01:50:03","action":"category","newStatus":"draft","terms":[],"taxonomy":"category"},"publishpress_future_workflow_manual_trigger":{"enabledWorkflows":[]},"_links":{"self":[{"href":"https:\/\/www.oarcanjo.net\/site\/wp-json\/wp\/v2\/posts\/12560"}],"collection":[{"href":"https:\/\/www.oarcanjo.net\/site\/wp-json\/wp\/v2\/posts"}],"about":[{"href":"https:\/\/www.oarcanjo.net\/site\/wp-json\/wp\/v2\/types\/post"}],"author":[{"embeddable":true,"href":"https:\/\/www.oarcanjo.net\/site\/wp-json\/wp\/v2\/users\/5"}],"replies":[{"embeddable":true,"href":"https:\/\/www.oarcanjo.net\/site\/wp-json\/wp\/v2\/comments?post=12560"}],"version-history":[{"count":0,"href":"https:\/\/www.oarcanjo.net\/site\/wp-json\/wp\/v2\/posts\/12560\/revisions"}],"wp:attachment":[{"href":"https:\/\/www.oarcanjo.net\/site\/wp-json\/wp\/v2\/media?parent=12560"}],"wp:term":[{"taxonomy":"category","embeddable":true,"href":"https:\/\/www.oarcanjo.net\/site\/wp-json\/wp\/v2\/categories?post=12560"},{"taxonomy":"post_tag","embeddable":true,"href":"https:\/\/www.oarcanjo.net\/site\/wp-json\/wp\/v2\/tags?post=12560"}],"curies":[{"name":"wp","href":"https:\/\/api.w.org\/{rel}","templated":true}]}}