
{"id":12583,"date":"2011-01-01T11:35:06","date_gmt":"2011-01-01T13:35:06","guid":{"rendered":"http:\/\/www.oarcanjo.net\/site\/?p=12583"},"modified":"2011-01-01T11:35:06","modified_gmt":"2011-01-01T13:35:06","slug":"governo-dilma-esperancas-e-interrogacoes","status":"publish","type":"post","link":"https:\/\/www.oarcanjo.net\/site\/governo-dilma-esperancas-e-interrogacoes\/","title":{"rendered":"Governo Dilma: esperan\u00e7as e interroga\u00e7\u00f5es"},"content":{"rendered":"<p>D. Dem\u00e9trio Valentini<\/p>\n<p>O primeiro de janeiro de 2011 assinala um fato \u00fanico na hist\u00f3ria do Brasil. Pela primeira vez, uma mulher assume a Presid\u00eancia da Rep\u00fablica. A Sra. Dilma Rousseff, eleita por voto direto do povo, se torna a primeira mulher Presidente do Brasil.<\/p>\n<p>Ela recebe a faixa das m\u00e3os de Luiz In\u00e1cio Lula da Silva, o primeiro oper\u00e1rio a governar o Brasil, concluindo o seu segundo mandato consecutivo com uma aprova\u00e7\u00e3o popular nunca antes registrada.<\/p>\n<p>S\u00e3o fatos por demais significativos para deixar se serem registrados . Constituem-se em sinais eloquentes da mudan\u00e7a de paradigmas, a sinalizarem um novo processo pol\u00edtico em andamento, capaz de alterar em profundidade o futuro do pa\u00eds.<\/p>\n<p>Finalmente se desenham os contornos de um projeto de Brasil, pensado para todos os brasileiros, na valoriza\u00e7\u00e3o das extraordin\u00e1rias potencialidades colocadas a nossa disposi\u00e7\u00e3o, na supera\u00e7\u00e3o de discrimina\u00e7\u00f5es e exclus\u00f5es, preconceitos e desigualdades.<\/p>\n<p>O novo governo da Sra. Dilma se inicia, claramente, sob o signo da continuidade. Isto significa que recebe do governo anterior um cabedal de acertos, que precisam ser bem identificados, para serem devidamente valorizados, no aprimoramento que podem comportar.<\/p>\n<p>Quando mudam os governantes, e ao mesmo tempo se afirma a continuidade, \u00e9 sinal de que ela cont\u00e9m indicativos evidentes, que favorecem o prosseguimento de iniciativas em andamento, e que afinal s\u00e3o as respons\u00e1veis pela credibilidade do governo que as promoveu.<\/p>\n<p>Mas o governo Dilma n\u00e3o tem s\u00f3 a incumb\u00eancia da continuidade, que poderia parecer falta de inspira\u00e7\u00e3o diante da novidade. Ao contr\u00e1rio. O novo governo tem a clara incumb\u00eancia da consolida\u00e7\u00e3o. O novo processo pol\u00edtico, impulsionado pelo Presidente Lula, precisou contornar e enfrentar muitas resist\u00eancias, provindas de setores que usufru\u00edam das vantagens pol\u00edticas, econ\u00f4micas , sociais e regionais, derivadas da situa\u00e7\u00e3o de desigualdade que sempre marcou a fisionomia do pa\u00eds.<\/p>\n<p>Para que este novo processo pol\u00edtico possa vingar e se afirmar, ser\u00e1 necess\u00e1ria a condu\u00e7\u00e3o firme e decidida do novo governo, que a Presidente Dilma simboliza e encarna. N\u00e3o lhe faltar\u00e1 apoio da grande maioria do povo brasileiro, que percebeu a validade de apostar num projeto de Brasil condizente com sua voca\u00e7\u00e3o de grandeza, de conv\u00edvio fraterno, e de abertura para o mundo.<\/p>\n<p>Aguardam o novo governo alguns desafios e dificuldades, que podem se avolumar. Em primeiro lugar, no contexto internacional, ser\u00e1 preciso administrar com prud\u00eancia e sabedoria os riscos da inser\u00e7\u00e3o da economia brasileira no mercado global. Ser\u00e1 necess\u00e1rio compatibilizar, com firmeza, a fome de lucro do capital multinacional, que investe no Brasil em vista das grandes vantagens que aqui encontra, com os leg\u00edtimos interesses do povo brasileiro. Precisamos garantir os investimentos necess\u00e1rios para um desenvolvimento sustent\u00e1vel, compat\u00edvel com os recursos naturais que o Brasil possui de maneira privilegiada, mas que precisam ser usados com o imprescind\u00edvel equil\u00edbrio ambiental.<\/p>\n<p>Outra frente de desafios ser\u00e1 administrar internamente as for\u00e7as pol\u00edticas, de maneira a conseguir, especialmente, com o apoio do Congresso e da opini\u00e3o p\u00fablica, o consenso suficiente para levar em frente a administra\u00e7\u00e3o publica, promovendo algumas reformas estruturais que h\u00e1 tempo vem se mostrando urgentes.<\/p>\n<p>A heran\u00e7a pol\u00edtica deixada pelo Presidente Lula, e a firme disposi\u00e7\u00e3o da Presidente Dilma, nos asseguram a esperan\u00e7a que o povo brasileiro deposita no novo governo, invocando sobre ele abundantes b\u00ean\u00e7\u00e3os de Deus, com os votos de plena realiza\u00e7\u00e3o dos seus sonhos.<\/p>\n<div id=\"themify_builder_content-12583\" data-postid=\"12583\" class=\"themify_builder_content themify_builder_content-12583 themify_builder themify_builder_front\">\n\t<\/div>\n<!-- \/themify_builder_content -->","protected":false},"excerpt":{"rendered":"<p>D. Dem\u00e9trio Valentini O primeiro de janeiro de 2011 assinala um fato \u00fanico na hist\u00f3ria do Brasil. Pela primeira vez, uma mulher assume a Presid\u00eancia da Rep\u00fablica. A Sra. Dilma Rousseff, eleita por voto direto do povo, se torna a primeira mulher Presidente do Brasil. Ela recebe a faixa das m\u00e3os de Luiz In\u00e1cio Lula [&hellip;]<\/p>\n","protected":false},"author":5,"featured_media":0,"comment_status":"open","ping_status":"open","sticky":false,"template":"","format":"standard","meta":{"ngg_post_thumbnail":0,"footnotes":""},"categories":[9],"tags":[1793],"yoast_head":"<!-- This site is optimized with the Yoast SEO plugin v23.5 - https:\/\/yoast.com\/wordpress\/plugins\/seo\/ -->\n<title>Governo Dilma: esperan\u00e7as e interroga\u00e7\u00f5es - O Arcanjo no ar<\/title>\n<meta name=\"robots\" content=\"index, follow, max-snippet:-1, max-image-preview:large, max-video-preview:-1\" \/>\n<link rel=\"canonical\" href=\"https:\/\/www.oarcanjo.net\/site\/governo-dilma-esperancas-e-interrogacoes\/\" \/>\n<meta property=\"og:locale\" content=\"pt_BR\" \/>\n<meta property=\"og:type\" content=\"article\" \/>\n<meta property=\"og:title\" content=\"Governo Dilma: esperan\u00e7as e interroga\u00e7\u00f5es - O Arcanjo no ar\" \/>\n<meta property=\"og:description\" content=\"D. Dem\u00e9trio Valentini O primeiro de janeiro de 2011 assinala um fato \u00fanico na hist\u00f3ria do Brasil. Pela primeira vez, uma mulher assume a Presid\u00eancia da Rep\u00fablica. A Sra. Dilma Rousseff, eleita por voto direto do povo, se torna a primeira mulher Presidente do Brasil. Ela recebe a faixa das m\u00e3os de Luiz In\u00e1cio Lula [&hellip;]\" \/>\n<meta property=\"og:url\" content=\"https:\/\/www.oarcanjo.net\/site\/governo-dilma-esperancas-e-interrogacoes\/\" \/>\n<meta property=\"og:site_name\" content=\"O Arcanjo no ar\" \/>\n<meta property=\"article:publisher\" content=\"https:\/\/www.facebook.com\/OArcanjoNoAr\/\" \/>\n<meta property=\"article:published_time\" content=\"2011-01-01T13:35:06+00:00\" \/>\n<meta property=\"og:image\" content=\"https:\/\/www.oarcanjo.net\/site\/wp-content\/uploads\/logo-o-arcanjo-no-ar-facebook.png\" \/>\n\t<meta property=\"og:image:width\" content=\"300\" \/>\n\t<meta property=\"og:image:height\" content=\"300\" \/>\n\t<meta property=\"og:image:type\" content=\"image\/png\" \/>\n<meta name=\"author\" content=\"editor\" \/>\n<meta name=\"twitter:card\" content=\"summary_large_image\" \/>\n<meta name=\"twitter:label1\" content=\"Escrito por\" \/>\n\t<meta name=\"twitter:data1\" content=\"editor\" \/>\n\t<meta name=\"twitter:label2\" content=\"Est. tempo de leitura\" \/>\n\t<meta name=\"twitter:data2\" content=\"3 minutos\" \/>\n<script type=\"application\/ld+json\" class=\"yoast-schema-graph\">{\"@context\":\"https:\/\/schema.org\",\"@graph\":[{\"@type\":\"Article\",\"@id\":\"https:\/\/www.oarcanjo.net\/site\/governo-dilma-esperancas-e-interrogacoes\/#article\",\"isPartOf\":{\"@id\":\"https:\/\/www.oarcanjo.net\/site\/governo-dilma-esperancas-e-interrogacoes\/\"},\"author\":{\"name\":\"editor\",\"@id\":\"https:\/\/www.oarcanjo.net\/site\/#\/schema\/person\/f7024d007863202483a31326673a0838\"},\"headline\":\"Governo Dilma: esperan\u00e7as e interroga\u00e7\u00f5es\",\"datePublished\":\"2011-01-01T13:35:06+00:00\",\"dateModified\":\"2011-01-01T13:35:06+00:00\",\"mainEntityOfPage\":{\"@id\":\"https:\/\/www.oarcanjo.net\/site\/governo-dilma-esperancas-e-interrogacoes\/\"},\"wordCount\":607,\"commentCount\":0,\"publisher\":{\"@id\":\"https:\/\/www.oarcanjo.net\/site\/#organization\"},\"keywords\":[\"Dilma\"],\"articleSection\":[\"Reflex\u00f5es\"],\"inLanguage\":\"pt-BR\",\"potentialAction\":[{\"@type\":\"CommentAction\",\"name\":\"Comment\",\"target\":[\"https:\/\/www.oarcanjo.net\/site\/governo-dilma-esperancas-e-interrogacoes\/#respond\"]}]},{\"@type\":\"WebPage\",\"@id\":\"https:\/\/www.oarcanjo.net\/site\/governo-dilma-esperancas-e-interrogacoes\/\",\"url\":\"https:\/\/www.oarcanjo.net\/site\/governo-dilma-esperancas-e-interrogacoes\/\",\"name\":\"Governo Dilma: esperan\u00e7as e interroga\u00e7\u00f5es - O Arcanjo no ar\",\"isPartOf\":{\"@id\":\"https:\/\/www.oarcanjo.net\/site\/#website\"},\"datePublished\":\"2011-01-01T13:35:06+00:00\",\"dateModified\":\"2011-01-01T13:35:06+00:00\",\"breadcrumb\":{\"@id\":\"https:\/\/www.oarcanjo.net\/site\/governo-dilma-esperancas-e-interrogacoes\/#breadcrumb\"},\"inLanguage\":\"pt-BR\",\"potentialAction\":[{\"@type\":\"ReadAction\",\"target\":[\"https:\/\/www.oarcanjo.net\/site\/governo-dilma-esperancas-e-interrogacoes\/\"]}]},{\"@type\":\"BreadcrumbList\",\"@id\":\"https:\/\/www.oarcanjo.net\/site\/governo-dilma-esperancas-e-interrogacoes\/#breadcrumb\",\"itemListElement\":[{\"@type\":\"ListItem\",\"position\":1,\"name\":\"In\u00edcio\",\"item\":\"https:\/\/www.oarcanjo.net\/site\/\"},{\"@type\":\"ListItem\",\"position\":2,\"name\":\"Governo Dilma: esperan\u00e7as e interroga\u00e7\u00f5es\"}]},{\"@type\":\"WebSite\",\"@id\":\"https:\/\/www.oarcanjo.net\/site\/#website\",\"url\":\"https:\/\/www.oarcanjo.net\/site\/\",\"name\":\"O Arcanjo no ar\",\"description\":\"Site da Par\u00f3quia S\u00e3o Miguel Arcanjo (Arquidiocese de SP)\",\"publisher\":{\"@id\":\"https:\/\/www.oarcanjo.net\/site\/#organization\"},\"potentialAction\":[{\"@type\":\"SearchAction\",\"target\":{\"@type\":\"EntryPoint\",\"urlTemplate\":\"https:\/\/www.oarcanjo.net\/site\/?s={search_term_string}\"},\"query-input\":{\"@type\":\"PropertyValueSpecification\",\"valueRequired\":true,\"valueName\":\"search_term_string\"}}],\"inLanguage\":\"pt-BR\"},{\"@type\":\"Organization\",\"@id\":\"https:\/\/www.oarcanjo.net\/site\/#organization\",\"name\":\"Par\u00f3quia S\u00e3o Miguel Arcanjo\",\"url\":\"https:\/\/www.oarcanjo.net\/site\/\",\"logo\":{\"@type\":\"ImageObject\",\"inLanguage\":\"pt-BR\",\"@id\":\"https:\/\/www.oarcanjo.net\/site\/#\/schema\/logo\/image\/\",\"url\":\"https:\/\/www.oarcanjo.net\/site\/wp-content\/uploads\/LogoOArcanjo.png\",\"contentUrl\":\"https:\/\/www.oarcanjo.net\/site\/wp-content\/uploads\/LogoOArcanjo.png\",\"width\":319,\"height\":99,\"caption\":\"Par\u00f3quia S\u00e3o Miguel Arcanjo\"},\"image\":{\"@id\":\"https:\/\/www.oarcanjo.net\/site\/#\/schema\/logo\/image\/\"},\"sameAs\":[\"https:\/\/www.facebook.com\/OArcanjoNoAr\/\"]},{\"@type\":\"Person\",\"@id\":\"https:\/\/www.oarcanjo.net\/site\/#\/schema\/person\/f7024d007863202483a31326673a0838\",\"name\":\"editor\",\"sameAs\":[\"http:\/\/www.oarcanjo.net\"]}]}<\/script>\n<!-- \/ Yoast SEO plugin. -->","yoast_head_json":{"title":"Governo Dilma: esperan\u00e7as e interroga\u00e7\u00f5es - O Arcanjo no ar","robots":{"index":"index","follow":"follow","max-snippet":"max-snippet:-1","max-image-preview":"max-image-preview:large","max-video-preview":"max-video-preview:-1"},"canonical":"https:\/\/www.oarcanjo.net\/site\/governo-dilma-esperancas-e-interrogacoes\/","og_locale":"pt_BR","og_type":"article","og_title":"Governo Dilma: esperan\u00e7as e interroga\u00e7\u00f5es - O Arcanjo no ar","og_description":"D. Dem\u00e9trio Valentini O primeiro de janeiro de 2011 assinala um fato \u00fanico na hist\u00f3ria do Brasil. Pela primeira vez, uma mulher assume a Presid\u00eancia da Rep\u00fablica. A Sra. Dilma Rousseff, eleita por voto direto do povo, se torna a primeira mulher Presidente do Brasil. Ela recebe a faixa das m\u00e3os de Luiz In\u00e1cio Lula [&hellip;]","og_url":"https:\/\/www.oarcanjo.net\/site\/governo-dilma-esperancas-e-interrogacoes\/","og_site_name":"O Arcanjo no ar","article_publisher":"https:\/\/www.facebook.com\/OArcanjoNoAr\/","article_published_time":"2011-01-01T13:35:06+00:00","og_image":[{"width":300,"height":300,"url":"https:\/\/www.oarcanjo.net\/site\/wp-content\/uploads\/logo-o-arcanjo-no-ar-facebook.png","type":"image\/png"}],"author":"editor","twitter_card":"summary_large_image","twitter_misc":{"Escrito por":"editor","Est. tempo de leitura":"3 minutos"},"schema":{"@context":"https:\/\/schema.org","@graph":[{"@type":"Article","@id":"https:\/\/www.oarcanjo.net\/site\/governo-dilma-esperancas-e-interrogacoes\/#article","isPartOf":{"@id":"https:\/\/www.oarcanjo.net\/site\/governo-dilma-esperancas-e-interrogacoes\/"},"author":{"name":"editor","@id":"https:\/\/www.oarcanjo.net\/site\/#\/schema\/person\/f7024d007863202483a31326673a0838"},"headline":"Governo Dilma: esperan\u00e7as e interroga\u00e7\u00f5es","datePublished":"2011-01-01T13:35:06+00:00","dateModified":"2011-01-01T13:35:06+00:00","mainEntityOfPage":{"@id":"https:\/\/www.oarcanjo.net\/site\/governo-dilma-esperancas-e-interrogacoes\/"},"wordCount":607,"commentCount":0,"publisher":{"@id":"https:\/\/www.oarcanjo.net\/site\/#organization"},"keywords":["Dilma"],"articleSection":["Reflex\u00f5es"],"inLanguage":"pt-BR","potentialAction":[{"@type":"CommentAction","name":"Comment","target":["https:\/\/www.oarcanjo.net\/site\/governo-dilma-esperancas-e-interrogacoes\/#respond"]}]},{"@type":"WebPage","@id":"https:\/\/www.oarcanjo.net\/site\/governo-dilma-esperancas-e-interrogacoes\/","url":"https:\/\/www.oarcanjo.net\/site\/governo-dilma-esperancas-e-interrogacoes\/","name":"Governo Dilma: esperan\u00e7as e interroga\u00e7\u00f5es - O Arcanjo no ar","isPartOf":{"@id":"https:\/\/www.oarcanjo.net\/site\/#website"},"datePublished":"2011-01-01T13:35:06+00:00","dateModified":"2011-01-01T13:35:06+00:00","breadcrumb":{"@id":"https:\/\/www.oarcanjo.net\/site\/governo-dilma-esperancas-e-interrogacoes\/#breadcrumb"},"inLanguage":"pt-BR","potentialAction":[{"@type":"ReadAction","target":["https:\/\/www.oarcanjo.net\/site\/governo-dilma-esperancas-e-interrogacoes\/"]}]},{"@type":"BreadcrumbList","@id":"https:\/\/www.oarcanjo.net\/site\/governo-dilma-esperancas-e-interrogacoes\/#breadcrumb","itemListElement":[{"@type":"ListItem","position":1,"name":"In\u00edcio","item":"https:\/\/www.oarcanjo.net\/site\/"},{"@type":"ListItem","position":2,"name":"Governo Dilma: esperan\u00e7as e interroga\u00e7\u00f5es"}]},{"@type":"WebSite","@id":"https:\/\/www.oarcanjo.net\/site\/#website","url":"https:\/\/www.oarcanjo.net\/site\/","name":"O Arcanjo no ar","description":"Site da Par\u00f3quia S\u00e3o Miguel Arcanjo (Arquidiocese de SP)","publisher":{"@id":"https:\/\/www.oarcanjo.net\/site\/#organization"},"potentialAction":[{"@type":"SearchAction","target":{"@type":"EntryPoint","urlTemplate":"https:\/\/www.oarcanjo.net\/site\/?s={search_term_string}"},"query-input":{"@type":"PropertyValueSpecification","valueRequired":true,"valueName":"search_term_string"}}],"inLanguage":"pt-BR"},{"@type":"Organization","@id":"https:\/\/www.oarcanjo.net\/site\/#organization","name":"Par\u00f3quia S\u00e3o Miguel Arcanjo","url":"https:\/\/www.oarcanjo.net\/site\/","logo":{"@type":"ImageObject","inLanguage":"pt-BR","@id":"https:\/\/www.oarcanjo.net\/site\/#\/schema\/logo\/image\/","url":"https:\/\/www.oarcanjo.net\/site\/wp-content\/uploads\/LogoOArcanjo.png","contentUrl":"https:\/\/www.oarcanjo.net\/site\/wp-content\/uploads\/LogoOArcanjo.png","width":319,"height":99,"caption":"Par\u00f3quia S\u00e3o Miguel Arcanjo"},"image":{"@id":"https:\/\/www.oarcanjo.net\/site\/#\/schema\/logo\/image\/"},"sameAs":["https:\/\/www.facebook.com\/OArcanjoNoAr\/"]},{"@type":"Person","@id":"https:\/\/www.oarcanjo.net\/site\/#\/schema\/person\/f7024d007863202483a31326673a0838","name":"editor","sameAs":["http:\/\/www.oarcanjo.net"]}]}},"publishpress_future_action":{"enabled":false,"date":"2026-05-10 09:32:23","action":"category","newStatus":"draft","terms":[],"taxonomy":"category"},"publishpress_future_workflow_manual_trigger":{"enabledWorkflows":[]},"_links":{"self":[{"href":"https:\/\/www.oarcanjo.net\/site\/wp-json\/wp\/v2\/posts\/12583"}],"collection":[{"href":"https:\/\/www.oarcanjo.net\/site\/wp-json\/wp\/v2\/posts"}],"about":[{"href":"https:\/\/www.oarcanjo.net\/site\/wp-json\/wp\/v2\/types\/post"}],"author":[{"embeddable":true,"href":"https:\/\/www.oarcanjo.net\/site\/wp-json\/wp\/v2\/users\/5"}],"replies":[{"embeddable":true,"href":"https:\/\/www.oarcanjo.net\/site\/wp-json\/wp\/v2\/comments?post=12583"}],"version-history":[{"count":0,"href":"https:\/\/www.oarcanjo.net\/site\/wp-json\/wp\/v2\/posts\/12583\/revisions"}],"wp:attachment":[{"href":"https:\/\/www.oarcanjo.net\/site\/wp-json\/wp\/v2\/media?parent=12583"}],"wp:term":[{"taxonomy":"category","embeddable":true,"href":"https:\/\/www.oarcanjo.net\/site\/wp-json\/wp\/v2\/categories?post=12583"},{"taxonomy":"post_tag","embeddable":true,"href":"https:\/\/www.oarcanjo.net\/site\/wp-json\/wp\/v2\/tags?post=12583"}],"curies":[{"name":"wp","href":"https:\/\/api.w.org\/{rel}","templated":true}]}}