
{"id":12587,"date":"2011-01-01T12:40:16","date_gmt":"2011-01-01T14:40:16","guid":{"rendered":"http:\/\/www.oarcanjo.net\/site\/?p=12587"},"modified":"2011-01-01T12:40:16","modified_gmt":"2011-01-01T14:40:16","slug":"leituras-do-domingo-02012011","status":"publish","type":"post","link":"https:\/\/www.oarcanjo.net\/site\/leituras-do-domingo-02012011\/","title":{"rendered":"Leituras do domingo 02\/01\/2011"},"content":{"rendered":"<div>\n<h4>Epifania do Senhor<\/h4>\n<p><strong>Primeira leitura (Isa\u00edas 60,1-6)<\/strong><\/p>\n<p>Leitura do Livro do profeta Isa\u00edas:<\/p>\n<p><sup>1<\/sup>Levanta-te, acende as luzes, Jerusal\u00e9m, porque chegou a tua luz, apareceu sobre ti a gl\u00f3ria do Senhor.<br \/>\n<sup>2<\/sup>Eis que est\u00e1 a terra envolvida em trevas, e nuvens escuras cobrem os povos; mas sobre ti apareceu o Senhor, e sua gl\u00f3ria j\u00e1 se manifesta sobre ti.\u00a0<sup>3<\/sup>Os povos caminham \u00e0 tua luz e os reis ao clar\u00e3o de tua aurora.<br \/>\n<sup>4<\/sup>Levanta os olhos ao redor e v\u00ea: todos se reuniram e vieram a ti; teus filhos v\u00eam chegando de longe com tuas filhas, carregadas nos bra\u00e7os.\u00a0<sup>5<\/sup>Ao v\u00ea-los, ficar\u00e1s radiante, com o cora\u00e7\u00e3o vibrando e batendo forte, pois com eles vir\u00e3o as riquezas de al\u00e9m-mar e mostrar\u00e3o o poderio de suas na\u00e7\u00f5es;\u00a0<sup>6<\/sup>ser\u00e1 uma inunda\u00e7\u00e3o de camelos e dromed\u00e1rios de Madi\u00e3 e Efa a te cobrir; vir\u00e3o todos os de Sab\u00e1, trazendo ouro e incenso e proclamando a gl\u00f3ria do Senhor.<\/p>\n<p><strong>Salmo (Salmos 71)<\/strong><\/p>\n<p>\u2014 As na\u00e7\u00f5es de toda a terra h\u00e3o de adorar-vos, \u00f3 Senhor!<br \/>\n<strong>\u2014 As na\u00e7\u00f5es de toda a terra h\u00e3o de adorar-vos, \u00f3 Senhor!<\/strong><br \/>\n\u2014 Dai ao Rei vossos poderes, Senhor Deus,\/ vossa justi\u00e7a ao descendente da realeza!\/ Com justi\u00e7a ele governe o vosso povo,\/ com equidade ele julgue os vossos pobres.<br \/>\n\u2014 Nos seus dias a justi\u00e7a florir\u00e1\/ e grande paz, at\u00e9 que a lua perca o brilho!\/ De mar a mar estender\u00e1 o seu dom\u00ednio,\/ e desde o rio at\u00e9 os confins de toda a terra!<br \/>\n\u2014 Os reis de T\u00e1rsis e das ilhas h\u00e3o de vir\/ e oferecer-lhe seus presentes e seus dons;\/ e tamb\u00e9m os reis de Seba e de Sab\u00e1\/ h\u00e3o de trazer-lhe oferendas e tributos.\/ Os reis de toda a terra h\u00e3o de ador\u00e1-lo,\/ e todas as na\u00e7\u00f5es h\u00e3o de servi-lo.<br \/>\n\u2014 Libertar\u00e1 o indigente que suplica,\/ e o pobre ao qual ningu\u00e9m quer ajudar.\/ Ter\u00e1 pena do indigente e do infeliz,\/ e a vida dos humildes salvar\u00e1.<\/p>\n<p><strong>Segunda leitura (Ef\u00e9sios 3,2-3a.5-6)<\/strong><\/p>\n<p>Leitura da Carta de S\u00e3o Paulo aos Ef\u00e9sios:<\/p>\n<p>Irm\u00e3os:\u00a0<sup>2<\/sup>Se ao menos soub\u00e9sseis da gra\u00e7a que Deus me concedeu para realizar o seu plano a vosso respeito,\u00a0<sup>3a<\/sup>e como, por revela\u00e7\u00e3o, tive conhecimento do mist\u00e9rio.<br \/>\n<sup>5<\/sup>Este mist\u00e9rio Deus n\u00e3o o fez conhecer aos homens das gera\u00e7\u00f5es passadas, mas acaba de o revelar agora, pelo Esp\u00edrito, aos seus santos ap\u00f3stolos e profetas: 6os pag\u00e3os s\u00e3o admitidos \u00e0 mesma heran\u00e7a, s\u00e3o membros do mesmo corpo, s\u00e3o associados \u00e0 mesma promessa em Jesus Cristo, por meio do Evangelho.<\/p>\n<p><strong>Evangelho (Mateus 2,1-12)<\/strong><\/p>\n<p><sup>1<\/sup>Tendo nascido Jesus na cidade de Bel\u00e9m, na Judeia, no tempo do rei Herodes, eis que alguns magos do Oriente chegaram a Jerusal\u00e9m,\u00a0<sup>2<\/sup>perguntando: \u201cOnde est\u00e1 o rei dos judeus, que acaba de nascer? N\u00f3s vimos a sua estrela no Oriente e viemos ador\u00e1-lo\u201d.<br \/>\n<sup>3<\/sup>Ao saber disso, o rei Herodes ficou perturbado assim como toda a cidade de Jerusal\u00e9m.<br \/>\n<sup>4<\/sup>Reunindo todos os sumos sacerdotes e os mestres da Lei, perguntava-lhes onde o Messias deveria nascer.\u00a0<sup>5<\/sup>Eles responderam: \u201cEm Bel\u00e9m, na Judeia, pois assim foi escrito pelo profeta:\u00a0<sup>6<\/sup>E tu, Bel\u00e9m, terra de Jud\u00e1, de modo algum \u00e9s a menor entre as principais cidades de Jud\u00e1, porque de ti sair\u00e1 um chefe que vai ser o pastor de Israel, o meu povo\u201d.<br \/>\n<sup>7<\/sup>Ent\u00e3o Herodes chamou em segredo os magos e procurou saber deles cuidadosamente quando a estrela tinha aparecido.\u00a0<sup>8<\/sup>Depois os enviou a Bel\u00e9m, dizendo: \u201cIde e procurai obter informa\u00e7\u00f5es exatas sobre o menino. E, quando o encontrardes, avisai-me, para que tamb\u00e9m eu v\u00e1 ador\u00e1-lo\u201d.<br \/>\n<sup>9<\/sup>Depois que ouviram o rei, eles partiram. E a estrela, que tinham visto no Oriente, ia adiante deles, at\u00e9 parar sobre o lugar onde estava o menino.<br \/>\n<sup>10<\/sup>Ao verem de novo a estrela, os magos sentiram uma alegria muito grande.<br \/>\n<sup>11<\/sup>Quando entraram na casa, viram o menino com Maria, sua m\u00e3e. Ajoelharam-se diante dele, e o adoraram. Depois abriram seus cofres e lhe ofereceram presentes: ouro, incenso e mirra.<br \/>\n<sup>12<\/sup>Avisados em sonho para n\u00e3o voltarem a Herodes, retornaram para a sua terra, seguindo outro caminho.<\/p>\n<\/div>\n<div id=\"themify_builder_content-12587\" data-postid=\"12587\" class=\"themify_builder_content themify_builder_content-12587 themify_builder themify_builder_front\">\n\t<\/div>\n<!-- \/themify_builder_content -->","protected":false},"excerpt":{"rendered":"<p>Epifania do Senhor Primeira leitura (Isa\u00edas 60,1-6) Leitura do Livro do profeta Isa\u00edas: 1Levanta-te, acende as luzes, Jerusal\u00e9m, porque chegou a tua luz, apareceu sobre ti a gl\u00f3ria do Senhor. 2Eis que est\u00e1 a terra envolvida em trevas, e nuvens escuras cobrem os povos; mas sobre ti apareceu o Senhor, e sua gl\u00f3ria j\u00e1 se [&hellip;]<\/p>\n","protected":false},"author":5,"featured_media":0,"comment_status":"open","ping_status":"open","sticky":false,"template":"","format":"standard","meta":{"ngg_post_thumbnail":0,"footnotes":""},"categories":[109],"tags":[3204],"yoast_head":"<!-- This site is optimized with the Yoast SEO plugin v23.5 - https:\/\/yoast.com\/wordpress\/plugins\/seo\/ -->\n<title>Leituras do domingo 02\/01\/2011 - O Arcanjo no ar<\/title>\n<meta name=\"robots\" content=\"index, follow, max-snippet:-1, max-image-preview:large, max-video-preview:-1\" \/>\n<link rel=\"canonical\" href=\"https:\/\/www.oarcanjo.net\/site\/leituras-do-domingo-02012011\/\" \/>\n<meta property=\"og:locale\" content=\"pt_BR\" \/>\n<meta property=\"og:type\" content=\"article\" \/>\n<meta property=\"og:title\" content=\"Leituras do domingo 02\/01\/2011 - O Arcanjo no ar\" \/>\n<meta property=\"og:description\" content=\"Epifania do Senhor Primeira leitura (Isa\u00edas 60,1-6) Leitura do Livro do profeta Isa\u00edas: 1Levanta-te, acende as luzes, Jerusal\u00e9m, porque chegou a tua luz, apareceu sobre ti a gl\u00f3ria do Senhor. 2Eis que est\u00e1 a terra envolvida em trevas, e nuvens escuras cobrem os povos; mas sobre ti apareceu o Senhor, e sua gl\u00f3ria j\u00e1 se [&hellip;]\" \/>\n<meta property=\"og:url\" content=\"https:\/\/www.oarcanjo.net\/site\/leituras-do-domingo-02012011\/\" \/>\n<meta property=\"og:site_name\" content=\"O Arcanjo no ar\" \/>\n<meta property=\"article:publisher\" content=\"https:\/\/www.facebook.com\/OArcanjoNoAr\/\" \/>\n<meta property=\"article:published_time\" content=\"2011-01-01T14:40:16+00:00\" \/>\n<meta property=\"og:image\" content=\"https:\/\/www.oarcanjo.net\/site\/wp-content\/uploads\/logo-o-arcanjo-no-ar-facebook.png\" \/>\n\t<meta property=\"og:image:width\" content=\"300\" \/>\n\t<meta property=\"og:image:height\" content=\"300\" \/>\n\t<meta property=\"og:image:type\" content=\"image\/png\" \/>\n<meta name=\"author\" content=\"editor\" \/>\n<meta name=\"twitter:card\" content=\"summary_large_image\" \/>\n<meta name=\"twitter:label1\" content=\"Escrito por\" \/>\n\t<meta name=\"twitter:data1\" content=\"editor\" \/>\n\t<meta name=\"twitter:label2\" content=\"Est. tempo de leitura\" \/>\n\t<meta name=\"twitter:data2\" content=\"4 minutos\" \/>\n<script type=\"application\/ld+json\" class=\"yoast-schema-graph\">{\"@context\":\"https:\/\/schema.org\",\"@graph\":[{\"@type\":\"Article\",\"@id\":\"https:\/\/www.oarcanjo.net\/site\/leituras-do-domingo-02012011\/#article\",\"isPartOf\":{\"@id\":\"https:\/\/www.oarcanjo.net\/site\/leituras-do-domingo-02012011\/\"},\"author\":{\"name\":\"editor\",\"@id\":\"https:\/\/www.oarcanjo.net\/site\/#\/schema\/person\/f7024d007863202483a31326673a0838\"},\"headline\":\"Leituras do domingo 02\/01\/2011\",\"datePublished\":\"2011-01-01T14:40:16+00:00\",\"dateModified\":\"2011-01-01T14:40:16+00:00\",\"mainEntityOfPage\":{\"@id\":\"https:\/\/www.oarcanjo.net\/site\/leituras-do-domingo-02012011\/\"},\"wordCount\":722,\"commentCount\":0,\"publisher\":{\"@id\":\"https:\/\/www.oarcanjo.net\/site\/#organization\"},\"keywords\":[\"Liturgia\"],\"articleSection\":[\"Liturgia\"],\"inLanguage\":\"pt-BR\",\"potentialAction\":[{\"@type\":\"CommentAction\",\"name\":\"Comment\",\"target\":[\"https:\/\/www.oarcanjo.net\/site\/leituras-do-domingo-02012011\/#respond\"]}]},{\"@type\":\"WebPage\",\"@id\":\"https:\/\/www.oarcanjo.net\/site\/leituras-do-domingo-02012011\/\",\"url\":\"https:\/\/www.oarcanjo.net\/site\/leituras-do-domingo-02012011\/\",\"name\":\"Leituras do domingo 02\/01\/2011 - O Arcanjo no ar\",\"isPartOf\":{\"@id\":\"https:\/\/www.oarcanjo.net\/site\/#website\"},\"datePublished\":\"2011-01-01T14:40:16+00:00\",\"dateModified\":\"2011-01-01T14:40:16+00:00\",\"breadcrumb\":{\"@id\":\"https:\/\/www.oarcanjo.net\/site\/leituras-do-domingo-02012011\/#breadcrumb\"},\"inLanguage\":\"pt-BR\",\"potentialAction\":[{\"@type\":\"ReadAction\",\"target\":[\"https:\/\/www.oarcanjo.net\/site\/leituras-do-domingo-02012011\/\"]}]},{\"@type\":\"BreadcrumbList\",\"@id\":\"https:\/\/www.oarcanjo.net\/site\/leituras-do-domingo-02012011\/#breadcrumb\",\"itemListElement\":[{\"@type\":\"ListItem\",\"position\":1,\"name\":\"In\u00edcio\",\"item\":\"https:\/\/www.oarcanjo.net\/site\/\"},{\"@type\":\"ListItem\",\"position\":2,\"name\":\"Leituras do domingo 02\/01\/2011\"}]},{\"@type\":\"WebSite\",\"@id\":\"https:\/\/www.oarcanjo.net\/site\/#website\",\"url\":\"https:\/\/www.oarcanjo.net\/site\/\",\"name\":\"O Arcanjo no ar\",\"description\":\"Site da Par\u00f3quia S\u00e3o Miguel Arcanjo (Arquidiocese de SP)\",\"publisher\":{\"@id\":\"https:\/\/www.oarcanjo.net\/site\/#organization\"},\"potentialAction\":[{\"@type\":\"SearchAction\",\"target\":{\"@type\":\"EntryPoint\",\"urlTemplate\":\"https:\/\/www.oarcanjo.net\/site\/?s={search_term_string}\"},\"query-input\":{\"@type\":\"PropertyValueSpecification\",\"valueRequired\":true,\"valueName\":\"search_term_string\"}}],\"inLanguage\":\"pt-BR\"},{\"@type\":\"Organization\",\"@id\":\"https:\/\/www.oarcanjo.net\/site\/#organization\",\"name\":\"Par\u00f3quia S\u00e3o Miguel Arcanjo\",\"url\":\"https:\/\/www.oarcanjo.net\/site\/\",\"logo\":{\"@type\":\"ImageObject\",\"inLanguage\":\"pt-BR\",\"@id\":\"https:\/\/www.oarcanjo.net\/site\/#\/schema\/logo\/image\/\",\"url\":\"https:\/\/www.oarcanjo.net\/site\/wp-content\/uploads\/LogoOArcanjo.png\",\"contentUrl\":\"https:\/\/www.oarcanjo.net\/site\/wp-content\/uploads\/LogoOArcanjo.png\",\"width\":319,\"height\":99,\"caption\":\"Par\u00f3quia S\u00e3o Miguel Arcanjo\"},\"image\":{\"@id\":\"https:\/\/www.oarcanjo.net\/site\/#\/schema\/logo\/image\/\"},\"sameAs\":[\"https:\/\/www.facebook.com\/OArcanjoNoAr\/\"]},{\"@type\":\"Person\",\"@id\":\"https:\/\/www.oarcanjo.net\/site\/#\/schema\/person\/f7024d007863202483a31326673a0838\",\"name\":\"editor\",\"sameAs\":[\"http:\/\/www.oarcanjo.net\"]}]}<\/script>\n<!-- \/ Yoast SEO plugin. -->","yoast_head_json":{"title":"Leituras do domingo 02\/01\/2011 - O Arcanjo no ar","robots":{"index":"index","follow":"follow","max-snippet":"max-snippet:-1","max-image-preview":"max-image-preview:large","max-video-preview":"max-video-preview:-1"},"canonical":"https:\/\/www.oarcanjo.net\/site\/leituras-do-domingo-02012011\/","og_locale":"pt_BR","og_type":"article","og_title":"Leituras do domingo 02\/01\/2011 - O Arcanjo no ar","og_description":"Epifania do Senhor Primeira leitura (Isa\u00edas 60,1-6) Leitura do Livro do profeta Isa\u00edas: 1Levanta-te, acende as luzes, Jerusal\u00e9m, porque chegou a tua luz, apareceu sobre ti a gl\u00f3ria do Senhor. 2Eis que est\u00e1 a terra envolvida em trevas, e nuvens escuras cobrem os povos; mas sobre ti apareceu o Senhor, e sua gl\u00f3ria j\u00e1 se [&hellip;]","og_url":"https:\/\/www.oarcanjo.net\/site\/leituras-do-domingo-02012011\/","og_site_name":"O Arcanjo no ar","article_publisher":"https:\/\/www.facebook.com\/OArcanjoNoAr\/","article_published_time":"2011-01-01T14:40:16+00:00","og_image":[{"width":300,"height":300,"url":"https:\/\/www.oarcanjo.net\/site\/wp-content\/uploads\/logo-o-arcanjo-no-ar-facebook.png","type":"image\/png"}],"author":"editor","twitter_card":"summary_large_image","twitter_misc":{"Escrito por":"editor","Est. tempo de leitura":"4 minutos"},"schema":{"@context":"https:\/\/schema.org","@graph":[{"@type":"Article","@id":"https:\/\/www.oarcanjo.net\/site\/leituras-do-domingo-02012011\/#article","isPartOf":{"@id":"https:\/\/www.oarcanjo.net\/site\/leituras-do-domingo-02012011\/"},"author":{"name":"editor","@id":"https:\/\/www.oarcanjo.net\/site\/#\/schema\/person\/f7024d007863202483a31326673a0838"},"headline":"Leituras do domingo 02\/01\/2011","datePublished":"2011-01-01T14:40:16+00:00","dateModified":"2011-01-01T14:40:16+00:00","mainEntityOfPage":{"@id":"https:\/\/www.oarcanjo.net\/site\/leituras-do-domingo-02012011\/"},"wordCount":722,"commentCount":0,"publisher":{"@id":"https:\/\/www.oarcanjo.net\/site\/#organization"},"keywords":["Liturgia"],"articleSection":["Liturgia"],"inLanguage":"pt-BR","potentialAction":[{"@type":"CommentAction","name":"Comment","target":["https:\/\/www.oarcanjo.net\/site\/leituras-do-domingo-02012011\/#respond"]}]},{"@type":"WebPage","@id":"https:\/\/www.oarcanjo.net\/site\/leituras-do-domingo-02012011\/","url":"https:\/\/www.oarcanjo.net\/site\/leituras-do-domingo-02012011\/","name":"Leituras do domingo 02\/01\/2011 - O Arcanjo no ar","isPartOf":{"@id":"https:\/\/www.oarcanjo.net\/site\/#website"},"datePublished":"2011-01-01T14:40:16+00:00","dateModified":"2011-01-01T14:40:16+00:00","breadcrumb":{"@id":"https:\/\/www.oarcanjo.net\/site\/leituras-do-domingo-02012011\/#breadcrumb"},"inLanguage":"pt-BR","potentialAction":[{"@type":"ReadAction","target":["https:\/\/www.oarcanjo.net\/site\/leituras-do-domingo-02012011\/"]}]},{"@type":"BreadcrumbList","@id":"https:\/\/www.oarcanjo.net\/site\/leituras-do-domingo-02012011\/#breadcrumb","itemListElement":[{"@type":"ListItem","position":1,"name":"In\u00edcio","item":"https:\/\/www.oarcanjo.net\/site\/"},{"@type":"ListItem","position":2,"name":"Leituras do domingo 02\/01\/2011"}]},{"@type":"WebSite","@id":"https:\/\/www.oarcanjo.net\/site\/#website","url":"https:\/\/www.oarcanjo.net\/site\/","name":"O Arcanjo no ar","description":"Site da Par\u00f3quia S\u00e3o Miguel Arcanjo (Arquidiocese de SP)","publisher":{"@id":"https:\/\/www.oarcanjo.net\/site\/#organization"},"potentialAction":[{"@type":"SearchAction","target":{"@type":"EntryPoint","urlTemplate":"https:\/\/www.oarcanjo.net\/site\/?s={search_term_string}"},"query-input":{"@type":"PropertyValueSpecification","valueRequired":true,"valueName":"search_term_string"}}],"inLanguage":"pt-BR"},{"@type":"Organization","@id":"https:\/\/www.oarcanjo.net\/site\/#organization","name":"Par\u00f3quia S\u00e3o Miguel Arcanjo","url":"https:\/\/www.oarcanjo.net\/site\/","logo":{"@type":"ImageObject","inLanguage":"pt-BR","@id":"https:\/\/www.oarcanjo.net\/site\/#\/schema\/logo\/image\/","url":"https:\/\/www.oarcanjo.net\/site\/wp-content\/uploads\/LogoOArcanjo.png","contentUrl":"https:\/\/www.oarcanjo.net\/site\/wp-content\/uploads\/LogoOArcanjo.png","width":319,"height":99,"caption":"Par\u00f3quia S\u00e3o Miguel Arcanjo"},"image":{"@id":"https:\/\/www.oarcanjo.net\/site\/#\/schema\/logo\/image\/"},"sameAs":["https:\/\/www.facebook.com\/OArcanjoNoAr\/"]},{"@type":"Person","@id":"https:\/\/www.oarcanjo.net\/site\/#\/schema\/person\/f7024d007863202483a31326673a0838","name":"editor","sameAs":["http:\/\/www.oarcanjo.net"]}]}},"publishpress_future_action":{"enabled":false,"date":"2026-05-09 01:49:29","action":"category","newStatus":"draft","terms":[],"taxonomy":"category"},"publishpress_future_workflow_manual_trigger":{"enabledWorkflows":[]},"_links":{"self":[{"href":"https:\/\/www.oarcanjo.net\/site\/wp-json\/wp\/v2\/posts\/12587"}],"collection":[{"href":"https:\/\/www.oarcanjo.net\/site\/wp-json\/wp\/v2\/posts"}],"about":[{"href":"https:\/\/www.oarcanjo.net\/site\/wp-json\/wp\/v2\/types\/post"}],"author":[{"embeddable":true,"href":"https:\/\/www.oarcanjo.net\/site\/wp-json\/wp\/v2\/users\/5"}],"replies":[{"embeddable":true,"href":"https:\/\/www.oarcanjo.net\/site\/wp-json\/wp\/v2\/comments?post=12587"}],"version-history":[{"count":0,"href":"https:\/\/www.oarcanjo.net\/site\/wp-json\/wp\/v2\/posts\/12587\/revisions"}],"wp:attachment":[{"href":"https:\/\/www.oarcanjo.net\/site\/wp-json\/wp\/v2\/media?parent=12587"}],"wp:term":[{"taxonomy":"category","embeddable":true,"href":"https:\/\/www.oarcanjo.net\/site\/wp-json\/wp\/v2\/categories?post=12587"},{"taxonomy":"post_tag","embeddable":true,"href":"https:\/\/www.oarcanjo.net\/site\/wp-json\/wp\/v2\/tags?post=12587"}],"curies":[{"name":"wp","href":"https:\/\/api.w.org\/{rel}","templated":true}]}}