
{"id":12590,"date":"2011-01-02T13:42:36","date_gmt":"2011-01-02T15:42:36","guid":{"rendered":"http:\/\/www.oarcanjo.net\/site\/?p=12590"},"modified":"2011-01-02T13:42:36","modified_gmt":"2011-01-02T15:42:36","slug":"leituras-do-domingo-09012011","status":"publish","type":"post","link":"https:\/\/www.oarcanjo.net\/site\/leituras-do-domingo-09012011\/","title":{"rendered":"Leituras do domingo 09\/01\/2011"},"content":{"rendered":"<div>\n<h4>Batismo do Senhor<\/h4>\n<p><strong>Primeira leitura (Isa\u00edas 42,1-4.6-7)<\/strong><\/p>\n<p>Leitura do Livro do profeta Isa\u00edas:<\/p>\n<p>Assim fala o Senhor:\u00a0<sup>1<\/sup>\u201dEis o meu servo \u2014 eu o recebo; eis o meu eleito \u2014 nele se compraz minh\u2019alma; pus meu esp\u00edrito sobre ele, ele promover\u00e1 o julgamento das na\u00e7\u00f5es.<br \/>\n<sup>2<\/sup>Ele n\u00e3o clama nem levanta a voz, nem se faz ouvir pelas ruas.\u00a0<sup>3<\/sup>N\u00e3o quebra uma cana rachada nem apaga um pavio que ainda fumega; mas promover\u00e1 o julgamento para obter a verdade.\u00a0<sup>4<\/sup>N\u00e3o esmorecer\u00e1 nem se deixar\u00e1 abater, enquanto n\u00e3o estabelecer a justi\u00e7a na terra; os pa\u00edses distantes esperam seus ensinamentos.<br \/>\n<sup>6<\/sup>Eu, o Senhor, te chamei para a justi\u00e7a e te tomei pela m\u00e3o; eu te formei e te constitu\u00ed como o centro de alian\u00e7a do povo, luz das na\u00e7\u00f5es,\u00a0<sup>7<\/sup>para abrires os olhos dos cegos, tirares os cativos da pris\u00e3o, livrares do c\u00e1rcere os que vivem nas trevas\u201d.<\/p>\n<p><strong>Salmo (Salmos 28)<\/strong><\/p>\n<p>\u2014 Que o Senhor aben\u00e7oe, com a paz, o seu povo!<br \/>\n<strong>\u2014 Que o Senhor aben\u00e7oe, com a paz, o seu povo!<\/strong><br \/>\n\u2014 Filhos de Deus, tributai ao Senhor,\/ tributai-lhe a gl\u00f3ria e o poder!\/ Dai-lhe a gl\u00f3ria devida ao seu nome;\/ adorai-o com santo ornamento!<br \/>\n\u2014 Eis a voz do Senhor sobre as \u00e1guas,\/ sua voz sobre as \u00e1guas imensas!\/ Eis a voz do Senhor com poder!\/ Eis a voz do Senhor majestosa!<br \/>\n\u2014 Sua voz no trov\u00e3o reboando!\/ No seu templo os fi\u00e9is bradam: \u201cGl\u00f3ria!\u201d\/ \u00c9 o Senhor que domina os dil\u00favios,\/ o Senhor reinar\u00e1 para sempre!<\/p>\n<p><strong>Segunda leitura (Atos dos Ap\u00f3stolos 10,34-38)<\/strong><\/p>\n<p>Leitura dos Atos dos Ap\u00f3stolos:<\/p>\n<p>Naqueles dias,\u00a0<sup>34<\/sup>Pedro tomou a palavra e disse: \u201cDe fato, estou compreendendo que Deus n\u00e3o faz distin\u00e7\u00e3o entre as pessoas.\u00a0<sup>35<\/sup>Pelo contr\u00e1rio, ele aceita quem o teme e pratica a justi\u00e7a, qualquer que seja a na\u00e7\u00e3o a que perten\u00e7a.<br \/>\n<sup>36<\/sup>Deus enviou sua palavra aos israelitas e lhes anunciou a Boa-Nova da paz, por meio de Jesus Cristo, que \u00e9 o Senhor de todos.<br \/>\n<sup>37<\/sup>V\u00f3s sabeis o que aconteceu em toda a Judeia, a come\u00e7ar pela Galileia, depois do batismo pregado por Jo\u00e3o:\u00a0<sup>38<\/sup>como Jesus de Nazar\u00e9 foi ungido por Deus com o Esp\u00edrito Santo e com poder. Ele andou por toda a parte, fazendo o bem e curando a todos os que estavam dominados pelo dem\u00f4nio; porque Deus estava com ele.<\/p>\n<p><strong>Evangelho (Mateus 3,13-17)<\/strong><\/p>\n<p>Naquele tempo,\u00a0<sup>13<\/sup>Jesus veio da Galileia para o rio Jord\u00e3o, a fim de se encontrar com Jo\u00e3o e ser batizado por ele.\u00a0<sup>14<\/sup>Mas Jo\u00e3o protestou, dizendo: \u201cEu preciso ser batizado por ti, e tu vens a mim?\u201d<br \/>\n<sup>15<\/sup>Jesus, por\u00e9m, respondeu-lhe: \u201cPor enquanto deixa como est\u00e1, porque n\u00f3s devemos cumprir toda a justi\u00e7a!\u201d E Jo\u00e3o concordou.\u00a0<sup>16<\/sup>Depois de ser batizado, Jesus saiu logo da \u00e1gua. Ent\u00e3o o c\u00e9u se abriu e Jesus viu o Esp\u00edrito de Deus, descendo como pomba e vindo pousar sobre ele.<br \/>\n<sup>17<\/sup>E do c\u00e9u veio uma voz que dizia: \u201cEste \u00e9 o meu Filho amado, no qual eu pus o meu agrado\u201d.<\/p>\n<\/div>\n<div id=\"themify_builder_content-12590\" data-postid=\"12590\" class=\"themify_builder_content themify_builder_content-12590 themify_builder themify_builder_front\">\n\t<\/div>\n<!-- \/themify_builder_content -->","protected":false},"excerpt":{"rendered":"<p>Batismo do Senhor Primeira leitura (Isa\u00edas 42,1-4.6-7) Leitura do Livro do profeta Isa\u00edas: Assim fala o Senhor:\u00a01\u201dEis o meu servo \u2014 eu o recebo; eis o meu eleito \u2014 nele se compraz minh\u2019alma; pus meu esp\u00edrito sobre ele, ele promover\u00e1 o julgamento das na\u00e7\u00f5es. 2Ele n\u00e3o clama nem levanta a voz, nem se faz ouvir [&hellip;]<\/p>\n","protected":false},"author":5,"featured_media":0,"comment_status":"open","ping_status":"open","sticky":false,"template":"","format":"standard","meta":{"ngg_post_thumbnail":0,"footnotes":""},"categories":[109],"tags":[3204],"yoast_head":"<!-- This site is optimized with the Yoast SEO plugin v23.5 - https:\/\/yoast.com\/wordpress\/plugins\/seo\/ -->\n<title>Leituras do domingo 09\/01\/2011 - O Arcanjo no ar<\/title>\n<meta name=\"robots\" content=\"index, follow, max-snippet:-1, max-image-preview:large, max-video-preview:-1\" \/>\n<link rel=\"canonical\" href=\"https:\/\/www.oarcanjo.net\/site\/leituras-do-domingo-09012011\/\" \/>\n<meta property=\"og:locale\" content=\"pt_BR\" \/>\n<meta property=\"og:type\" content=\"article\" \/>\n<meta property=\"og:title\" content=\"Leituras do domingo 09\/01\/2011 - O Arcanjo no ar\" \/>\n<meta property=\"og:description\" content=\"Batismo do Senhor Primeira leitura (Isa\u00edas 42,1-4.6-7) Leitura do Livro do profeta Isa\u00edas: Assim fala o Senhor:\u00a01\u201dEis o meu servo \u2014 eu o recebo; eis o meu eleito \u2014 nele se compraz minh\u2019alma; pus meu esp\u00edrito sobre ele, ele promover\u00e1 o julgamento das na\u00e7\u00f5es. 2Ele n\u00e3o clama nem levanta a voz, nem se faz ouvir [&hellip;]\" \/>\n<meta property=\"og:url\" content=\"https:\/\/www.oarcanjo.net\/site\/leituras-do-domingo-09012011\/\" \/>\n<meta property=\"og:site_name\" content=\"O Arcanjo no ar\" \/>\n<meta property=\"article:publisher\" content=\"https:\/\/www.facebook.com\/OArcanjoNoAr\/\" \/>\n<meta property=\"article:published_time\" content=\"2011-01-02T15:42:36+00:00\" \/>\n<meta property=\"og:image\" content=\"https:\/\/www.oarcanjo.net\/site\/wp-content\/uploads\/logo-o-arcanjo-no-ar-facebook.png\" \/>\n\t<meta property=\"og:image:width\" content=\"300\" \/>\n\t<meta property=\"og:image:height\" content=\"300\" \/>\n\t<meta property=\"og:image:type\" content=\"image\/png\" \/>\n<meta name=\"author\" content=\"editor\" \/>\n<meta name=\"twitter:card\" content=\"summary_large_image\" \/>\n<meta name=\"twitter:label1\" content=\"Escrito por\" \/>\n\t<meta name=\"twitter:data1\" content=\"editor\" \/>\n\t<meta name=\"twitter:label2\" content=\"Est. tempo de leitura\" \/>\n\t<meta name=\"twitter:data2\" content=\"3 minutos\" \/>\n<script type=\"application\/ld+json\" class=\"yoast-schema-graph\">{\"@context\":\"https:\/\/schema.org\",\"@graph\":[{\"@type\":\"Article\",\"@id\":\"https:\/\/www.oarcanjo.net\/site\/leituras-do-domingo-09012011\/#article\",\"isPartOf\":{\"@id\":\"https:\/\/www.oarcanjo.net\/site\/leituras-do-domingo-09012011\/\"},\"author\":{\"name\":\"editor\",\"@id\":\"https:\/\/www.oarcanjo.net\/site\/#\/schema\/person\/f7024d007863202483a31326673a0838\"},\"headline\":\"Leituras do domingo 09\/01\/2011\",\"datePublished\":\"2011-01-02T15:42:36+00:00\",\"dateModified\":\"2011-01-02T15:42:36+00:00\",\"mainEntityOfPage\":{\"@id\":\"https:\/\/www.oarcanjo.net\/site\/leituras-do-domingo-09012011\/\"},\"wordCount\":529,\"commentCount\":2,\"publisher\":{\"@id\":\"https:\/\/www.oarcanjo.net\/site\/#organization\"},\"keywords\":[\"Liturgia\"],\"articleSection\":[\"Liturgia\"],\"inLanguage\":\"pt-BR\",\"potentialAction\":[{\"@type\":\"CommentAction\",\"name\":\"Comment\",\"target\":[\"https:\/\/www.oarcanjo.net\/site\/leituras-do-domingo-09012011\/#respond\"]}]},{\"@type\":\"WebPage\",\"@id\":\"https:\/\/www.oarcanjo.net\/site\/leituras-do-domingo-09012011\/\",\"url\":\"https:\/\/www.oarcanjo.net\/site\/leituras-do-domingo-09012011\/\",\"name\":\"Leituras do domingo 09\/01\/2011 - O Arcanjo no ar\",\"isPartOf\":{\"@id\":\"https:\/\/www.oarcanjo.net\/site\/#website\"},\"datePublished\":\"2011-01-02T15:42:36+00:00\",\"dateModified\":\"2011-01-02T15:42:36+00:00\",\"breadcrumb\":{\"@id\":\"https:\/\/www.oarcanjo.net\/site\/leituras-do-domingo-09012011\/#breadcrumb\"},\"inLanguage\":\"pt-BR\",\"potentialAction\":[{\"@type\":\"ReadAction\",\"target\":[\"https:\/\/www.oarcanjo.net\/site\/leituras-do-domingo-09012011\/\"]}]},{\"@type\":\"BreadcrumbList\",\"@id\":\"https:\/\/www.oarcanjo.net\/site\/leituras-do-domingo-09012011\/#breadcrumb\",\"itemListElement\":[{\"@type\":\"ListItem\",\"position\":1,\"name\":\"In\u00edcio\",\"item\":\"https:\/\/www.oarcanjo.net\/site\/\"},{\"@type\":\"ListItem\",\"position\":2,\"name\":\"Leituras do domingo 09\/01\/2011\"}]},{\"@type\":\"WebSite\",\"@id\":\"https:\/\/www.oarcanjo.net\/site\/#website\",\"url\":\"https:\/\/www.oarcanjo.net\/site\/\",\"name\":\"O Arcanjo no ar\",\"description\":\"Site da Par\u00f3quia S\u00e3o Miguel Arcanjo (Arquidiocese de SP)\",\"publisher\":{\"@id\":\"https:\/\/www.oarcanjo.net\/site\/#organization\"},\"potentialAction\":[{\"@type\":\"SearchAction\",\"target\":{\"@type\":\"EntryPoint\",\"urlTemplate\":\"https:\/\/www.oarcanjo.net\/site\/?s={search_term_string}\"},\"query-input\":{\"@type\":\"PropertyValueSpecification\",\"valueRequired\":true,\"valueName\":\"search_term_string\"}}],\"inLanguage\":\"pt-BR\"},{\"@type\":\"Organization\",\"@id\":\"https:\/\/www.oarcanjo.net\/site\/#organization\",\"name\":\"Par\u00f3quia S\u00e3o Miguel Arcanjo\",\"url\":\"https:\/\/www.oarcanjo.net\/site\/\",\"logo\":{\"@type\":\"ImageObject\",\"inLanguage\":\"pt-BR\",\"@id\":\"https:\/\/www.oarcanjo.net\/site\/#\/schema\/logo\/image\/\",\"url\":\"https:\/\/www.oarcanjo.net\/site\/wp-content\/uploads\/LogoOArcanjo.png\",\"contentUrl\":\"https:\/\/www.oarcanjo.net\/site\/wp-content\/uploads\/LogoOArcanjo.png\",\"width\":319,\"height\":99,\"caption\":\"Par\u00f3quia S\u00e3o Miguel Arcanjo\"},\"image\":{\"@id\":\"https:\/\/www.oarcanjo.net\/site\/#\/schema\/logo\/image\/\"},\"sameAs\":[\"https:\/\/www.facebook.com\/OArcanjoNoAr\/\"]},{\"@type\":\"Person\",\"@id\":\"https:\/\/www.oarcanjo.net\/site\/#\/schema\/person\/f7024d007863202483a31326673a0838\",\"name\":\"editor\",\"sameAs\":[\"http:\/\/www.oarcanjo.net\"]}]}<\/script>\n<!-- \/ Yoast SEO plugin. -->","yoast_head_json":{"title":"Leituras do domingo 09\/01\/2011 - O Arcanjo no ar","robots":{"index":"index","follow":"follow","max-snippet":"max-snippet:-1","max-image-preview":"max-image-preview:large","max-video-preview":"max-video-preview:-1"},"canonical":"https:\/\/www.oarcanjo.net\/site\/leituras-do-domingo-09012011\/","og_locale":"pt_BR","og_type":"article","og_title":"Leituras do domingo 09\/01\/2011 - O Arcanjo no ar","og_description":"Batismo do Senhor Primeira leitura (Isa\u00edas 42,1-4.6-7) Leitura do Livro do profeta Isa\u00edas: Assim fala o Senhor:\u00a01\u201dEis o meu servo \u2014 eu o recebo; eis o meu eleito \u2014 nele se compraz minh\u2019alma; pus meu esp\u00edrito sobre ele, ele promover\u00e1 o julgamento das na\u00e7\u00f5es. 2Ele n\u00e3o clama nem levanta a voz, nem se faz ouvir [&hellip;]","og_url":"https:\/\/www.oarcanjo.net\/site\/leituras-do-domingo-09012011\/","og_site_name":"O Arcanjo no ar","article_publisher":"https:\/\/www.facebook.com\/OArcanjoNoAr\/","article_published_time":"2011-01-02T15:42:36+00:00","og_image":[{"width":300,"height":300,"url":"https:\/\/www.oarcanjo.net\/site\/wp-content\/uploads\/logo-o-arcanjo-no-ar-facebook.png","type":"image\/png"}],"author":"editor","twitter_card":"summary_large_image","twitter_misc":{"Escrito por":"editor","Est. tempo de leitura":"3 minutos"},"schema":{"@context":"https:\/\/schema.org","@graph":[{"@type":"Article","@id":"https:\/\/www.oarcanjo.net\/site\/leituras-do-domingo-09012011\/#article","isPartOf":{"@id":"https:\/\/www.oarcanjo.net\/site\/leituras-do-domingo-09012011\/"},"author":{"name":"editor","@id":"https:\/\/www.oarcanjo.net\/site\/#\/schema\/person\/f7024d007863202483a31326673a0838"},"headline":"Leituras do domingo 09\/01\/2011","datePublished":"2011-01-02T15:42:36+00:00","dateModified":"2011-01-02T15:42:36+00:00","mainEntityOfPage":{"@id":"https:\/\/www.oarcanjo.net\/site\/leituras-do-domingo-09012011\/"},"wordCount":529,"commentCount":2,"publisher":{"@id":"https:\/\/www.oarcanjo.net\/site\/#organization"},"keywords":["Liturgia"],"articleSection":["Liturgia"],"inLanguage":"pt-BR","potentialAction":[{"@type":"CommentAction","name":"Comment","target":["https:\/\/www.oarcanjo.net\/site\/leituras-do-domingo-09012011\/#respond"]}]},{"@type":"WebPage","@id":"https:\/\/www.oarcanjo.net\/site\/leituras-do-domingo-09012011\/","url":"https:\/\/www.oarcanjo.net\/site\/leituras-do-domingo-09012011\/","name":"Leituras do domingo 09\/01\/2011 - O Arcanjo no ar","isPartOf":{"@id":"https:\/\/www.oarcanjo.net\/site\/#website"},"datePublished":"2011-01-02T15:42:36+00:00","dateModified":"2011-01-02T15:42:36+00:00","breadcrumb":{"@id":"https:\/\/www.oarcanjo.net\/site\/leituras-do-domingo-09012011\/#breadcrumb"},"inLanguage":"pt-BR","potentialAction":[{"@type":"ReadAction","target":["https:\/\/www.oarcanjo.net\/site\/leituras-do-domingo-09012011\/"]}]},{"@type":"BreadcrumbList","@id":"https:\/\/www.oarcanjo.net\/site\/leituras-do-domingo-09012011\/#breadcrumb","itemListElement":[{"@type":"ListItem","position":1,"name":"In\u00edcio","item":"https:\/\/www.oarcanjo.net\/site\/"},{"@type":"ListItem","position":2,"name":"Leituras do domingo 09\/01\/2011"}]},{"@type":"WebSite","@id":"https:\/\/www.oarcanjo.net\/site\/#website","url":"https:\/\/www.oarcanjo.net\/site\/","name":"O Arcanjo no ar","description":"Site da Par\u00f3quia S\u00e3o Miguel Arcanjo (Arquidiocese de SP)","publisher":{"@id":"https:\/\/www.oarcanjo.net\/site\/#organization"},"potentialAction":[{"@type":"SearchAction","target":{"@type":"EntryPoint","urlTemplate":"https:\/\/www.oarcanjo.net\/site\/?s={search_term_string}"},"query-input":{"@type":"PropertyValueSpecification","valueRequired":true,"valueName":"search_term_string"}}],"inLanguage":"pt-BR"},{"@type":"Organization","@id":"https:\/\/www.oarcanjo.net\/site\/#organization","name":"Par\u00f3quia S\u00e3o Miguel Arcanjo","url":"https:\/\/www.oarcanjo.net\/site\/","logo":{"@type":"ImageObject","inLanguage":"pt-BR","@id":"https:\/\/www.oarcanjo.net\/site\/#\/schema\/logo\/image\/","url":"https:\/\/www.oarcanjo.net\/site\/wp-content\/uploads\/LogoOArcanjo.png","contentUrl":"https:\/\/www.oarcanjo.net\/site\/wp-content\/uploads\/LogoOArcanjo.png","width":319,"height":99,"caption":"Par\u00f3quia S\u00e3o Miguel Arcanjo"},"image":{"@id":"https:\/\/www.oarcanjo.net\/site\/#\/schema\/logo\/image\/"},"sameAs":["https:\/\/www.facebook.com\/OArcanjoNoAr\/"]},{"@type":"Person","@id":"https:\/\/www.oarcanjo.net\/site\/#\/schema\/person\/f7024d007863202483a31326673a0838","name":"editor","sameAs":["http:\/\/www.oarcanjo.net"]}]}},"publishpress_future_action":{"enabled":false,"date":"2026-05-09 00:28:50","action":"category","newStatus":"draft","terms":[],"taxonomy":"category"},"publishpress_future_workflow_manual_trigger":{"enabledWorkflows":[]},"_links":{"self":[{"href":"https:\/\/www.oarcanjo.net\/site\/wp-json\/wp\/v2\/posts\/12590"}],"collection":[{"href":"https:\/\/www.oarcanjo.net\/site\/wp-json\/wp\/v2\/posts"}],"about":[{"href":"https:\/\/www.oarcanjo.net\/site\/wp-json\/wp\/v2\/types\/post"}],"author":[{"embeddable":true,"href":"https:\/\/www.oarcanjo.net\/site\/wp-json\/wp\/v2\/users\/5"}],"replies":[{"embeddable":true,"href":"https:\/\/www.oarcanjo.net\/site\/wp-json\/wp\/v2\/comments?post=12590"}],"version-history":[{"count":0,"href":"https:\/\/www.oarcanjo.net\/site\/wp-json\/wp\/v2\/posts\/12590\/revisions"}],"wp:attachment":[{"href":"https:\/\/www.oarcanjo.net\/site\/wp-json\/wp\/v2\/media?parent=12590"}],"wp:term":[{"taxonomy":"category","embeddable":true,"href":"https:\/\/www.oarcanjo.net\/site\/wp-json\/wp\/v2\/categories?post=12590"},{"taxonomy":"post_tag","embeddable":true,"href":"https:\/\/www.oarcanjo.net\/site\/wp-json\/wp\/v2\/tags?post=12590"}],"curies":[{"name":"wp","href":"https:\/\/api.w.org\/{rel}","templated":true}]}}