
{"id":12592,"date":"2011-01-03T12:16:04","date_gmt":"2011-01-03T14:16:04","guid":{"rendered":"http:\/\/www.oarcanjo.net\/site\/?p=12592"},"modified":"2011-01-03T12:16:04","modified_gmt":"2011-01-03T14:16:04","slug":"leituras-do-domingo-16012011","status":"publish","type":"post","link":"https:\/\/www.oarcanjo.net\/site\/leituras-do-domingo-16012011\/","title":{"rendered":"Leituras do domingo 16\/01\/2011"},"content":{"rendered":"<div>\n<h4>2\u00ba Domingo do Tempo Comum<\/h4>\n<p><strong>Primeira leitura (Isa\u00edas 49,3.5-6)<\/strong><\/p>\n<p>Leitura do Livro do profeta Isa\u00edas:<\/p>\n<p><sup>3<\/sup>O Senhor me disse: \u201cTu \u00e9s o meu Servo, Israel, em quem serei glorificado\u201d.\u00a0<sup>5<\/sup>E agora diz-me o Senhor \u2014 ele que me preparou desde o nascimento para ser seu Servo \u2014 que eu recupere Jac\u00f3 para ele e fa\u00e7a Israel unir-se a ele; aos olhos do Senhor esta \u00e9 a minha gl\u00f3ria.<br \/>\n<sup>6<\/sup>Disse ele: \u201cN\u00e3o basta seres meu Servo para restaurar as tribos de Jac\u00f3 e reconduzir os remanescentes de Israel: eu te farei luz das na\u00e7\u00f5es, para que minha salva\u00e7\u00e3o chegue at\u00e9 aos confins da terra\u201d.<\/p>\n<p><strong>Salmo (Salmos 39)<\/strong><\/p>\n<p>\u2014 Eu disse: \u201cEis que venho, Senhor\u201d,\/ com prazer fa\u00e7o a vossa vontade!<br \/>\n<strong>\u2014 Eu disse: \u201cEis que venho, Senhor\u201d,\/ com prazer fa\u00e7o a vossa vontade!<\/strong><br \/>\n\u2014 Esperando, esperei no Senhor,\/ e, inclinando-se, ouviu meu clamor.\/ Canto novo ele p\u00f4s em meus l\u00e1bios,\/ um poema em louvor ao Senhor.<br \/>\n\u2014 Sacrif\u00edcio e obla\u00e7\u00e3o n\u00e3o quisestes,\/ mas abristes, Senhor, meus ouvidos;\/ n\u00e3o pedistes ofertas nem v\u00edtimas,\/ holocaustos por nossos pecados.<br \/>\n\u2014 E ent\u00e3o eu vos disse: \u201cEis que venho!\u201d\/ Sobre mim est\u00e1 escrito no livro:\/ \u201cCom prazer fa\u00e7o a vossa vontade,\/ guardo em meu cora\u00e7\u00e3o vossa lei!\u201d<br \/>\n\u2014 Boas novas de vossa justi\u00e7a\/ anunciei numa grande assembleia;\/ v\u00f3s sabeis: n\u00e3o fechei os meus l\u00e1bios!<\/p>\n<p><strong>Segunda leitura (1\u00ba Cor\u00edntios 1,1-3)<\/strong><\/p>\n<p>Leitura da Primeira Carta de S\u00e3o Paulo aos Cor\u00edntios:<\/p>\n<p><sup>1<\/sup>Paulo, chamado a ser ap\u00f3stolo de Jesus Cristo, por vontade de Deus, e o irm\u00e3o S\u00f3stenes,\u00a0<sup>2<\/sup>\u00e0 Igreja de Deus que est\u00e1 em Corinto: aos que foram santificados em Cristo Jesus, chamados a ser santos junto com todos os que, em qualquer lugar, invocam o nome de nosso Senhor Jesus Cristo, Senhor deles e nosso.\u00a0<sup>3<\/sup>Para v\u00f3s, gra\u00e7a e paz, da parte de Deus, nosso Pai, e do Senhor Jesus Cristo.<\/p>\n<p><strong>Evangelho (Jo\u00e3o 1,29-34)<\/strong><\/p>\n<p>Naquele tempo,\u00a0<sup>29<\/sup>Jo\u00e3o viu Jesus aproximar-se dele e disse: \u201cEis o Cordeiro de Deus, que tira o pecado do mundo.\u00a0<sup>30<\/sup>Dele \u00e9 que eu disse: Depois de mim vem um homem que passou \u00e0 minha frente, porque existia antes de mim.\u00a0<sup>31<\/sup>Tamb\u00e9m eu n\u00e3o o conhecia, mas se eu vim batizar com \u00e1gua, foi para que ele fosse manifestado a Israel\u201d.<br \/>\n<sup>32<\/sup>E Jo\u00e3o deu testemunho, dizendo: \u201cEu vi o Esp\u00edrito descer, como uma pomba do c\u00e9u, e permanecer sobre ele.\u00a0<sup>33<\/sup>Tamb\u00e9m eu n\u00e3o o conhecia, mas aquele que me enviou a batizar com \u00e1gua me disse: \u2018Aquele sobre quem vires o Esp\u00edrito descer e permanecer, este \u00e9 quem batiza com o Esp\u00edrito Santo\u2019.\u00a0<sup>34<\/sup>Eu vi e dou testemunho: Este \u00e9 o Filho de Deus!\u201d<\/p>\n<\/div>\n<div id=\"themify_builder_content-12592\" data-postid=\"12592\" class=\"themify_builder_content themify_builder_content-12592 themify_builder themify_builder_front\">\n\t<\/div>\n<!-- \/themify_builder_content -->","protected":false},"excerpt":{"rendered":"<p>2\u00ba Domingo do Tempo Comum Primeira leitura (Isa\u00edas 49,3.5-6) Leitura do Livro do profeta Isa\u00edas: 3O Senhor me disse: \u201cTu \u00e9s o meu Servo, Israel, em quem serei glorificado\u201d.\u00a05E agora diz-me o Senhor \u2014 ele que me preparou desde o nascimento para ser seu Servo \u2014 que eu recupere Jac\u00f3 para ele e fa\u00e7a Israel [&hellip;]<\/p>\n","protected":false},"author":5,"featured_media":0,"comment_status":"open","ping_status":"open","sticky":false,"template":"","format":"standard","meta":{"ngg_post_thumbnail":0,"footnotes":""},"categories":[109],"tags":[3204],"yoast_head":"<!-- This site is optimized with the Yoast SEO plugin v23.5 - https:\/\/yoast.com\/wordpress\/plugins\/seo\/ -->\n<title>Leituras do domingo 16\/01\/2011 - O Arcanjo no ar<\/title>\n<meta name=\"robots\" content=\"index, follow, max-snippet:-1, max-image-preview:large, max-video-preview:-1\" \/>\n<link rel=\"canonical\" href=\"https:\/\/www.oarcanjo.net\/site\/leituras-do-domingo-16012011\/\" \/>\n<meta property=\"og:locale\" content=\"pt_BR\" \/>\n<meta property=\"og:type\" content=\"article\" \/>\n<meta property=\"og:title\" content=\"Leituras do domingo 16\/01\/2011 - O Arcanjo no ar\" \/>\n<meta property=\"og:description\" content=\"2\u00ba Domingo do Tempo Comum Primeira leitura (Isa\u00edas 49,3.5-6) Leitura do Livro do profeta Isa\u00edas: 3O Senhor me disse: \u201cTu \u00e9s o meu Servo, Israel, em quem serei glorificado\u201d.\u00a05E agora diz-me o Senhor \u2014 ele que me preparou desde o nascimento para ser seu Servo \u2014 que eu recupere Jac\u00f3 para ele e fa\u00e7a Israel [&hellip;]\" \/>\n<meta property=\"og:url\" content=\"https:\/\/www.oarcanjo.net\/site\/leituras-do-domingo-16012011\/\" \/>\n<meta property=\"og:site_name\" content=\"O Arcanjo no ar\" \/>\n<meta property=\"article:publisher\" content=\"https:\/\/www.facebook.com\/OArcanjoNoAr\/\" \/>\n<meta property=\"article:published_time\" content=\"2011-01-03T14:16:04+00:00\" \/>\n<meta property=\"og:image\" content=\"https:\/\/www.oarcanjo.net\/site\/wp-content\/uploads\/logo-o-arcanjo-no-ar-facebook.png\" \/>\n\t<meta property=\"og:image:width\" content=\"300\" \/>\n\t<meta property=\"og:image:height\" content=\"300\" \/>\n\t<meta property=\"og:image:type\" content=\"image\/png\" \/>\n<meta name=\"author\" content=\"editor\" \/>\n<meta name=\"twitter:card\" content=\"summary_large_image\" \/>\n<meta name=\"twitter:label1\" content=\"Escrito por\" \/>\n\t<meta name=\"twitter:data1\" content=\"editor\" \/>\n\t<meta name=\"twitter:label2\" content=\"Est. tempo de leitura\" \/>\n\t<meta name=\"twitter:data2\" content=\"2 minutos\" \/>\n<script type=\"application\/ld+json\" class=\"yoast-schema-graph\">{\"@context\":\"https:\/\/schema.org\",\"@graph\":[{\"@type\":\"Article\",\"@id\":\"https:\/\/www.oarcanjo.net\/site\/leituras-do-domingo-16012011\/#article\",\"isPartOf\":{\"@id\":\"https:\/\/www.oarcanjo.net\/site\/leituras-do-domingo-16012011\/\"},\"author\":{\"name\":\"editor\",\"@id\":\"https:\/\/www.oarcanjo.net\/site\/#\/schema\/person\/f7024d007863202483a31326673a0838\"},\"headline\":\"Leituras do domingo 16\/01\/2011\",\"datePublished\":\"2011-01-03T14:16:04+00:00\",\"dateModified\":\"2011-01-03T14:16:04+00:00\",\"mainEntityOfPage\":{\"@id\":\"https:\/\/www.oarcanjo.net\/site\/leituras-do-domingo-16012011\/\"},\"wordCount\":459,\"commentCount\":0,\"publisher\":{\"@id\":\"https:\/\/www.oarcanjo.net\/site\/#organization\"},\"keywords\":[\"Liturgia\"],\"articleSection\":[\"Liturgia\"],\"inLanguage\":\"pt-BR\",\"potentialAction\":[{\"@type\":\"CommentAction\",\"name\":\"Comment\",\"target\":[\"https:\/\/www.oarcanjo.net\/site\/leituras-do-domingo-16012011\/#respond\"]}]},{\"@type\":\"WebPage\",\"@id\":\"https:\/\/www.oarcanjo.net\/site\/leituras-do-domingo-16012011\/\",\"url\":\"https:\/\/www.oarcanjo.net\/site\/leituras-do-domingo-16012011\/\",\"name\":\"Leituras do domingo 16\/01\/2011 - O Arcanjo no ar\",\"isPartOf\":{\"@id\":\"https:\/\/www.oarcanjo.net\/site\/#website\"},\"datePublished\":\"2011-01-03T14:16:04+00:00\",\"dateModified\":\"2011-01-03T14:16:04+00:00\",\"breadcrumb\":{\"@id\":\"https:\/\/www.oarcanjo.net\/site\/leituras-do-domingo-16012011\/#breadcrumb\"},\"inLanguage\":\"pt-BR\",\"potentialAction\":[{\"@type\":\"ReadAction\",\"target\":[\"https:\/\/www.oarcanjo.net\/site\/leituras-do-domingo-16012011\/\"]}]},{\"@type\":\"BreadcrumbList\",\"@id\":\"https:\/\/www.oarcanjo.net\/site\/leituras-do-domingo-16012011\/#breadcrumb\",\"itemListElement\":[{\"@type\":\"ListItem\",\"position\":1,\"name\":\"In\u00edcio\",\"item\":\"https:\/\/www.oarcanjo.net\/site\/\"},{\"@type\":\"ListItem\",\"position\":2,\"name\":\"Leituras do domingo 16\/01\/2011\"}]},{\"@type\":\"WebSite\",\"@id\":\"https:\/\/www.oarcanjo.net\/site\/#website\",\"url\":\"https:\/\/www.oarcanjo.net\/site\/\",\"name\":\"O Arcanjo no ar\",\"description\":\"Site da Par\u00f3quia S\u00e3o Miguel Arcanjo (Arquidiocese de SP)\",\"publisher\":{\"@id\":\"https:\/\/www.oarcanjo.net\/site\/#organization\"},\"potentialAction\":[{\"@type\":\"SearchAction\",\"target\":{\"@type\":\"EntryPoint\",\"urlTemplate\":\"https:\/\/www.oarcanjo.net\/site\/?s={search_term_string}\"},\"query-input\":{\"@type\":\"PropertyValueSpecification\",\"valueRequired\":true,\"valueName\":\"search_term_string\"}}],\"inLanguage\":\"pt-BR\"},{\"@type\":\"Organization\",\"@id\":\"https:\/\/www.oarcanjo.net\/site\/#organization\",\"name\":\"Par\u00f3quia S\u00e3o Miguel Arcanjo\",\"url\":\"https:\/\/www.oarcanjo.net\/site\/\",\"logo\":{\"@type\":\"ImageObject\",\"inLanguage\":\"pt-BR\",\"@id\":\"https:\/\/www.oarcanjo.net\/site\/#\/schema\/logo\/image\/\",\"url\":\"https:\/\/www.oarcanjo.net\/site\/wp-content\/uploads\/LogoOArcanjo.png\",\"contentUrl\":\"https:\/\/www.oarcanjo.net\/site\/wp-content\/uploads\/LogoOArcanjo.png\",\"width\":319,\"height\":99,\"caption\":\"Par\u00f3quia S\u00e3o Miguel Arcanjo\"},\"image\":{\"@id\":\"https:\/\/www.oarcanjo.net\/site\/#\/schema\/logo\/image\/\"},\"sameAs\":[\"https:\/\/www.facebook.com\/OArcanjoNoAr\/\"]},{\"@type\":\"Person\",\"@id\":\"https:\/\/www.oarcanjo.net\/site\/#\/schema\/person\/f7024d007863202483a31326673a0838\",\"name\":\"editor\",\"sameAs\":[\"http:\/\/www.oarcanjo.net\"]}]}<\/script>\n<!-- \/ Yoast SEO plugin. -->","yoast_head_json":{"title":"Leituras do domingo 16\/01\/2011 - O Arcanjo no ar","robots":{"index":"index","follow":"follow","max-snippet":"max-snippet:-1","max-image-preview":"max-image-preview:large","max-video-preview":"max-video-preview:-1"},"canonical":"https:\/\/www.oarcanjo.net\/site\/leituras-do-domingo-16012011\/","og_locale":"pt_BR","og_type":"article","og_title":"Leituras do domingo 16\/01\/2011 - O Arcanjo no ar","og_description":"2\u00ba Domingo do Tempo Comum Primeira leitura (Isa\u00edas 49,3.5-6) Leitura do Livro do profeta Isa\u00edas: 3O Senhor me disse: \u201cTu \u00e9s o meu Servo, Israel, em quem serei glorificado\u201d.\u00a05E agora diz-me o Senhor \u2014 ele que me preparou desde o nascimento para ser seu Servo \u2014 que eu recupere Jac\u00f3 para ele e fa\u00e7a Israel [&hellip;]","og_url":"https:\/\/www.oarcanjo.net\/site\/leituras-do-domingo-16012011\/","og_site_name":"O Arcanjo no ar","article_publisher":"https:\/\/www.facebook.com\/OArcanjoNoAr\/","article_published_time":"2011-01-03T14:16:04+00:00","og_image":[{"width":300,"height":300,"url":"https:\/\/www.oarcanjo.net\/site\/wp-content\/uploads\/logo-o-arcanjo-no-ar-facebook.png","type":"image\/png"}],"author":"editor","twitter_card":"summary_large_image","twitter_misc":{"Escrito por":"editor","Est. tempo de leitura":"2 minutos"},"schema":{"@context":"https:\/\/schema.org","@graph":[{"@type":"Article","@id":"https:\/\/www.oarcanjo.net\/site\/leituras-do-domingo-16012011\/#article","isPartOf":{"@id":"https:\/\/www.oarcanjo.net\/site\/leituras-do-domingo-16012011\/"},"author":{"name":"editor","@id":"https:\/\/www.oarcanjo.net\/site\/#\/schema\/person\/f7024d007863202483a31326673a0838"},"headline":"Leituras do domingo 16\/01\/2011","datePublished":"2011-01-03T14:16:04+00:00","dateModified":"2011-01-03T14:16:04+00:00","mainEntityOfPage":{"@id":"https:\/\/www.oarcanjo.net\/site\/leituras-do-domingo-16012011\/"},"wordCount":459,"commentCount":0,"publisher":{"@id":"https:\/\/www.oarcanjo.net\/site\/#organization"},"keywords":["Liturgia"],"articleSection":["Liturgia"],"inLanguage":"pt-BR","potentialAction":[{"@type":"CommentAction","name":"Comment","target":["https:\/\/www.oarcanjo.net\/site\/leituras-do-domingo-16012011\/#respond"]}]},{"@type":"WebPage","@id":"https:\/\/www.oarcanjo.net\/site\/leituras-do-domingo-16012011\/","url":"https:\/\/www.oarcanjo.net\/site\/leituras-do-domingo-16012011\/","name":"Leituras do domingo 16\/01\/2011 - O Arcanjo no ar","isPartOf":{"@id":"https:\/\/www.oarcanjo.net\/site\/#website"},"datePublished":"2011-01-03T14:16:04+00:00","dateModified":"2011-01-03T14:16:04+00:00","breadcrumb":{"@id":"https:\/\/www.oarcanjo.net\/site\/leituras-do-domingo-16012011\/#breadcrumb"},"inLanguage":"pt-BR","potentialAction":[{"@type":"ReadAction","target":["https:\/\/www.oarcanjo.net\/site\/leituras-do-domingo-16012011\/"]}]},{"@type":"BreadcrumbList","@id":"https:\/\/www.oarcanjo.net\/site\/leituras-do-domingo-16012011\/#breadcrumb","itemListElement":[{"@type":"ListItem","position":1,"name":"In\u00edcio","item":"https:\/\/www.oarcanjo.net\/site\/"},{"@type":"ListItem","position":2,"name":"Leituras do domingo 16\/01\/2011"}]},{"@type":"WebSite","@id":"https:\/\/www.oarcanjo.net\/site\/#website","url":"https:\/\/www.oarcanjo.net\/site\/","name":"O Arcanjo no ar","description":"Site da Par\u00f3quia S\u00e3o Miguel Arcanjo (Arquidiocese de SP)","publisher":{"@id":"https:\/\/www.oarcanjo.net\/site\/#organization"},"potentialAction":[{"@type":"SearchAction","target":{"@type":"EntryPoint","urlTemplate":"https:\/\/www.oarcanjo.net\/site\/?s={search_term_string}"},"query-input":{"@type":"PropertyValueSpecification","valueRequired":true,"valueName":"search_term_string"}}],"inLanguage":"pt-BR"},{"@type":"Organization","@id":"https:\/\/www.oarcanjo.net\/site\/#organization","name":"Par\u00f3quia S\u00e3o Miguel Arcanjo","url":"https:\/\/www.oarcanjo.net\/site\/","logo":{"@type":"ImageObject","inLanguage":"pt-BR","@id":"https:\/\/www.oarcanjo.net\/site\/#\/schema\/logo\/image\/","url":"https:\/\/www.oarcanjo.net\/site\/wp-content\/uploads\/LogoOArcanjo.png","contentUrl":"https:\/\/www.oarcanjo.net\/site\/wp-content\/uploads\/LogoOArcanjo.png","width":319,"height":99,"caption":"Par\u00f3quia S\u00e3o Miguel Arcanjo"},"image":{"@id":"https:\/\/www.oarcanjo.net\/site\/#\/schema\/logo\/image\/"},"sameAs":["https:\/\/www.facebook.com\/OArcanjoNoAr\/"]},{"@type":"Person","@id":"https:\/\/www.oarcanjo.net\/site\/#\/schema\/person\/f7024d007863202483a31326673a0838","name":"editor","sameAs":["http:\/\/www.oarcanjo.net"]}]}},"publishpress_future_action":{"enabled":false,"date":"2026-05-09 00:30:04","action":"category","newStatus":"draft","terms":[],"taxonomy":"category"},"publishpress_future_workflow_manual_trigger":{"enabledWorkflows":[]},"_links":{"self":[{"href":"https:\/\/www.oarcanjo.net\/site\/wp-json\/wp\/v2\/posts\/12592"}],"collection":[{"href":"https:\/\/www.oarcanjo.net\/site\/wp-json\/wp\/v2\/posts"}],"about":[{"href":"https:\/\/www.oarcanjo.net\/site\/wp-json\/wp\/v2\/types\/post"}],"author":[{"embeddable":true,"href":"https:\/\/www.oarcanjo.net\/site\/wp-json\/wp\/v2\/users\/5"}],"replies":[{"embeddable":true,"href":"https:\/\/www.oarcanjo.net\/site\/wp-json\/wp\/v2\/comments?post=12592"}],"version-history":[{"count":0,"href":"https:\/\/www.oarcanjo.net\/site\/wp-json\/wp\/v2\/posts\/12592\/revisions"}],"wp:attachment":[{"href":"https:\/\/www.oarcanjo.net\/site\/wp-json\/wp\/v2\/media?parent=12592"}],"wp:term":[{"taxonomy":"category","embeddable":true,"href":"https:\/\/www.oarcanjo.net\/site\/wp-json\/wp\/v2\/categories?post=12592"},{"taxonomy":"post_tag","embeddable":true,"href":"https:\/\/www.oarcanjo.net\/site\/wp-json\/wp\/v2\/tags?post=12592"}],"curies":[{"name":"wp","href":"https:\/\/api.w.org\/{rel}","templated":true}]}}