
{"id":12594,"date":"2011-01-03T12:18:32","date_gmt":"2011-01-03T14:18:32","guid":{"rendered":"http:\/\/www.oarcanjo.net\/site\/?p=12594"},"modified":"2011-01-03T12:18:32","modified_gmt":"2011-01-03T14:18:32","slug":"leituras-do-domingo-23012011","status":"publish","type":"post","link":"https:\/\/www.oarcanjo.net\/site\/leituras-do-domingo-23012011\/","title":{"rendered":"Leituras do domingo 23\/01\/2011"},"content":{"rendered":"<div>\n<h4>3\u00ba Domingo do Tempo Comum<\/h4>\n<p><strong>Primeira leitura (Isa\u00edas 8,23b\u20149,3)<\/strong><\/p>\n<p>Livro do profeta Isa\u00edas:<\/p>\n<p><sup>23<\/sup>bNo tempo passado o Senhor humilhou a terra de Zabulon e a terra de Neftali; mas recentemente cobriu de gl\u00f3ria o caminho do mar, do al\u00e9m-Jord\u00e3o e da Galileia das na\u00e7\u00f5es.<br \/>\n<sup>9<\/sup>,<sup>1<\/sup>O povo que andava na escurid\u00e3o viu uma grande luz; para os que habitavam nas sombras da morte, uma luz resplandeceu.<br \/>\n<sup>2<\/sup>Fizeste crescer a alegria, e aumentaste a felicidade; todos se regozijam em tua presen\u00e7a como alegres ceifeiros na colheita, ou como exaltados guerreiros ao dividirem os despojos.\u00a0<sup>3<\/sup>Pois o jugo que oprimia o povo \u2014 a carga sobre os ombros, o orgulho dos fiscais \u2014 tu os abateste como na jornada de Madi\u00e3.<\/p>\n<p><strong>Salmo (Salmos 26)<\/strong><\/p>\n<p>\u2014 O Senhor \u00e9 minha luz e salva\u00e7\u00e3o.\/ O Senhor \u00e9 a prote\u00e7\u00e3o da minha vida.<br \/>\n<strong>\u2014 O Senhor \u00e9 minha luz e salva\u00e7\u00e3o.\/ O Senhor \u00e9 a prote\u00e7\u00e3o da minha vida.<\/strong><br \/>\n\u2014 O Senhor \u00e9 minha luz e salva\u00e7\u00e3o;\/ de quem eu terei medo?\/ O Senhor \u00e9 a prote\u00e7\u00e3o da minha vida;\/ perante quem eu tremerei?<br \/>\n\u2014 Ao Senhor eu pe\u00e7o apenas uma coisa,\/ e \u00e9 s\u00f3 isto que eu desejo:\/ habitar no santu\u00e1rio do Senhor\/ por toda a minha vida;\/ saborear a suavidade do Senhor\/ e contempl\u00e1-lo no seu templo.<br \/>\n\u2014 Sei que a bondade do Senhor hei de ver\/ na terra dos viventes.\/ Espera no Senhor e tem coragem,\/ espera no Senhor!<\/p>\n<p><strong>Segunda leitura (1\u00ba Cor\u00edntios 1,10-13.17)<\/strong><\/p>\n<p>Primeira Carta de S\u00e3o Paulo aos Cor\u00edntios:<\/p>\n<p><sup>10<\/sup>Irm\u00e3os, eu vos exorto, pelo nome do Senhor nosso, Jesus Cristo, a que sejais todos concordes uns com os outros e n\u00e3o admitais divis\u00f5es entre v\u00f3s. Pelo contr\u00e1rio, sede bem unidos e concordes no pensar e no falar.<br \/>\n<sup>11<\/sup>Com efeito, pessoas da fam\u00edlia de Clo\u00e9 informaram-me a vosso respeito, meus irm\u00e3os, que est\u00e1 havendo contendas entre v\u00f3s.<br \/>\n<sup>12<\/sup>Digo isto, porque cada um de v\u00f3s afirma: \u201cEu sou de Paulo\u201d; ou: \u201cEu sou de Apolo\u201d; ou: \u201cEu sou de Cefas\u201d; ou: \u201cEu sou de Cristo\u201d!<br \/>\n<sup>13<\/sup>Ser\u00e1 que Cristo est\u00e1 dividido? Acaso Paulo \u00e9 que foi crucificado por amor de v\u00f3s? Ou \u00e9 no nome de Paulo que fostes batizados?<br \/>\n<sup>17<\/sup>De fato, Cristo n\u00e3o me enviou para batizar, mas para pregar a boa nova da salva\u00e7\u00e3o, sem me valer dos recursos da orat\u00f3ria, para n\u00e3o privar a cruz de Cristo da sua for\u00e7a pr\u00f3pria.<\/p>\n<p><strong>Evangelho (Mateus 4,12-23)<\/strong><\/p>\n<p><sup>12<\/sup>Ao saber que Jo\u00e3o tinha sido preso, Jesus voltou para a Galileia.\u00a0<sup>13<\/sup>Deixou Nazar\u00e9 e foi morar em Cafarnaum, que fica \u00e0s margens do mar da Galileia,\u00a0<sup>14<\/sup>no territ\u00f3rio de Zabulon e Neftali, para se cumprir o que foi dito pelo profeta Isa\u00edas:\u00a0<sup>15<\/sup>\u201cTerra de Zabulon, terra de Neftali, caminho do mar, regi\u00e3o do outro lado do rio Jord\u00e3o, Galileia dos pag\u00e3os!\u00a0<sup>13<\/sup>O povo que vivia nas trevas viu uma grande luz, e para os que viviam na regi\u00e3o escura da morte brilhou uma luz\u201d.\u00a0<sup>17<\/sup>Da\u00ed em diante Jesus come\u00e7ou a pregar dizendo: \u201cConvertei-vos, porque o Reino dos C\u00e9us est\u00e1 pr\u00f3ximo\u201d.<br \/>\n<sup>18<\/sup>Quando Jesus andava \u00e0 beira do mar da Galileia, viu dois irm\u00e3os: Sim\u00e3o, chamado Pedro, e seu irm\u00e3o Andr\u00e9. Estavam lan\u00e7ando a rede ao mar, pois eram pescadores.<sup>19<\/sup>Jesus disse a eles: \u201cSegui-me, e eu farei de v\u00f3s pescadores de homens\u201d.\u00a0<sup>20<\/sup>Eles imediatamente deixaram as redes e o seguiram.<br \/>\n<sup>21<\/sup>Caminhando um pouco mais, Jesus viu outros dois irm\u00e3os: Tiago, filho de Zebedeu, e seu irm\u00e3o Jo\u00e3o. Estavam na barca com seu pai Zebedeu consertando as redes. Jesus os chamou.\u00a0<sup>22<\/sup>Eles imediatamente deixaram a barca e o pai, e o seguiram.\u00a0<sup>23<\/sup>Jesus andava por toda a Galileia, ensinando em suas sinagogas, pregando o Evangelho do Reino e curando todo tipo de doen\u00e7a e enfermidade do povo.<\/p>\n<\/div>\n<div id=\"themify_builder_content-12594\" data-postid=\"12594\" class=\"themify_builder_content themify_builder_content-12594 themify_builder themify_builder_front\">\n\t<\/div>\n<!-- \/themify_builder_content -->","protected":false},"excerpt":{"rendered":"<p>3\u00ba Domingo do Tempo Comum Primeira leitura (Isa\u00edas 8,23b\u20149,3) Livro do profeta Isa\u00edas: 23bNo tempo passado o Senhor humilhou a terra de Zabulon e a terra de Neftali; mas recentemente cobriu de gl\u00f3ria o caminho do mar, do al\u00e9m-Jord\u00e3o e da Galileia das na\u00e7\u00f5es. 9,1O povo que andava na escurid\u00e3o viu uma grande luz; para [&hellip;]<\/p>\n","protected":false},"author":5,"featured_media":0,"comment_status":"open","ping_status":"open","sticky":false,"template":"","format":"standard","meta":{"ngg_post_thumbnail":0,"footnotes":""},"categories":[109],"tags":[3204],"yoast_head":"<!-- This site is optimized with the Yoast SEO plugin v23.5 - https:\/\/yoast.com\/wordpress\/plugins\/seo\/ -->\n<title>Leituras do domingo 23\/01\/2011 - O Arcanjo no ar<\/title>\n<meta name=\"robots\" content=\"index, follow, max-snippet:-1, max-image-preview:large, max-video-preview:-1\" \/>\n<link rel=\"canonical\" href=\"https:\/\/www.oarcanjo.net\/site\/leituras-do-domingo-23012011\/\" \/>\n<meta property=\"og:locale\" content=\"pt_BR\" \/>\n<meta property=\"og:type\" content=\"article\" \/>\n<meta property=\"og:title\" content=\"Leituras do domingo 23\/01\/2011 - O Arcanjo no ar\" \/>\n<meta property=\"og:description\" content=\"3\u00ba Domingo do Tempo Comum Primeira leitura (Isa\u00edas 8,23b\u20149,3) Livro do profeta Isa\u00edas: 23bNo tempo passado o Senhor humilhou a terra de Zabulon e a terra de Neftali; mas recentemente cobriu de gl\u00f3ria o caminho do mar, do al\u00e9m-Jord\u00e3o e da Galileia das na\u00e7\u00f5es. 9,1O povo que andava na escurid\u00e3o viu uma grande luz; para [&hellip;]\" \/>\n<meta property=\"og:url\" content=\"https:\/\/www.oarcanjo.net\/site\/leituras-do-domingo-23012011\/\" \/>\n<meta property=\"og:site_name\" content=\"O Arcanjo no ar\" \/>\n<meta property=\"article:publisher\" content=\"https:\/\/www.facebook.com\/OArcanjoNoAr\/\" \/>\n<meta property=\"article:published_time\" content=\"2011-01-03T14:18:32+00:00\" \/>\n<meta property=\"og:image\" content=\"https:\/\/www.oarcanjo.net\/site\/wp-content\/uploads\/logo-o-arcanjo-no-ar-facebook.png\" \/>\n\t<meta property=\"og:image:width\" content=\"300\" \/>\n\t<meta property=\"og:image:height\" content=\"300\" \/>\n\t<meta property=\"og:image:type\" content=\"image\/png\" \/>\n<meta name=\"author\" content=\"editor\" \/>\n<meta name=\"twitter:card\" content=\"summary_large_image\" \/>\n<meta name=\"twitter:label1\" content=\"Escrito por\" \/>\n\t<meta name=\"twitter:data1\" content=\"editor\" \/>\n\t<meta name=\"twitter:label2\" content=\"Est. tempo de leitura\" \/>\n\t<meta name=\"twitter:data2\" content=\"3 minutos\" \/>\n<script type=\"application\/ld+json\" class=\"yoast-schema-graph\">{\"@context\":\"https:\/\/schema.org\",\"@graph\":[{\"@type\":\"Article\",\"@id\":\"https:\/\/www.oarcanjo.net\/site\/leituras-do-domingo-23012011\/#article\",\"isPartOf\":{\"@id\":\"https:\/\/www.oarcanjo.net\/site\/leituras-do-domingo-23012011\/\"},\"author\":{\"name\":\"editor\",\"@id\":\"https:\/\/www.oarcanjo.net\/site\/#\/schema\/person\/f7024d007863202483a31326673a0838\"},\"headline\":\"Leituras do domingo 23\/01\/2011\",\"datePublished\":\"2011-01-03T14:18:32+00:00\",\"dateModified\":\"2011-01-03T14:18:32+00:00\",\"mainEntityOfPage\":{\"@id\":\"https:\/\/www.oarcanjo.net\/site\/leituras-do-domingo-23012011\/\"},\"wordCount\":647,\"commentCount\":2,\"publisher\":{\"@id\":\"https:\/\/www.oarcanjo.net\/site\/#organization\"},\"keywords\":[\"Liturgia\"],\"articleSection\":[\"Liturgia\"],\"inLanguage\":\"pt-BR\",\"potentialAction\":[{\"@type\":\"CommentAction\",\"name\":\"Comment\",\"target\":[\"https:\/\/www.oarcanjo.net\/site\/leituras-do-domingo-23012011\/#respond\"]}]},{\"@type\":\"WebPage\",\"@id\":\"https:\/\/www.oarcanjo.net\/site\/leituras-do-domingo-23012011\/\",\"url\":\"https:\/\/www.oarcanjo.net\/site\/leituras-do-domingo-23012011\/\",\"name\":\"Leituras do domingo 23\/01\/2011 - O Arcanjo no ar\",\"isPartOf\":{\"@id\":\"https:\/\/www.oarcanjo.net\/site\/#website\"},\"datePublished\":\"2011-01-03T14:18:32+00:00\",\"dateModified\":\"2011-01-03T14:18:32+00:00\",\"breadcrumb\":{\"@id\":\"https:\/\/www.oarcanjo.net\/site\/leituras-do-domingo-23012011\/#breadcrumb\"},\"inLanguage\":\"pt-BR\",\"potentialAction\":[{\"@type\":\"ReadAction\",\"target\":[\"https:\/\/www.oarcanjo.net\/site\/leituras-do-domingo-23012011\/\"]}]},{\"@type\":\"BreadcrumbList\",\"@id\":\"https:\/\/www.oarcanjo.net\/site\/leituras-do-domingo-23012011\/#breadcrumb\",\"itemListElement\":[{\"@type\":\"ListItem\",\"position\":1,\"name\":\"In\u00edcio\",\"item\":\"https:\/\/www.oarcanjo.net\/site\/\"},{\"@type\":\"ListItem\",\"position\":2,\"name\":\"Leituras do domingo 23\/01\/2011\"}]},{\"@type\":\"WebSite\",\"@id\":\"https:\/\/www.oarcanjo.net\/site\/#website\",\"url\":\"https:\/\/www.oarcanjo.net\/site\/\",\"name\":\"O Arcanjo no ar\",\"description\":\"Site da Par\u00f3quia S\u00e3o Miguel Arcanjo (Arquidiocese de SP)\",\"publisher\":{\"@id\":\"https:\/\/www.oarcanjo.net\/site\/#organization\"},\"potentialAction\":[{\"@type\":\"SearchAction\",\"target\":{\"@type\":\"EntryPoint\",\"urlTemplate\":\"https:\/\/www.oarcanjo.net\/site\/?s={search_term_string}\"},\"query-input\":{\"@type\":\"PropertyValueSpecification\",\"valueRequired\":true,\"valueName\":\"search_term_string\"}}],\"inLanguage\":\"pt-BR\"},{\"@type\":\"Organization\",\"@id\":\"https:\/\/www.oarcanjo.net\/site\/#organization\",\"name\":\"Par\u00f3quia S\u00e3o Miguel Arcanjo\",\"url\":\"https:\/\/www.oarcanjo.net\/site\/\",\"logo\":{\"@type\":\"ImageObject\",\"inLanguage\":\"pt-BR\",\"@id\":\"https:\/\/www.oarcanjo.net\/site\/#\/schema\/logo\/image\/\",\"url\":\"https:\/\/www.oarcanjo.net\/site\/wp-content\/uploads\/LogoOArcanjo.png\",\"contentUrl\":\"https:\/\/www.oarcanjo.net\/site\/wp-content\/uploads\/LogoOArcanjo.png\",\"width\":319,\"height\":99,\"caption\":\"Par\u00f3quia S\u00e3o Miguel Arcanjo\"},\"image\":{\"@id\":\"https:\/\/www.oarcanjo.net\/site\/#\/schema\/logo\/image\/\"},\"sameAs\":[\"https:\/\/www.facebook.com\/OArcanjoNoAr\/\"]},{\"@type\":\"Person\",\"@id\":\"https:\/\/www.oarcanjo.net\/site\/#\/schema\/person\/f7024d007863202483a31326673a0838\",\"name\":\"editor\",\"sameAs\":[\"http:\/\/www.oarcanjo.net\"]}]}<\/script>\n<!-- \/ Yoast SEO plugin. -->","yoast_head_json":{"title":"Leituras do domingo 23\/01\/2011 - O Arcanjo no ar","robots":{"index":"index","follow":"follow","max-snippet":"max-snippet:-1","max-image-preview":"max-image-preview:large","max-video-preview":"max-video-preview:-1"},"canonical":"https:\/\/www.oarcanjo.net\/site\/leituras-do-domingo-23012011\/","og_locale":"pt_BR","og_type":"article","og_title":"Leituras do domingo 23\/01\/2011 - O Arcanjo no ar","og_description":"3\u00ba Domingo do Tempo Comum Primeira leitura (Isa\u00edas 8,23b\u20149,3) Livro do profeta Isa\u00edas: 23bNo tempo passado o Senhor humilhou a terra de Zabulon e a terra de Neftali; mas recentemente cobriu de gl\u00f3ria o caminho do mar, do al\u00e9m-Jord\u00e3o e da Galileia das na\u00e7\u00f5es. 9,1O povo que andava na escurid\u00e3o viu uma grande luz; para [&hellip;]","og_url":"https:\/\/www.oarcanjo.net\/site\/leituras-do-domingo-23012011\/","og_site_name":"O Arcanjo no ar","article_publisher":"https:\/\/www.facebook.com\/OArcanjoNoAr\/","article_published_time":"2011-01-03T14:18:32+00:00","og_image":[{"width":300,"height":300,"url":"https:\/\/www.oarcanjo.net\/site\/wp-content\/uploads\/logo-o-arcanjo-no-ar-facebook.png","type":"image\/png"}],"author":"editor","twitter_card":"summary_large_image","twitter_misc":{"Escrito por":"editor","Est. tempo de leitura":"3 minutos"},"schema":{"@context":"https:\/\/schema.org","@graph":[{"@type":"Article","@id":"https:\/\/www.oarcanjo.net\/site\/leituras-do-domingo-23012011\/#article","isPartOf":{"@id":"https:\/\/www.oarcanjo.net\/site\/leituras-do-domingo-23012011\/"},"author":{"name":"editor","@id":"https:\/\/www.oarcanjo.net\/site\/#\/schema\/person\/f7024d007863202483a31326673a0838"},"headline":"Leituras do domingo 23\/01\/2011","datePublished":"2011-01-03T14:18:32+00:00","dateModified":"2011-01-03T14:18:32+00:00","mainEntityOfPage":{"@id":"https:\/\/www.oarcanjo.net\/site\/leituras-do-domingo-23012011\/"},"wordCount":647,"commentCount":2,"publisher":{"@id":"https:\/\/www.oarcanjo.net\/site\/#organization"},"keywords":["Liturgia"],"articleSection":["Liturgia"],"inLanguage":"pt-BR","potentialAction":[{"@type":"CommentAction","name":"Comment","target":["https:\/\/www.oarcanjo.net\/site\/leituras-do-domingo-23012011\/#respond"]}]},{"@type":"WebPage","@id":"https:\/\/www.oarcanjo.net\/site\/leituras-do-domingo-23012011\/","url":"https:\/\/www.oarcanjo.net\/site\/leituras-do-domingo-23012011\/","name":"Leituras do domingo 23\/01\/2011 - O Arcanjo no ar","isPartOf":{"@id":"https:\/\/www.oarcanjo.net\/site\/#website"},"datePublished":"2011-01-03T14:18:32+00:00","dateModified":"2011-01-03T14:18:32+00:00","breadcrumb":{"@id":"https:\/\/www.oarcanjo.net\/site\/leituras-do-domingo-23012011\/#breadcrumb"},"inLanguage":"pt-BR","potentialAction":[{"@type":"ReadAction","target":["https:\/\/www.oarcanjo.net\/site\/leituras-do-domingo-23012011\/"]}]},{"@type":"BreadcrumbList","@id":"https:\/\/www.oarcanjo.net\/site\/leituras-do-domingo-23012011\/#breadcrumb","itemListElement":[{"@type":"ListItem","position":1,"name":"In\u00edcio","item":"https:\/\/www.oarcanjo.net\/site\/"},{"@type":"ListItem","position":2,"name":"Leituras do domingo 23\/01\/2011"}]},{"@type":"WebSite","@id":"https:\/\/www.oarcanjo.net\/site\/#website","url":"https:\/\/www.oarcanjo.net\/site\/","name":"O Arcanjo no ar","description":"Site da Par\u00f3quia S\u00e3o Miguel Arcanjo (Arquidiocese de SP)","publisher":{"@id":"https:\/\/www.oarcanjo.net\/site\/#organization"},"potentialAction":[{"@type":"SearchAction","target":{"@type":"EntryPoint","urlTemplate":"https:\/\/www.oarcanjo.net\/site\/?s={search_term_string}"},"query-input":{"@type":"PropertyValueSpecification","valueRequired":true,"valueName":"search_term_string"}}],"inLanguage":"pt-BR"},{"@type":"Organization","@id":"https:\/\/www.oarcanjo.net\/site\/#organization","name":"Par\u00f3quia S\u00e3o Miguel Arcanjo","url":"https:\/\/www.oarcanjo.net\/site\/","logo":{"@type":"ImageObject","inLanguage":"pt-BR","@id":"https:\/\/www.oarcanjo.net\/site\/#\/schema\/logo\/image\/","url":"https:\/\/www.oarcanjo.net\/site\/wp-content\/uploads\/LogoOArcanjo.png","contentUrl":"https:\/\/www.oarcanjo.net\/site\/wp-content\/uploads\/LogoOArcanjo.png","width":319,"height":99,"caption":"Par\u00f3quia S\u00e3o Miguel Arcanjo"},"image":{"@id":"https:\/\/www.oarcanjo.net\/site\/#\/schema\/logo\/image\/"},"sameAs":["https:\/\/www.facebook.com\/OArcanjoNoAr\/"]},{"@type":"Person","@id":"https:\/\/www.oarcanjo.net\/site\/#\/schema\/person\/f7024d007863202483a31326673a0838","name":"editor","sameAs":["http:\/\/www.oarcanjo.net"]}]}},"publishpress_future_action":{"enabled":false,"date":"2026-05-09 01:51:06","action":"category","newStatus":"draft","terms":[],"taxonomy":"category"},"publishpress_future_workflow_manual_trigger":{"enabledWorkflows":[]},"_links":{"self":[{"href":"https:\/\/www.oarcanjo.net\/site\/wp-json\/wp\/v2\/posts\/12594"}],"collection":[{"href":"https:\/\/www.oarcanjo.net\/site\/wp-json\/wp\/v2\/posts"}],"about":[{"href":"https:\/\/www.oarcanjo.net\/site\/wp-json\/wp\/v2\/types\/post"}],"author":[{"embeddable":true,"href":"https:\/\/www.oarcanjo.net\/site\/wp-json\/wp\/v2\/users\/5"}],"replies":[{"embeddable":true,"href":"https:\/\/www.oarcanjo.net\/site\/wp-json\/wp\/v2\/comments?post=12594"}],"version-history":[{"count":0,"href":"https:\/\/www.oarcanjo.net\/site\/wp-json\/wp\/v2\/posts\/12594\/revisions"}],"wp:attachment":[{"href":"https:\/\/www.oarcanjo.net\/site\/wp-json\/wp\/v2\/media?parent=12594"}],"wp:term":[{"taxonomy":"category","embeddable":true,"href":"https:\/\/www.oarcanjo.net\/site\/wp-json\/wp\/v2\/categories?post=12594"},{"taxonomy":"post_tag","embeddable":true,"href":"https:\/\/www.oarcanjo.net\/site\/wp-json\/wp\/v2\/tags?post=12594"}],"curies":[{"name":"wp","href":"https:\/\/api.w.org\/{rel}","templated":true}]}}