
{"id":12625,"date":"2011-01-06T21:10:22","date_gmt":"2011-01-06T23:10:22","guid":{"rendered":"http:\/\/www.oarcanjo.net\/site\/?p=12625"},"modified":"2011-01-06T21:10:22","modified_gmt":"2011-01-06T23:10:22","slug":"arte-e-mistica-2","status":"publish","type":"post","link":"https:\/\/www.oarcanjo.net\/site\/arte-e-mistica-2\/","title":{"rendered":"Arte e m\u00edstica"},"content":{"rendered":"<p style=\"text-align: justify;\"><em>Pe. Alfredo J. Gon\u00e7alves, CS<\/em><\/p>\n<p style=\"text-align: justify;\">Os historiadores e estudiosos analisam a guerra de Tr\u00f3ia como um fato recheado de mitologia. S\u00f3 Homero e Virg\u00edlio, por\u00e9m, foram capazes de produzir obras como a Il\u00edada, a Odiss\u00e9ia e a Eneida. Todos n\u00f3s, pobres mortais, quando deparamos com um bloco de m\u00e1rmore, imediatamente intu\u00edmos seu peso, resist\u00eancia e durabilidade. Mas Michelangelo foi capaz de extrair dele L\u00e1 Piet\u00e0, uma das mais belas obras da humanidade.<\/p>\n<p style=\"text-align: justify;\">Os mesmos pobres mortais, ao tocarem a pedra, logo identificam a consist\u00eancia da mat\u00e9ria bruta. Antonio Francisco de Lisboa, o Aleijadinho, a transforma nas imortais esculturas dos profetas, em Congonhas do Campo &#8211; MG. A multid\u00e3o que transita pelas ruas da cidade escuta ru\u00eddos, pisa o asfalto e atravessa a selva de concreto. Charles Baudelaire, Vinicius de Morais e Fernando Pessoa forjam a partir dela a rima, a poesia e a m\u00fasica. O sertanejo desbrava os campos e os cultiva para sobreviver. Guimar\u00e3es Rosa, Clarice Lispector e Gabriel Garc\u00eda M\u00e1rquez descobrem no Grande Sert\u00e3o da exist\u00eancia humana as mil veredas por onde a alma descortina os mist\u00e9rios da vida.<\/p>\n<p style=\"text-align: justify;\">Todas as pessoas guardam na mem\u00f3ria os momentos mais significativos da pr\u00f3pria exist\u00eancia, fazendo deles verdadeiras p\u00e9rolas da trajet\u00f3ria pessoal, familiar, comunit\u00e1ria. Neles se ap\u00f3iam como trampolins para novos passos. Mas somente Marcel Proust e Jaime Joyce fizeram desse resgate uma monumental busca do tempo perdido, seguindo as pegadas de um Ulisses contempor\u00e2neo. Juscelino Kubitschek empreendeu o sonho de uma nova capital, mas foram L\u00facio Costa e Oscar Niemayer que lhe conferiram o desenho e as curvas de uma nova est\u00e9tica urbana.<\/p>\n<p style=\"text-align: justify;\">Essa \u00e9 a diferen\u00e7a entre o artista e as pessoas comuns. Embora todos n\u00f3s sejamos dotados de uma dimens\u00e3o est\u00e9tica, s\u00e3o poucos os que conseguem express\u00e1-la de forma t\u00e3o viva, bela e profunda. A tradi\u00e7\u00e3o os chama de g\u00eanios da arte: pintura, m\u00fasica, literatura, escultura, arquitetura, etc. Sua vis\u00e3o transcende o olhar do senso comum, elevando-se ou aprofundando-se no mist\u00e9rio da cria\u00e7\u00e3o.<\/p>\n<p style=\"text-align: justify;\">O mesmo ocorre com o m\u00edstico. Tamb\u00e9m ele \u00e9 um artista dos fatos cotidianos ou da hist\u00f3ria humana. Esta se apresenta como uma enorme mat\u00e9ria bruta, constitu\u00edda de amores, dores e temores, sonhos lutas e esperan\u00e7as.\u00a0 Em seus caminhos nos movemos em meio a um oceano turbulento de medos e ang\u00fastias, tormentos e contradi\u00e7\u00f5es. Mares e ventos bravios amea\u00e7am constantemente nossas fr\u00e1geis embarca\u00e7\u00f5es. A f\u00faria das ondas desfaz ilus\u00f5es, acumulam tribula\u00e7\u00f5es. Com freq\u00fc\u00eancia, somos submetidos \u00e0 travessia de \u00e1ridos desertos e mutismos intranspon\u00edveis, como cegos tentando vencer a mais densa escurid\u00e3o.<\/p>\n<p style=\"text-align: justify;\">Na ora\u00e7\u00e3o e na contempla\u00e7\u00e3o o m\u00edstico \u00e9 capaz de ver, por tr\u00e1s das nuvens sombrias e da tempestade, os raios de um sol radiante. Detecta as indecifr\u00e1veis pegadas de Deus no ch\u00e3o duro e absurdo da hist\u00f3ria. Seu olhar transcendente as imagens do dia-a-dia, enxergando na provisoriedade tra\u00e7os indel\u00e9veis do absoluto. Transita pelas estradas do mundo como um peregrino em busca de algo s\u00f3lido e definitivo. No m\u00e1rmore indefinido da trajet\u00f3ria humana, sabe identificar os caracteres deixados pela m\u00e3o invis\u00edvel dos anjos.<\/p>\n<p style=\"text-align: justify;\">A\u00ed est\u00e1 a qu\u00edmica da ora\u00e7\u00e3o e da contempla\u00e7\u00e3o. Da mesma forma que o artista transforma a pedra, as cores, os fatos e as notas musicais em obras primas para o patrim\u00f4nio cultural da humanidade, o m\u00edstico transfigura a mat\u00e9ria bruta do cotidiano em verdadeira arte. Confere-lhe, atrav\u00e9s da est\u00e9tica, um sentido oculto e profundo. V\u00e1rios nomes poderiam ser citados. Em primeiro lugar, Jesus, Maria, Buda, Conf\u00facio, Mestre Eckhart; mas tamb\u00e9m S\u00e3o Jo\u00e3o da Cruz, Santa Tereza de Lisieux, Santa Teresinha do Menino Jesus, S\u00e3o Francisco de Assis; e mais contemporaneamente, Madre Tereza de Calcut\u00e1, Dalai Lama, Dom H\u00e9lder C\u00e2mara, Oscar Romero, Cardeal Martini, entre tantos outros.<\/p>\n<p style=\"text-align: justify;\">Mais que intelig\u00eancia, entra em cena a sabedoria. \u00c9 ela que realiza a grande metamorfose dos conflitos e disc\u00f3rdias em pedras vivas para a constru\u00e7\u00e3o da justi\u00e7a e da paz. O m\u00edstico, depurando os instintos, paix\u00f5es e necessidades aparentes e superficiais, mergulha no desejo mais profundo do ser humano: regressar ou avan\u00e7ar para \u00e0 pr\u00f3pria casa ou p\u00e1tria. A sede do al\u00e9m, do infinito, do absoluto o faz caminhar sempre, superar a cada dia os pr\u00f3prios passos, descortinar novos horizontes. Sabe que nenhuma forma\u00e7\u00e3o humana, social, econ\u00f4mica, pol\u00edtica ou cultural, por mais perfeita que seja, esgota o desejo insaci\u00e1vel de repousar no mist\u00e9rio da eternidade. Ali\u00e1s, m\u00edstico vem de mist\u00e9rio, significando aquele que transcende as apar\u00eancias comuns e procura entrar em sintonia com o ser infinito.<\/p>\n<p style=\"text-align: justify;\">O caminho n\u00e3o \u00e9 espont\u00e2neo. Exige esfor\u00e7o, disciplina e persist\u00eancia. Exige intensos momentos de sil\u00eancio e escuta. \u00c9 uma tarefa longa e extremamente laboriosa. Tarefa que come\u00e7a e recome\u00e7a a cada dia. Nele h\u00e1 avan\u00e7os e recuos, luzes e sombras; desertos prolongados, seguidos de deslumbrantes ilumina\u00e7\u00f5es. Como num dia inst\u00e1vel, o sol se revela e se esconde. O importante aqui n\u00e3o \u00e9 tanto obter a \u00e1gua viva que nutre e mata a sede moment\u00e2nea, mas aprender o caminho da fonte.<\/p>\n<p style=\"text-align: justify;\">Enquanto o artista ao terminar sua obra volta a ter sede e parte para nova cria\u00e7\u00e3o, o m\u00edstico tamb\u00e9m \u00e9 guiado por uma sede que o eleva a patamares cada vez mais altos, ou a profundezas cada vez mais inc\u00f3gnitas. Dessa cont\u00ednua supera\u00e7\u00e3o dos pr\u00f3prios limites, forja-se o artista e o m\u00edstico. Ambos, por vias diferentes e muitas vezes convergentes, engendram uma est\u00e9tica que confere beleza, sabedoria e sentido \u00e0 exist\u00eancia humana. Numa palavra, todo artista tem algo de m\u00edstico e todo m\u00edstico tem algo de artista.<\/p>\n<div id=\"themify_builder_content-12625\" data-postid=\"12625\" class=\"themify_builder_content themify_builder_content-12625 themify_builder themify_builder_front\">\n\t<\/div>\n<!-- \/themify_builder_content -->","protected":false},"excerpt":{"rendered":"<p>Pe. Alfredo J. Gon\u00e7alves, CS Os historiadores e estudiosos analisam a guerra de Tr\u00f3ia como um fato recheado de mitologia. S\u00f3 Homero e Virg\u00edlio, por\u00e9m, foram capazes de produzir obras como a Il\u00edada, a Odiss\u00e9ia e a Eneida. Todos n\u00f3s, pobres mortais, quando deparamos com um bloco de m\u00e1rmore, imediatamente intu\u00edmos seu peso, resist\u00eancia e [&hellip;]<\/p>\n","protected":false},"author":15,"featured_media":0,"comment_status":"open","ping_status":"open","sticky":false,"template":"","format":"standard","meta":{"ngg_post_thumbnail":0,"footnotes":""},"categories":[9],"tags":[],"yoast_head":"<!-- This site is optimized with the Yoast SEO plugin v23.5 - https:\/\/yoast.com\/wordpress\/plugins\/seo\/ -->\n<title>Arte e m\u00edstica - O Arcanjo no ar<\/title>\n<meta name=\"robots\" content=\"index, follow, max-snippet:-1, max-image-preview:large, max-video-preview:-1\" \/>\n<link rel=\"canonical\" href=\"https:\/\/www.oarcanjo.net\/site\/arte-e-mistica-2\/\" \/>\n<meta property=\"og:locale\" content=\"pt_BR\" \/>\n<meta property=\"og:type\" content=\"article\" \/>\n<meta property=\"og:title\" content=\"Arte e m\u00edstica - O Arcanjo no ar\" \/>\n<meta property=\"og:description\" content=\"Pe. Alfredo J. Gon\u00e7alves, CS Os historiadores e estudiosos analisam a guerra de Tr\u00f3ia como um fato recheado de mitologia. S\u00f3 Homero e Virg\u00edlio, por\u00e9m, foram capazes de produzir obras como a Il\u00edada, a Odiss\u00e9ia e a Eneida. Todos n\u00f3s, pobres mortais, quando deparamos com um bloco de m\u00e1rmore, imediatamente intu\u00edmos seu peso, resist\u00eancia e [&hellip;]\" \/>\n<meta property=\"og:url\" content=\"https:\/\/www.oarcanjo.net\/site\/arte-e-mistica-2\/\" \/>\n<meta property=\"og:site_name\" content=\"O Arcanjo no ar\" \/>\n<meta property=\"article:publisher\" content=\"https:\/\/www.facebook.com\/OArcanjoNoAr\/\" \/>\n<meta property=\"article:published_time\" content=\"2011-01-06T23:10:22+00:00\" \/>\n<meta property=\"og:image\" content=\"https:\/\/www.oarcanjo.net\/site\/wp-content\/uploads\/logo-o-arcanjo-no-ar-facebook.png\" \/>\n\t<meta property=\"og:image:width\" content=\"300\" \/>\n\t<meta property=\"og:image:height\" content=\"300\" \/>\n\t<meta property=\"og:image:type\" content=\"image\/png\" \/>\n<meta name=\"author\" content=\"Alexandre Nunes\" \/>\n<meta name=\"twitter:card\" content=\"summary_large_image\" \/>\n<meta name=\"twitter:label1\" content=\"Escrito por\" \/>\n\t<meta name=\"twitter:data1\" content=\"Alexandre Nunes\" \/>\n\t<meta name=\"twitter:label2\" content=\"Est. tempo de leitura\" \/>\n\t<meta name=\"twitter:data2\" content=\"5 minutos\" \/>\n<script type=\"application\/ld+json\" class=\"yoast-schema-graph\">{\"@context\":\"https:\/\/schema.org\",\"@graph\":[{\"@type\":\"Article\",\"@id\":\"https:\/\/www.oarcanjo.net\/site\/arte-e-mistica-2\/#article\",\"isPartOf\":{\"@id\":\"https:\/\/www.oarcanjo.net\/site\/arte-e-mistica-2\/\"},\"author\":{\"name\":\"Alexandre Nunes\",\"@id\":\"https:\/\/www.oarcanjo.net\/site\/#\/schema\/person\/0a2ae077c1a09b69d29928e3b9f1c0d1\"},\"headline\":\"Arte e m\u00edstica\",\"datePublished\":\"2011-01-06T23:10:22+00:00\",\"dateModified\":\"2011-01-06T23:10:22+00:00\",\"mainEntityOfPage\":{\"@id\":\"https:\/\/www.oarcanjo.net\/site\/arte-e-mistica-2\/\"},\"wordCount\":1027,\"commentCount\":1,\"publisher\":{\"@id\":\"https:\/\/www.oarcanjo.net\/site\/#organization\"},\"articleSection\":[\"Reflex\u00f5es\"],\"inLanguage\":\"pt-BR\",\"potentialAction\":[{\"@type\":\"CommentAction\",\"name\":\"Comment\",\"target\":[\"https:\/\/www.oarcanjo.net\/site\/arte-e-mistica-2\/#respond\"]}]},{\"@type\":\"WebPage\",\"@id\":\"https:\/\/www.oarcanjo.net\/site\/arte-e-mistica-2\/\",\"url\":\"https:\/\/www.oarcanjo.net\/site\/arte-e-mistica-2\/\",\"name\":\"Arte e m\u00edstica - O Arcanjo no ar\",\"isPartOf\":{\"@id\":\"https:\/\/www.oarcanjo.net\/site\/#website\"},\"datePublished\":\"2011-01-06T23:10:22+00:00\",\"dateModified\":\"2011-01-06T23:10:22+00:00\",\"breadcrumb\":{\"@id\":\"https:\/\/www.oarcanjo.net\/site\/arte-e-mistica-2\/#breadcrumb\"},\"inLanguage\":\"pt-BR\",\"potentialAction\":[{\"@type\":\"ReadAction\",\"target\":[\"https:\/\/www.oarcanjo.net\/site\/arte-e-mistica-2\/\"]}]},{\"@type\":\"BreadcrumbList\",\"@id\":\"https:\/\/www.oarcanjo.net\/site\/arte-e-mistica-2\/#breadcrumb\",\"itemListElement\":[{\"@type\":\"ListItem\",\"position\":1,\"name\":\"In\u00edcio\",\"item\":\"https:\/\/www.oarcanjo.net\/site\/\"},{\"@type\":\"ListItem\",\"position\":2,\"name\":\"Arte e m\u00edstica\"}]},{\"@type\":\"WebSite\",\"@id\":\"https:\/\/www.oarcanjo.net\/site\/#website\",\"url\":\"https:\/\/www.oarcanjo.net\/site\/\",\"name\":\"O Arcanjo no ar\",\"description\":\"Site da Par\u00f3quia S\u00e3o Miguel Arcanjo (Arquidiocese de SP)\",\"publisher\":{\"@id\":\"https:\/\/www.oarcanjo.net\/site\/#organization\"},\"potentialAction\":[{\"@type\":\"SearchAction\",\"target\":{\"@type\":\"EntryPoint\",\"urlTemplate\":\"https:\/\/www.oarcanjo.net\/site\/?s={search_term_string}\"},\"query-input\":{\"@type\":\"PropertyValueSpecification\",\"valueRequired\":true,\"valueName\":\"search_term_string\"}}],\"inLanguage\":\"pt-BR\"},{\"@type\":\"Organization\",\"@id\":\"https:\/\/www.oarcanjo.net\/site\/#organization\",\"name\":\"Par\u00f3quia S\u00e3o Miguel Arcanjo\",\"url\":\"https:\/\/www.oarcanjo.net\/site\/\",\"logo\":{\"@type\":\"ImageObject\",\"inLanguage\":\"pt-BR\",\"@id\":\"https:\/\/www.oarcanjo.net\/site\/#\/schema\/logo\/image\/\",\"url\":\"https:\/\/www.oarcanjo.net\/site\/wp-content\/uploads\/LogoOArcanjo.png\",\"contentUrl\":\"https:\/\/www.oarcanjo.net\/site\/wp-content\/uploads\/LogoOArcanjo.png\",\"width\":319,\"height\":99,\"caption\":\"Par\u00f3quia S\u00e3o Miguel Arcanjo\"},\"image\":{\"@id\":\"https:\/\/www.oarcanjo.net\/site\/#\/schema\/logo\/image\/\"},\"sameAs\":[\"https:\/\/www.facebook.com\/OArcanjoNoAr\/\"]},{\"@type\":\"Person\",\"@id\":\"https:\/\/www.oarcanjo.net\/site\/#\/schema\/person\/0a2ae077c1a09b69d29928e3b9f1c0d1\",\"name\":\"Alexandre Nunes\",\"sameAs\":[\"http:\/\/alexandrenu.com\"]}]}<\/script>\n<!-- \/ Yoast SEO plugin. -->","yoast_head_json":{"title":"Arte e m\u00edstica - O Arcanjo no ar","robots":{"index":"index","follow":"follow","max-snippet":"max-snippet:-1","max-image-preview":"max-image-preview:large","max-video-preview":"max-video-preview:-1"},"canonical":"https:\/\/www.oarcanjo.net\/site\/arte-e-mistica-2\/","og_locale":"pt_BR","og_type":"article","og_title":"Arte e m\u00edstica - O Arcanjo no ar","og_description":"Pe. Alfredo J. Gon\u00e7alves, CS Os historiadores e estudiosos analisam a guerra de Tr\u00f3ia como um fato recheado de mitologia. S\u00f3 Homero e Virg\u00edlio, por\u00e9m, foram capazes de produzir obras como a Il\u00edada, a Odiss\u00e9ia e a Eneida. Todos n\u00f3s, pobres mortais, quando deparamos com um bloco de m\u00e1rmore, imediatamente intu\u00edmos seu peso, resist\u00eancia e [&hellip;]","og_url":"https:\/\/www.oarcanjo.net\/site\/arte-e-mistica-2\/","og_site_name":"O Arcanjo no ar","article_publisher":"https:\/\/www.facebook.com\/OArcanjoNoAr\/","article_published_time":"2011-01-06T23:10:22+00:00","og_image":[{"width":300,"height":300,"url":"https:\/\/www.oarcanjo.net\/site\/wp-content\/uploads\/logo-o-arcanjo-no-ar-facebook.png","type":"image\/png"}],"author":"Alexandre Nunes","twitter_card":"summary_large_image","twitter_misc":{"Escrito por":"Alexandre Nunes","Est. tempo de leitura":"5 minutos"},"schema":{"@context":"https:\/\/schema.org","@graph":[{"@type":"Article","@id":"https:\/\/www.oarcanjo.net\/site\/arte-e-mistica-2\/#article","isPartOf":{"@id":"https:\/\/www.oarcanjo.net\/site\/arte-e-mistica-2\/"},"author":{"name":"Alexandre Nunes","@id":"https:\/\/www.oarcanjo.net\/site\/#\/schema\/person\/0a2ae077c1a09b69d29928e3b9f1c0d1"},"headline":"Arte e m\u00edstica","datePublished":"2011-01-06T23:10:22+00:00","dateModified":"2011-01-06T23:10:22+00:00","mainEntityOfPage":{"@id":"https:\/\/www.oarcanjo.net\/site\/arte-e-mistica-2\/"},"wordCount":1027,"commentCount":1,"publisher":{"@id":"https:\/\/www.oarcanjo.net\/site\/#organization"},"articleSection":["Reflex\u00f5es"],"inLanguage":"pt-BR","potentialAction":[{"@type":"CommentAction","name":"Comment","target":["https:\/\/www.oarcanjo.net\/site\/arte-e-mistica-2\/#respond"]}]},{"@type":"WebPage","@id":"https:\/\/www.oarcanjo.net\/site\/arte-e-mistica-2\/","url":"https:\/\/www.oarcanjo.net\/site\/arte-e-mistica-2\/","name":"Arte e m\u00edstica - O Arcanjo no ar","isPartOf":{"@id":"https:\/\/www.oarcanjo.net\/site\/#website"},"datePublished":"2011-01-06T23:10:22+00:00","dateModified":"2011-01-06T23:10:22+00:00","breadcrumb":{"@id":"https:\/\/www.oarcanjo.net\/site\/arte-e-mistica-2\/#breadcrumb"},"inLanguage":"pt-BR","potentialAction":[{"@type":"ReadAction","target":["https:\/\/www.oarcanjo.net\/site\/arte-e-mistica-2\/"]}]},{"@type":"BreadcrumbList","@id":"https:\/\/www.oarcanjo.net\/site\/arte-e-mistica-2\/#breadcrumb","itemListElement":[{"@type":"ListItem","position":1,"name":"In\u00edcio","item":"https:\/\/www.oarcanjo.net\/site\/"},{"@type":"ListItem","position":2,"name":"Arte e m\u00edstica"}]},{"@type":"WebSite","@id":"https:\/\/www.oarcanjo.net\/site\/#website","url":"https:\/\/www.oarcanjo.net\/site\/","name":"O Arcanjo no ar","description":"Site da Par\u00f3quia S\u00e3o Miguel Arcanjo (Arquidiocese de SP)","publisher":{"@id":"https:\/\/www.oarcanjo.net\/site\/#organization"},"potentialAction":[{"@type":"SearchAction","target":{"@type":"EntryPoint","urlTemplate":"https:\/\/www.oarcanjo.net\/site\/?s={search_term_string}"},"query-input":{"@type":"PropertyValueSpecification","valueRequired":true,"valueName":"search_term_string"}}],"inLanguage":"pt-BR"},{"@type":"Organization","@id":"https:\/\/www.oarcanjo.net\/site\/#organization","name":"Par\u00f3quia S\u00e3o Miguel Arcanjo","url":"https:\/\/www.oarcanjo.net\/site\/","logo":{"@type":"ImageObject","inLanguage":"pt-BR","@id":"https:\/\/www.oarcanjo.net\/site\/#\/schema\/logo\/image\/","url":"https:\/\/www.oarcanjo.net\/site\/wp-content\/uploads\/LogoOArcanjo.png","contentUrl":"https:\/\/www.oarcanjo.net\/site\/wp-content\/uploads\/LogoOArcanjo.png","width":319,"height":99,"caption":"Par\u00f3quia S\u00e3o Miguel Arcanjo"},"image":{"@id":"https:\/\/www.oarcanjo.net\/site\/#\/schema\/logo\/image\/"},"sameAs":["https:\/\/www.facebook.com\/OArcanjoNoAr\/"]},{"@type":"Person","@id":"https:\/\/www.oarcanjo.net\/site\/#\/schema\/person\/0a2ae077c1a09b69d29928e3b9f1c0d1","name":"Alexandre Nunes","sameAs":["http:\/\/alexandrenu.com"]}]}},"publishpress_future_action":{"enabled":false,"date":"2026-05-10 09:32:50","action":"category","newStatus":"draft","terms":[],"taxonomy":"category"},"publishpress_future_workflow_manual_trigger":{"enabledWorkflows":[]},"_links":{"self":[{"href":"https:\/\/www.oarcanjo.net\/site\/wp-json\/wp\/v2\/posts\/12625"}],"collection":[{"href":"https:\/\/www.oarcanjo.net\/site\/wp-json\/wp\/v2\/posts"}],"about":[{"href":"https:\/\/www.oarcanjo.net\/site\/wp-json\/wp\/v2\/types\/post"}],"author":[{"embeddable":true,"href":"https:\/\/www.oarcanjo.net\/site\/wp-json\/wp\/v2\/users\/15"}],"replies":[{"embeddable":true,"href":"https:\/\/www.oarcanjo.net\/site\/wp-json\/wp\/v2\/comments?post=12625"}],"version-history":[{"count":0,"href":"https:\/\/www.oarcanjo.net\/site\/wp-json\/wp\/v2\/posts\/12625\/revisions"}],"wp:attachment":[{"href":"https:\/\/www.oarcanjo.net\/site\/wp-json\/wp\/v2\/media?parent=12625"}],"wp:term":[{"taxonomy":"category","embeddable":true,"href":"https:\/\/www.oarcanjo.net\/site\/wp-json\/wp\/v2\/categories?post=12625"},{"taxonomy":"post_tag","embeddable":true,"href":"https:\/\/www.oarcanjo.net\/site\/wp-json\/wp\/v2\/tags?post=12625"}],"curies":[{"name":"wp","href":"https:\/\/api.w.org\/{rel}","templated":true}]}}