
{"id":12632,"date":"2011-01-08T17:57:08","date_gmt":"2011-01-08T19:57:08","guid":{"rendered":"http:\/\/www.oarcanjo.net\/site\/?p=12632"},"modified":"2011-01-08T17:57:08","modified_gmt":"2011-01-08T19:57:08","slug":"presidenta-demita-o-general","status":"publish","type":"post","link":"https:\/\/www.oarcanjo.net\/site\/presidenta-demita-o-general\/","title":{"rendered":"Presidenta, demita o general&#8230;"},"content":{"rendered":"<p style=\"text-align: justify;\">Francisco Bicudo<\/p>\n<p style=\"text-align: justify;\">Um dos momentos\u00a0mais emocionantes da posse\u00a0da presidenta Dilma Rousseff aconteceu quando, no discurso do Parlat\u00f3rio, ela fez refer\u00eancia aos companheiros mortos e desaparecidos durante a ditadura militar brasileira (1964-1985).\u00a0Dilma\u00a0lembrou\u00a0que &#8220;\u00e9 o embate civilizado de ideias que move as grandes democracias como a nossa&#8221;. Reafirmou &#8220;n\u00e3o\u00a0carregar nenhum ressentimento, nenhuma esp\u00e9cie de rancor&#8221;. E foi expl\u00edcita ao dizer, em alto e bom som, sem tergiversar,\u00a0que a gera\u00e7\u00e3o dela &#8220;chegou \u00e0\u00a0pol\u00edtica em busca da liberdade, em um tempo de escurid\u00e3o imensa. Pagamos o pre\u00e7o da nossa ousadia, ajudando o pa\u00eds a chegar at\u00e9 aqui. Aos companheiros meus que tombaram nessa caminhada, minha comovida homenagem e minha eterna lembran\u00e7a&#8221;.\u00a0<br \/>\nFoi dif\u00edcil conter as l\u00e1grimas quando o primeiro Presidente oper\u00e1rio\/migrante nordestino\u00a0passou a faixa para a primeira mulher Presidenta. Foi bonito e importante ver a Presidenta passando em revista \u00e0s tropas e recebendo delas rever\u00eancia; foi bonito\u00a0e importante acompanhar os comandantes militares batendo contin\u00eancia para a Presidenta. Foram momentos simb\u00f3licos, entusiasticamente reveladores de diferen\u00e7as entre ditaduras e democracias.<br \/>\nPe\u00e7o licen\u00e7a\u00a0para voltar um pouco mais no tempo, puxando da mem\u00f3ria uma Dilma que ainda ensaiava quem sabe seus primeiros passos como poss\u00edvel\u00a0pr\u00e9-candidata \u00e0 sucess\u00e3o do presidente Lula. Em maio de 2008, a ent\u00e3o ministra da Casa Civil esteve\u00a0em audi\u00eancia na\u00a0Comiss\u00e3o de Infra-Estrutura do Senado e foi questionada\u00a0pelo senador Agripino Maia (DEM-RN) sobre ter mentido em sess\u00f5es de tortura. A resposta de Dilma foi acachapante e demolidora: &#8220;Eu menti sob tortura, senador,\u00a0para salvar outros companheiros da dor da mesma tortura. O que estava em quest\u00e3o era a minha vida e de meus companheiros. E mentir na tortura n\u00e3o \u00e9 f\u00e1cil. Aguentar a tortura \u00e9 algo dific\u00edlimo. Todos n\u00f3s somos muito fr\u00e1geis, somos humanos, temos dor, a sedu\u00e7\u00e3o, a tenta\u00e7\u00e3o de falar o que ocorreu. A dor \u00e9 insuport\u00e1vel, o senhor n\u00e3o imagina o quanto&#8221;.<br \/>\nA explos\u00e3o firme de sinceridade e de dignidade revelou, para quem ainda tinha d\u00favidas, um ser humano de m\u00e1xima grandeza, de\u00a0generosidade\u00a0extrema,\u00a0uma\u00a0mulher preparada para ocupar o posto m\u00e1ximo\u00a0da Rep\u00fablica. Essa firmeza \u00edntegra de car\u00e1ter e essa coer\u00eancia com a Hist\u00f3ria\u00a0suscitaram coment\u00e1rios\u00a0de admira\u00e7\u00e3o como o que a jornalista Mariluce Moura, tamb\u00e9m uma v\u00edtima das atrocidades cometidas pelos militares,\u00a0postou no twitter, logo ap\u00f3s a posse: &#8220;\u00c9 extraordin\u00e1rio ter uma mulher na presid\u00eancia do pa\u00eds. Ainda mais quando essa mulher tem uma excepcional hist\u00f3ria de resist\u00eancia \u00e0 ditadura. Quando ela partilhou a vit\u00f3ria com tantos companheiros que tombaram foi demais&#8221;.<br \/>\nDilma foi uma das tantas protagonistas da chamada Gera\u00e7\u00e3o de 1968. Sabe o que \u00e9 viver sob ditadura. Sabe o que \u00e9 resistir a ditaduras. Conhece o valor das democracias. Ousou lutar&#8230;\u00a0ousou vencer. E \u00e9 justamente por conta dessa resist\u00eancia ousada, coerente\u00a0(fa\u00e7o quest\u00e3o de repetir essa palavra, repleta de significados) e vencedora\u00a0que se torna inaceit\u00e1vel a presen\u00e7a, no governo dela, de uma figura como a do general Jos\u00e9 Elito Siqueira, escolhido Ministro-Chefe do Gabinete de Seguran\u00e7a Institucional do governo (ao que se sabe, teria sido indicado pelo Ministro da Justi\u00e7a, Nelson Jobim, outra personagem nefasta quando o assunto \u00e9 a ditadura militar. Mas esse talvez seja tema para outro post).<br \/>\nSem travas na l\u00edngua, e muito provavelmente expressando o sentimento de tantos outros representantes dos c\u00edrculos militares, principalmente os que j\u00e1 usam pijamas (sem falar nos civis adeptos fervorosos desse discurso), Siqueira afirmou, logo ap\u00f3s tomar posse, que &#8220;a exist\u00eancia de desaparecidos pol\u00edticos n\u00e3o deveria ser motivo de vergonha para o Brasil&#8221;. Condenou\u00a0ainda a poss\u00edvel instala\u00e7\u00e3o da Comiss\u00e3o da Verdade e criticou duramente qualquer tentativa de investigar e esclarecer os crimes cometidos pela ditadura. Concluiu com um perigoso e descompromissado &#8220;temos \u00e9 que pensar para frente&#8221;. A considerar tal racioc\u00ednio, e guardadas as devidas propor\u00e7\u00f5es, estar\u00edamos tamb\u00e9m a dizer \u00e0 sociedade alem\u00e3 &#8220;chega, esque\u00e7am a bestialidade do Holocausto, foi s\u00f3 um epis\u00f3dio, o futuro nos aguarda&#8221;; seria ainda como sugerir aos sul-africanos e a Nelson Mandela que apagassem da Hist\u00f3ria os quase 50 anos do animalesco\u00a0regime do apartheid, para vislumbrar apenas &#8220;o que est\u00e1 por vir&#8221;. Inaceit\u00e1vel.<br \/>\n\u00c0 declara\u00e7\u00e3o do Ministro se junta a informa\u00e7\u00e3o publicada hoje pela Folha de S\u00e3o Paulo: Jos\u00e9 Elito &#8220;foi de brigada que lutou no Araguaia&#8221;, diz a manchete da mat\u00e9ria, na p\u00e1gina A5, caderno Poder. O texto faz ressalvas e de fato deixa d\u00favidas sobre a participa\u00e7\u00e3o e o envolvimento diretos do Ministro nas a\u00e7\u00f5es\u00a0que resultaram no assassinato de dezenas de\u00a0militantes do Partido Comunista do Brasil (PC do B)\u00a0na Guerrilha do Araguaia (1972-1975). Mas \u00e9 incisivo ao revelar que o general &#8220;graduou-se na mesma \u00e9poca e na mesma brigada de paraquedistas que combateu a Guerrilha&#8221;, tendo se formado\u00a0&#8220;no curso de For\u00e7as Especiais, tropa de elite do Ex\u00e9rcito treinada em t\u00e9cnicas de contraterrorismo e a\u00e7\u00f5es contra guerrilha&#8221;. Diz ainda a mat\u00e9ria\u00a0que &#8220;o per\u00edodo de Elito nos paraquedistas coincide com boa parte da participa\u00e7\u00e3o da brigada no Araguaia&#8221;. Trocando em mi\u00fados: o Ministro pertenceu a um dos destacamentos mobilizados para enfrentar os comunistas; a confirmar, e ainda carente de apura\u00e7\u00f5es mais detalhadas, pode at\u00e9 ter\u00a0tido participa\u00e7\u00e3o efetiva nos combates.\u00a0Talvez por essas raz\u00f5es\u00a0ache normal, apenas um fato hist\u00f3rico o Brasil ter desaparecidos pol\u00edticos.\u00a0<br \/>\nVergonha, general, \u00e9 o Brasil ainda n\u00e3o ter seguido o exemplo da\u00a0vizinha\u00a0Argentina, que viveu uma ditadura ainda mais sanguin\u00e1ria que a nossa (30 mil mortos e desaparecidos), mas que, dentre tantas outras a\u00e7\u00f5es de repara\u00e7\u00e3o e resgate hist\u00f3rico, condenou \u00e0 pris\u00e3o perp\u00e9tua no final do ano passado, por crime de lesa-humanidade,\u00a0o general-tirano Jorge\u00a0Rafael Videla. Golpista de primeira hora, Videla\u00a0liderou a derrubada\u00a0da presidenta Maria Estela (Isabelita) Per\u00f3n em 24 de mar\u00e7o de 1976, tornando-se o primeiro presidente-ditador do ciclo autorit\u00e1rio hermano.<br \/>\nN\u00e3o, general, a Comiss\u00e3o da Verdade n\u00e3o representa revanchismo, mas um\u00a0democr\u00e1tico e inadi\u00e1vel\u00a0reencontro com nosso passado, &#8220;para promover o esclarecimento p\u00fablico das viola\u00e7\u00f5es de direitos humanos praticados no contexto da repress\u00e3o pol\u00edtica&#8221;, como dizia o texto original do Plano Nacional de Direitos Humanos &#8211; vers\u00e3o 3, lamentavelmente modificado por determina\u00e7\u00e3o do presidente Lula, depois de press\u00f5es e bravatas do Ministro Jobim.\u00a0<br \/>\nComo afirmou\u00a0Flavia Piovesan, procuradora do Estado de S\u00e3o Paulo e professora da p\u00f3s-gradua\u00e7\u00e3o das Pontif\u00edcias Universidades Cat\u00f3licas de S\u00e3o Paulo e do Paran\u00e1 (PUC\/SP e PUC\/PR), em mat\u00e9ria publicada pelo site do Sindicato dos Professores de S\u00e3o Paulo em fevereiro de 2010 (<a href=\"http:\/\/bit.ly\/c7qVhF\">http:\/\/bit.ly\/c7qVhF<\/a>), &#8220;\u00e9 fundamental esclarecer os casos de tortura, as pris\u00f5es, os ex\u00edlios, como se deram as mortes e os desaparecimentos em estabelecimentos do Estado, at\u00e9 para que as fam\u00edlias atingidas tenham direito ao ritual do luto. N\u00e3o lidar com o passado \u00e9 uma tortura psicol\u00f3gica para esses familiares. H\u00e1 ainda uma perspectiva de identidade coletiva. N\u00e3o \u00e9 admiss\u00edvel que se apague esse per\u00edodo da hist\u00f3ria brasileira. A consci\u00eancia sobre o passado \u00e9 imprescind\u00edvel&#8221;.\u00a0\u00a0\u00a0<br \/>\nNa mesma mat\u00e9ria, Sergio Adorno, soci\u00f3logo e coordenador do N\u00facleo de Estudos da Viol\u00eancia da Universidade de S\u00e3o Paulo (NEV\/USP), admite que h\u00e1 situa\u00e7\u00f5es em que a verdade \u00e9 dolorida para todos os lados envolvidos na disputa, mas destaca que foram viola\u00e7\u00f5es de direitos humanos cometidas por agentes p\u00fablicos, representantes do Estado, e que se julgam impunes. \u201cAlguns dizem que, em situa\u00e7\u00f5es extremas, tais viola\u00e7\u00f5es s\u00e3o aceit\u00e1veis. A Comiss\u00e3o quer dizer que isso nunca \u00e9 aceit\u00e1vel\u201d. Para o coordenador do NEV\/USP, a democracia n\u00e3o se consolida se h\u00e1 temas tabus, sobre os quais n\u00e3o se pode falar.<br \/>\nA presen\u00e7a do general Jos\u00e9 Elito no minist\u00e9rio \u00e9, pelas mais diferentes raz\u00f5es, incoerente e incompat\u00edvel com o projeto pol\u00edtico e de governo\u00a0liderados pela Presidenta Dilma. Conciliar n\u00e3o significa esquecer. A guerrilheira, com orgulho, que resistiu \u00e0 persegui\u00e7\u00e3o, ao autoritarismo e \u00e0 tortura e que prestou emocionante homenagem aos companheiros mortos e desaparecidos em sua posse tem agora, no exerc\u00edcio do cargo m\u00e1ximo da na\u00e7\u00e3o, a oportunidade hist\u00f3rica de promover o reencontro democr\u00e1tico do Brasil com seu passado recente. N\u00e3o tememos esse encontro; ao contr\u00e1rio, estamos\u00a0desejosos de que aconte\u00e7a.<br \/>\nPor isso, Presidenta, sem tergiversar, e com todo o respeito, fica aqui um singelo pedido de um cidad\u00e3o brasileiro e seu eleitor: demita o general.<\/p>\n<div id=\"themify_builder_content-12632\" data-postid=\"12632\" class=\"themify_builder_content themify_builder_content-12632 themify_builder themify_builder_front\">\n\t<\/div>\n<!-- \/themify_builder_content -->","protected":false},"excerpt":{"rendered":"<p>Francisco Bicudo Um dos momentos\u00a0mais emocionantes da posse\u00a0da presidenta Dilma Rousseff aconteceu quando, no discurso do Parlat\u00f3rio, ela fez refer\u00eancia aos companheiros mortos e desaparecidos durante a ditadura militar brasileira (1964-1985).\u00a0Dilma\u00a0lembrou\u00a0que &#8220;\u00e9 o embate civilizado de ideias que move as grandes democracias como a nossa&#8221;. Reafirmou &#8220;n\u00e3o\u00a0carregar nenhum ressentimento, nenhuma esp\u00e9cie de rancor&#8221;. E foi [&hellip;]<\/p>\n","protected":false},"author":15,"featured_media":0,"comment_status":"open","ping_status":"open","sticky":false,"template":"","format":"standard","meta":{"ngg_post_thumbnail":0,"footnotes":""},"categories":[9],"tags":[],"yoast_head":"<!-- This site is optimized with the Yoast SEO plugin v23.5 - https:\/\/yoast.com\/wordpress\/plugins\/seo\/ -->\n<title>Presidenta, demita o general... - O Arcanjo no ar<\/title>\n<meta name=\"robots\" content=\"index, follow, max-snippet:-1, max-image-preview:large, max-video-preview:-1\" \/>\n<link rel=\"canonical\" href=\"https:\/\/www.oarcanjo.net\/site\/presidenta-demita-o-general\/\" \/>\n<meta property=\"og:locale\" content=\"pt_BR\" \/>\n<meta property=\"og:type\" content=\"article\" \/>\n<meta property=\"og:title\" content=\"Presidenta, demita o general... - O Arcanjo no ar\" \/>\n<meta property=\"og:description\" content=\"Francisco Bicudo Um dos momentos\u00a0mais emocionantes da posse\u00a0da presidenta Dilma Rousseff aconteceu quando, no discurso do Parlat\u00f3rio, ela fez refer\u00eancia aos companheiros mortos e desaparecidos durante a ditadura militar brasileira (1964-1985).\u00a0Dilma\u00a0lembrou\u00a0que &#8220;\u00e9 o embate civilizado de ideias que move as grandes democracias como a nossa&#8221;. Reafirmou &#8220;n\u00e3o\u00a0carregar nenhum ressentimento, nenhuma esp\u00e9cie de rancor&#8221;. E foi [&hellip;]\" \/>\n<meta property=\"og:url\" content=\"https:\/\/www.oarcanjo.net\/site\/presidenta-demita-o-general\/\" \/>\n<meta property=\"og:site_name\" content=\"O Arcanjo no ar\" \/>\n<meta property=\"article:publisher\" content=\"https:\/\/www.facebook.com\/OArcanjoNoAr\/\" \/>\n<meta property=\"article:published_time\" content=\"2011-01-08T19:57:08+00:00\" \/>\n<meta property=\"og:image\" content=\"https:\/\/www.oarcanjo.net\/site\/wp-content\/uploads\/logo-o-arcanjo-no-ar-facebook.png\" \/>\n\t<meta property=\"og:image:width\" content=\"300\" \/>\n\t<meta property=\"og:image:height\" content=\"300\" \/>\n\t<meta property=\"og:image:type\" content=\"image\/png\" \/>\n<meta name=\"author\" content=\"Alexandre Nunes\" \/>\n<meta name=\"twitter:card\" content=\"summary_large_image\" \/>\n<meta name=\"twitter:label1\" content=\"Escrito por\" \/>\n\t<meta name=\"twitter:data1\" content=\"Alexandre Nunes\" \/>\n\t<meta name=\"twitter:label2\" content=\"Est. tempo de leitura\" \/>\n\t<meta name=\"twitter:data2\" content=\"7 minutos\" \/>\n<script type=\"application\/ld+json\" class=\"yoast-schema-graph\">{\"@context\":\"https:\/\/schema.org\",\"@graph\":[{\"@type\":\"Article\",\"@id\":\"https:\/\/www.oarcanjo.net\/site\/presidenta-demita-o-general\/#article\",\"isPartOf\":{\"@id\":\"https:\/\/www.oarcanjo.net\/site\/presidenta-demita-o-general\/\"},\"author\":{\"name\":\"Alexandre Nunes\",\"@id\":\"https:\/\/www.oarcanjo.net\/site\/#\/schema\/person\/0a2ae077c1a09b69d29928e3b9f1c0d1\"},\"headline\":\"Presidenta, demita o general&#8230;\",\"datePublished\":\"2011-01-08T19:57:08+00:00\",\"dateModified\":\"2011-01-08T19:57:08+00:00\",\"mainEntityOfPage\":{\"@id\":\"https:\/\/www.oarcanjo.net\/site\/presidenta-demita-o-general\/\"},\"wordCount\":1499,\"commentCount\":1,\"publisher\":{\"@id\":\"https:\/\/www.oarcanjo.net\/site\/#organization\"},\"articleSection\":[\"Reflex\u00f5es\"],\"inLanguage\":\"pt-BR\",\"potentialAction\":[{\"@type\":\"CommentAction\",\"name\":\"Comment\",\"target\":[\"https:\/\/www.oarcanjo.net\/site\/presidenta-demita-o-general\/#respond\"]}]},{\"@type\":\"WebPage\",\"@id\":\"https:\/\/www.oarcanjo.net\/site\/presidenta-demita-o-general\/\",\"url\":\"https:\/\/www.oarcanjo.net\/site\/presidenta-demita-o-general\/\",\"name\":\"Presidenta, demita o general... - O Arcanjo no ar\",\"isPartOf\":{\"@id\":\"https:\/\/www.oarcanjo.net\/site\/#website\"},\"datePublished\":\"2011-01-08T19:57:08+00:00\",\"dateModified\":\"2011-01-08T19:57:08+00:00\",\"breadcrumb\":{\"@id\":\"https:\/\/www.oarcanjo.net\/site\/presidenta-demita-o-general\/#breadcrumb\"},\"inLanguage\":\"pt-BR\",\"potentialAction\":[{\"@type\":\"ReadAction\",\"target\":[\"https:\/\/www.oarcanjo.net\/site\/presidenta-demita-o-general\/\"]}]},{\"@type\":\"BreadcrumbList\",\"@id\":\"https:\/\/www.oarcanjo.net\/site\/presidenta-demita-o-general\/#breadcrumb\",\"itemListElement\":[{\"@type\":\"ListItem\",\"position\":1,\"name\":\"In\u00edcio\",\"item\":\"https:\/\/www.oarcanjo.net\/site\/\"},{\"@type\":\"ListItem\",\"position\":2,\"name\":\"Presidenta, demita o general&#8230;\"}]},{\"@type\":\"WebSite\",\"@id\":\"https:\/\/www.oarcanjo.net\/site\/#website\",\"url\":\"https:\/\/www.oarcanjo.net\/site\/\",\"name\":\"O Arcanjo no ar\",\"description\":\"Site da Par\u00f3quia S\u00e3o Miguel Arcanjo (Arquidiocese de SP)\",\"publisher\":{\"@id\":\"https:\/\/www.oarcanjo.net\/site\/#organization\"},\"potentialAction\":[{\"@type\":\"SearchAction\",\"target\":{\"@type\":\"EntryPoint\",\"urlTemplate\":\"https:\/\/www.oarcanjo.net\/site\/?s={search_term_string}\"},\"query-input\":{\"@type\":\"PropertyValueSpecification\",\"valueRequired\":true,\"valueName\":\"search_term_string\"}}],\"inLanguage\":\"pt-BR\"},{\"@type\":\"Organization\",\"@id\":\"https:\/\/www.oarcanjo.net\/site\/#organization\",\"name\":\"Par\u00f3quia S\u00e3o Miguel Arcanjo\",\"url\":\"https:\/\/www.oarcanjo.net\/site\/\",\"logo\":{\"@type\":\"ImageObject\",\"inLanguage\":\"pt-BR\",\"@id\":\"https:\/\/www.oarcanjo.net\/site\/#\/schema\/logo\/image\/\",\"url\":\"https:\/\/www.oarcanjo.net\/site\/wp-content\/uploads\/LogoOArcanjo.png\",\"contentUrl\":\"https:\/\/www.oarcanjo.net\/site\/wp-content\/uploads\/LogoOArcanjo.png\",\"width\":319,\"height\":99,\"caption\":\"Par\u00f3quia S\u00e3o Miguel Arcanjo\"},\"image\":{\"@id\":\"https:\/\/www.oarcanjo.net\/site\/#\/schema\/logo\/image\/\"},\"sameAs\":[\"https:\/\/www.facebook.com\/OArcanjoNoAr\/\"]},{\"@type\":\"Person\",\"@id\":\"https:\/\/www.oarcanjo.net\/site\/#\/schema\/person\/0a2ae077c1a09b69d29928e3b9f1c0d1\",\"name\":\"Alexandre Nunes\",\"sameAs\":[\"http:\/\/alexandrenu.com\"]}]}<\/script>\n<!-- \/ Yoast SEO plugin. -->","yoast_head_json":{"title":"Presidenta, demita o general... - O Arcanjo no ar","robots":{"index":"index","follow":"follow","max-snippet":"max-snippet:-1","max-image-preview":"max-image-preview:large","max-video-preview":"max-video-preview:-1"},"canonical":"https:\/\/www.oarcanjo.net\/site\/presidenta-demita-o-general\/","og_locale":"pt_BR","og_type":"article","og_title":"Presidenta, demita o general... - O Arcanjo no ar","og_description":"Francisco Bicudo Um dos momentos\u00a0mais emocionantes da posse\u00a0da presidenta Dilma Rousseff aconteceu quando, no discurso do Parlat\u00f3rio, ela fez refer\u00eancia aos companheiros mortos e desaparecidos durante a ditadura militar brasileira (1964-1985).\u00a0Dilma\u00a0lembrou\u00a0que &#8220;\u00e9 o embate civilizado de ideias que move as grandes democracias como a nossa&#8221;. Reafirmou &#8220;n\u00e3o\u00a0carregar nenhum ressentimento, nenhuma esp\u00e9cie de rancor&#8221;. E foi [&hellip;]","og_url":"https:\/\/www.oarcanjo.net\/site\/presidenta-demita-o-general\/","og_site_name":"O Arcanjo no ar","article_publisher":"https:\/\/www.facebook.com\/OArcanjoNoAr\/","article_published_time":"2011-01-08T19:57:08+00:00","og_image":[{"width":300,"height":300,"url":"https:\/\/www.oarcanjo.net\/site\/wp-content\/uploads\/logo-o-arcanjo-no-ar-facebook.png","type":"image\/png"}],"author":"Alexandre Nunes","twitter_card":"summary_large_image","twitter_misc":{"Escrito por":"Alexandre Nunes","Est. tempo de leitura":"7 minutos"},"schema":{"@context":"https:\/\/schema.org","@graph":[{"@type":"Article","@id":"https:\/\/www.oarcanjo.net\/site\/presidenta-demita-o-general\/#article","isPartOf":{"@id":"https:\/\/www.oarcanjo.net\/site\/presidenta-demita-o-general\/"},"author":{"name":"Alexandre Nunes","@id":"https:\/\/www.oarcanjo.net\/site\/#\/schema\/person\/0a2ae077c1a09b69d29928e3b9f1c0d1"},"headline":"Presidenta, demita o general&#8230;","datePublished":"2011-01-08T19:57:08+00:00","dateModified":"2011-01-08T19:57:08+00:00","mainEntityOfPage":{"@id":"https:\/\/www.oarcanjo.net\/site\/presidenta-demita-o-general\/"},"wordCount":1499,"commentCount":1,"publisher":{"@id":"https:\/\/www.oarcanjo.net\/site\/#organization"},"articleSection":["Reflex\u00f5es"],"inLanguage":"pt-BR","potentialAction":[{"@type":"CommentAction","name":"Comment","target":["https:\/\/www.oarcanjo.net\/site\/presidenta-demita-o-general\/#respond"]}]},{"@type":"WebPage","@id":"https:\/\/www.oarcanjo.net\/site\/presidenta-demita-o-general\/","url":"https:\/\/www.oarcanjo.net\/site\/presidenta-demita-o-general\/","name":"Presidenta, demita o general... - O Arcanjo no ar","isPartOf":{"@id":"https:\/\/www.oarcanjo.net\/site\/#website"},"datePublished":"2011-01-08T19:57:08+00:00","dateModified":"2011-01-08T19:57:08+00:00","breadcrumb":{"@id":"https:\/\/www.oarcanjo.net\/site\/presidenta-demita-o-general\/#breadcrumb"},"inLanguage":"pt-BR","potentialAction":[{"@type":"ReadAction","target":["https:\/\/www.oarcanjo.net\/site\/presidenta-demita-o-general\/"]}]},{"@type":"BreadcrumbList","@id":"https:\/\/www.oarcanjo.net\/site\/presidenta-demita-o-general\/#breadcrumb","itemListElement":[{"@type":"ListItem","position":1,"name":"In\u00edcio","item":"https:\/\/www.oarcanjo.net\/site\/"},{"@type":"ListItem","position":2,"name":"Presidenta, demita o general&#8230;"}]},{"@type":"WebSite","@id":"https:\/\/www.oarcanjo.net\/site\/#website","url":"https:\/\/www.oarcanjo.net\/site\/","name":"O Arcanjo no ar","description":"Site da Par\u00f3quia S\u00e3o Miguel Arcanjo (Arquidiocese de SP)","publisher":{"@id":"https:\/\/www.oarcanjo.net\/site\/#organization"},"potentialAction":[{"@type":"SearchAction","target":{"@type":"EntryPoint","urlTemplate":"https:\/\/www.oarcanjo.net\/site\/?s={search_term_string}"},"query-input":{"@type":"PropertyValueSpecification","valueRequired":true,"valueName":"search_term_string"}}],"inLanguage":"pt-BR"},{"@type":"Organization","@id":"https:\/\/www.oarcanjo.net\/site\/#organization","name":"Par\u00f3quia S\u00e3o Miguel Arcanjo","url":"https:\/\/www.oarcanjo.net\/site\/","logo":{"@type":"ImageObject","inLanguage":"pt-BR","@id":"https:\/\/www.oarcanjo.net\/site\/#\/schema\/logo\/image\/","url":"https:\/\/www.oarcanjo.net\/site\/wp-content\/uploads\/LogoOArcanjo.png","contentUrl":"https:\/\/www.oarcanjo.net\/site\/wp-content\/uploads\/LogoOArcanjo.png","width":319,"height":99,"caption":"Par\u00f3quia S\u00e3o Miguel Arcanjo"},"image":{"@id":"https:\/\/www.oarcanjo.net\/site\/#\/schema\/logo\/image\/"},"sameAs":["https:\/\/www.facebook.com\/OArcanjoNoAr\/"]},{"@type":"Person","@id":"https:\/\/www.oarcanjo.net\/site\/#\/schema\/person\/0a2ae077c1a09b69d29928e3b9f1c0d1","name":"Alexandre Nunes","sameAs":["http:\/\/alexandrenu.com"]}]}},"publishpress_future_action":{"enabled":false,"date":"2026-05-10 09:32:23","action":"category","newStatus":"draft","terms":[],"taxonomy":"category"},"publishpress_future_workflow_manual_trigger":{"enabledWorkflows":[]},"_links":{"self":[{"href":"https:\/\/www.oarcanjo.net\/site\/wp-json\/wp\/v2\/posts\/12632"}],"collection":[{"href":"https:\/\/www.oarcanjo.net\/site\/wp-json\/wp\/v2\/posts"}],"about":[{"href":"https:\/\/www.oarcanjo.net\/site\/wp-json\/wp\/v2\/types\/post"}],"author":[{"embeddable":true,"href":"https:\/\/www.oarcanjo.net\/site\/wp-json\/wp\/v2\/users\/15"}],"replies":[{"embeddable":true,"href":"https:\/\/www.oarcanjo.net\/site\/wp-json\/wp\/v2\/comments?post=12632"}],"version-history":[{"count":0,"href":"https:\/\/www.oarcanjo.net\/site\/wp-json\/wp\/v2\/posts\/12632\/revisions"}],"wp:attachment":[{"href":"https:\/\/www.oarcanjo.net\/site\/wp-json\/wp\/v2\/media?parent=12632"}],"wp:term":[{"taxonomy":"category","embeddable":true,"href":"https:\/\/www.oarcanjo.net\/site\/wp-json\/wp\/v2\/categories?post=12632"},{"taxonomy":"post_tag","embeddable":true,"href":"https:\/\/www.oarcanjo.net\/site\/wp-json\/wp\/v2\/tags?post=12632"}],"curies":[{"name":"wp","href":"https:\/\/api.w.org\/{rel}","templated":true}]}}