
{"id":12651,"date":"2011-01-11T23:58:50","date_gmt":"2011-01-12T01:58:50","guid":{"rendered":"http:\/\/www.oarcanjo.net\/site\/?p=12651"},"modified":"2011-01-11T23:58:50","modified_gmt":"2011-01-12T01:58:50","slug":"jesus-o-%e2%80%98sem-teto-de-belem","status":"publish","type":"post","link":"https:\/\/www.oarcanjo.net\/site\/jesus-o-%e2%80%98sem-teto-de-belem\/","title":{"rendered":"Jesus, o \u2018sem-teto&#8217; de Bel\u00e9m"},"content":{"rendered":"<p>Fr. Marcos Sassatelli<\/p>\n<p>Estamos, os crist\u00e3os cat\u00f3licos, no tempo lit\u00fargico do Natal, que vai das v\u00e9speras do Natal at\u00e9 a festa do Batismo do Senhor, que, neste ano, celebramos domingo, 9 de janeiro\/11. Na Missa da noite de Natal proclamamos solenemente: &#8220;\u00d3 noite silenciosa! O desejado chegou! A promessa foi cumprida: tempo de espera acabou! \u00d3 noite silenciosa! Chegou-nos o Emanuel (Deus conosco)! O clamor foi atendido, nasceu justi\u00e7a do c\u00e9u! (\u2026) \u00d3 noite silenciosa! Deus enviou seu Filho! Nasceu o sol do Oriente, a luz espalha o seu brilho! A v\u00f3s, \u00f3 Pai, nesta noite os servos cantam louvor. Tornados filhos no Filho, no Esp\u00edrito de Amor&#8221; (Proclama\u00e7\u00e3o do Natal).<\/p>\n<p>Segundo o relato do Evangelista Lucas, naquela \u00e9poca, o imperador C\u00e9sar Augusto mandou fazer o recenseamento em todo o imp\u00e9rio. Na realidade, o recenseamento era um instrumento de domina\u00e7\u00e3o e de cobran\u00e7a de impostos. &#8220;Todos iam registrar-se, cada um na sua cidade natal. Jos\u00e9 era da fam\u00edlia e descend\u00eancia de Davi. Subiu da cidade de Nazar\u00e9, na Galileia, at\u00e9 \u00e0 cidade de Davi, chamada Bel\u00e9m, na Jud\u00e9ia, para registrar-se com Maria, sua esposa, que estava gr\u00e1vida. Enquanto estavam em Bel\u00e9m, se completaram os dias para o parto, e Maria deu \u00e0 luz o seu filho primog\u00eanito. Ela o enfaixou, e o colocou na manjedoura, pois n\u00e3o havia lugar para eles na hospedaria&#8221; (ou, &#8220;dentro de casa&#8221; &#8211; como alguns traduzem) (Lc 2, 3-7).<\/p>\n<p>Os primeiros que receberam a Boa Not\u00edcia do nascimento de Jesus foram os pastores. &#8220;Eu anuncio a voc\u00eas a Boa Not\u00edcia, que ser\u00e1 uma grande alegria para todo o povo: hoje, na cidade de Davi, nasceu para voc\u00eas um Salvador, que \u00e9 o Messias, o Senhor. Isto lhes servir\u00e1 de sinal: voc\u00eas encontrar\u00e3o um rec\u00e9m-nascido, envolto em faixas e deitado na manjedoura&#8221; (Lc 2, 10-12). Os pastores foram \u00e0s pressas se encontrar com Maria e Jos\u00e9, e o rec\u00e9m-nascido. Voltaram louvando e glorificando a Deus, e tornaram-se os primeiros anunciadores da Boa Not\u00edcia do nascimento de Jesus.<\/p>\n<p>Quem eram os pastores? Eram pessoas &#8220;odiadas por n\u00e3o respeitar as propriedades alheias, invadindo-as com seus rebanhos e cobrando pre\u00e7os exorbitantes pelos produtos. Um pastor &#8211; segundo o Talmud babil\u00f4nico &#8211; n\u00e3o podia ser eleito ao cargo de juiz ou testemunha nos tribunais, por causa da m\u00e1 fama e do desrespeito \u00e0 propriedade&#8221; (Pe. Jos\u00e9 Bortolini, Roteiros homil\u00e9ticos. Paulus, 2006, p. 3 &#8211; Missa da noite de Natal). Os pastores n\u00e3o eram, portanto, &#8220;pessoas de bem&#8221;.<\/p>\n<p>Jesus, dir\u00edamos hoje, nasceu como &#8220;sem-teto&#8221; e anunciou a Boa-Not\u00edcia do seu nascimento aos &#8220;sem-terra&#8221; (os pastores). Nasceu rejeitado e exclu\u00eddo. &#8220;Veio para a sua casa, mas os seus n\u00e3o o receberam&#8221; (Jo 1, 11).<\/p>\n<p>O Filho de Deus, o Salvador do mundo, n\u00e3o s\u00f3 se encarnou, assumindo a nossa natureza e a nossa condi\u00e7\u00e3o humana na hist\u00f3ria, mas tornou-se solid\u00e1rio &#8211; afetiva e efetivamente &#8211; com todos aqueles\/as que no mundo n\u00e3o t\u00eam voz e n\u00e3o t\u00eam vez, com todos aqueles\/as que n\u00e3o &#8220;cabem&#8221; nas casas das nossas cidades: os empobrecidos, os oprimidos, os exclu\u00eddos, os indesejados, os rejeitados e os descartados da nossa sociedade. Jesus se identificou totalmente com eles\/elas, tornando-se um deles\/delas.<\/p>\n<p>Se Jesus, para citar um exemplo, tivesse vindo ao mundo em Goi\u00e2nia em 2005, teria nascido na Ocupa\u00e7\u00e3o do Parque Oeste Industrial, porque n\u00e3o haveria lugar para ele (e para seus pais Jos\u00e9 e Maria) nas casas da cidade. Ele teria sido perseguido (como tantas outras crian\u00e7as da Ocupa\u00e7\u00e3o, que est\u00e3o traumatizadas at\u00e9 hoje), seus pais Jos\u00e9 e Maria teriam resistido, juntamente com os companheiros\/as, mas enfim &#8211; por causa da gan\u00e2ncia dos poderosos e da coniv\u00eancia da autoridades (os Herodes de hoje), teria sido barbaramente despejado, juntamente com seus pais e os outros moradores\/as. Talvez, quem sabe, teria sido morto \u00e0 queima-roupa, como Pedro e Vagner.<\/p>\n<p>Jesus, em princ\u00edpio, podia ter nascido no pal\u00e1cio do imperador de Roma ou em outros pal\u00e1cios, mas n\u00e3o o fez. Por qu\u00ea? O que Ele quer nos dizer com isso? Qual \u00e9 o sentido do Natal para n\u00f3s? O que significa celebrar e reviver o Natal, hoje?<\/p>\n<p>Muitas vezes, com nossos pres\u00e9pios bonitos e at\u00e9 luxuosos, em ambientes e Igrejas com ar condicionado e todo tipo de conforto, conferimos ao Natal uma aura rom\u00e2ntica, que n\u00e3o tem nada a ver com o est\u00e1bulo e a manjedoura, na qual Jesus nasceu.<\/p>\n<p>\u00c9 verdade que Jesus veio para todos\/as, mas o caminho que Ele escolheu, para anunciar ao mundo a Boa-Not\u00edcia do Reino de Deus, n\u00e3o foi o caminho dos poderosos (dos Herodes de ontem ou de hoje), mas o caminho dos pobres, que \u00e9 um caminho alternativo.<\/p>\n<p>E n\u00f3s, seus seguidores\/as, ser\u00e1 que escolhemos o caminho de Jesus? Ser\u00e1 que, em nossas Igrejas e em nossas Comunidades, n\u00e3o estamos, muitas vezes, demasiadamente preocupados com comportamentos que visam o poder, o luxo, a riqueza, a ostenta\u00e7\u00e3o e o triunfalismo? Ser\u00e1 que n\u00e3o procuramos legitimar tais comportamentos proferindo as palavras, hoje muito comuns, &#8220;para Deus o melhor&#8221;? O que \u00e9 o melhor? Ser\u00e1 que o melhor est\u00e1 no ter (e n\u00e3o no ser)?<\/p>\n<p>Ser\u00e1 que, em determinadas situa\u00e7\u00f5es, n\u00e3o nos &#8220;prostitu\u00edmos&#8221; com nossos conchavos, com nossas atitudes bajuladoras e com nossas alian\u00e7as amb\u00edguas?<\/p>\n<p>Na noite de Natal cantamos com alegria: &#8220;Noite feliz! Mas, do ponto de vista meramente racional, n\u00e3o foi uma noite feliz. Qual \u00e9 a mulher gr\u00e1vida que gostaria de dar \u00e0 luz seu filho numa manjedoura? Nenhuma, com certeza. Seria um caso de desrespeito \u00e0 dignidade humana, de marginaliza\u00e7\u00e3o e de injusti\u00e7a. Mas por que, mesmo assim, cantamos: Noite feliz!? Porque temos a certeza, \u00e0 luz da f\u00e9, que estamos diante do grande mist\u00e9rio do amor infinito de Deus para conosco. Deus nos ama &#8220;at\u00e9 o fim&#8221; (Jo 13, 1), at\u00e9 n\u00e3o poder mais. Como \u00e9 insond\u00e1vel o mist\u00e9rio do amor de Deus para conosco! Que prova de amor Deus no deu!<\/p>\n<p>Jesus passou quase toda a sua vida no anonimato, vivendo &#8211; certamente com simplicidade e naturalidade &#8211; a vida de trabalhador, a vida de carpinteiro, juntamente com Jos\u00e9, seu pai.<\/p>\n<p>Nos poucos anos de vida p\u00fablica &#8211; contam os Atos dos Ap\u00f3stolos &#8211; Jesus, ungido com o Esp\u00edrito Santo, &#8220;andou por toda parte fazendo o bem&#8221;, sempre ao lado dos mais pobres e necessitados. &#8220;E n\u00f3s (os Ap\u00f3stolos) somos testemunhas de tudo o que Jesus fez na terra dos judeus e em Jerusal\u00e9m&#8221; (At 10, 38-39).<\/p>\n<p>Mesmo, por\u00e9m, &#8220;andando por toda parte fazendo o bem&#8221;, Jesus foi preso e acusado de subverter o povo (cf. Lc 23, 2), foi torturado e morto na cruz, que era a morte mais humilhante e mais vergonhosa poss\u00edvel. A solidariedade e a identifica\u00e7\u00e3o com todos os rejeitados\/as da nossa sociedade n\u00e3o podia ser maior. Ele, o Santo e o Justo, se fez bandido, se fez criminoso. Mas &#8220;Deus o ressuscitou e n\u00f3s &#8211; dizem novamente os Ap\u00f3stolos &#8211; somos testemunhas disso&#8221; (At 2, 32). E \u00e9 justamente por causa da Ressurrei\u00e7\u00e3o de Jesus que, no tempo lit\u00fargico da P\u00e1scoa, cantamos alegres: &#8220;Vit\u00f3ria tu reinar\u00e1s, \u00f3 cruz, tu nos salvaras&#8221;!<\/p>\n<p>Na \u00faltima Ceia, Jesus, depois de lavar os p\u00e9s dos disc\u00edpulos, perguntou: &#8220;voc\u00eas compreenderam o que acabei de fazer? (\u2026) Eu lhes dei o exemplo e voc\u00eas devem fazer a mesma coisa que eu fiz&#8221; (Jo 13, 12-15). Em outra ocasi\u00e3o, conversando com os disc\u00edpulos, Jesus disse: &#8220;Quem de voc\u00eas quiser ser grande, deve tornar-se o servidor de voc\u00eas, e quem de voc\u00eas quiser ser o primeiro, dever\u00e1 tornar-se o servo de todos&#8221; (Mc 10, 43-44).<\/p>\n<p>Podemos dizer que Jesus revolucionou todos os crit\u00e9rios da conviv\u00eancia humana. E n\u00f3s? Ser\u00e1 que queremos realmente seguir Jesus, procurando &#8220;discernir os &#8216;sinais dos tempos&#8217; \u00e0 luz do Esp\u00edrito Santo&#8221; e nos colocar a servi\u00e7o do Reino de Deus? (Documento de Aparecida &#8211; DA, 33).<\/p>\n<p>Um dia, &#8220;enquanto ia andando, algu\u00e9m no caminho disse a Jesus: &#8216;Eu te seguirei para onde quer que fores&#8217;, mas Jesus lhe respondeu: &#8216;As raposas t\u00eam tocas e os p\u00e1ssaros t\u00eam ninhos, mas o Filho do Homem n\u00e3o tem onde repousar a cabe\u00e7a&#8217; (Lc 9, 57-58). E, num outro encontro com os disc\u00edpulos, Jesus acrescentou: &#8220;Se algu\u00e9m quer me seguir, renuncie a si mesmo, tome a sua cruz e me siga&#8221; (Mt 16, 24).<\/p>\n<p>Enfim, lembremos que: &#8220;O seguimento de Jesus \u00e9 fruto de uma fascina\u00e7\u00e3o que responde ao desejo de realiza\u00e7\u00e3o humana, ao desejo de vida plena. O disc\u00edpulo \u00e9 algu\u00e9m apaixonado por Cristo, a quem reconhece como o mestre que o conduz e o acompanha&#8221; (DA, 277).<\/p>\n<p>&#8220;Eu vim para que todos tenham vida, e a tenham em abund\u00e2ncia&#8221; (Jo 10-10).<\/p>\n<p>Goi\u00e2nia, 04 de janeiro de 2011.<\/p>\n<div id=\"themify_builder_content-12651\" data-postid=\"12651\" class=\"themify_builder_content themify_builder_content-12651 themify_builder themify_builder_front\">\n\t<\/div>\n<!-- \/themify_builder_content -->","protected":false},"excerpt":{"rendered":"<p>Fr. Marcos Sassatelli Estamos, os crist\u00e3os cat\u00f3licos, no tempo lit\u00fargico do Natal, que vai das v\u00e9speras do Natal at\u00e9 a festa do Batismo do Senhor, que, neste ano, celebramos domingo, 9 de janeiro\/11. Na Missa da noite de Natal proclamamos solenemente: &#8220;\u00d3 noite silenciosa! O desejado chegou! A promessa foi cumprida: tempo de espera acabou! [&hellip;]<\/p>\n","protected":false},"author":5,"featured_media":0,"comment_status":"open","ping_status":"open","sticky":false,"template":"","format":"standard","meta":{"ngg_post_thumbnail":0,"footnotes":""},"categories":[9],"tags":[60],"yoast_head":"<!-- This site is optimized with the Yoast SEO plugin v23.5 - https:\/\/yoast.com\/wordpress\/plugins\/seo\/ -->\n<title>Jesus, o \u2018sem-teto&#039; de Bel\u00e9m - O Arcanjo no ar<\/title>\n<meta name=\"robots\" content=\"index, follow, max-snippet:-1, max-image-preview:large, max-video-preview:-1\" \/>\n<link rel=\"canonical\" href=\"https:\/\/www.oarcanjo.net\/site\/jesus-o-\u2018sem-teto-de-belem\/\" \/>\n<meta property=\"og:locale\" content=\"pt_BR\" \/>\n<meta property=\"og:type\" content=\"article\" \/>\n<meta property=\"og:title\" content=\"Jesus, o \u2018sem-teto&#039; de Bel\u00e9m - O Arcanjo no ar\" \/>\n<meta property=\"og:description\" content=\"Fr. Marcos Sassatelli Estamos, os crist\u00e3os cat\u00f3licos, no tempo lit\u00fargico do Natal, que vai das v\u00e9speras do Natal at\u00e9 a festa do Batismo do Senhor, que, neste ano, celebramos domingo, 9 de janeiro\/11. Na Missa da noite de Natal proclamamos solenemente: &#8220;\u00d3 noite silenciosa! O desejado chegou! A promessa foi cumprida: tempo de espera acabou! [&hellip;]\" \/>\n<meta property=\"og:url\" content=\"https:\/\/www.oarcanjo.net\/site\/jesus-o-\u2018sem-teto-de-belem\/\" \/>\n<meta property=\"og:site_name\" content=\"O Arcanjo no ar\" \/>\n<meta property=\"article:publisher\" content=\"https:\/\/www.facebook.com\/OArcanjoNoAr\/\" \/>\n<meta property=\"article:published_time\" content=\"2011-01-12T01:58:50+00:00\" \/>\n<meta property=\"og:image\" content=\"https:\/\/www.oarcanjo.net\/site\/wp-content\/uploads\/logo-o-arcanjo-no-ar-facebook.png\" \/>\n\t<meta property=\"og:image:width\" content=\"300\" \/>\n\t<meta property=\"og:image:height\" content=\"300\" \/>\n\t<meta property=\"og:image:type\" content=\"image\/png\" \/>\n<meta name=\"author\" content=\"editor\" \/>\n<meta name=\"twitter:card\" content=\"summary_large_image\" \/>\n<meta name=\"twitter:label1\" content=\"Escrito por\" \/>\n\t<meta name=\"twitter:data1\" content=\"editor\" \/>\n\t<meta name=\"twitter:label2\" content=\"Est. tempo de leitura\" \/>\n\t<meta name=\"twitter:data2\" content=\"8 minutos\" \/>\n<script type=\"application\/ld+json\" class=\"yoast-schema-graph\">{\"@context\":\"https:\/\/schema.org\",\"@graph\":[{\"@type\":\"Article\",\"@id\":\"https:\/\/www.oarcanjo.net\/site\/jesus-o-%e2%80%98sem-teto-de-belem\/#article\",\"isPartOf\":{\"@id\":\"https:\/\/www.oarcanjo.net\/site\/jesus-o-%e2%80%98sem-teto-de-belem\/\"},\"author\":{\"name\":\"editor\",\"@id\":\"https:\/\/www.oarcanjo.net\/site\/#\/schema\/person\/f7024d007863202483a31326673a0838\"},\"headline\":\"Jesus, o \u2018sem-teto&#8217; de Bel\u00e9m\",\"datePublished\":\"2011-01-12T01:58:50+00:00\",\"dateModified\":\"2011-01-12T01:58:50+00:00\",\"mainEntityOfPage\":{\"@id\":\"https:\/\/www.oarcanjo.net\/site\/jesus-o-%e2%80%98sem-teto-de-belem\/\"},\"wordCount\":1524,\"commentCount\":0,\"publisher\":{\"@id\":\"https:\/\/www.oarcanjo.net\/site\/#organization\"},\"keywords\":[\"natal\"],\"articleSection\":[\"Reflex\u00f5es\"],\"inLanguage\":\"pt-BR\",\"potentialAction\":[{\"@type\":\"CommentAction\",\"name\":\"Comment\",\"target\":[\"https:\/\/www.oarcanjo.net\/site\/jesus-o-%e2%80%98sem-teto-de-belem\/#respond\"]}]},{\"@type\":\"WebPage\",\"@id\":\"https:\/\/www.oarcanjo.net\/site\/jesus-o-%e2%80%98sem-teto-de-belem\/\",\"url\":\"https:\/\/www.oarcanjo.net\/site\/jesus-o-%e2%80%98sem-teto-de-belem\/\",\"name\":\"Jesus, o \u2018sem-teto' de Bel\u00e9m - O Arcanjo no ar\",\"isPartOf\":{\"@id\":\"https:\/\/www.oarcanjo.net\/site\/#website\"},\"datePublished\":\"2011-01-12T01:58:50+00:00\",\"dateModified\":\"2011-01-12T01:58:50+00:00\",\"breadcrumb\":{\"@id\":\"https:\/\/www.oarcanjo.net\/site\/jesus-o-%e2%80%98sem-teto-de-belem\/#breadcrumb\"},\"inLanguage\":\"pt-BR\",\"potentialAction\":[{\"@type\":\"ReadAction\",\"target\":[\"https:\/\/www.oarcanjo.net\/site\/jesus-o-%e2%80%98sem-teto-de-belem\/\"]}]},{\"@type\":\"BreadcrumbList\",\"@id\":\"https:\/\/www.oarcanjo.net\/site\/jesus-o-%e2%80%98sem-teto-de-belem\/#breadcrumb\",\"itemListElement\":[{\"@type\":\"ListItem\",\"position\":1,\"name\":\"In\u00edcio\",\"item\":\"https:\/\/www.oarcanjo.net\/site\/\"},{\"@type\":\"ListItem\",\"position\":2,\"name\":\"Jesus, o \u2018sem-teto&#8217; de Bel\u00e9m\"}]},{\"@type\":\"WebSite\",\"@id\":\"https:\/\/www.oarcanjo.net\/site\/#website\",\"url\":\"https:\/\/www.oarcanjo.net\/site\/\",\"name\":\"O Arcanjo no ar\",\"description\":\"Site da Par\u00f3quia S\u00e3o Miguel Arcanjo (Arquidiocese de SP)\",\"publisher\":{\"@id\":\"https:\/\/www.oarcanjo.net\/site\/#organization\"},\"potentialAction\":[{\"@type\":\"SearchAction\",\"target\":{\"@type\":\"EntryPoint\",\"urlTemplate\":\"https:\/\/www.oarcanjo.net\/site\/?s={search_term_string}\"},\"query-input\":{\"@type\":\"PropertyValueSpecification\",\"valueRequired\":true,\"valueName\":\"search_term_string\"}}],\"inLanguage\":\"pt-BR\"},{\"@type\":\"Organization\",\"@id\":\"https:\/\/www.oarcanjo.net\/site\/#organization\",\"name\":\"Par\u00f3quia S\u00e3o Miguel Arcanjo\",\"url\":\"https:\/\/www.oarcanjo.net\/site\/\",\"logo\":{\"@type\":\"ImageObject\",\"inLanguage\":\"pt-BR\",\"@id\":\"https:\/\/www.oarcanjo.net\/site\/#\/schema\/logo\/image\/\",\"url\":\"https:\/\/www.oarcanjo.net\/site\/wp-content\/uploads\/LogoOArcanjo.png\",\"contentUrl\":\"https:\/\/www.oarcanjo.net\/site\/wp-content\/uploads\/LogoOArcanjo.png\",\"width\":319,\"height\":99,\"caption\":\"Par\u00f3quia S\u00e3o Miguel Arcanjo\"},\"image\":{\"@id\":\"https:\/\/www.oarcanjo.net\/site\/#\/schema\/logo\/image\/\"},\"sameAs\":[\"https:\/\/www.facebook.com\/OArcanjoNoAr\/\"]},{\"@type\":\"Person\",\"@id\":\"https:\/\/www.oarcanjo.net\/site\/#\/schema\/person\/f7024d007863202483a31326673a0838\",\"name\":\"editor\",\"sameAs\":[\"http:\/\/www.oarcanjo.net\"]}]}<\/script>\n<!-- \/ Yoast SEO plugin. -->","yoast_head_json":{"title":"Jesus, o \u2018sem-teto' de Bel\u00e9m - O Arcanjo no ar","robots":{"index":"index","follow":"follow","max-snippet":"max-snippet:-1","max-image-preview":"max-image-preview:large","max-video-preview":"max-video-preview:-1"},"canonical":"https:\/\/www.oarcanjo.net\/site\/jesus-o-\u2018sem-teto-de-belem\/","og_locale":"pt_BR","og_type":"article","og_title":"Jesus, o \u2018sem-teto' de Bel\u00e9m - O Arcanjo no ar","og_description":"Fr. Marcos Sassatelli Estamos, os crist\u00e3os cat\u00f3licos, no tempo lit\u00fargico do Natal, que vai das v\u00e9speras do Natal at\u00e9 a festa do Batismo do Senhor, que, neste ano, celebramos domingo, 9 de janeiro\/11. Na Missa da noite de Natal proclamamos solenemente: &#8220;\u00d3 noite silenciosa! O desejado chegou! A promessa foi cumprida: tempo de espera acabou! [&hellip;]","og_url":"https:\/\/www.oarcanjo.net\/site\/jesus-o-\u2018sem-teto-de-belem\/","og_site_name":"O Arcanjo no ar","article_publisher":"https:\/\/www.facebook.com\/OArcanjoNoAr\/","article_published_time":"2011-01-12T01:58:50+00:00","og_image":[{"width":300,"height":300,"url":"https:\/\/www.oarcanjo.net\/site\/wp-content\/uploads\/logo-o-arcanjo-no-ar-facebook.png","type":"image\/png"}],"author":"editor","twitter_card":"summary_large_image","twitter_misc":{"Escrito por":"editor","Est. tempo de leitura":"8 minutos"},"schema":{"@context":"https:\/\/schema.org","@graph":[{"@type":"Article","@id":"https:\/\/www.oarcanjo.net\/site\/jesus-o-%e2%80%98sem-teto-de-belem\/#article","isPartOf":{"@id":"https:\/\/www.oarcanjo.net\/site\/jesus-o-%e2%80%98sem-teto-de-belem\/"},"author":{"name":"editor","@id":"https:\/\/www.oarcanjo.net\/site\/#\/schema\/person\/f7024d007863202483a31326673a0838"},"headline":"Jesus, o \u2018sem-teto&#8217; de Bel\u00e9m","datePublished":"2011-01-12T01:58:50+00:00","dateModified":"2011-01-12T01:58:50+00:00","mainEntityOfPage":{"@id":"https:\/\/www.oarcanjo.net\/site\/jesus-o-%e2%80%98sem-teto-de-belem\/"},"wordCount":1524,"commentCount":0,"publisher":{"@id":"https:\/\/www.oarcanjo.net\/site\/#organization"},"keywords":["natal"],"articleSection":["Reflex\u00f5es"],"inLanguage":"pt-BR","potentialAction":[{"@type":"CommentAction","name":"Comment","target":["https:\/\/www.oarcanjo.net\/site\/jesus-o-%e2%80%98sem-teto-de-belem\/#respond"]}]},{"@type":"WebPage","@id":"https:\/\/www.oarcanjo.net\/site\/jesus-o-%e2%80%98sem-teto-de-belem\/","url":"https:\/\/www.oarcanjo.net\/site\/jesus-o-%e2%80%98sem-teto-de-belem\/","name":"Jesus, o \u2018sem-teto' de Bel\u00e9m - O Arcanjo no ar","isPartOf":{"@id":"https:\/\/www.oarcanjo.net\/site\/#website"},"datePublished":"2011-01-12T01:58:50+00:00","dateModified":"2011-01-12T01:58:50+00:00","breadcrumb":{"@id":"https:\/\/www.oarcanjo.net\/site\/jesus-o-%e2%80%98sem-teto-de-belem\/#breadcrumb"},"inLanguage":"pt-BR","potentialAction":[{"@type":"ReadAction","target":["https:\/\/www.oarcanjo.net\/site\/jesus-o-%e2%80%98sem-teto-de-belem\/"]}]},{"@type":"BreadcrumbList","@id":"https:\/\/www.oarcanjo.net\/site\/jesus-o-%e2%80%98sem-teto-de-belem\/#breadcrumb","itemListElement":[{"@type":"ListItem","position":1,"name":"In\u00edcio","item":"https:\/\/www.oarcanjo.net\/site\/"},{"@type":"ListItem","position":2,"name":"Jesus, o \u2018sem-teto&#8217; de Bel\u00e9m"}]},{"@type":"WebSite","@id":"https:\/\/www.oarcanjo.net\/site\/#website","url":"https:\/\/www.oarcanjo.net\/site\/","name":"O Arcanjo no ar","description":"Site da Par\u00f3quia S\u00e3o Miguel Arcanjo (Arquidiocese de SP)","publisher":{"@id":"https:\/\/www.oarcanjo.net\/site\/#organization"},"potentialAction":[{"@type":"SearchAction","target":{"@type":"EntryPoint","urlTemplate":"https:\/\/www.oarcanjo.net\/site\/?s={search_term_string}"},"query-input":{"@type":"PropertyValueSpecification","valueRequired":true,"valueName":"search_term_string"}}],"inLanguage":"pt-BR"},{"@type":"Organization","@id":"https:\/\/www.oarcanjo.net\/site\/#organization","name":"Par\u00f3quia S\u00e3o Miguel Arcanjo","url":"https:\/\/www.oarcanjo.net\/site\/","logo":{"@type":"ImageObject","inLanguage":"pt-BR","@id":"https:\/\/www.oarcanjo.net\/site\/#\/schema\/logo\/image\/","url":"https:\/\/www.oarcanjo.net\/site\/wp-content\/uploads\/LogoOArcanjo.png","contentUrl":"https:\/\/www.oarcanjo.net\/site\/wp-content\/uploads\/LogoOArcanjo.png","width":319,"height":99,"caption":"Par\u00f3quia S\u00e3o Miguel Arcanjo"},"image":{"@id":"https:\/\/www.oarcanjo.net\/site\/#\/schema\/logo\/image\/"},"sameAs":["https:\/\/www.facebook.com\/OArcanjoNoAr\/"]},{"@type":"Person","@id":"https:\/\/www.oarcanjo.net\/site\/#\/schema\/person\/f7024d007863202483a31326673a0838","name":"editor","sameAs":["http:\/\/www.oarcanjo.net"]}]}},"publishpress_future_action":{"enabled":false,"date":"2026-05-10 10:52:20","action":"category","newStatus":"draft","terms":[],"taxonomy":"category"},"publishpress_future_workflow_manual_trigger":{"enabledWorkflows":[]},"_links":{"self":[{"href":"https:\/\/www.oarcanjo.net\/site\/wp-json\/wp\/v2\/posts\/12651"}],"collection":[{"href":"https:\/\/www.oarcanjo.net\/site\/wp-json\/wp\/v2\/posts"}],"about":[{"href":"https:\/\/www.oarcanjo.net\/site\/wp-json\/wp\/v2\/types\/post"}],"author":[{"embeddable":true,"href":"https:\/\/www.oarcanjo.net\/site\/wp-json\/wp\/v2\/users\/5"}],"replies":[{"embeddable":true,"href":"https:\/\/www.oarcanjo.net\/site\/wp-json\/wp\/v2\/comments?post=12651"}],"version-history":[{"count":0,"href":"https:\/\/www.oarcanjo.net\/site\/wp-json\/wp\/v2\/posts\/12651\/revisions"}],"wp:attachment":[{"href":"https:\/\/www.oarcanjo.net\/site\/wp-json\/wp\/v2\/media?parent=12651"}],"wp:term":[{"taxonomy":"category","embeddable":true,"href":"https:\/\/www.oarcanjo.net\/site\/wp-json\/wp\/v2\/categories?post=12651"},{"taxonomy":"post_tag","embeddable":true,"href":"https:\/\/www.oarcanjo.net\/site\/wp-json\/wp\/v2\/tags?post=12651"}],"curies":[{"name":"wp","href":"https:\/\/api.w.org\/{rel}","templated":true}]}}