
{"id":1268,"date":"2008-12-26T09:29:38","date_gmt":"2008-12-26T11:29:38","guid":{"rendered":"http:\/\/www.oarcanjo.net\/site\/?p=1268"},"modified":"2008-12-27T12:56:20","modified_gmt":"2008-12-27T14:56:20","slug":"o-natal-nao-acabou","status":"publish","type":"post","link":"https:\/\/www.oarcanjo.net\/site\/o-natal-nao-acabou\/","title":{"rendered":"O Natal n\u00e3o acabou!"},"content":{"rendered":"<p> Para o com\u00e9rcio o Natal j\u00e1 passou, agora trocar o presente que n\u00e3o serviu e as liquida\u00e7\u00f5es, mas para a Liturgia da Igreja o Natal s\u00f3 come\u00e7ou e o viveremos por mais algumas semanas e para sempre.<\/p>\n<p>A nossa comunidade viva intensamente esse tempo de gra\u00e7a e do amor manifesto de Deus por todos  n\u00f3s. Todos os anos uma crian\u00e7a da nossa comunidade \u00e9 apresentada no natal, um rec\u00e9m-nascido (a comunidade \u00e9 muito f\u00e9rtil); neste ano o Vitor filho da Rosangela e do C\u00e1ssio. Que menino Jesus mais lindo!<\/p>\n<p>Emocionante foi ver na celebra\u00e7\u00e3o v\u00e1rios jovens, um com 22 anos, o Rafael, e a pr\u00f3pria Beatriz que neste ano foi Maria, e que j\u00e1 foram os meninos Jesus de outros Natais. A comunidade tem hist\u00f3ria e pessoas que fazem parte de sua vida, \u00e9 a perten\u00e7a do Amor, \u00e9 a vida da comunidade crist\u00e3 que se perpetua nas gera\u00e7\u00f5es a quem transmitimos e com quem vivemos a nossa F\u00e9.<\/p>\n<p>Tudo isso nos d\u00e1 Esperan\u00e7a, no meio de uma cidade t\u00e3o grande onde o anonimato e a n\u00e3o perten\u00e7a s\u00e3o as caracter\u00edsticas, as comunidades crist\u00e3s nos unem e nos fazem ver e reconhecer o rosto dos irm\u00e3os e irm\u00e3s, com carinho e ternura que rompem a solid\u00e3o e nos ensinam a viver em comunh\u00e3o.<\/p>\n<p>Todos aprendemos e verificamos que tudo isso n\u00e3o \u00e9 uma bela teoria mas nossa aprendizagem cont\u00ednua para sermos cada vez mais humanos, como Jesus que sendo Deus se fez!<\/p>\n<p>O Natal que n\u00e3o acaba nos fa\u00e7a mais abertos e acolhedores e que ningu\u00e9m se sinta estranho em nosso meio, pois estamos sempre em miss\u00e3o e muitos outros tamb\u00e9m nos acolher\u00e3o.FELIZ NATAL!<\/p>\n<div id=\"themify_builder_content-1268\" data-postid=\"1268\" class=\"themify_builder_content themify_builder_content-1268 themify_builder themify_builder_front\">\n\t<\/div>\n<!-- \/themify_builder_content -->","protected":false},"excerpt":{"rendered":"<p>Para o com\u00e9rcio o Natal j\u00e1 passou, agora trocar o presente que n\u00e3o serviu e as liquida\u00e7\u00f5es, mas para a Liturgia da Igreja o Natal s\u00f3 come\u00e7ou e o viveremos por mais algumas semanas e para sempre. A nossa comunidade viva intensamente esse tempo de gra\u00e7a e do amor manifesto de Deus por todos n\u00f3s. [&hellip;]<\/p>\n","protected":false},"author":4,"featured_media":0,"comment_status":"open","ping_status":"open","sticky":false,"template":"","format":"standard","meta":{"ngg_post_thumbnail":0,"footnotes":""},"categories":[4],"tags":[60],"yoast_head":"<!-- This site is optimized with the Yoast SEO plugin v23.5 - https:\/\/yoast.com\/wordpress\/plugins\/seo\/ -->\n<title>O Natal n\u00e3o acabou! - O Arcanjo no ar<\/title>\n<meta name=\"robots\" content=\"index, follow, max-snippet:-1, max-image-preview:large, max-video-preview:-1\" \/>\n<link rel=\"canonical\" href=\"https:\/\/www.oarcanjo.net\/site\/o-natal-nao-acabou\/\" \/>\n<meta property=\"og:locale\" content=\"pt_BR\" \/>\n<meta property=\"og:type\" content=\"article\" \/>\n<meta property=\"og:title\" content=\"O Natal n\u00e3o acabou! - O Arcanjo no ar\" \/>\n<meta property=\"og:description\" content=\"Para o com\u00e9rcio o Natal j\u00e1 passou, agora trocar o presente que n\u00e3o serviu e as liquida\u00e7\u00f5es, mas para a Liturgia da Igreja o Natal s\u00f3 come\u00e7ou e o viveremos por mais algumas semanas e para sempre. A nossa comunidade viva intensamente esse tempo de gra\u00e7a e do amor manifesto de Deus por todos n\u00f3s. [&hellip;]\" \/>\n<meta property=\"og:url\" content=\"https:\/\/www.oarcanjo.net\/site\/o-natal-nao-acabou\/\" \/>\n<meta property=\"og:site_name\" content=\"O Arcanjo no ar\" \/>\n<meta property=\"article:publisher\" content=\"https:\/\/www.facebook.com\/OArcanjoNoAr\/\" \/>\n<meta property=\"article:published_time\" content=\"2008-12-26T11:29:38+00:00\" \/>\n<meta property=\"article:modified_time\" content=\"2008-12-27T14:56:20+00:00\" \/>\n<meta property=\"og:image\" content=\"https:\/\/www.oarcanjo.net\/site\/wp-content\/uploads\/logo-o-arcanjo-no-ar-facebook.png\" \/>\n\t<meta property=\"og:image:width\" content=\"300\" \/>\n\t<meta property=\"og:image:height\" content=\"300\" \/>\n\t<meta property=\"og:image:type\" content=\"image\/png\" \/>\n<meta name=\"author\" content=\"julio\" \/>\n<meta name=\"twitter:card\" content=\"summary_large_image\" \/>\n<meta name=\"twitter:label1\" content=\"Escrito por\" \/>\n\t<meta name=\"twitter:data1\" content=\"julio\" \/>\n\t<meta name=\"twitter:label2\" content=\"Est. tempo de leitura\" \/>\n\t<meta name=\"twitter:data2\" content=\"2 minutos\" \/>\n<script type=\"application\/ld+json\" class=\"yoast-schema-graph\">{\"@context\":\"https:\/\/schema.org\",\"@graph\":[{\"@type\":\"Article\",\"@id\":\"https:\/\/www.oarcanjo.net\/site\/o-natal-nao-acabou\/#article\",\"isPartOf\":{\"@id\":\"https:\/\/www.oarcanjo.net\/site\/o-natal-nao-acabou\/\"},\"author\":{\"name\":\"julio\",\"@id\":\"https:\/\/www.oarcanjo.net\/site\/#\/schema\/person\/d78ea01c648c91e29c364b516767079e\"},\"headline\":\"O Natal n\u00e3o acabou!\",\"datePublished\":\"2008-12-26T11:29:38+00:00\",\"dateModified\":\"2008-12-27T14:56:20+00:00\",\"mainEntityOfPage\":{\"@id\":\"https:\/\/www.oarcanjo.net\/site\/o-natal-nao-acabou\/\"},\"wordCount\":309,\"commentCount\":1,\"publisher\":{\"@id\":\"https:\/\/www.oarcanjo.net\/site\/#organization\"},\"keywords\":[\"natal\"],\"articleSection\":[\"Blog\"],\"inLanguage\":\"pt-BR\",\"potentialAction\":[{\"@type\":\"CommentAction\",\"name\":\"Comment\",\"target\":[\"https:\/\/www.oarcanjo.net\/site\/o-natal-nao-acabou\/#respond\"]}]},{\"@type\":\"WebPage\",\"@id\":\"https:\/\/www.oarcanjo.net\/site\/o-natal-nao-acabou\/\",\"url\":\"https:\/\/www.oarcanjo.net\/site\/o-natal-nao-acabou\/\",\"name\":\"O Natal n\u00e3o acabou! - O Arcanjo no ar\",\"isPartOf\":{\"@id\":\"https:\/\/www.oarcanjo.net\/site\/#website\"},\"datePublished\":\"2008-12-26T11:29:38+00:00\",\"dateModified\":\"2008-12-27T14:56:20+00:00\",\"breadcrumb\":{\"@id\":\"https:\/\/www.oarcanjo.net\/site\/o-natal-nao-acabou\/#breadcrumb\"},\"inLanguage\":\"pt-BR\",\"potentialAction\":[{\"@type\":\"ReadAction\",\"target\":[\"https:\/\/www.oarcanjo.net\/site\/o-natal-nao-acabou\/\"]}]},{\"@type\":\"BreadcrumbList\",\"@id\":\"https:\/\/www.oarcanjo.net\/site\/o-natal-nao-acabou\/#breadcrumb\",\"itemListElement\":[{\"@type\":\"ListItem\",\"position\":1,\"name\":\"In\u00edcio\",\"item\":\"https:\/\/www.oarcanjo.net\/site\/\"},{\"@type\":\"ListItem\",\"position\":2,\"name\":\"O Natal n\u00e3o acabou!\"}]},{\"@type\":\"WebSite\",\"@id\":\"https:\/\/www.oarcanjo.net\/site\/#website\",\"url\":\"https:\/\/www.oarcanjo.net\/site\/\",\"name\":\"O Arcanjo no ar\",\"description\":\"Site da Par\u00f3quia S\u00e3o Miguel Arcanjo (Arquidiocese de SP)\",\"publisher\":{\"@id\":\"https:\/\/www.oarcanjo.net\/site\/#organization\"},\"potentialAction\":[{\"@type\":\"SearchAction\",\"target\":{\"@type\":\"EntryPoint\",\"urlTemplate\":\"https:\/\/www.oarcanjo.net\/site\/?s={search_term_string}\"},\"query-input\":{\"@type\":\"PropertyValueSpecification\",\"valueRequired\":true,\"valueName\":\"search_term_string\"}}],\"inLanguage\":\"pt-BR\"},{\"@type\":\"Organization\",\"@id\":\"https:\/\/www.oarcanjo.net\/site\/#organization\",\"name\":\"Par\u00f3quia S\u00e3o Miguel Arcanjo\",\"url\":\"https:\/\/www.oarcanjo.net\/site\/\",\"logo\":{\"@type\":\"ImageObject\",\"inLanguage\":\"pt-BR\",\"@id\":\"https:\/\/www.oarcanjo.net\/site\/#\/schema\/logo\/image\/\",\"url\":\"https:\/\/www.oarcanjo.net\/site\/wp-content\/uploads\/LogoOArcanjo.png\",\"contentUrl\":\"https:\/\/www.oarcanjo.net\/site\/wp-content\/uploads\/LogoOArcanjo.png\",\"width\":319,\"height\":99,\"caption\":\"Par\u00f3quia S\u00e3o Miguel Arcanjo\"},\"image\":{\"@id\":\"https:\/\/www.oarcanjo.net\/site\/#\/schema\/logo\/image\/\"},\"sameAs\":[\"https:\/\/www.facebook.com\/OArcanjoNoAr\/\"]},{\"@type\":\"Person\",\"@id\":\"https:\/\/www.oarcanjo.net\/site\/#\/schema\/person\/d78ea01c648c91e29c364b516767079e\",\"name\":\"julio\",\"sameAs\":[\"http:\/\/www.oarcanjo.net\"]}]}<\/script>\n<!-- \/ Yoast SEO plugin. -->","yoast_head_json":{"title":"O Natal n\u00e3o acabou! - O Arcanjo no ar","robots":{"index":"index","follow":"follow","max-snippet":"max-snippet:-1","max-image-preview":"max-image-preview:large","max-video-preview":"max-video-preview:-1"},"canonical":"https:\/\/www.oarcanjo.net\/site\/o-natal-nao-acabou\/","og_locale":"pt_BR","og_type":"article","og_title":"O Natal n\u00e3o acabou! - O Arcanjo no ar","og_description":"Para o com\u00e9rcio o Natal j\u00e1 passou, agora trocar o presente que n\u00e3o serviu e as liquida\u00e7\u00f5es, mas para a Liturgia da Igreja o Natal s\u00f3 come\u00e7ou e o viveremos por mais algumas semanas e para sempre. A nossa comunidade viva intensamente esse tempo de gra\u00e7a e do amor manifesto de Deus por todos n\u00f3s. [&hellip;]","og_url":"https:\/\/www.oarcanjo.net\/site\/o-natal-nao-acabou\/","og_site_name":"O Arcanjo no ar","article_publisher":"https:\/\/www.facebook.com\/OArcanjoNoAr\/","article_published_time":"2008-12-26T11:29:38+00:00","article_modified_time":"2008-12-27T14:56:20+00:00","og_image":[{"width":300,"height":300,"url":"https:\/\/www.oarcanjo.net\/site\/wp-content\/uploads\/logo-o-arcanjo-no-ar-facebook.png","type":"image\/png"}],"author":"julio","twitter_card":"summary_large_image","twitter_misc":{"Escrito por":"julio","Est. tempo de leitura":"2 minutos"},"schema":{"@context":"https:\/\/schema.org","@graph":[{"@type":"Article","@id":"https:\/\/www.oarcanjo.net\/site\/o-natal-nao-acabou\/#article","isPartOf":{"@id":"https:\/\/www.oarcanjo.net\/site\/o-natal-nao-acabou\/"},"author":{"name":"julio","@id":"https:\/\/www.oarcanjo.net\/site\/#\/schema\/person\/d78ea01c648c91e29c364b516767079e"},"headline":"O Natal n\u00e3o acabou!","datePublished":"2008-12-26T11:29:38+00:00","dateModified":"2008-12-27T14:56:20+00:00","mainEntityOfPage":{"@id":"https:\/\/www.oarcanjo.net\/site\/o-natal-nao-acabou\/"},"wordCount":309,"commentCount":1,"publisher":{"@id":"https:\/\/www.oarcanjo.net\/site\/#organization"},"keywords":["natal"],"articleSection":["Blog"],"inLanguage":"pt-BR","potentialAction":[{"@type":"CommentAction","name":"Comment","target":["https:\/\/www.oarcanjo.net\/site\/o-natal-nao-acabou\/#respond"]}]},{"@type":"WebPage","@id":"https:\/\/www.oarcanjo.net\/site\/o-natal-nao-acabou\/","url":"https:\/\/www.oarcanjo.net\/site\/o-natal-nao-acabou\/","name":"O Natal n\u00e3o acabou! - O Arcanjo no ar","isPartOf":{"@id":"https:\/\/www.oarcanjo.net\/site\/#website"},"datePublished":"2008-12-26T11:29:38+00:00","dateModified":"2008-12-27T14:56:20+00:00","breadcrumb":{"@id":"https:\/\/www.oarcanjo.net\/site\/o-natal-nao-acabou\/#breadcrumb"},"inLanguage":"pt-BR","potentialAction":[{"@type":"ReadAction","target":["https:\/\/www.oarcanjo.net\/site\/o-natal-nao-acabou\/"]}]},{"@type":"BreadcrumbList","@id":"https:\/\/www.oarcanjo.net\/site\/o-natal-nao-acabou\/#breadcrumb","itemListElement":[{"@type":"ListItem","position":1,"name":"In\u00edcio","item":"https:\/\/www.oarcanjo.net\/site\/"},{"@type":"ListItem","position":2,"name":"O Natal n\u00e3o acabou!"}]},{"@type":"WebSite","@id":"https:\/\/www.oarcanjo.net\/site\/#website","url":"https:\/\/www.oarcanjo.net\/site\/","name":"O Arcanjo no ar","description":"Site da Par\u00f3quia S\u00e3o Miguel Arcanjo (Arquidiocese de SP)","publisher":{"@id":"https:\/\/www.oarcanjo.net\/site\/#organization"},"potentialAction":[{"@type":"SearchAction","target":{"@type":"EntryPoint","urlTemplate":"https:\/\/www.oarcanjo.net\/site\/?s={search_term_string}"},"query-input":{"@type":"PropertyValueSpecification","valueRequired":true,"valueName":"search_term_string"}}],"inLanguage":"pt-BR"},{"@type":"Organization","@id":"https:\/\/www.oarcanjo.net\/site\/#organization","name":"Par\u00f3quia S\u00e3o Miguel Arcanjo","url":"https:\/\/www.oarcanjo.net\/site\/","logo":{"@type":"ImageObject","inLanguage":"pt-BR","@id":"https:\/\/www.oarcanjo.net\/site\/#\/schema\/logo\/image\/","url":"https:\/\/www.oarcanjo.net\/site\/wp-content\/uploads\/LogoOArcanjo.png","contentUrl":"https:\/\/www.oarcanjo.net\/site\/wp-content\/uploads\/LogoOArcanjo.png","width":319,"height":99,"caption":"Par\u00f3quia S\u00e3o Miguel Arcanjo"},"image":{"@id":"https:\/\/www.oarcanjo.net\/site\/#\/schema\/logo\/image\/"},"sameAs":["https:\/\/www.facebook.com\/OArcanjoNoAr\/"]},{"@type":"Person","@id":"https:\/\/www.oarcanjo.net\/site\/#\/schema\/person\/d78ea01c648c91e29c364b516767079e","name":"julio","sameAs":["http:\/\/www.oarcanjo.net"]}]}},"publishpress_future_action":{"enabled":false,"date":"2026-05-07 23:09:21","action":"category","newStatus":"draft","terms":[],"taxonomy":"category"},"publishpress_future_workflow_manual_trigger":{"enabledWorkflows":[]},"_links":{"self":[{"href":"https:\/\/www.oarcanjo.net\/site\/wp-json\/wp\/v2\/posts\/1268"}],"collection":[{"href":"https:\/\/www.oarcanjo.net\/site\/wp-json\/wp\/v2\/posts"}],"about":[{"href":"https:\/\/www.oarcanjo.net\/site\/wp-json\/wp\/v2\/types\/post"}],"author":[{"embeddable":true,"href":"https:\/\/www.oarcanjo.net\/site\/wp-json\/wp\/v2\/users\/4"}],"replies":[{"embeddable":true,"href":"https:\/\/www.oarcanjo.net\/site\/wp-json\/wp\/v2\/comments?post=1268"}],"version-history":[{"count":0,"href":"https:\/\/www.oarcanjo.net\/site\/wp-json\/wp\/v2\/posts\/1268\/revisions"}],"wp:attachment":[{"href":"https:\/\/www.oarcanjo.net\/site\/wp-json\/wp\/v2\/media?parent=1268"}],"wp:term":[{"taxonomy":"category","embeddable":true,"href":"https:\/\/www.oarcanjo.net\/site\/wp-json\/wp\/v2\/categories?post=1268"},{"taxonomy":"post_tag","embeddable":true,"href":"https:\/\/www.oarcanjo.net\/site\/wp-json\/wp\/v2\/tags?post=1268"}],"curies":[{"name":"wp","href":"https:\/\/api.w.org\/{rel}","templated":true}]}}