
{"id":126800,"date":"2023-10-08T14:50:18","date_gmt":"2023-10-08T17:50:18","guid":{"rendered":"https:\/\/www.oarcanjo.net\/site\/?p=126800"},"modified":"2023-10-08T15:21:17","modified_gmt":"2023-10-08T18:21:17","slug":"por-um-mundo-justo-melhor-fraterno-e-solidario","status":"publish","type":"post","link":"https:\/\/www.oarcanjo.net\/site\/por-um-mundo-justo-melhor-fraterno-e-solidario\/","title":{"rendered":"Por um mundo justo, melhor, fraterno e solid\u00e1rio"},"content":{"rendered":"<p>Pra que todos sejamos respons\u00e1veis por um mundo justo, melhor, fraterno e solid\u00e1rio. O Pe. Julio Lancellotti dedicou o canto de a\u00e7\u00e3o de gra\u00e7as de 08\/10\/2023 a um aniversariante que comemorava 7 anos e a todas as crian\u00e7as. Ou\u00e7a &#8220;Utopia&#8221;, de Z\u00e9 Vicente.<\/p>\n<p><iframe loading=\"lazy\" width=\"700\" height=\"394\" src=\"https:\/\/www.youtube.com\/embed\/QWfLYocHGcI?rel=0\" title=\"YouTube video player\" frameborder=\"0\" allow=\"accelerometer; autoplay; clipboard-write; encrypted-media; gyroscope; picture-in-picture; web-share\" allowfullscreen><\/iframe><\/p>\n<div id=\"themify_builder_content-126800\" data-postid=\"126800\" class=\"themify_builder_content themify_builder_content-126800 themify_builder themify_builder_front\">\n\t<\/div>\n<!-- \/themify_builder_content -->","protected":false},"excerpt":{"rendered":"<p>O Pe. Julio dedicou o canto de a\u00e7\u00e3o de gra\u00e7as de 08\/10\/2023 a um aniversariante que comemorava 7 anos e a todas as crian\u00e7as. Ou\u00e7a &#8220;Utopia&#8221;, de Z\u00e9 Vicente<\/p>\n","protected":false},"author":5,"featured_media":126801,"comment_status":"open","ping_status":"open","sticky":false,"template":"","format":"standard","meta":{"ngg_post_thumbnail":0,"footnotes":""},"categories":[3,8,280],"tags":[],"yoast_head":"<!-- This site is optimized with the Yoast SEO plugin v23.5 - https:\/\/yoast.com\/wordpress\/plugins\/seo\/ -->\n<title>Por um mundo justo, melhor, fraterno e solid\u00e1rio - O Arcanjo no ar<\/title>\n<meta name=\"robots\" content=\"index, follow, max-snippet:-1, max-image-preview:large, max-video-preview:-1\" \/>\n<link rel=\"canonical\" href=\"https:\/\/www.oarcanjo.net\/site\/por-um-mundo-justo-melhor-fraterno-e-solidario\/\" \/>\n<meta property=\"og:locale\" content=\"pt_BR\" \/>\n<meta property=\"og:type\" content=\"article\" \/>\n<meta property=\"og:title\" content=\"Por um mundo justo, melhor, fraterno e solid\u00e1rio - O Arcanjo no ar\" \/>\n<meta property=\"og:description\" content=\"O Pe. Julio dedicou o canto de a\u00e7\u00e3o de gra\u00e7as de 08\/10\/2023 a um aniversariante que comemorava 7 anos e a todas as crian\u00e7as. Ou\u00e7a &quot;Utopia&quot;, de Z\u00e9 Vicente\" \/>\n<meta property=\"og:url\" content=\"https:\/\/www.oarcanjo.net\/site\/por-um-mundo-justo-melhor-fraterno-e-solidario\/\" \/>\n<meta property=\"og:site_name\" content=\"O Arcanjo no ar\" \/>\n<meta property=\"article:publisher\" content=\"https:\/\/www.facebook.com\/OArcanjoNoAr\/\" \/>\n<meta property=\"article:published_time\" content=\"2023-10-08T17:50:18+00:00\" \/>\n<meta property=\"article:modified_time\" content=\"2023-10-08T18:21:17+00:00\" \/>\n<meta property=\"og:image\" content=\"https:\/\/www.oarcanjo.net\/site\/wp-content\/uploads\/20231008-Canto01.png\" \/>\n\t<meta property=\"og:image:width\" content=\"890\" \/>\n\t<meta property=\"og:image:height\" content=\"493\" \/>\n\t<meta property=\"og:image:type\" content=\"image\/png\" \/>\n<meta name=\"author\" content=\"editor\" \/>\n<meta name=\"twitter:card\" content=\"summary_large_image\" \/>\n<meta name=\"twitter:label1\" content=\"Escrito por\" \/>\n\t<meta name=\"twitter:data1\" content=\"editor\" \/>\n<script type=\"application\/ld+json\" class=\"yoast-schema-graph\">{\"@context\":\"https:\/\/schema.org\",\"@graph\":[{\"@type\":\"Article\",\"@id\":\"https:\/\/www.oarcanjo.net\/site\/por-um-mundo-justo-melhor-fraterno-e-solidario\/#article\",\"isPartOf\":{\"@id\":\"https:\/\/www.oarcanjo.net\/site\/por-um-mundo-justo-melhor-fraterno-e-solidario\/\"},\"author\":{\"name\":\"editor\",\"@id\":\"https:\/\/www.oarcanjo.net\/site\/#\/schema\/person\/f7024d007863202483a31326673a0838\"},\"headline\":\"Por um mundo justo, melhor, fraterno e solid\u00e1rio\",\"datePublished\":\"2023-10-08T17:50:18+00:00\",\"dateModified\":\"2023-10-08T18:21:17+00:00\",\"mainEntityOfPage\":{\"@id\":\"https:\/\/www.oarcanjo.net\/site\/por-um-mundo-justo-melhor-fraterno-e-solidario\/\"},\"wordCount\":56,\"commentCount\":0,\"publisher\":{\"@id\":\"https:\/\/www.oarcanjo.net\/site\/#organization\"},\"image\":{\"@id\":\"https:\/\/www.oarcanjo.net\/site\/por-um-mundo-justo-melhor-fraterno-e-solidario\/#primaryimage\"},\"thumbnailUrl\":\"https:\/\/www.oarcanjo.net\/site\/wp-content\/uploads\/20231008-Canto01.png\",\"articleSection\":[\"Destaques\",\"Not\u00edcias\",\"V\u00eddeos\"],\"inLanguage\":\"pt-BR\",\"potentialAction\":[{\"@type\":\"CommentAction\",\"name\":\"Comment\",\"target\":[\"https:\/\/www.oarcanjo.net\/site\/por-um-mundo-justo-melhor-fraterno-e-solidario\/#respond\"]}]},{\"@type\":\"WebPage\",\"@id\":\"https:\/\/www.oarcanjo.net\/site\/por-um-mundo-justo-melhor-fraterno-e-solidario\/\",\"url\":\"https:\/\/www.oarcanjo.net\/site\/por-um-mundo-justo-melhor-fraterno-e-solidario\/\",\"name\":\"Por um mundo justo, melhor, fraterno e solid\u00e1rio - O Arcanjo no ar\",\"isPartOf\":{\"@id\":\"https:\/\/www.oarcanjo.net\/site\/#website\"},\"primaryImageOfPage\":{\"@id\":\"https:\/\/www.oarcanjo.net\/site\/por-um-mundo-justo-melhor-fraterno-e-solidario\/#primaryimage\"},\"image\":{\"@id\":\"https:\/\/www.oarcanjo.net\/site\/por-um-mundo-justo-melhor-fraterno-e-solidario\/#primaryimage\"},\"thumbnailUrl\":\"https:\/\/www.oarcanjo.net\/site\/wp-content\/uploads\/20231008-Canto01.png\",\"datePublished\":\"2023-10-08T17:50:18+00:00\",\"dateModified\":\"2023-10-08T18:21:17+00:00\",\"breadcrumb\":{\"@id\":\"https:\/\/www.oarcanjo.net\/site\/por-um-mundo-justo-melhor-fraterno-e-solidario\/#breadcrumb\"},\"inLanguage\":\"pt-BR\",\"potentialAction\":[{\"@type\":\"ReadAction\",\"target\":[\"https:\/\/www.oarcanjo.net\/site\/por-um-mundo-justo-melhor-fraterno-e-solidario\/\"]}]},{\"@type\":\"ImageObject\",\"inLanguage\":\"pt-BR\",\"@id\":\"https:\/\/www.oarcanjo.net\/site\/por-um-mundo-justo-melhor-fraterno-e-solidario\/#primaryimage\",\"url\":\"https:\/\/www.oarcanjo.net\/site\/wp-content\/uploads\/20231008-Canto01.png\",\"contentUrl\":\"https:\/\/www.oarcanjo.net\/site\/wp-content\/uploads\/20231008-Canto01.png\",\"width\":890,\"height\":493},{\"@type\":\"BreadcrumbList\",\"@id\":\"https:\/\/www.oarcanjo.net\/site\/por-um-mundo-justo-melhor-fraterno-e-solidario\/#breadcrumb\",\"itemListElement\":[{\"@type\":\"ListItem\",\"position\":1,\"name\":\"In\u00edcio\",\"item\":\"https:\/\/www.oarcanjo.net\/site\/\"},{\"@type\":\"ListItem\",\"position\":2,\"name\":\"Por um mundo justo, melhor, fraterno e solid\u00e1rio\"}]},{\"@type\":\"WebSite\",\"@id\":\"https:\/\/www.oarcanjo.net\/site\/#website\",\"url\":\"https:\/\/www.oarcanjo.net\/site\/\",\"name\":\"O Arcanjo no ar\",\"description\":\"Site da Par\u00f3quia S\u00e3o Miguel Arcanjo (Arquidiocese de SP)\",\"publisher\":{\"@id\":\"https:\/\/www.oarcanjo.net\/site\/#organization\"},\"potentialAction\":[{\"@type\":\"SearchAction\",\"target\":{\"@type\":\"EntryPoint\",\"urlTemplate\":\"https:\/\/www.oarcanjo.net\/site\/?s={search_term_string}\"},\"query-input\":{\"@type\":\"PropertyValueSpecification\",\"valueRequired\":true,\"valueName\":\"search_term_string\"}}],\"inLanguage\":\"pt-BR\"},{\"@type\":\"Organization\",\"@id\":\"https:\/\/www.oarcanjo.net\/site\/#organization\",\"name\":\"Par\u00f3quia S\u00e3o Miguel Arcanjo\",\"url\":\"https:\/\/www.oarcanjo.net\/site\/\",\"logo\":{\"@type\":\"ImageObject\",\"inLanguage\":\"pt-BR\",\"@id\":\"https:\/\/www.oarcanjo.net\/site\/#\/schema\/logo\/image\/\",\"url\":\"https:\/\/www.oarcanjo.net\/site\/wp-content\/uploads\/LogoOArcanjo.png\",\"contentUrl\":\"https:\/\/www.oarcanjo.net\/site\/wp-content\/uploads\/LogoOArcanjo.png\",\"width\":319,\"height\":99,\"caption\":\"Par\u00f3quia S\u00e3o Miguel Arcanjo\"},\"image\":{\"@id\":\"https:\/\/www.oarcanjo.net\/site\/#\/schema\/logo\/image\/\"},\"sameAs\":[\"https:\/\/www.facebook.com\/OArcanjoNoAr\/\"]},{\"@type\":\"Person\",\"@id\":\"https:\/\/www.oarcanjo.net\/site\/#\/schema\/person\/f7024d007863202483a31326673a0838\",\"name\":\"editor\",\"sameAs\":[\"http:\/\/www.oarcanjo.net\"]}]}<\/script>\n<!-- \/ Yoast SEO plugin. -->","yoast_head_json":{"title":"Por um mundo justo, melhor, fraterno e solid\u00e1rio - O Arcanjo no ar","robots":{"index":"index","follow":"follow","max-snippet":"max-snippet:-1","max-image-preview":"max-image-preview:large","max-video-preview":"max-video-preview:-1"},"canonical":"https:\/\/www.oarcanjo.net\/site\/por-um-mundo-justo-melhor-fraterno-e-solidario\/","og_locale":"pt_BR","og_type":"article","og_title":"Por um mundo justo, melhor, fraterno e solid\u00e1rio - O Arcanjo no ar","og_description":"O Pe. Julio dedicou o canto de a\u00e7\u00e3o de gra\u00e7as de 08\/10\/2023 a um aniversariante que comemorava 7 anos e a todas as crian\u00e7as. Ou\u00e7a \"Utopia\", de Z\u00e9 Vicente","og_url":"https:\/\/www.oarcanjo.net\/site\/por-um-mundo-justo-melhor-fraterno-e-solidario\/","og_site_name":"O Arcanjo no ar","article_publisher":"https:\/\/www.facebook.com\/OArcanjoNoAr\/","article_published_time":"2023-10-08T17:50:18+00:00","article_modified_time":"2023-10-08T18:21:17+00:00","og_image":[{"width":890,"height":493,"url":"https:\/\/www.oarcanjo.net\/site\/wp-content\/uploads\/20231008-Canto01.png","type":"image\/png"}],"author":"editor","twitter_card":"summary_large_image","twitter_misc":{"Escrito por":"editor"},"schema":{"@context":"https:\/\/schema.org","@graph":[{"@type":"Article","@id":"https:\/\/www.oarcanjo.net\/site\/por-um-mundo-justo-melhor-fraterno-e-solidario\/#article","isPartOf":{"@id":"https:\/\/www.oarcanjo.net\/site\/por-um-mundo-justo-melhor-fraterno-e-solidario\/"},"author":{"name":"editor","@id":"https:\/\/www.oarcanjo.net\/site\/#\/schema\/person\/f7024d007863202483a31326673a0838"},"headline":"Por um mundo justo, melhor, fraterno e solid\u00e1rio","datePublished":"2023-10-08T17:50:18+00:00","dateModified":"2023-10-08T18:21:17+00:00","mainEntityOfPage":{"@id":"https:\/\/www.oarcanjo.net\/site\/por-um-mundo-justo-melhor-fraterno-e-solidario\/"},"wordCount":56,"commentCount":0,"publisher":{"@id":"https:\/\/www.oarcanjo.net\/site\/#organization"},"image":{"@id":"https:\/\/www.oarcanjo.net\/site\/por-um-mundo-justo-melhor-fraterno-e-solidario\/#primaryimage"},"thumbnailUrl":"https:\/\/www.oarcanjo.net\/site\/wp-content\/uploads\/20231008-Canto01.png","articleSection":["Destaques","Not\u00edcias","V\u00eddeos"],"inLanguage":"pt-BR","potentialAction":[{"@type":"CommentAction","name":"Comment","target":["https:\/\/www.oarcanjo.net\/site\/por-um-mundo-justo-melhor-fraterno-e-solidario\/#respond"]}]},{"@type":"WebPage","@id":"https:\/\/www.oarcanjo.net\/site\/por-um-mundo-justo-melhor-fraterno-e-solidario\/","url":"https:\/\/www.oarcanjo.net\/site\/por-um-mundo-justo-melhor-fraterno-e-solidario\/","name":"Por um mundo justo, melhor, fraterno e solid\u00e1rio - O Arcanjo no ar","isPartOf":{"@id":"https:\/\/www.oarcanjo.net\/site\/#website"},"primaryImageOfPage":{"@id":"https:\/\/www.oarcanjo.net\/site\/por-um-mundo-justo-melhor-fraterno-e-solidario\/#primaryimage"},"image":{"@id":"https:\/\/www.oarcanjo.net\/site\/por-um-mundo-justo-melhor-fraterno-e-solidario\/#primaryimage"},"thumbnailUrl":"https:\/\/www.oarcanjo.net\/site\/wp-content\/uploads\/20231008-Canto01.png","datePublished":"2023-10-08T17:50:18+00:00","dateModified":"2023-10-08T18:21:17+00:00","breadcrumb":{"@id":"https:\/\/www.oarcanjo.net\/site\/por-um-mundo-justo-melhor-fraterno-e-solidario\/#breadcrumb"},"inLanguage":"pt-BR","potentialAction":[{"@type":"ReadAction","target":["https:\/\/www.oarcanjo.net\/site\/por-um-mundo-justo-melhor-fraterno-e-solidario\/"]}]},{"@type":"ImageObject","inLanguage":"pt-BR","@id":"https:\/\/www.oarcanjo.net\/site\/por-um-mundo-justo-melhor-fraterno-e-solidario\/#primaryimage","url":"https:\/\/www.oarcanjo.net\/site\/wp-content\/uploads\/20231008-Canto01.png","contentUrl":"https:\/\/www.oarcanjo.net\/site\/wp-content\/uploads\/20231008-Canto01.png","width":890,"height":493},{"@type":"BreadcrumbList","@id":"https:\/\/www.oarcanjo.net\/site\/por-um-mundo-justo-melhor-fraterno-e-solidario\/#breadcrumb","itemListElement":[{"@type":"ListItem","position":1,"name":"In\u00edcio","item":"https:\/\/www.oarcanjo.net\/site\/"},{"@type":"ListItem","position":2,"name":"Por um mundo justo, melhor, fraterno e solid\u00e1rio"}]},{"@type":"WebSite","@id":"https:\/\/www.oarcanjo.net\/site\/#website","url":"https:\/\/www.oarcanjo.net\/site\/","name":"O Arcanjo no ar","description":"Site da Par\u00f3quia S\u00e3o Miguel Arcanjo (Arquidiocese de SP)","publisher":{"@id":"https:\/\/www.oarcanjo.net\/site\/#organization"},"potentialAction":[{"@type":"SearchAction","target":{"@type":"EntryPoint","urlTemplate":"https:\/\/www.oarcanjo.net\/site\/?s={search_term_string}"},"query-input":{"@type":"PropertyValueSpecification","valueRequired":true,"valueName":"search_term_string"}}],"inLanguage":"pt-BR"},{"@type":"Organization","@id":"https:\/\/www.oarcanjo.net\/site\/#organization","name":"Par\u00f3quia S\u00e3o Miguel Arcanjo","url":"https:\/\/www.oarcanjo.net\/site\/","logo":{"@type":"ImageObject","inLanguage":"pt-BR","@id":"https:\/\/www.oarcanjo.net\/site\/#\/schema\/logo\/image\/","url":"https:\/\/www.oarcanjo.net\/site\/wp-content\/uploads\/LogoOArcanjo.png","contentUrl":"https:\/\/www.oarcanjo.net\/site\/wp-content\/uploads\/LogoOArcanjo.png","width":319,"height":99,"caption":"Par\u00f3quia S\u00e3o Miguel Arcanjo"},"image":{"@id":"https:\/\/www.oarcanjo.net\/site\/#\/schema\/logo\/image\/"},"sameAs":["https:\/\/www.facebook.com\/OArcanjoNoAr\/"]},{"@type":"Person","@id":"https:\/\/www.oarcanjo.net\/site\/#\/schema\/person\/f7024d007863202483a31326673a0838","name":"editor","sameAs":["http:\/\/www.oarcanjo.net"]}]}},"publishpress_future_action":{"enabled":false,"date":"2026-05-08 11:30:51","action":"category","newStatus":"draft","terms":[],"taxonomy":"category"},"publishpress_future_workflow_manual_trigger":{"enabledWorkflows":[]},"_links":{"self":[{"href":"https:\/\/www.oarcanjo.net\/site\/wp-json\/wp\/v2\/posts\/126800"}],"collection":[{"href":"https:\/\/www.oarcanjo.net\/site\/wp-json\/wp\/v2\/posts"}],"about":[{"href":"https:\/\/www.oarcanjo.net\/site\/wp-json\/wp\/v2\/types\/post"}],"author":[{"embeddable":true,"href":"https:\/\/www.oarcanjo.net\/site\/wp-json\/wp\/v2\/users\/5"}],"replies":[{"embeddable":true,"href":"https:\/\/www.oarcanjo.net\/site\/wp-json\/wp\/v2\/comments?post=126800"}],"version-history":[{"count":2,"href":"https:\/\/www.oarcanjo.net\/site\/wp-json\/wp\/v2\/posts\/126800\/revisions"}],"predecessor-version":[{"id":126803,"href":"https:\/\/www.oarcanjo.net\/site\/wp-json\/wp\/v2\/posts\/126800\/revisions\/126803"}],"wp:featuredmedia":[{"embeddable":true,"href":"https:\/\/www.oarcanjo.net\/site\/wp-json\/wp\/v2\/media\/126801"}],"wp:attachment":[{"href":"https:\/\/www.oarcanjo.net\/site\/wp-json\/wp\/v2\/media?parent=126800"}],"wp:term":[{"taxonomy":"category","embeddable":true,"href":"https:\/\/www.oarcanjo.net\/site\/wp-json\/wp\/v2\/categories?post=126800"},{"taxonomy":"post_tag","embeddable":true,"href":"https:\/\/www.oarcanjo.net\/site\/wp-json\/wp\/v2\/tags?post=126800"}],"curies":[{"name":"wp","href":"https:\/\/api.w.org\/{rel}","templated":true}]}}