
{"id":12686,"date":"2011-01-14T23:09:27","date_gmt":"2011-01-15T01:09:27","guid":{"rendered":"http:\/\/www.oarcanjo.net\/site\/?p=12686"},"modified":"2011-02-06T23:32:58","modified_gmt":"2011-02-07T01:32:58","slug":"caritas-lanca-campanha-de-apoio-as-vitimas-das-chuvas","status":"publish","type":"post","link":"https:\/\/www.oarcanjo.net\/site\/caritas-lanca-campanha-de-apoio-as-vitimas-das-chuvas\/","title":{"rendered":"C\u00e1ritas lan\u00e7a campanha de apoio \u00e0s v\u00edtimas das chuvas"},"content":{"rendered":"<p><iframe loading=\"lazy\" title=\"YouTube video player\" width=\"480\" height=\"390\" src=\"http:\/\/www.youtube.com\/embed\/IJDVgmhmyHg?rel=0\" frameborder=\"0\" allowfullscreen><\/iframe><\/p>\n<p>A C\u00e1ritas Arquidiocesana de S\u00e3o Paulo abriu uma conta banc\u00e1ria a fim de arrecadar doa\u00e7\u00f5es para as v\u00edtimas das chuvas que t\u00eam atingido a regi\u00e3o serrana no Estado do Rio de Janeiro nos \u00faltimos dias.<\/p>\n<p>Os dados para colaborar s\u00e3o:<\/p>\n<p><strong>Banco Ita\u00fa<br \/>\nAg. 7657, c\/c. 10.834-1<\/strong><\/p>\n<p>O cardeal arcebispo de S\u00e3o Paulo, D. Odilo Scherer, divulgou carta de solidariedade em que afirma que as imagens do desastre natural &#8220;s\u00e3o impressionantes e falam por si mesmas.  Al\u00e9m das centenas de pessoas que perderam a vida, muit\u00edssimas outras est\u00e3o feridas ou perderam tudo.&#8221; Por isso, ele pede: &#8220;fa\u00e7a sua doa\u00e7\u00e3o generosa e divulgue a conta tamb\u00e9m entre os amigos e pessoas de seus contatos, encorajando-os a fazerem sua doa\u00e7\u00e3o solid\u00e1ria.&#8221;<\/p>\n<p>As colabora\u00e7\u00f5es ser\u00e3o encaminhadas \u00e0s C\u00e1ritas das dioceses de Petr\u00f3polis e Nova Friburgo, localizadas nas \u00e1reas atingidas.<\/p>\n<p>Em entrevista por telefone ao site da Arquidiocese de S\u00e3o Paulo, o bispo de Petr\u00f3polis, D. Filippo Santoro afirma que a regi\u00e3o est\u00e1 devastada, &#8220;\u00e9 como se fosse um terremoto&#8221;. Ele visitou Teres\u00f3polis e o Vale do Cuiab\u00e1 e disse que as igrejas est\u00e3o abertas para acolher os desabrigados e desalojados num grande mutir\u00e3o de solidariedade.<\/p>\n<p><strong>CNBB tamb\u00e9m se solidariza<\/strong><\/p>\n<p>A Confer\u00eancia Nacional dos Bispos do Brasil manifestou na quinta-feira, dia 13, solidariedade \u00e0s v\u00edtimas das v\u00edtimas das chuvas no Rio. Em nota oficial, a entidade conclama a sociedade a intensificar as doa\u00e7\u00f5es. A CNBB, em conjunto com a C\u00e1ritas Brasileira, lan\u00e7ou a campanha <strong>SOS Sudesde<\/strong>.\u00a0O presidente da C\u00e1ritas, dom Dem\u00e9trio Valentini sugere que no dia 30 de janeiro todas as dioceses fa\u00e7am uma coleta em favor das v\u00edtimas das chuvas.<\/p>\n<div id=\"themify_builder_content-12686\" data-postid=\"12686\" class=\"themify_builder_content themify_builder_content-12686 themify_builder themify_builder_front\">\n\t<\/div>\n<!-- \/themify_builder_content -->","protected":false},"excerpt":{"rendered":"<p>A C\u00e1ritas Arquidiocesana de S\u00e3o Paulo abriu uma conta banc\u00e1ria a fim de arrecadar doa\u00e7\u00f5es para as v\u00edtimas das chuvas que t\u00eam atingido a regi\u00e3o serrana no Estado do Rio de Janeiro nos \u00faltimos dias. Os dados para colaborar s\u00e3o: Banco Ita\u00fa Ag. 7657, c\/c. 10.834-1 O cardeal arcebispo de S\u00e3o Paulo, D. Odilo Scherer, [&hellip;]<\/p>\n","protected":false},"author":5,"featured_media":0,"comment_status":"open","ping_status":"open","sticky":false,"template":"","format":"standard","meta":{"ngg_post_thumbnail":0,"footnotes":""},"categories":[3,8,280],"tags":[90,132,1802,1805,1806,1804,1803,1808,1807,133],"yoast_head":"<!-- This site is optimized with the Yoast SEO plugin v23.5 - https:\/\/yoast.com\/wordpress\/plugins\/seo\/ -->\n<title>C\u00e1ritas lan\u00e7a campanha de apoio \u00e0s v\u00edtimas das chuvas - O Arcanjo no ar<\/title>\n<meta name=\"robots\" content=\"index, follow, max-snippet:-1, max-image-preview:large, max-video-preview:-1\" \/>\n<link rel=\"canonical\" href=\"https:\/\/www.oarcanjo.net\/site\/caritas-lanca-campanha-de-apoio-as-vitimas-das-chuvas\/\" \/>\n<meta property=\"og:locale\" content=\"pt_BR\" \/>\n<meta property=\"og:type\" content=\"article\" \/>\n<meta property=\"og:title\" content=\"C\u00e1ritas lan\u00e7a campanha de apoio \u00e0s v\u00edtimas das chuvas - O Arcanjo no ar\" \/>\n<meta property=\"og:description\" content=\"A C\u00e1ritas Arquidiocesana de S\u00e3o Paulo abriu uma conta banc\u00e1ria a fim de arrecadar doa\u00e7\u00f5es para as v\u00edtimas das chuvas que t\u00eam atingido a regi\u00e3o serrana no Estado do Rio de Janeiro nos \u00faltimos dias. Os dados para colaborar s\u00e3o: Banco Ita\u00fa Ag. 7657, c\/c. 10.834-1 O cardeal arcebispo de S\u00e3o Paulo, D. Odilo Scherer, [&hellip;]\" \/>\n<meta property=\"og:url\" content=\"https:\/\/www.oarcanjo.net\/site\/caritas-lanca-campanha-de-apoio-as-vitimas-das-chuvas\/\" \/>\n<meta property=\"og:site_name\" content=\"O Arcanjo no ar\" \/>\n<meta property=\"article:publisher\" content=\"https:\/\/www.facebook.com\/OArcanjoNoAr\/\" \/>\n<meta property=\"article:published_time\" content=\"2011-01-15T01:09:27+00:00\" \/>\n<meta property=\"article:modified_time\" content=\"2011-02-07T01:32:58+00:00\" \/>\n<meta property=\"og:image\" content=\"https:\/\/www.oarcanjo.net\/site\/wp-content\/uploads\/logo-o-arcanjo-no-ar-facebook.png\" \/>\n\t<meta property=\"og:image:width\" content=\"300\" \/>\n\t<meta property=\"og:image:height\" content=\"300\" \/>\n\t<meta property=\"og:image:type\" content=\"image\/png\" \/>\n<meta name=\"author\" content=\"editor\" \/>\n<meta name=\"twitter:card\" content=\"summary_large_image\" \/>\n<meta name=\"twitter:label1\" content=\"Escrito por\" \/>\n\t<meta name=\"twitter:data1\" content=\"editor\" \/>\n\t<meta name=\"twitter:label2\" content=\"Est. tempo de leitura\" \/>\n\t<meta name=\"twitter:data2\" content=\"2 minutos\" \/>\n<script type=\"application\/ld+json\" class=\"yoast-schema-graph\">{\"@context\":\"https:\/\/schema.org\",\"@graph\":[{\"@type\":\"Article\",\"@id\":\"https:\/\/www.oarcanjo.net\/site\/caritas-lanca-campanha-de-apoio-as-vitimas-das-chuvas\/#article\",\"isPartOf\":{\"@id\":\"https:\/\/www.oarcanjo.net\/site\/caritas-lanca-campanha-de-apoio-as-vitimas-das-chuvas\/\"},\"author\":{\"name\":\"editor\",\"@id\":\"https:\/\/www.oarcanjo.net\/site\/#\/schema\/person\/f7024d007863202483a31326673a0838\"},\"headline\":\"C\u00e1ritas lan\u00e7a campanha de apoio \u00e0s v\u00edtimas das chuvas\",\"datePublished\":\"2011-01-15T01:09:27+00:00\",\"dateModified\":\"2011-02-07T01:32:58+00:00\",\"mainEntityOfPage\":{\"@id\":\"https:\/\/www.oarcanjo.net\/site\/caritas-lanca-campanha-de-apoio-as-vitimas-das-chuvas\/\"},\"wordCount\":315,\"commentCount\":1,\"publisher\":{\"@id\":\"https:\/\/www.oarcanjo.net\/site\/#organization\"},\"keywords\":[\"C\u00e1ritas\",\"chuva\",\"desabrigados\",\"Friburgo\",\"Petr\u00f3polis\",\"regi\u00e3o serrana\",\"Rio\",\"solidarieade\",\"Teres\u00f3polis\",\"trag\u00e9dia\"],\"articleSection\":[\"Destaques\",\"Not\u00edcias\",\"V\u00eddeos\"],\"inLanguage\":\"pt-BR\",\"potentialAction\":[{\"@type\":\"CommentAction\",\"name\":\"Comment\",\"target\":[\"https:\/\/www.oarcanjo.net\/site\/caritas-lanca-campanha-de-apoio-as-vitimas-das-chuvas\/#respond\"]}]},{\"@type\":\"WebPage\",\"@id\":\"https:\/\/www.oarcanjo.net\/site\/caritas-lanca-campanha-de-apoio-as-vitimas-das-chuvas\/\",\"url\":\"https:\/\/www.oarcanjo.net\/site\/caritas-lanca-campanha-de-apoio-as-vitimas-das-chuvas\/\",\"name\":\"C\u00e1ritas lan\u00e7a campanha de apoio \u00e0s v\u00edtimas das chuvas - O Arcanjo no ar\",\"isPartOf\":{\"@id\":\"https:\/\/www.oarcanjo.net\/site\/#website\"},\"datePublished\":\"2011-01-15T01:09:27+00:00\",\"dateModified\":\"2011-02-07T01:32:58+00:00\",\"breadcrumb\":{\"@id\":\"https:\/\/www.oarcanjo.net\/site\/caritas-lanca-campanha-de-apoio-as-vitimas-das-chuvas\/#breadcrumb\"},\"inLanguage\":\"pt-BR\",\"potentialAction\":[{\"@type\":\"ReadAction\",\"target\":[\"https:\/\/www.oarcanjo.net\/site\/caritas-lanca-campanha-de-apoio-as-vitimas-das-chuvas\/\"]}]},{\"@type\":\"BreadcrumbList\",\"@id\":\"https:\/\/www.oarcanjo.net\/site\/caritas-lanca-campanha-de-apoio-as-vitimas-das-chuvas\/#breadcrumb\",\"itemListElement\":[{\"@type\":\"ListItem\",\"position\":1,\"name\":\"In\u00edcio\",\"item\":\"https:\/\/www.oarcanjo.net\/site\/\"},{\"@type\":\"ListItem\",\"position\":2,\"name\":\"C\u00e1ritas lan\u00e7a campanha de apoio \u00e0s v\u00edtimas das chuvas\"}]},{\"@type\":\"WebSite\",\"@id\":\"https:\/\/www.oarcanjo.net\/site\/#website\",\"url\":\"https:\/\/www.oarcanjo.net\/site\/\",\"name\":\"O Arcanjo no ar\",\"description\":\"Site da Par\u00f3quia S\u00e3o Miguel Arcanjo (Arquidiocese de SP)\",\"publisher\":{\"@id\":\"https:\/\/www.oarcanjo.net\/site\/#organization\"},\"potentialAction\":[{\"@type\":\"SearchAction\",\"target\":{\"@type\":\"EntryPoint\",\"urlTemplate\":\"https:\/\/www.oarcanjo.net\/site\/?s={search_term_string}\"},\"query-input\":{\"@type\":\"PropertyValueSpecification\",\"valueRequired\":true,\"valueName\":\"search_term_string\"}}],\"inLanguage\":\"pt-BR\"},{\"@type\":\"Organization\",\"@id\":\"https:\/\/www.oarcanjo.net\/site\/#organization\",\"name\":\"Par\u00f3quia S\u00e3o Miguel Arcanjo\",\"url\":\"https:\/\/www.oarcanjo.net\/site\/\",\"logo\":{\"@type\":\"ImageObject\",\"inLanguage\":\"pt-BR\",\"@id\":\"https:\/\/www.oarcanjo.net\/site\/#\/schema\/logo\/image\/\",\"url\":\"https:\/\/www.oarcanjo.net\/site\/wp-content\/uploads\/LogoOArcanjo.png\",\"contentUrl\":\"https:\/\/www.oarcanjo.net\/site\/wp-content\/uploads\/LogoOArcanjo.png\",\"width\":319,\"height\":99,\"caption\":\"Par\u00f3quia S\u00e3o Miguel Arcanjo\"},\"image\":{\"@id\":\"https:\/\/www.oarcanjo.net\/site\/#\/schema\/logo\/image\/\"},\"sameAs\":[\"https:\/\/www.facebook.com\/OArcanjoNoAr\/\"]},{\"@type\":\"Person\",\"@id\":\"https:\/\/www.oarcanjo.net\/site\/#\/schema\/person\/f7024d007863202483a31326673a0838\",\"name\":\"editor\",\"sameAs\":[\"http:\/\/www.oarcanjo.net\"]}]}<\/script>\n<!-- \/ Yoast SEO plugin. -->","yoast_head_json":{"title":"C\u00e1ritas lan\u00e7a campanha de apoio \u00e0s v\u00edtimas das chuvas - O Arcanjo no ar","robots":{"index":"index","follow":"follow","max-snippet":"max-snippet:-1","max-image-preview":"max-image-preview:large","max-video-preview":"max-video-preview:-1"},"canonical":"https:\/\/www.oarcanjo.net\/site\/caritas-lanca-campanha-de-apoio-as-vitimas-das-chuvas\/","og_locale":"pt_BR","og_type":"article","og_title":"C\u00e1ritas lan\u00e7a campanha de apoio \u00e0s v\u00edtimas das chuvas - O Arcanjo no ar","og_description":"A C\u00e1ritas Arquidiocesana de S\u00e3o Paulo abriu uma conta banc\u00e1ria a fim de arrecadar doa\u00e7\u00f5es para as v\u00edtimas das chuvas que t\u00eam atingido a regi\u00e3o serrana no Estado do Rio de Janeiro nos \u00faltimos dias. Os dados para colaborar s\u00e3o: Banco Ita\u00fa Ag. 7657, c\/c. 10.834-1 O cardeal arcebispo de S\u00e3o Paulo, D. Odilo Scherer, [&hellip;]","og_url":"https:\/\/www.oarcanjo.net\/site\/caritas-lanca-campanha-de-apoio-as-vitimas-das-chuvas\/","og_site_name":"O Arcanjo no ar","article_publisher":"https:\/\/www.facebook.com\/OArcanjoNoAr\/","article_published_time":"2011-01-15T01:09:27+00:00","article_modified_time":"2011-02-07T01:32:58+00:00","og_image":[{"width":300,"height":300,"url":"https:\/\/www.oarcanjo.net\/site\/wp-content\/uploads\/logo-o-arcanjo-no-ar-facebook.png","type":"image\/png"}],"author":"editor","twitter_card":"summary_large_image","twitter_misc":{"Escrito por":"editor","Est. tempo de leitura":"2 minutos"},"schema":{"@context":"https:\/\/schema.org","@graph":[{"@type":"Article","@id":"https:\/\/www.oarcanjo.net\/site\/caritas-lanca-campanha-de-apoio-as-vitimas-das-chuvas\/#article","isPartOf":{"@id":"https:\/\/www.oarcanjo.net\/site\/caritas-lanca-campanha-de-apoio-as-vitimas-das-chuvas\/"},"author":{"name":"editor","@id":"https:\/\/www.oarcanjo.net\/site\/#\/schema\/person\/f7024d007863202483a31326673a0838"},"headline":"C\u00e1ritas lan\u00e7a campanha de apoio \u00e0s v\u00edtimas das chuvas","datePublished":"2011-01-15T01:09:27+00:00","dateModified":"2011-02-07T01:32:58+00:00","mainEntityOfPage":{"@id":"https:\/\/www.oarcanjo.net\/site\/caritas-lanca-campanha-de-apoio-as-vitimas-das-chuvas\/"},"wordCount":315,"commentCount":1,"publisher":{"@id":"https:\/\/www.oarcanjo.net\/site\/#organization"},"keywords":["C\u00e1ritas","chuva","desabrigados","Friburgo","Petr\u00f3polis","regi\u00e3o serrana","Rio","solidarieade","Teres\u00f3polis","trag\u00e9dia"],"articleSection":["Destaques","Not\u00edcias","V\u00eddeos"],"inLanguage":"pt-BR","potentialAction":[{"@type":"CommentAction","name":"Comment","target":["https:\/\/www.oarcanjo.net\/site\/caritas-lanca-campanha-de-apoio-as-vitimas-das-chuvas\/#respond"]}]},{"@type":"WebPage","@id":"https:\/\/www.oarcanjo.net\/site\/caritas-lanca-campanha-de-apoio-as-vitimas-das-chuvas\/","url":"https:\/\/www.oarcanjo.net\/site\/caritas-lanca-campanha-de-apoio-as-vitimas-das-chuvas\/","name":"C\u00e1ritas lan\u00e7a campanha de apoio \u00e0s v\u00edtimas das chuvas - O Arcanjo no ar","isPartOf":{"@id":"https:\/\/www.oarcanjo.net\/site\/#website"},"datePublished":"2011-01-15T01:09:27+00:00","dateModified":"2011-02-07T01:32:58+00:00","breadcrumb":{"@id":"https:\/\/www.oarcanjo.net\/site\/caritas-lanca-campanha-de-apoio-as-vitimas-das-chuvas\/#breadcrumb"},"inLanguage":"pt-BR","potentialAction":[{"@type":"ReadAction","target":["https:\/\/www.oarcanjo.net\/site\/caritas-lanca-campanha-de-apoio-as-vitimas-das-chuvas\/"]}]},{"@type":"BreadcrumbList","@id":"https:\/\/www.oarcanjo.net\/site\/caritas-lanca-campanha-de-apoio-as-vitimas-das-chuvas\/#breadcrumb","itemListElement":[{"@type":"ListItem","position":1,"name":"In\u00edcio","item":"https:\/\/www.oarcanjo.net\/site\/"},{"@type":"ListItem","position":2,"name":"C\u00e1ritas lan\u00e7a campanha de apoio \u00e0s v\u00edtimas das chuvas"}]},{"@type":"WebSite","@id":"https:\/\/www.oarcanjo.net\/site\/#website","url":"https:\/\/www.oarcanjo.net\/site\/","name":"O Arcanjo no ar","description":"Site da Par\u00f3quia S\u00e3o Miguel Arcanjo (Arquidiocese de SP)","publisher":{"@id":"https:\/\/www.oarcanjo.net\/site\/#organization"},"potentialAction":[{"@type":"SearchAction","target":{"@type":"EntryPoint","urlTemplate":"https:\/\/www.oarcanjo.net\/site\/?s={search_term_string}"},"query-input":{"@type":"PropertyValueSpecification","valueRequired":true,"valueName":"search_term_string"}}],"inLanguage":"pt-BR"},{"@type":"Organization","@id":"https:\/\/www.oarcanjo.net\/site\/#organization","name":"Par\u00f3quia S\u00e3o Miguel Arcanjo","url":"https:\/\/www.oarcanjo.net\/site\/","logo":{"@type":"ImageObject","inLanguage":"pt-BR","@id":"https:\/\/www.oarcanjo.net\/site\/#\/schema\/logo\/image\/","url":"https:\/\/www.oarcanjo.net\/site\/wp-content\/uploads\/LogoOArcanjo.png","contentUrl":"https:\/\/www.oarcanjo.net\/site\/wp-content\/uploads\/LogoOArcanjo.png","width":319,"height":99,"caption":"Par\u00f3quia S\u00e3o Miguel Arcanjo"},"image":{"@id":"https:\/\/www.oarcanjo.net\/site\/#\/schema\/logo\/image\/"},"sameAs":["https:\/\/www.facebook.com\/OArcanjoNoAr\/"]},{"@type":"Person","@id":"https:\/\/www.oarcanjo.net\/site\/#\/schema\/person\/f7024d007863202483a31326673a0838","name":"editor","sameAs":["http:\/\/www.oarcanjo.net"]}]}},"publishpress_future_action":{"enabled":false,"date":"2026-05-09 01:50:04","action":"category","newStatus":"draft","terms":[],"taxonomy":"category"},"publishpress_future_workflow_manual_trigger":{"enabledWorkflows":[]},"_links":{"self":[{"href":"https:\/\/www.oarcanjo.net\/site\/wp-json\/wp\/v2\/posts\/12686"}],"collection":[{"href":"https:\/\/www.oarcanjo.net\/site\/wp-json\/wp\/v2\/posts"}],"about":[{"href":"https:\/\/www.oarcanjo.net\/site\/wp-json\/wp\/v2\/types\/post"}],"author":[{"embeddable":true,"href":"https:\/\/www.oarcanjo.net\/site\/wp-json\/wp\/v2\/users\/5"}],"replies":[{"embeddable":true,"href":"https:\/\/www.oarcanjo.net\/site\/wp-json\/wp\/v2\/comments?post=12686"}],"version-history":[{"count":0,"href":"https:\/\/www.oarcanjo.net\/site\/wp-json\/wp\/v2\/posts\/12686\/revisions"}],"wp:attachment":[{"href":"https:\/\/www.oarcanjo.net\/site\/wp-json\/wp\/v2\/media?parent=12686"}],"wp:term":[{"taxonomy":"category","embeddable":true,"href":"https:\/\/www.oarcanjo.net\/site\/wp-json\/wp\/v2\/categories?post=12686"},{"taxonomy":"post_tag","embeddable":true,"href":"https:\/\/www.oarcanjo.net\/site\/wp-json\/wp\/v2\/tags?post=12686"}],"curies":[{"name":"wp","href":"https:\/\/api.w.org\/{rel}","templated":true}]}}