
{"id":12688,"date":"2011-01-14T22:10:29","date_gmt":"2011-01-15T00:10:29","guid":{"rendered":"http:\/\/www.oarcanjo.net\/site\/?p=12688"},"modified":"2011-01-14T23:21:38","modified_gmt":"2011-01-15T01:21:38","slug":"nota-da-cnbb-de-apoio-as-vitimas-das-chuvas-no-rj","status":"publish","type":"post","link":"https:\/\/www.oarcanjo.net\/site\/nota-da-cnbb-de-apoio-as-vitimas-das-chuvas-no-rj\/","title":{"rendered":"Nota da CNBB de solidariedade \u00e0s v\u00edtimas das chuvas no RJ"},"content":{"rendered":"<p><em>\u201cSomos afligidos de todos os lados, mas n\u00e3o vencidos pela ang\u00fastia; postos em apuros, mas n\u00e3o desesperan\u00e7ados; derrubados, mas n\u00e3o aniquilados\u201d (2Cor 4,8-9).<\/em><\/p>\n<p>O Brasil acompanha com dor, mais uma vez, as trag\u00e9dias causadas pelas chuvas em v\u00e1rios estados do pa\u00eds, neste in\u00edcio de ano, de maneira especial, na regi\u00e3o serrana do estado do Rio de Janeiro, Sul de Minas, Esp\u00edrito Santo e S\u00e3o Paulo. Causa-nos tristeza profunda o crescente n\u00famero de mortos, bem como dos desabrigados que perderam seus entes queridos e assistiram \u00e0 destrui\u00e7\u00e3o inclemente de suas casas e de seus bens.<\/p>\n<p>\u00c0s v\u00edtimas desta dram\u00e1tica situa\u00e7\u00e3o a CNBB vem manifestar sua solidariedade, ao mesmo tempo em que conclama a sociedade brasileira a intensificar suas doa\u00e7\u00f5es, a fim de aliviar a dor e reavivar a esperan\u00e7a na certeza da supera\u00e7\u00e3o de tamanha trag\u00e9dia. Este gesto ser\u00e1 facilitado com a campanha SOS SUDESTE, que a CNBB, juntamente com a C\u00e1ritas Brasileira, acaba de lan\u00e7ar apresentando a Conta 1490-8, Ag\u00eancia 1041 &#8211; OP. 003 \u2013 Caixa Econ\u00f4mica Federal e tamb\u00e9m a Conta 32.000-5, Ag\u00eancia 3475-4, Banco do Brasil, para doa\u00e7\u00f5es.<\/p>\n<p>Muitas destas trag\u00e9dias poderiam ser evitadas ou, pelo menos, minimizadas se a\u00e7\u00f5es preventivas fossem tomadas, considerando o hist\u00f3rico de regi\u00f5es que, ano ap\u00f3s ano, vivem o mesmo drama. A CNBB confia, portanto, que as autoridades competentes se comprometam eficazmente na busca de solu\u00e7\u00e3o para que cat\u00e1strofes como estas a que assistimos n\u00e3o se repitam, vitimando milhares de pessoas.<\/p>\n<p>Elevamos a Deus nossas preces pelos que morreram e por todos que sofrem com esta trag\u00e9dia. Que Nossa Senhora Aparecida, padroeira do Brasil, venha em socorro de seus filhos e filhas.<\/p>\n<p>Bras\u00edlia, 13 de janeiro de 2011<\/p>\n<p>Dom Geraldo Lyrio Rocha<br \/>\nArcebispo de Mariana<br \/>\nPresidente da CNBB<\/p>\n<p>Dom Luiz Soares Vieira<br \/>\nArcebispo de Manaus<br \/>\nVice-presidente da CNBB<\/p>\n<p>Dom Dimas Lara Barbosa<br \/>\nBispo Auxiliar do Rio de Janeiro<br \/>\nSecret\u00e1rio Geral da CNBB<\/p>\n<div id=\"themify_builder_content-12688\" data-postid=\"12688\" class=\"themify_builder_content themify_builder_content-12688 themify_builder themify_builder_front\">\n\t<\/div>\n<!-- \/themify_builder_content -->","protected":false},"excerpt":{"rendered":"<p>\u201cSomos afligidos de todos os lados, mas n\u00e3o vencidos pela ang\u00fastia; postos em apuros, mas n\u00e3o desesperan\u00e7ados; derrubados, mas n\u00e3o aniquilados\u201d (2Cor 4,8-9). O Brasil acompanha com dor, mais uma vez, as trag\u00e9dias causadas pelas chuvas em v\u00e1rios estados do pa\u00eds, neste in\u00edcio de ano, de maneira especial, na regi\u00e3o serrana do estado do Rio [&hellip;]<\/p>\n","protected":false},"author":5,"featured_media":0,"comment_status":"open","ping_status":"open","sticky":false,"template":"","format":"standard","meta":{"ngg_post_thumbnail":0,"footnotes":""},"categories":[8],"tags":[664,63,725,1806,1803,88,1807,133],"yoast_head":"<!-- This site is optimized with the Yoast SEO plugin v23.5 - https:\/\/yoast.com\/wordpress\/plugins\/seo\/ -->\n<title>Nota da CNBB de solidariedade \u00e0s v\u00edtimas das chuvas no RJ - O Arcanjo no ar<\/title>\n<meta name=\"robots\" content=\"index, follow, max-snippet:-1, max-image-preview:large, max-video-preview:-1\" \/>\n<link rel=\"canonical\" href=\"https:\/\/www.oarcanjo.net\/site\/nota-da-cnbb-de-apoio-as-vitimas-das-chuvas-no-rj\/\" \/>\n<meta property=\"og:locale\" content=\"pt_BR\" \/>\n<meta property=\"og:type\" content=\"article\" \/>\n<meta property=\"og:title\" content=\"Nota da CNBB de solidariedade \u00e0s v\u00edtimas das chuvas no RJ - O Arcanjo no ar\" \/>\n<meta property=\"og:description\" content=\"\u201cSomos afligidos de todos os lados, mas n\u00e3o vencidos pela ang\u00fastia; postos em apuros, mas n\u00e3o desesperan\u00e7ados; derrubados, mas n\u00e3o aniquilados\u201d (2Cor 4,8-9). O Brasil acompanha com dor, mais uma vez, as trag\u00e9dias causadas pelas chuvas em v\u00e1rios estados do pa\u00eds, neste in\u00edcio de ano, de maneira especial, na regi\u00e3o serrana do estado do Rio [&hellip;]\" \/>\n<meta property=\"og:url\" content=\"https:\/\/www.oarcanjo.net\/site\/nota-da-cnbb-de-apoio-as-vitimas-das-chuvas-no-rj\/\" \/>\n<meta property=\"og:site_name\" content=\"O Arcanjo no ar\" \/>\n<meta property=\"article:publisher\" content=\"https:\/\/www.facebook.com\/OArcanjoNoAr\/\" \/>\n<meta property=\"article:published_time\" content=\"2011-01-15T00:10:29+00:00\" \/>\n<meta property=\"article:modified_time\" content=\"2011-01-15T01:21:38+00:00\" \/>\n<meta property=\"og:image\" content=\"https:\/\/www.oarcanjo.net\/site\/wp-content\/uploads\/logo-o-arcanjo-no-ar-facebook.png\" \/>\n\t<meta property=\"og:image:width\" content=\"300\" \/>\n\t<meta property=\"og:image:height\" content=\"300\" \/>\n\t<meta property=\"og:image:type\" content=\"image\/png\" \/>\n<meta name=\"author\" content=\"editor\" \/>\n<meta name=\"twitter:card\" content=\"summary_large_image\" \/>\n<meta name=\"twitter:label1\" content=\"Escrito por\" \/>\n\t<meta name=\"twitter:data1\" content=\"editor\" \/>\n\t<meta name=\"twitter:label2\" content=\"Est. tempo de leitura\" \/>\n\t<meta name=\"twitter:data2\" content=\"2 minutos\" \/>\n<script type=\"application\/ld+json\" class=\"yoast-schema-graph\">{\"@context\":\"https:\/\/schema.org\",\"@graph\":[{\"@type\":\"Article\",\"@id\":\"https:\/\/www.oarcanjo.net\/site\/nota-da-cnbb-de-apoio-as-vitimas-das-chuvas-no-rj\/#article\",\"isPartOf\":{\"@id\":\"https:\/\/www.oarcanjo.net\/site\/nota-da-cnbb-de-apoio-as-vitimas-das-chuvas-no-rj\/\"},\"author\":{\"name\":\"editor\",\"@id\":\"https:\/\/www.oarcanjo.net\/site\/#\/schema\/person\/f7024d007863202483a31326673a0838\"},\"headline\":\"Nota da CNBB de solidariedade \u00e0s v\u00edtimas das chuvas no RJ\",\"datePublished\":\"2011-01-15T00:10:29+00:00\",\"dateModified\":\"2011-01-15T01:21:38+00:00\",\"mainEntityOfPage\":{\"@id\":\"https:\/\/www.oarcanjo.net\/site\/nota-da-cnbb-de-apoio-as-vitimas-das-chuvas-no-rj\/\"},\"wordCount\":354,\"commentCount\":0,\"publisher\":{\"@id\":\"https:\/\/www.oarcanjo.net\/site\/#organization\"},\"keywords\":[\"chuvas\",\"CNBB\",\"enchentes\",\"Petr\u00f3polis\",\"Rio\",\"solidariedade\",\"Teres\u00f3polis\",\"trag\u00e9dia\"],\"articleSection\":[\"Not\u00edcias\"],\"inLanguage\":\"pt-BR\",\"potentialAction\":[{\"@type\":\"CommentAction\",\"name\":\"Comment\",\"target\":[\"https:\/\/www.oarcanjo.net\/site\/nota-da-cnbb-de-apoio-as-vitimas-das-chuvas-no-rj\/#respond\"]}]},{\"@type\":\"WebPage\",\"@id\":\"https:\/\/www.oarcanjo.net\/site\/nota-da-cnbb-de-apoio-as-vitimas-das-chuvas-no-rj\/\",\"url\":\"https:\/\/www.oarcanjo.net\/site\/nota-da-cnbb-de-apoio-as-vitimas-das-chuvas-no-rj\/\",\"name\":\"Nota da CNBB de solidariedade \u00e0s v\u00edtimas das chuvas no RJ - O Arcanjo no ar\",\"isPartOf\":{\"@id\":\"https:\/\/www.oarcanjo.net\/site\/#website\"},\"datePublished\":\"2011-01-15T00:10:29+00:00\",\"dateModified\":\"2011-01-15T01:21:38+00:00\",\"breadcrumb\":{\"@id\":\"https:\/\/www.oarcanjo.net\/site\/nota-da-cnbb-de-apoio-as-vitimas-das-chuvas-no-rj\/#breadcrumb\"},\"inLanguage\":\"pt-BR\",\"potentialAction\":[{\"@type\":\"ReadAction\",\"target\":[\"https:\/\/www.oarcanjo.net\/site\/nota-da-cnbb-de-apoio-as-vitimas-das-chuvas-no-rj\/\"]}]},{\"@type\":\"BreadcrumbList\",\"@id\":\"https:\/\/www.oarcanjo.net\/site\/nota-da-cnbb-de-apoio-as-vitimas-das-chuvas-no-rj\/#breadcrumb\",\"itemListElement\":[{\"@type\":\"ListItem\",\"position\":1,\"name\":\"In\u00edcio\",\"item\":\"https:\/\/www.oarcanjo.net\/site\/\"},{\"@type\":\"ListItem\",\"position\":2,\"name\":\"Nota da CNBB de solidariedade \u00e0s v\u00edtimas das chuvas no RJ\"}]},{\"@type\":\"WebSite\",\"@id\":\"https:\/\/www.oarcanjo.net\/site\/#website\",\"url\":\"https:\/\/www.oarcanjo.net\/site\/\",\"name\":\"O Arcanjo no ar\",\"description\":\"Site da Par\u00f3quia S\u00e3o Miguel Arcanjo (Arquidiocese de SP)\",\"publisher\":{\"@id\":\"https:\/\/www.oarcanjo.net\/site\/#organization\"},\"potentialAction\":[{\"@type\":\"SearchAction\",\"target\":{\"@type\":\"EntryPoint\",\"urlTemplate\":\"https:\/\/www.oarcanjo.net\/site\/?s={search_term_string}\"},\"query-input\":{\"@type\":\"PropertyValueSpecification\",\"valueRequired\":true,\"valueName\":\"search_term_string\"}}],\"inLanguage\":\"pt-BR\"},{\"@type\":\"Organization\",\"@id\":\"https:\/\/www.oarcanjo.net\/site\/#organization\",\"name\":\"Par\u00f3quia S\u00e3o Miguel Arcanjo\",\"url\":\"https:\/\/www.oarcanjo.net\/site\/\",\"logo\":{\"@type\":\"ImageObject\",\"inLanguage\":\"pt-BR\",\"@id\":\"https:\/\/www.oarcanjo.net\/site\/#\/schema\/logo\/image\/\",\"url\":\"https:\/\/www.oarcanjo.net\/site\/wp-content\/uploads\/LogoOArcanjo.png\",\"contentUrl\":\"https:\/\/www.oarcanjo.net\/site\/wp-content\/uploads\/LogoOArcanjo.png\",\"width\":319,\"height\":99,\"caption\":\"Par\u00f3quia S\u00e3o Miguel Arcanjo\"},\"image\":{\"@id\":\"https:\/\/www.oarcanjo.net\/site\/#\/schema\/logo\/image\/\"},\"sameAs\":[\"https:\/\/www.facebook.com\/OArcanjoNoAr\/\"]},{\"@type\":\"Person\",\"@id\":\"https:\/\/www.oarcanjo.net\/site\/#\/schema\/person\/f7024d007863202483a31326673a0838\",\"name\":\"editor\",\"sameAs\":[\"http:\/\/www.oarcanjo.net\"]}]}<\/script>\n<!-- \/ Yoast SEO plugin. -->","yoast_head_json":{"title":"Nota da CNBB de solidariedade \u00e0s v\u00edtimas das chuvas no RJ - O Arcanjo no ar","robots":{"index":"index","follow":"follow","max-snippet":"max-snippet:-1","max-image-preview":"max-image-preview:large","max-video-preview":"max-video-preview:-1"},"canonical":"https:\/\/www.oarcanjo.net\/site\/nota-da-cnbb-de-apoio-as-vitimas-das-chuvas-no-rj\/","og_locale":"pt_BR","og_type":"article","og_title":"Nota da CNBB de solidariedade \u00e0s v\u00edtimas das chuvas no RJ - O Arcanjo no ar","og_description":"\u201cSomos afligidos de todos os lados, mas n\u00e3o vencidos pela ang\u00fastia; postos em apuros, mas n\u00e3o desesperan\u00e7ados; derrubados, mas n\u00e3o aniquilados\u201d (2Cor 4,8-9). O Brasil acompanha com dor, mais uma vez, as trag\u00e9dias causadas pelas chuvas em v\u00e1rios estados do pa\u00eds, neste in\u00edcio de ano, de maneira especial, na regi\u00e3o serrana do estado do Rio [&hellip;]","og_url":"https:\/\/www.oarcanjo.net\/site\/nota-da-cnbb-de-apoio-as-vitimas-das-chuvas-no-rj\/","og_site_name":"O Arcanjo no ar","article_publisher":"https:\/\/www.facebook.com\/OArcanjoNoAr\/","article_published_time":"2011-01-15T00:10:29+00:00","article_modified_time":"2011-01-15T01:21:38+00:00","og_image":[{"width":300,"height":300,"url":"https:\/\/www.oarcanjo.net\/site\/wp-content\/uploads\/logo-o-arcanjo-no-ar-facebook.png","type":"image\/png"}],"author":"editor","twitter_card":"summary_large_image","twitter_misc":{"Escrito por":"editor","Est. tempo de leitura":"2 minutos"},"schema":{"@context":"https:\/\/schema.org","@graph":[{"@type":"Article","@id":"https:\/\/www.oarcanjo.net\/site\/nota-da-cnbb-de-apoio-as-vitimas-das-chuvas-no-rj\/#article","isPartOf":{"@id":"https:\/\/www.oarcanjo.net\/site\/nota-da-cnbb-de-apoio-as-vitimas-das-chuvas-no-rj\/"},"author":{"name":"editor","@id":"https:\/\/www.oarcanjo.net\/site\/#\/schema\/person\/f7024d007863202483a31326673a0838"},"headline":"Nota da CNBB de solidariedade \u00e0s v\u00edtimas das chuvas no RJ","datePublished":"2011-01-15T00:10:29+00:00","dateModified":"2011-01-15T01:21:38+00:00","mainEntityOfPage":{"@id":"https:\/\/www.oarcanjo.net\/site\/nota-da-cnbb-de-apoio-as-vitimas-das-chuvas-no-rj\/"},"wordCount":354,"commentCount":0,"publisher":{"@id":"https:\/\/www.oarcanjo.net\/site\/#organization"},"keywords":["chuvas","CNBB","enchentes","Petr\u00f3polis","Rio","solidariedade","Teres\u00f3polis","trag\u00e9dia"],"articleSection":["Not\u00edcias"],"inLanguage":"pt-BR","potentialAction":[{"@type":"CommentAction","name":"Comment","target":["https:\/\/www.oarcanjo.net\/site\/nota-da-cnbb-de-apoio-as-vitimas-das-chuvas-no-rj\/#respond"]}]},{"@type":"WebPage","@id":"https:\/\/www.oarcanjo.net\/site\/nota-da-cnbb-de-apoio-as-vitimas-das-chuvas-no-rj\/","url":"https:\/\/www.oarcanjo.net\/site\/nota-da-cnbb-de-apoio-as-vitimas-das-chuvas-no-rj\/","name":"Nota da CNBB de solidariedade \u00e0s v\u00edtimas das chuvas no RJ - O Arcanjo no ar","isPartOf":{"@id":"https:\/\/www.oarcanjo.net\/site\/#website"},"datePublished":"2011-01-15T00:10:29+00:00","dateModified":"2011-01-15T01:21:38+00:00","breadcrumb":{"@id":"https:\/\/www.oarcanjo.net\/site\/nota-da-cnbb-de-apoio-as-vitimas-das-chuvas-no-rj\/#breadcrumb"},"inLanguage":"pt-BR","potentialAction":[{"@type":"ReadAction","target":["https:\/\/www.oarcanjo.net\/site\/nota-da-cnbb-de-apoio-as-vitimas-das-chuvas-no-rj\/"]}]},{"@type":"BreadcrumbList","@id":"https:\/\/www.oarcanjo.net\/site\/nota-da-cnbb-de-apoio-as-vitimas-das-chuvas-no-rj\/#breadcrumb","itemListElement":[{"@type":"ListItem","position":1,"name":"In\u00edcio","item":"https:\/\/www.oarcanjo.net\/site\/"},{"@type":"ListItem","position":2,"name":"Nota da CNBB de solidariedade \u00e0s v\u00edtimas das chuvas no RJ"}]},{"@type":"WebSite","@id":"https:\/\/www.oarcanjo.net\/site\/#website","url":"https:\/\/www.oarcanjo.net\/site\/","name":"O Arcanjo no ar","description":"Site da Par\u00f3quia S\u00e3o Miguel Arcanjo (Arquidiocese de SP)","publisher":{"@id":"https:\/\/www.oarcanjo.net\/site\/#organization"},"potentialAction":[{"@type":"SearchAction","target":{"@type":"EntryPoint","urlTemplate":"https:\/\/www.oarcanjo.net\/site\/?s={search_term_string}"},"query-input":{"@type":"PropertyValueSpecification","valueRequired":true,"valueName":"search_term_string"}}],"inLanguage":"pt-BR"},{"@type":"Organization","@id":"https:\/\/www.oarcanjo.net\/site\/#organization","name":"Par\u00f3quia S\u00e3o Miguel Arcanjo","url":"https:\/\/www.oarcanjo.net\/site\/","logo":{"@type":"ImageObject","inLanguage":"pt-BR","@id":"https:\/\/www.oarcanjo.net\/site\/#\/schema\/logo\/image\/","url":"https:\/\/www.oarcanjo.net\/site\/wp-content\/uploads\/LogoOArcanjo.png","contentUrl":"https:\/\/www.oarcanjo.net\/site\/wp-content\/uploads\/LogoOArcanjo.png","width":319,"height":99,"caption":"Par\u00f3quia S\u00e3o Miguel Arcanjo"},"image":{"@id":"https:\/\/www.oarcanjo.net\/site\/#\/schema\/logo\/image\/"},"sameAs":["https:\/\/www.facebook.com\/OArcanjoNoAr\/"]},{"@type":"Person","@id":"https:\/\/www.oarcanjo.net\/site\/#\/schema\/person\/f7024d007863202483a31326673a0838","name":"editor","sameAs":["http:\/\/www.oarcanjo.net"]}]}},"publishpress_future_action":{"enabled":false,"date":"2026-05-09 04:50:30","action":"category","newStatus":"draft","terms":[],"taxonomy":"category"},"publishpress_future_workflow_manual_trigger":{"enabledWorkflows":[]},"_links":{"self":[{"href":"https:\/\/www.oarcanjo.net\/site\/wp-json\/wp\/v2\/posts\/12688"}],"collection":[{"href":"https:\/\/www.oarcanjo.net\/site\/wp-json\/wp\/v2\/posts"}],"about":[{"href":"https:\/\/www.oarcanjo.net\/site\/wp-json\/wp\/v2\/types\/post"}],"author":[{"embeddable":true,"href":"https:\/\/www.oarcanjo.net\/site\/wp-json\/wp\/v2\/users\/5"}],"replies":[{"embeddable":true,"href":"https:\/\/www.oarcanjo.net\/site\/wp-json\/wp\/v2\/comments?post=12688"}],"version-history":[{"count":0,"href":"https:\/\/www.oarcanjo.net\/site\/wp-json\/wp\/v2\/posts\/12688\/revisions"}],"wp:attachment":[{"href":"https:\/\/www.oarcanjo.net\/site\/wp-json\/wp\/v2\/media?parent=12688"}],"wp:term":[{"taxonomy":"category","embeddable":true,"href":"https:\/\/www.oarcanjo.net\/site\/wp-json\/wp\/v2\/categories?post=12688"},{"taxonomy":"post_tag","embeddable":true,"href":"https:\/\/www.oarcanjo.net\/site\/wp-json\/wp\/v2\/tags?post=12688"}],"curies":[{"name":"wp","href":"https:\/\/api.w.org\/{rel}","templated":true}]}}