
{"id":12694,"date":"2011-01-14T22:08:46","date_gmt":"2011-01-15T00:08:46","guid":{"rendered":"http:\/\/www.oarcanjo.net\/site\/?p=12694"},"modified":"2011-01-14T23:20:59","modified_gmt":"2011-01-15T01:20:59","slug":"campanha-em-favor-das-vitimas-das-enchentes","status":"publish","type":"post","link":"https:\/\/www.oarcanjo.net\/site\/campanha-em-favor-das-vitimas-das-enchentes\/","title":{"rendered":"Campanha em favor das v\u00edtimas das enchentes"},"content":{"rendered":"<p>Dom Dem\u00e9trio Valentini<\/p>\n<p>No mesmo dia em que todos record\u00e1vamos o anivers\u00e1rio do terremoto no Haiti, no Brasil, todos fomos surpreendidos com as tr\u00e1gicas conseq\u00fc\u00eancias das enchentes, em diversos estados.<\/p>\n<p>A trag\u00e9dia maior, em desastre ambiental, em preju\u00edzos materiais e, infelizmente, em elevado n\u00famero de v\u00edtimas humanas, concentrou-se na regi\u00e3o da serra, no Estado do Rio de Janeiro, atingindo diretamente a regi\u00e3o abrangida pelas dioceses de Petr\u00f3polis e de Nova Friburgo. Por\u00e9m tamb\u00e9m em Minas Gerais, S\u00e3o Paulo e Esp\u00edrito Santo, a popula\u00e7\u00e3o enfrenta as trag\u00e9dias, as perdas, a morte e a desola\u00e7\u00e3o provocados pelos temporais.<\/p>\n<p>Em momentos como este, todos nos sentimos envolvidos, identificados com o sofrimento de tantas pessoas, que se v\u00eaem atingidas por esta fatalidade inesperada.<\/p>\n<p>De imediato, expressamos nossa solidariedade com todos os envolvidos nesta trag\u00e9dia, incentivamos a todos os que est\u00e3o procurando prestar os primeiros socorros, confiamos nas iniciativas do poder p\u00fablico, e na soma de esfor\u00e7os de todos, t\u00e3o necess\u00e1ria em momentos como este.<\/p>\n<p>A Conferencia Nacional dos Bispos do Brasil (CNBB) e a C\u00e1ritas Brasileira, atendendo \u00e0 sua miss\u00e3o, lan\u00e7am de imediato uma campanha nacional, em favor das v\u00edtimas das enchentes. Fica aberta a conta banc\u00e1ria para recolher as contribui\u00e7\u00f5es financeiras. Como de costume, as doa\u00e7\u00f5es podem ser depositadas diretamente em uma dessas contas:<\/p>\n<p><strong>CAIXA ECON\u00d4MICA FEDERAL \u2013 AG. 1041 \u2013 OP. 003 \u2013 C\/C 1490-8<br \/>\n<span style=\"font-weight: normal;\"><strong>BANCO DO BRASIL \u2013 AG. 3475-4 \u2013 C\/C 32.000-5<br \/>\n<\/strong><\/span><\/strong><strong>CNPJ da C\u00e1ritas Brasileira: 33.654.419\/0001-16<\/strong><\/p>\n<p>Mas sugerimos que se fa\u00e7a uma coleta comunit\u00e1ria, em dia escolhido por cada diocese. Como data conveniente, propomos o \u00faltimo domingo deste m\u00eas, dia 30 de janeiro.<\/p>\n<p>Com nossa solidariedade fraterna queremos diminuir o sofrimento dos que sofrem mais de perto as conseq\u00fc\u00eancias desta trag\u00e9dia, cujas li\u00e7\u00f5es nos apontam o caminho das responsabilidades que precisam ser assumidas por todos.<\/p>\n<p>Que Deus conforte os atingidos pela cat\u00e1strofe, e aben\u00e7oe a todos os que puderem colaborar.<\/p>\n<div id=\"themify_builder_content-12694\" data-postid=\"12694\" class=\"themify_builder_content themify_builder_content-12694 themify_builder themify_builder_front\">\n\t<\/div>\n<!-- \/themify_builder_content -->","protected":false},"excerpt":{"rendered":"<p>Dom Dem\u00e9trio Valentini No mesmo dia em que todos record\u00e1vamos o anivers\u00e1rio do terremoto no Haiti, no Brasil, todos fomos surpreendidos com as tr\u00e1gicas conseq\u00fc\u00eancias das enchentes, em diversos estados. A trag\u00e9dia maior, em desastre ambiental, em preju\u00edzos materiais e, infelizmente, em elevado n\u00famero de v\u00edtimas humanas, concentrou-se na regi\u00e3o da serra, no Estado do [&hellip;]<\/p>\n","protected":false},"author":5,"featured_media":0,"comment_status":"open","ping_status":"open","sticky":false,"template":"","format":"standard","meta":{"ngg_post_thumbnail":0,"footnotes":""},"categories":[8],"tags":[90,664,63,725,1806,1804,88,1807,133],"yoast_head":"<!-- This site is optimized with the Yoast SEO plugin v23.5 - https:\/\/yoast.com\/wordpress\/plugins\/seo\/ -->\n<title>Campanha em favor das v\u00edtimas das enchentes - O Arcanjo no ar<\/title>\n<meta name=\"robots\" content=\"index, follow, max-snippet:-1, max-image-preview:large, max-video-preview:-1\" \/>\n<link rel=\"canonical\" href=\"https:\/\/www.oarcanjo.net\/site\/campanha-em-favor-das-vitimas-das-enchentes\/\" \/>\n<meta property=\"og:locale\" content=\"pt_BR\" \/>\n<meta property=\"og:type\" content=\"article\" \/>\n<meta property=\"og:title\" content=\"Campanha em favor das v\u00edtimas das enchentes - O Arcanjo no ar\" \/>\n<meta property=\"og:description\" content=\"Dom Dem\u00e9trio Valentini No mesmo dia em que todos record\u00e1vamos o anivers\u00e1rio do terremoto no Haiti, no Brasil, todos fomos surpreendidos com as tr\u00e1gicas conseq\u00fc\u00eancias das enchentes, em diversos estados. A trag\u00e9dia maior, em desastre ambiental, em preju\u00edzos materiais e, infelizmente, em elevado n\u00famero de v\u00edtimas humanas, concentrou-se na regi\u00e3o da serra, no Estado do [&hellip;]\" \/>\n<meta property=\"og:url\" content=\"https:\/\/www.oarcanjo.net\/site\/campanha-em-favor-das-vitimas-das-enchentes\/\" \/>\n<meta property=\"og:site_name\" content=\"O Arcanjo no ar\" \/>\n<meta property=\"article:publisher\" content=\"https:\/\/www.facebook.com\/OArcanjoNoAr\/\" \/>\n<meta property=\"article:published_time\" content=\"2011-01-15T00:08:46+00:00\" \/>\n<meta property=\"article:modified_time\" content=\"2011-01-15T01:20:59+00:00\" \/>\n<meta property=\"og:image\" content=\"https:\/\/www.oarcanjo.net\/site\/wp-content\/uploads\/logo-o-arcanjo-no-ar-facebook.png\" \/>\n\t<meta property=\"og:image:width\" content=\"300\" \/>\n\t<meta property=\"og:image:height\" content=\"300\" \/>\n\t<meta property=\"og:image:type\" content=\"image\/png\" \/>\n<meta name=\"author\" content=\"editor\" \/>\n<meta name=\"twitter:card\" content=\"summary_large_image\" \/>\n<meta name=\"twitter:label1\" content=\"Escrito por\" \/>\n\t<meta name=\"twitter:data1\" content=\"editor\" \/>\n\t<meta name=\"twitter:label2\" content=\"Est. tempo de leitura\" \/>\n\t<meta name=\"twitter:data2\" content=\"2 minutos\" \/>\n<script type=\"application\/ld+json\" class=\"yoast-schema-graph\">{\"@context\":\"https:\/\/schema.org\",\"@graph\":[{\"@type\":\"Article\",\"@id\":\"https:\/\/www.oarcanjo.net\/site\/campanha-em-favor-das-vitimas-das-enchentes\/#article\",\"isPartOf\":{\"@id\":\"https:\/\/www.oarcanjo.net\/site\/campanha-em-favor-das-vitimas-das-enchentes\/\"},\"author\":{\"name\":\"editor\",\"@id\":\"https:\/\/www.oarcanjo.net\/site\/#\/schema\/person\/f7024d007863202483a31326673a0838\"},\"headline\":\"Campanha em favor das v\u00edtimas das enchentes\",\"datePublished\":\"2011-01-15T00:08:46+00:00\",\"dateModified\":\"2011-01-15T01:20:59+00:00\",\"mainEntityOfPage\":{\"@id\":\"https:\/\/www.oarcanjo.net\/site\/campanha-em-favor-das-vitimas-das-enchentes\/\"},\"wordCount\":355,\"commentCount\":0,\"publisher\":{\"@id\":\"https:\/\/www.oarcanjo.net\/site\/#organization\"},\"keywords\":[\"C\u00e1ritas\",\"chuvas\",\"CNBB\",\"enchentes\",\"Petr\u00f3polis\",\"regi\u00e3o serrana\",\"solidariedade\",\"Teres\u00f3polis\",\"trag\u00e9dia\"],\"articleSection\":[\"Not\u00edcias\"],\"inLanguage\":\"pt-BR\",\"potentialAction\":[{\"@type\":\"CommentAction\",\"name\":\"Comment\",\"target\":[\"https:\/\/www.oarcanjo.net\/site\/campanha-em-favor-das-vitimas-das-enchentes\/#respond\"]}]},{\"@type\":\"WebPage\",\"@id\":\"https:\/\/www.oarcanjo.net\/site\/campanha-em-favor-das-vitimas-das-enchentes\/\",\"url\":\"https:\/\/www.oarcanjo.net\/site\/campanha-em-favor-das-vitimas-das-enchentes\/\",\"name\":\"Campanha em favor das v\u00edtimas das enchentes - O Arcanjo no ar\",\"isPartOf\":{\"@id\":\"https:\/\/www.oarcanjo.net\/site\/#website\"},\"datePublished\":\"2011-01-15T00:08:46+00:00\",\"dateModified\":\"2011-01-15T01:20:59+00:00\",\"breadcrumb\":{\"@id\":\"https:\/\/www.oarcanjo.net\/site\/campanha-em-favor-das-vitimas-das-enchentes\/#breadcrumb\"},\"inLanguage\":\"pt-BR\",\"potentialAction\":[{\"@type\":\"ReadAction\",\"target\":[\"https:\/\/www.oarcanjo.net\/site\/campanha-em-favor-das-vitimas-das-enchentes\/\"]}]},{\"@type\":\"BreadcrumbList\",\"@id\":\"https:\/\/www.oarcanjo.net\/site\/campanha-em-favor-das-vitimas-das-enchentes\/#breadcrumb\",\"itemListElement\":[{\"@type\":\"ListItem\",\"position\":1,\"name\":\"In\u00edcio\",\"item\":\"https:\/\/www.oarcanjo.net\/site\/\"},{\"@type\":\"ListItem\",\"position\":2,\"name\":\"Campanha em favor das v\u00edtimas das enchentes\"}]},{\"@type\":\"WebSite\",\"@id\":\"https:\/\/www.oarcanjo.net\/site\/#website\",\"url\":\"https:\/\/www.oarcanjo.net\/site\/\",\"name\":\"O Arcanjo no ar\",\"description\":\"Site da Par\u00f3quia S\u00e3o Miguel Arcanjo (Arquidiocese de SP)\",\"publisher\":{\"@id\":\"https:\/\/www.oarcanjo.net\/site\/#organization\"},\"potentialAction\":[{\"@type\":\"SearchAction\",\"target\":{\"@type\":\"EntryPoint\",\"urlTemplate\":\"https:\/\/www.oarcanjo.net\/site\/?s={search_term_string}\"},\"query-input\":{\"@type\":\"PropertyValueSpecification\",\"valueRequired\":true,\"valueName\":\"search_term_string\"}}],\"inLanguage\":\"pt-BR\"},{\"@type\":\"Organization\",\"@id\":\"https:\/\/www.oarcanjo.net\/site\/#organization\",\"name\":\"Par\u00f3quia S\u00e3o Miguel Arcanjo\",\"url\":\"https:\/\/www.oarcanjo.net\/site\/\",\"logo\":{\"@type\":\"ImageObject\",\"inLanguage\":\"pt-BR\",\"@id\":\"https:\/\/www.oarcanjo.net\/site\/#\/schema\/logo\/image\/\",\"url\":\"https:\/\/www.oarcanjo.net\/site\/wp-content\/uploads\/LogoOArcanjo.png\",\"contentUrl\":\"https:\/\/www.oarcanjo.net\/site\/wp-content\/uploads\/LogoOArcanjo.png\",\"width\":319,\"height\":99,\"caption\":\"Par\u00f3quia S\u00e3o Miguel Arcanjo\"},\"image\":{\"@id\":\"https:\/\/www.oarcanjo.net\/site\/#\/schema\/logo\/image\/\"},\"sameAs\":[\"https:\/\/www.facebook.com\/OArcanjoNoAr\/\"]},{\"@type\":\"Person\",\"@id\":\"https:\/\/www.oarcanjo.net\/site\/#\/schema\/person\/f7024d007863202483a31326673a0838\",\"name\":\"editor\",\"sameAs\":[\"http:\/\/www.oarcanjo.net\"]}]}<\/script>\n<!-- \/ Yoast SEO plugin. -->","yoast_head_json":{"title":"Campanha em favor das v\u00edtimas das enchentes - O Arcanjo no ar","robots":{"index":"index","follow":"follow","max-snippet":"max-snippet:-1","max-image-preview":"max-image-preview:large","max-video-preview":"max-video-preview:-1"},"canonical":"https:\/\/www.oarcanjo.net\/site\/campanha-em-favor-das-vitimas-das-enchentes\/","og_locale":"pt_BR","og_type":"article","og_title":"Campanha em favor das v\u00edtimas das enchentes - O Arcanjo no ar","og_description":"Dom Dem\u00e9trio Valentini No mesmo dia em que todos record\u00e1vamos o anivers\u00e1rio do terremoto no Haiti, no Brasil, todos fomos surpreendidos com as tr\u00e1gicas conseq\u00fc\u00eancias das enchentes, em diversos estados. A trag\u00e9dia maior, em desastre ambiental, em preju\u00edzos materiais e, infelizmente, em elevado n\u00famero de v\u00edtimas humanas, concentrou-se na regi\u00e3o da serra, no Estado do [&hellip;]","og_url":"https:\/\/www.oarcanjo.net\/site\/campanha-em-favor-das-vitimas-das-enchentes\/","og_site_name":"O Arcanjo no ar","article_publisher":"https:\/\/www.facebook.com\/OArcanjoNoAr\/","article_published_time":"2011-01-15T00:08:46+00:00","article_modified_time":"2011-01-15T01:20:59+00:00","og_image":[{"width":300,"height":300,"url":"https:\/\/www.oarcanjo.net\/site\/wp-content\/uploads\/logo-o-arcanjo-no-ar-facebook.png","type":"image\/png"}],"author":"editor","twitter_card":"summary_large_image","twitter_misc":{"Escrito por":"editor","Est. tempo de leitura":"2 minutos"},"schema":{"@context":"https:\/\/schema.org","@graph":[{"@type":"Article","@id":"https:\/\/www.oarcanjo.net\/site\/campanha-em-favor-das-vitimas-das-enchentes\/#article","isPartOf":{"@id":"https:\/\/www.oarcanjo.net\/site\/campanha-em-favor-das-vitimas-das-enchentes\/"},"author":{"name":"editor","@id":"https:\/\/www.oarcanjo.net\/site\/#\/schema\/person\/f7024d007863202483a31326673a0838"},"headline":"Campanha em favor das v\u00edtimas das enchentes","datePublished":"2011-01-15T00:08:46+00:00","dateModified":"2011-01-15T01:20:59+00:00","mainEntityOfPage":{"@id":"https:\/\/www.oarcanjo.net\/site\/campanha-em-favor-das-vitimas-das-enchentes\/"},"wordCount":355,"commentCount":0,"publisher":{"@id":"https:\/\/www.oarcanjo.net\/site\/#organization"},"keywords":["C\u00e1ritas","chuvas","CNBB","enchentes","Petr\u00f3polis","regi\u00e3o serrana","solidariedade","Teres\u00f3polis","trag\u00e9dia"],"articleSection":["Not\u00edcias"],"inLanguage":"pt-BR","potentialAction":[{"@type":"CommentAction","name":"Comment","target":["https:\/\/www.oarcanjo.net\/site\/campanha-em-favor-das-vitimas-das-enchentes\/#respond"]}]},{"@type":"WebPage","@id":"https:\/\/www.oarcanjo.net\/site\/campanha-em-favor-das-vitimas-das-enchentes\/","url":"https:\/\/www.oarcanjo.net\/site\/campanha-em-favor-das-vitimas-das-enchentes\/","name":"Campanha em favor das v\u00edtimas das enchentes - O Arcanjo no ar","isPartOf":{"@id":"https:\/\/www.oarcanjo.net\/site\/#website"},"datePublished":"2011-01-15T00:08:46+00:00","dateModified":"2011-01-15T01:20:59+00:00","breadcrumb":{"@id":"https:\/\/www.oarcanjo.net\/site\/campanha-em-favor-das-vitimas-das-enchentes\/#breadcrumb"},"inLanguage":"pt-BR","potentialAction":[{"@type":"ReadAction","target":["https:\/\/www.oarcanjo.net\/site\/campanha-em-favor-das-vitimas-das-enchentes\/"]}]},{"@type":"BreadcrumbList","@id":"https:\/\/www.oarcanjo.net\/site\/campanha-em-favor-das-vitimas-das-enchentes\/#breadcrumb","itemListElement":[{"@type":"ListItem","position":1,"name":"In\u00edcio","item":"https:\/\/www.oarcanjo.net\/site\/"},{"@type":"ListItem","position":2,"name":"Campanha em favor das v\u00edtimas das enchentes"}]},{"@type":"WebSite","@id":"https:\/\/www.oarcanjo.net\/site\/#website","url":"https:\/\/www.oarcanjo.net\/site\/","name":"O Arcanjo no ar","description":"Site da Par\u00f3quia S\u00e3o Miguel Arcanjo (Arquidiocese de SP)","publisher":{"@id":"https:\/\/www.oarcanjo.net\/site\/#organization"},"potentialAction":[{"@type":"SearchAction","target":{"@type":"EntryPoint","urlTemplate":"https:\/\/www.oarcanjo.net\/site\/?s={search_term_string}"},"query-input":{"@type":"PropertyValueSpecification","valueRequired":true,"valueName":"search_term_string"}}],"inLanguage":"pt-BR"},{"@type":"Organization","@id":"https:\/\/www.oarcanjo.net\/site\/#organization","name":"Par\u00f3quia S\u00e3o Miguel Arcanjo","url":"https:\/\/www.oarcanjo.net\/site\/","logo":{"@type":"ImageObject","inLanguage":"pt-BR","@id":"https:\/\/www.oarcanjo.net\/site\/#\/schema\/logo\/image\/","url":"https:\/\/www.oarcanjo.net\/site\/wp-content\/uploads\/LogoOArcanjo.png","contentUrl":"https:\/\/www.oarcanjo.net\/site\/wp-content\/uploads\/LogoOArcanjo.png","width":319,"height":99,"caption":"Par\u00f3quia S\u00e3o Miguel Arcanjo"},"image":{"@id":"https:\/\/www.oarcanjo.net\/site\/#\/schema\/logo\/image\/"},"sameAs":["https:\/\/www.facebook.com\/OArcanjoNoAr\/"]},{"@type":"Person","@id":"https:\/\/www.oarcanjo.net\/site\/#\/schema\/person\/f7024d007863202483a31326673a0838","name":"editor","sameAs":["http:\/\/www.oarcanjo.net"]}]}},"publishpress_future_action":{"enabled":false,"date":"2026-05-09 04:50:23","action":"category","newStatus":"draft","terms":[],"taxonomy":"category"},"publishpress_future_workflow_manual_trigger":{"enabledWorkflows":[]},"_links":{"self":[{"href":"https:\/\/www.oarcanjo.net\/site\/wp-json\/wp\/v2\/posts\/12694"}],"collection":[{"href":"https:\/\/www.oarcanjo.net\/site\/wp-json\/wp\/v2\/posts"}],"about":[{"href":"https:\/\/www.oarcanjo.net\/site\/wp-json\/wp\/v2\/types\/post"}],"author":[{"embeddable":true,"href":"https:\/\/www.oarcanjo.net\/site\/wp-json\/wp\/v2\/users\/5"}],"replies":[{"embeddable":true,"href":"https:\/\/www.oarcanjo.net\/site\/wp-json\/wp\/v2\/comments?post=12694"}],"version-history":[{"count":0,"href":"https:\/\/www.oarcanjo.net\/site\/wp-json\/wp\/v2\/posts\/12694\/revisions"}],"wp:attachment":[{"href":"https:\/\/www.oarcanjo.net\/site\/wp-json\/wp\/v2\/media?parent=12694"}],"wp:term":[{"taxonomy":"category","embeddable":true,"href":"https:\/\/www.oarcanjo.net\/site\/wp-json\/wp\/v2\/categories?post=12694"},{"taxonomy":"post_tag","embeddable":true,"href":"https:\/\/www.oarcanjo.net\/site\/wp-json\/wp\/v2\/tags?post=12694"}],"curies":[{"name":"wp","href":"https:\/\/api.w.org\/{rel}","templated":true}]}}