
{"id":127066,"date":"2023-11-05T15:11:02","date_gmt":"2023-11-05T18:11:02","guid":{"rendered":"https:\/\/www.oarcanjo.net\/site\/?p=127066"},"modified":"2023-11-08T11:12:57","modified_gmt":"2023-11-08T14:12:57","slug":"homilia-do-pe-julio-lancellotti-na-solenidade-de-todos-os-santos-05-11-2023","status":"publish","type":"post","link":"https:\/\/www.oarcanjo.net\/site\/homilia-do-pe-julio-lancellotti-na-solenidade-de-todos-os-santos-05-11-2023\/","title":{"rendered":"Homilia do Pe. Julio Lancellotti na Solenidade de Todos os Santos &#8211; 05\/11\/2023"},"content":{"rendered":"<p>A santidade de Deus se constroi na hist\u00f3ria, na concretude da vida. A santidade de Deus n\u00e3o \u00e9 privil\u00e9gio pra alguns, \u00e9 dom pra todos, na vida di\u00e1ria, nos desafios de cada dia. No Evangelho da Solenidade de Todos os Santos, celebrada dia 05\/11\/2023, Jesus narra as bem aventuran\u00e7as. Confira a homilia do Pe. Julio Lancellotti.<\/p>\n<p><iframe loading=\"lazy\" width=\"700\" height=\"394\" src=\"https:\/\/www.youtube.com\/embed\/eitp9nO_0pE?rel=0\" title=\"YouTube video player\" frameborder=\"0\" allow=\"accelerometer; autoplay; clipboard-write; encrypted-media; gyroscope; picture-in-picture; web-share\" allowfullscreen><\/iframe><\/p>\n<div id=\"themify_builder_content-127066\" data-postid=\"127066\" class=\"themify_builder_content themify_builder_content-127066 themify_builder themify_builder_front\">\n\t<\/div>\n<!-- \/themify_builder_content -->","protected":false},"excerpt":{"rendered":"<p>A santidade de Deus se constroi na hist\u00f3ria, na concretude da vida. A santidade de Deus n\u00e3o \u00e9 privil\u00e9gio pra alguns, \u00e9 dom pra todos, No Evangelho da Solenidade de Todos os Santos, Jesus narra as bem aventuran\u00e7as<\/p>\n","protected":false},"author":5,"featured_media":127067,"comment_status":"open","ping_status":"open","sticky":false,"template":"","format":"standard","meta":{"ngg_post_thumbnail":0,"footnotes":""},"categories":[4,3,475],"tags":[],"yoast_head":"<!-- This site is optimized with the Yoast SEO plugin v23.5 - https:\/\/yoast.com\/wordpress\/plugins\/seo\/ -->\n<title>Homilia do Pe. Julio Lancellotti na Solenidade de Todos os Santos - 05\/11\/2023 - O Arcanjo no ar<\/title>\n<meta name=\"robots\" content=\"index, follow, max-snippet:-1, max-image-preview:large, max-video-preview:-1\" \/>\n<link rel=\"canonical\" href=\"https:\/\/www.oarcanjo.net\/site\/homilia-do-pe-julio-lancellotti-na-solenidade-de-todos-os-santos-05-11-2023\/\" \/>\n<meta property=\"og:locale\" content=\"pt_BR\" \/>\n<meta property=\"og:type\" content=\"article\" \/>\n<meta property=\"og:title\" content=\"Homilia do Pe. Julio Lancellotti na Solenidade de Todos os Santos - 05\/11\/2023 - O Arcanjo no ar\" \/>\n<meta property=\"og:description\" content=\"A santidade de Deus se constroi na hist\u00f3ria, na concretude da vida. A santidade de Deus n\u00e3o \u00e9 privil\u00e9gio pra alguns, \u00e9 dom pra todos, No Evangelho da Solenidade de Todos os Santos, Jesus narra as bem aventuran\u00e7as\" \/>\n<meta property=\"og:url\" content=\"https:\/\/www.oarcanjo.net\/site\/homilia-do-pe-julio-lancellotti-na-solenidade-de-todos-os-santos-05-11-2023\/\" \/>\n<meta property=\"og:site_name\" content=\"O Arcanjo no ar\" \/>\n<meta property=\"article:publisher\" content=\"https:\/\/www.facebook.com\/OArcanjoNoAr\/\" \/>\n<meta property=\"article:published_time\" content=\"2023-11-05T18:11:02+00:00\" \/>\n<meta property=\"article:modified_time\" content=\"2023-11-08T14:12:57+00:00\" \/>\n<meta property=\"og:image\" content=\"https:\/\/www.oarcanjo.net\/site\/wp-content\/uploads\/20231105-Homilia01.png\" \/>\n\t<meta property=\"og:image:width\" content=\"997\" \/>\n\t<meta property=\"og:image:height\" content=\"557\" \/>\n\t<meta property=\"og:image:type\" content=\"image\/png\" \/>\n<meta name=\"author\" content=\"editor\" \/>\n<meta name=\"twitter:card\" content=\"summary_large_image\" \/>\n<meta name=\"twitter:label1\" content=\"Escrito por\" \/>\n\t<meta name=\"twitter:data1\" content=\"editor\" \/>\n<script type=\"application\/ld+json\" class=\"yoast-schema-graph\">{\"@context\":\"https:\/\/schema.org\",\"@graph\":[{\"@type\":\"Article\",\"@id\":\"https:\/\/www.oarcanjo.net\/site\/homilia-do-pe-julio-lancellotti-na-solenidade-de-todos-os-santos-05-11-2023\/#article\",\"isPartOf\":{\"@id\":\"https:\/\/www.oarcanjo.net\/site\/homilia-do-pe-julio-lancellotti-na-solenidade-de-todos-os-santos-05-11-2023\/\"},\"author\":{\"name\":\"editor\",\"@id\":\"https:\/\/www.oarcanjo.net\/site\/#\/schema\/person\/f7024d007863202483a31326673a0838\"},\"headline\":\"Homilia do Pe. Julio Lancellotti na Solenidade de Todos os Santos &#8211; 05\/11\/2023\",\"datePublished\":\"2023-11-05T18:11:02+00:00\",\"dateModified\":\"2023-11-08T14:12:57+00:00\",\"mainEntityOfPage\":{\"@id\":\"https:\/\/www.oarcanjo.net\/site\/homilia-do-pe-julio-lancellotti-na-solenidade-de-todos-os-santos-05-11-2023\/\"},\"wordCount\":70,\"commentCount\":0,\"publisher\":{\"@id\":\"https:\/\/www.oarcanjo.net\/site\/#organization\"},\"image\":{\"@id\":\"https:\/\/www.oarcanjo.net\/site\/homilia-do-pe-julio-lancellotti-na-solenidade-de-todos-os-santos-05-11-2023\/#primaryimage\"},\"thumbnailUrl\":\"https:\/\/www.oarcanjo.net\/site\/wp-content\/uploads\/20231105-Homilia01.png\",\"articleSection\":[\"Blog\",\"Destaques\",\"Homilias\"],\"inLanguage\":\"pt-BR\",\"potentialAction\":[{\"@type\":\"CommentAction\",\"name\":\"Comment\",\"target\":[\"https:\/\/www.oarcanjo.net\/site\/homilia-do-pe-julio-lancellotti-na-solenidade-de-todos-os-santos-05-11-2023\/#respond\"]}]},{\"@type\":\"WebPage\",\"@id\":\"https:\/\/www.oarcanjo.net\/site\/homilia-do-pe-julio-lancellotti-na-solenidade-de-todos-os-santos-05-11-2023\/\",\"url\":\"https:\/\/www.oarcanjo.net\/site\/homilia-do-pe-julio-lancellotti-na-solenidade-de-todos-os-santos-05-11-2023\/\",\"name\":\"Homilia do Pe. Julio Lancellotti na Solenidade de Todos os Santos - 05\/11\/2023 - O Arcanjo no ar\",\"isPartOf\":{\"@id\":\"https:\/\/www.oarcanjo.net\/site\/#website\"},\"primaryImageOfPage\":{\"@id\":\"https:\/\/www.oarcanjo.net\/site\/homilia-do-pe-julio-lancellotti-na-solenidade-de-todos-os-santos-05-11-2023\/#primaryimage\"},\"image\":{\"@id\":\"https:\/\/www.oarcanjo.net\/site\/homilia-do-pe-julio-lancellotti-na-solenidade-de-todos-os-santos-05-11-2023\/#primaryimage\"},\"thumbnailUrl\":\"https:\/\/www.oarcanjo.net\/site\/wp-content\/uploads\/20231105-Homilia01.png\",\"datePublished\":\"2023-11-05T18:11:02+00:00\",\"dateModified\":\"2023-11-08T14:12:57+00:00\",\"breadcrumb\":{\"@id\":\"https:\/\/www.oarcanjo.net\/site\/homilia-do-pe-julio-lancellotti-na-solenidade-de-todos-os-santos-05-11-2023\/#breadcrumb\"},\"inLanguage\":\"pt-BR\",\"potentialAction\":[{\"@type\":\"ReadAction\",\"target\":[\"https:\/\/www.oarcanjo.net\/site\/homilia-do-pe-julio-lancellotti-na-solenidade-de-todos-os-santos-05-11-2023\/\"]}]},{\"@type\":\"ImageObject\",\"inLanguage\":\"pt-BR\",\"@id\":\"https:\/\/www.oarcanjo.net\/site\/homilia-do-pe-julio-lancellotti-na-solenidade-de-todos-os-santos-05-11-2023\/#primaryimage\",\"url\":\"https:\/\/www.oarcanjo.net\/site\/wp-content\/uploads\/20231105-Homilia01.png\",\"contentUrl\":\"https:\/\/www.oarcanjo.net\/site\/wp-content\/uploads\/20231105-Homilia01.png\",\"width\":997,\"height\":557},{\"@type\":\"BreadcrumbList\",\"@id\":\"https:\/\/www.oarcanjo.net\/site\/homilia-do-pe-julio-lancellotti-na-solenidade-de-todos-os-santos-05-11-2023\/#breadcrumb\",\"itemListElement\":[{\"@type\":\"ListItem\",\"position\":1,\"name\":\"In\u00edcio\",\"item\":\"https:\/\/www.oarcanjo.net\/site\/\"},{\"@type\":\"ListItem\",\"position\":2,\"name\":\"Homilia do Pe. Julio Lancellotti na Solenidade de Todos os Santos &#8211; 05\/11\/2023\"}]},{\"@type\":\"WebSite\",\"@id\":\"https:\/\/www.oarcanjo.net\/site\/#website\",\"url\":\"https:\/\/www.oarcanjo.net\/site\/\",\"name\":\"O Arcanjo no ar\",\"description\":\"Site da Par\u00f3quia S\u00e3o Miguel Arcanjo (Arquidiocese de SP)\",\"publisher\":{\"@id\":\"https:\/\/www.oarcanjo.net\/site\/#organization\"},\"potentialAction\":[{\"@type\":\"SearchAction\",\"target\":{\"@type\":\"EntryPoint\",\"urlTemplate\":\"https:\/\/www.oarcanjo.net\/site\/?s={search_term_string}\"},\"query-input\":{\"@type\":\"PropertyValueSpecification\",\"valueRequired\":true,\"valueName\":\"search_term_string\"}}],\"inLanguage\":\"pt-BR\"},{\"@type\":\"Organization\",\"@id\":\"https:\/\/www.oarcanjo.net\/site\/#organization\",\"name\":\"Par\u00f3quia S\u00e3o Miguel Arcanjo\",\"url\":\"https:\/\/www.oarcanjo.net\/site\/\",\"logo\":{\"@type\":\"ImageObject\",\"inLanguage\":\"pt-BR\",\"@id\":\"https:\/\/www.oarcanjo.net\/site\/#\/schema\/logo\/image\/\",\"url\":\"https:\/\/www.oarcanjo.net\/site\/wp-content\/uploads\/LogoOArcanjo.png\",\"contentUrl\":\"https:\/\/www.oarcanjo.net\/site\/wp-content\/uploads\/LogoOArcanjo.png\",\"width\":319,\"height\":99,\"caption\":\"Par\u00f3quia S\u00e3o Miguel Arcanjo\"},\"image\":{\"@id\":\"https:\/\/www.oarcanjo.net\/site\/#\/schema\/logo\/image\/\"},\"sameAs\":[\"https:\/\/www.facebook.com\/OArcanjoNoAr\/\"]},{\"@type\":\"Person\",\"@id\":\"https:\/\/www.oarcanjo.net\/site\/#\/schema\/person\/f7024d007863202483a31326673a0838\",\"name\":\"editor\",\"sameAs\":[\"http:\/\/www.oarcanjo.net\"]}]}<\/script>\n<!-- \/ Yoast SEO plugin. -->","yoast_head_json":{"title":"Homilia do Pe. Julio Lancellotti na Solenidade de Todos os Santos - 05\/11\/2023 - O Arcanjo no ar","robots":{"index":"index","follow":"follow","max-snippet":"max-snippet:-1","max-image-preview":"max-image-preview:large","max-video-preview":"max-video-preview:-1"},"canonical":"https:\/\/www.oarcanjo.net\/site\/homilia-do-pe-julio-lancellotti-na-solenidade-de-todos-os-santos-05-11-2023\/","og_locale":"pt_BR","og_type":"article","og_title":"Homilia do Pe. Julio Lancellotti na Solenidade de Todos os Santos - 05\/11\/2023 - O Arcanjo no ar","og_description":"A santidade de Deus se constroi na hist\u00f3ria, na concretude da vida. A santidade de Deus n\u00e3o \u00e9 privil\u00e9gio pra alguns, \u00e9 dom pra todos, No Evangelho da Solenidade de Todos os Santos, Jesus narra as bem aventuran\u00e7as","og_url":"https:\/\/www.oarcanjo.net\/site\/homilia-do-pe-julio-lancellotti-na-solenidade-de-todos-os-santos-05-11-2023\/","og_site_name":"O Arcanjo no ar","article_publisher":"https:\/\/www.facebook.com\/OArcanjoNoAr\/","article_published_time":"2023-11-05T18:11:02+00:00","article_modified_time":"2023-11-08T14:12:57+00:00","og_image":[{"width":997,"height":557,"url":"https:\/\/www.oarcanjo.net\/site\/wp-content\/uploads\/20231105-Homilia01.png","type":"image\/png"}],"author":"editor","twitter_card":"summary_large_image","twitter_misc":{"Escrito por":"editor"},"schema":{"@context":"https:\/\/schema.org","@graph":[{"@type":"Article","@id":"https:\/\/www.oarcanjo.net\/site\/homilia-do-pe-julio-lancellotti-na-solenidade-de-todos-os-santos-05-11-2023\/#article","isPartOf":{"@id":"https:\/\/www.oarcanjo.net\/site\/homilia-do-pe-julio-lancellotti-na-solenidade-de-todos-os-santos-05-11-2023\/"},"author":{"name":"editor","@id":"https:\/\/www.oarcanjo.net\/site\/#\/schema\/person\/f7024d007863202483a31326673a0838"},"headline":"Homilia do Pe. Julio Lancellotti na Solenidade de Todos os Santos &#8211; 05\/11\/2023","datePublished":"2023-11-05T18:11:02+00:00","dateModified":"2023-11-08T14:12:57+00:00","mainEntityOfPage":{"@id":"https:\/\/www.oarcanjo.net\/site\/homilia-do-pe-julio-lancellotti-na-solenidade-de-todos-os-santos-05-11-2023\/"},"wordCount":70,"commentCount":0,"publisher":{"@id":"https:\/\/www.oarcanjo.net\/site\/#organization"},"image":{"@id":"https:\/\/www.oarcanjo.net\/site\/homilia-do-pe-julio-lancellotti-na-solenidade-de-todos-os-santos-05-11-2023\/#primaryimage"},"thumbnailUrl":"https:\/\/www.oarcanjo.net\/site\/wp-content\/uploads\/20231105-Homilia01.png","articleSection":["Blog","Destaques","Homilias"],"inLanguage":"pt-BR","potentialAction":[{"@type":"CommentAction","name":"Comment","target":["https:\/\/www.oarcanjo.net\/site\/homilia-do-pe-julio-lancellotti-na-solenidade-de-todos-os-santos-05-11-2023\/#respond"]}]},{"@type":"WebPage","@id":"https:\/\/www.oarcanjo.net\/site\/homilia-do-pe-julio-lancellotti-na-solenidade-de-todos-os-santos-05-11-2023\/","url":"https:\/\/www.oarcanjo.net\/site\/homilia-do-pe-julio-lancellotti-na-solenidade-de-todos-os-santos-05-11-2023\/","name":"Homilia do Pe. Julio Lancellotti na Solenidade de Todos os Santos - 05\/11\/2023 - O Arcanjo no ar","isPartOf":{"@id":"https:\/\/www.oarcanjo.net\/site\/#website"},"primaryImageOfPage":{"@id":"https:\/\/www.oarcanjo.net\/site\/homilia-do-pe-julio-lancellotti-na-solenidade-de-todos-os-santos-05-11-2023\/#primaryimage"},"image":{"@id":"https:\/\/www.oarcanjo.net\/site\/homilia-do-pe-julio-lancellotti-na-solenidade-de-todos-os-santos-05-11-2023\/#primaryimage"},"thumbnailUrl":"https:\/\/www.oarcanjo.net\/site\/wp-content\/uploads\/20231105-Homilia01.png","datePublished":"2023-11-05T18:11:02+00:00","dateModified":"2023-11-08T14:12:57+00:00","breadcrumb":{"@id":"https:\/\/www.oarcanjo.net\/site\/homilia-do-pe-julio-lancellotti-na-solenidade-de-todos-os-santos-05-11-2023\/#breadcrumb"},"inLanguage":"pt-BR","potentialAction":[{"@type":"ReadAction","target":["https:\/\/www.oarcanjo.net\/site\/homilia-do-pe-julio-lancellotti-na-solenidade-de-todos-os-santos-05-11-2023\/"]}]},{"@type":"ImageObject","inLanguage":"pt-BR","@id":"https:\/\/www.oarcanjo.net\/site\/homilia-do-pe-julio-lancellotti-na-solenidade-de-todos-os-santos-05-11-2023\/#primaryimage","url":"https:\/\/www.oarcanjo.net\/site\/wp-content\/uploads\/20231105-Homilia01.png","contentUrl":"https:\/\/www.oarcanjo.net\/site\/wp-content\/uploads\/20231105-Homilia01.png","width":997,"height":557},{"@type":"BreadcrumbList","@id":"https:\/\/www.oarcanjo.net\/site\/homilia-do-pe-julio-lancellotti-na-solenidade-de-todos-os-santos-05-11-2023\/#breadcrumb","itemListElement":[{"@type":"ListItem","position":1,"name":"In\u00edcio","item":"https:\/\/www.oarcanjo.net\/site\/"},{"@type":"ListItem","position":2,"name":"Homilia do Pe. Julio Lancellotti na Solenidade de Todos os Santos &#8211; 05\/11\/2023"}]},{"@type":"WebSite","@id":"https:\/\/www.oarcanjo.net\/site\/#website","url":"https:\/\/www.oarcanjo.net\/site\/","name":"O Arcanjo no ar","description":"Site da Par\u00f3quia S\u00e3o Miguel Arcanjo (Arquidiocese de SP)","publisher":{"@id":"https:\/\/www.oarcanjo.net\/site\/#organization"},"potentialAction":[{"@type":"SearchAction","target":{"@type":"EntryPoint","urlTemplate":"https:\/\/www.oarcanjo.net\/site\/?s={search_term_string}"},"query-input":{"@type":"PropertyValueSpecification","valueRequired":true,"valueName":"search_term_string"}}],"inLanguage":"pt-BR"},{"@type":"Organization","@id":"https:\/\/www.oarcanjo.net\/site\/#organization","name":"Par\u00f3quia S\u00e3o Miguel Arcanjo","url":"https:\/\/www.oarcanjo.net\/site\/","logo":{"@type":"ImageObject","inLanguage":"pt-BR","@id":"https:\/\/www.oarcanjo.net\/site\/#\/schema\/logo\/image\/","url":"https:\/\/www.oarcanjo.net\/site\/wp-content\/uploads\/LogoOArcanjo.png","contentUrl":"https:\/\/www.oarcanjo.net\/site\/wp-content\/uploads\/LogoOArcanjo.png","width":319,"height":99,"caption":"Par\u00f3quia S\u00e3o Miguel Arcanjo"},"image":{"@id":"https:\/\/www.oarcanjo.net\/site\/#\/schema\/logo\/image\/"},"sameAs":["https:\/\/www.facebook.com\/OArcanjoNoAr\/"]},{"@type":"Person","@id":"https:\/\/www.oarcanjo.net\/site\/#\/schema\/person\/f7024d007863202483a31326673a0838","name":"editor","sameAs":["http:\/\/www.oarcanjo.net"]}]}},"publishpress_future_action":{"enabled":false,"date":"2026-05-08 17:31:03","action":"category","newStatus":"draft","terms":[],"taxonomy":"category"},"publishpress_future_workflow_manual_trigger":{"enabledWorkflows":[]},"_links":{"self":[{"href":"https:\/\/www.oarcanjo.net\/site\/wp-json\/wp\/v2\/posts\/127066"}],"collection":[{"href":"https:\/\/www.oarcanjo.net\/site\/wp-json\/wp\/v2\/posts"}],"about":[{"href":"https:\/\/www.oarcanjo.net\/site\/wp-json\/wp\/v2\/types\/post"}],"author":[{"embeddable":true,"href":"https:\/\/www.oarcanjo.net\/site\/wp-json\/wp\/v2\/users\/5"}],"replies":[{"embeddable":true,"href":"https:\/\/www.oarcanjo.net\/site\/wp-json\/wp\/v2\/comments?post=127066"}],"version-history":[{"count":2,"href":"https:\/\/www.oarcanjo.net\/site\/wp-json\/wp\/v2\/posts\/127066\/revisions"}],"predecessor-version":[{"id":127069,"href":"https:\/\/www.oarcanjo.net\/site\/wp-json\/wp\/v2\/posts\/127066\/revisions\/127069"}],"wp:featuredmedia":[{"embeddable":true,"href":"https:\/\/www.oarcanjo.net\/site\/wp-json\/wp\/v2\/media\/127067"}],"wp:attachment":[{"href":"https:\/\/www.oarcanjo.net\/site\/wp-json\/wp\/v2\/media?parent=127066"}],"wp:term":[{"taxonomy":"category","embeddable":true,"href":"https:\/\/www.oarcanjo.net\/site\/wp-json\/wp\/v2\/categories?post=127066"},{"taxonomy":"post_tag","embeddable":true,"href":"https:\/\/www.oarcanjo.net\/site\/wp-json\/wp\/v2\/tags?post=127066"}],"curies":[{"name":"wp","href":"https:\/\/api.w.org\/{rel}","templated":true}]}}