
{"id":12707,"date":"2011-01-14T11:37:21","date_gmt":"2011-01-14T13:37:21","guid":{"rendered":"http:\/\/www.oarcanjo.net\/site\/?p=12707"},"modified":"2011-01-15T12:12:52","modified_gmt":"2011-01-15T14:12:52","slug":"os-tempos-liturgicos-o-tempo-comum","status":"publish","type":"post","link":"https:\/\/www.oarcanjo.net\/site\/os-tempos-liturgicos-o-tempo-comum\/","title":{"rendered":"Os Tempos Lit\u00fargicos &#8211; O Tempo Comum"},"content":{"rendered":"<p>\u00c9 formado por 33 ou 34 semanas. Est\u00e1 dividido em duas partes: a primeira entre a Festa do Batismo do Senhor e a Quaresma (que pode ser de 5 a 9 semanas) e a segunda (contendo as demais semanas) entre o Domingo de Pentecostes e o Tempo do Advento.<\/p>\n<p>Comemoramos nesse tempo o mist\u00e9rio de Cristo em sua plenitude. A proclama\u00e7\u00e3o continuada do Evangelho aprofunda e nos leva a assimilar de modo progressivo o Mist\u00e9rio Pascal, pois celebramos a presen\u00e7a viva de Cristo naquilo que somos e fazemos. A experi\u00eancia da Eucarista dominical, como P\u00e1scoa Semanal, impele a comunidade a seguir a Cristo e a observar a revela\u00e7\u00e3o de seus mist\u00e9rios tamb\u00e9m nos acontecimentos rotineiros da vida.<\/p>\n<p><strong>Celebrando o Tempo Comum<\/strong><\/p>\n<p><strong> &#8211; Cor do tempo: <\/strong>verde<br \/>\n&#8211;\u00a0A prepara\u00e7\u00e3o de nossas liturgias dominicais para esse tempo n\u00e3o deve partir de um &#8220;tema de conscientiza\u00e7\u00e3o e reflex\u00e3o&#8221; (por mais dignos e importantes que eles sejam), pois isso pode levar a assembleia a pensar que o &#8220;tema&#8221; seja o centro da Eucaristia, deixando em segundo lugar Cristo e o Mist\u00e9rio Pascal. Isso n\u00e3o significa diminuir a ora\u00e7\u00e3o para determinada inten\u00e7\u00e3o. A homilia ou reflex\u00e3o, a ora\u00e7\u00e3o dos fi\u00e9is e os demais textos que podem ser adaptados livremente devem inspirar-se na Palavra e a partir dela serem atualizados na vida da Igreja e da humanidade.<br \/>\n&#8211; Os cantos devem igualmente estar em harmonia com a celebra\u00e7\u00e3o e a vida da comunidade.<br \/>\n&#8211; O Tempo Comum deve ser valorizado como um per\u00edodo de crescimento e matura\u00e7\u00e3o, evitando que ele pare\u00e7a mon\u00f3tono e rotineiro.<br \/>\n&#8211; Devemos ajudar os fi\u00e9is a perceberem como os Evangelhos proclamados a cada domingo desenvolvem o mist\u00e9rio da nossa salva\u00e7\u00e3o, seguindo a vida p\u00fablica de Jesus.<br \/>\n&#8211; Algumas Solenidades do Senhor acontecem no Tempo Comum: Sant\u00edssima Trindade (domingo depois de Pentecostes), \u00a0Sant\u00edssimo Sacramento do Corpo e do Sangue de Cristo (quinta-feira de pois da Sant\u00edssima Trindade), Sagrado Cora\u00e7\u00e3o de Jesus (sexta-feira ap\u00f3s o 2\u00ba domingo depois de Pentecostes), Nosso Senhor Jesus Cristo Rei do Universo (\u00faltimo domingo do Tempo Comum).<\/p>\n<p><strong><em>Jesus Cristo &#8211;\u00a0Ontem, hoje e sempre<br \/>\nO Ano Lit\u00fargico<br \/>\nPaulinas<\/em><\/strong><\/p>\n<p><em>Texto: Sidnei Fernandes Lima<br \/>\nIlustra\u00e7\u00f5es: Sergio Ceron <\/em><\/p>\n<div id=\"themify_builder_content-12707\" data-postid=\"12707\" class=\"themify_builder_content themify_builder_content-12707 themify_builder themify_builder_front\">\n\t<\/div>\n<!-- \/themify_builder_content -->","protected":false},"excerpt":{"rendered":"<p>\u00c9 formado por 33 ou 34 semanas. Est\u00e1 dividido em duas partes: a primeira entre a Festa do Batismo do Senhor e a Quaresma (que pode ser de 5 a 9 semanas) e a segunda (contendo as demais semanas) entre o Domingo de Pentecostes e o Tempo do Advento. Comemoramos nesse tempo o mist\u00e9rio de [&hellip;]<\/p>\n","protected":false},"author":5,"featured_media":0,"comment_status":"open","ping_status":"open","sticky":false,"template":"","format":"standard","meta":{"ngg_post_thumbnail":0,"footnotes":""},"categories":[3,109,1780],"tags":[3211],"yoast_head":"<!-- This site is optimized with the Yoast SEO plugin v23.5 - https:\/\/yoast.com\/wordpress\/plugins\/seo\/ -->\n<title>Os Tempos Lit\u00fargicos - O Tempo Comum - O Arcanjo no ar<\/title>\n<meta name=\"robots\" content=\"index, follow, max-snippet:-1, max-image-preview:large, max-video-preview:-1\" \/>\n<link rel=\"canonical\" href=\"https:\/\/www.oarcanjo.net\/site\/os-tempos-liturgicos-o-tempo-comum\/\" \/>\n<meta property=\"og:locale\" content=\"pt_BR\" \/>\n<meta property=\"og:type\" content=\"article\" \/>\n<meta property=\"og:title\" content=\"Os Tempos Lit\u00fargicos - O Tempo Comum - O Arcanjo no ar\" \/>\n<meta property=\"og:description\" content=\"\u00c9 formado por 33 ou 34 semanas. Est\u00e1 dividido em duas partes: a primeira entre a Festa do Batismo do Senhor e a Quaresma (que pode ser de 5 a 9 semanas) e a segunda (contendo as demais semanas) entre o Domingo de Pentecostes e o Tempo do Advento. Comemoramos nesse tempo o mist\u00e9rio de [&hellip;]\" \/>\n<meta property=\"og:url\" content=\"https:\/\/www.oarcanjo.net\/site\/os-tempos-liturgicos-o-tempo-comum\/\" \/>\n<meta property=\"og:site_name\" content=\"O Arcanjo no ar\" \/>\n<meta property=\"article:publisher\" content=\"https:\/\/www.facebook.com\/OArcanjoNoAr\/\" \/>\n<meta property=\"article:published_time\" content=\"2011-01-14T13:37:21+00:00\" \/>\n<meta property=\"article:modified_time\" content=\"2011-01-15T14:12:52+00:00\" \/>\n<meta property=\"og:image\" content=\"https:\/\/www.oarcanjo.net\/site\/wp-content\/uploads\/logo-o-arcanjo-no-ar-facebook.png\" \/>\n\t<meta property=\"og:image:width\" content=\"300\" \/>\n\t<meta property=\"og:image:height\" content=\"300\" \/>\n\t<meta property=\"og:image:type\" content=\"image\/png\" \/>\n<meta name=\"author\" content=\"editor\" \/>\n<meta name=\"twitter:card\" content=\"summary_large_image\" \/>\n<meta name=\"twitter:label1\" content=\"Escrito por\" \/>\n\t<meta name=\"twitter:data1\" content=\"editor\" \/>\n\t<meta name=\"twitter:label2\" content=\"Est. tempo de leitura\" \/>\n\t<meta name=\"twitter:data2\" content=\"2 minutos\" \/>\n<script type=\"application\/ld+json\" class=\"yoast-schema-graph\">{\"@context\":\"https:\/\/schema.org\",\"@graph\":[{\"@type\":\"Article\",\"@id\":\"https:\/\/www.oarcanjo.net\/site\/os-tempos-liturgicos-o-tempo-comum\/#article\",\"isPartOf\":{\"@id\":\"https:\/\/www.oarcanjo.net\/site\/os-tempos-liturgicos-o-tempo-comum\/\"},\"author\":{\"name\":\"editor\",\"@id\":\"https:\/\/www.oarcanjo.net\/site\/#\/schema\/person\/f7024d007863202483a31326673a0838\"},\"headline\":\"Os Tempos Lit\u00fargicos &#8211; O Tempo Comum\",\"datePublished\":\"2011-01-14T13:37:21+00:00\",\"dateModified\":\"2011-01-15T14:12:52+00:00\",\"mainEntityOfPage\":{\"@id\":\"https:\/\/www.oarcanjo.net\/site\/os-tempos-liturgicos-o-tempo-comum\/\"},\"wordCount\":395,\"commentCount\":0,\"publisher\":{\"@id\":\"https:\/\/www.oarcanjo.net\/site\/#organization\"},\"keywords\":[\"Tempos Lit\u00fargicos\"],\"articleSection\":[\"Destaques\",\"Liturgia\",\"Tempos Lit\u00fargicos\"],\"inLanguage\":\"pt-BR\",\"potentialAction\":[{\"@type\":\"CommentAction\",\"name\":\"Comment\",\"target\":[\"https:\/\/www.oarcanjo.net\/site\/os-tempos-liturgicos-o-tempo-comum\/#respond\"]}]},{\"@type\":\"WebPage\",\"@id\":\"https:\/\/www.oarcanjo.net\/site\/os-tempos-liturgicos-o-tempo-comum\/\",\"url\":\"https:\/\/www.oarcanjo.net\/site\/os-tempos-liturgicos-o-tempo-comum\/\",\"name\":\"Os Tempos Lit\u00fargicos - O Tempo Comum - O Arcanjo no ar\",\"isPartOf\":{\"@id\":\"https:\/\/www.oarcanjo.net\/site\/#website\"},\"datePublished\":\"2011-01-14T13:37:21+00:00\",\"dateModified\":\"2011-01-15T14:12:52+00:00\",\"breadcrumb\":{\"@id\":\"https:\/\/www.oarcanjo.net\/site\/os-tempos-liturgicos-o-tempo-comum\/#breadcrumb\"},\"inLanguage\":\"pt-BR\",\"potentialAction\":[{\"@type\":\"ReadAction\",\"target\":[\"https:\/\/www.oarcanjo.net\/site\/os-tempos-liturgicos-o-tempo-comum\/\"]}]},{\"@type\":\"BreadcrumbList\",\"@id\":\"https:\/\/www.oarcanjo.net\/site\/os-tempos-liturgicos-o-tempo-comum\/#breadcrumb\",\"itemListElement\":[{\"@type\":\"ListItem\",\"position\":1,\"name\":\"In\u00edcio\",\"item\":\"https:\/\/www.oarcanjo.net\/site\/\"},{\"@type\":\"ListItem\",\"position\":2,\"name\":\"Os Tempos Lit\u00fargicos &#8211; O Tempo Comum\"}]},{\"@type\":\"WebSite\",\"@id\":\"https:\/\/www.oarcanjo.net\/site\/#website\",\"url\":\"https:\/\/www.oarcanjo.net\/site\/\",\"name\":\"O Arcanjo no ar\",\"description\":\"Site da Par\u00f3quia S\u00e3o Miguel Arcanjo (Arquidiocese de SP)\",\"publisher\":{\"@id\":\"https:\/\/www.oarcanjo.net\/site\/#organization\"},\"potentialAction\":[{\"@type\":\"SearchAction\",\"target\":{\"@type\":\"EntryPoint\",\"urlTemplate\":\"https:\/\/www.oarcanjo.net\/site\/?s={search_term_string}\"},\"query-input\":{\"@type\":\"PropertyValueSpecification\",\"valueRequired\":true,\"valueName\":\"search_term_string\"}}],\"inLanguage\":\"pt-BR\"},{\"@type\":\"Organization\",\"@id\":\"https:\/\/www.oarcanjo.net\/site\/#organization\",\"name\":\"Par\u00f3quia S\u00e3o Miguel Arcanjo\",\"url\":\"https:\/\/www.oarcanjo.net\/site\/\",\"logo\":{\"@type\":\"ImageObject\",\"inLanguage\":\"pt-BR\",\"@id\":\"https:\/\/www.oarcanjo.net\/site\/#\/schema\/logo\/image\/\",\"url\":\"https:\/\/www.oarcanjo.net\/site\/wp-content\/uploads\/LogoOArcanjo.png\",\"contentUrl\":\"https:\/\/www.oarcanjo.net\/site\/wp-content\/uploads\/LogoOArcanjo.png\",\"width\":319,\"height\":99,\"caption\":\"Par\u00f3quia S\u00e3o Miguel Arcanjo\"},\"image\":{\"@id\":\"https:\/\/www.oarcanjo.net\/site\/#\/schema\/logo\/image\/\"},\"sameAs\":[\"https:\/\/www.facebook.com\/OArcanjoNoAr\/\"]},{\"@type\":\"Person\",\"@id\":\"https:\/\/www.oarcanjo.net\/site\/#\/schema\/person\/f7024d007863202483a31326673a0838\",\"name\":\"editor\",\"sameAs\":[\"http:\/\/www.oarcanjo.net\"]}]}<\/script>\n<!-- \/ Yoast SEO plugin. -->","yoast_head_json":{"title":"Os Tempos Lit\u00fargicos - O Tempo Comum - O Arcanjo no ar","robots":{"index":"index","follow":"follow","max-snippet":"max-snippet:-1","max-image-preview":"max-image-preview:large","max-video-preview":"max-video-preview:-1"},"canonical":"https:\/\/www.oarcanjo.net\/site\/os-tempos-liturgicos-o-tempo-comum\/","og_locale":"pt_BR","og_type":"article","og_title":"Os Tempos Lit\u00fargicos - O Tempo Comum - O Arcanjo no ar","og_description":"\u00c9 formado por 33 ou 34 semanas. Est\u00e1 dividido em duas partes: a primeira entre a Festa do Batismo do Senhor e a Quaresma (que pode ser de 5 a 9 semanas) e a segunda (contendo as demais semanas) entre o Domingo de Pentecostes e o Tempo do Advento. Comemoramos nesse tempo o mist\u00e9rio de [&hellip;]","og_url":"https:\/\/www.oarcanjo.net\/site\/os-tempos-liturgicos-o-tempo-comum\/","og_site_name":"O Arcanjo no ar","article_publisher":"https:\/\/www.facebook.com\/OArcanjoNoAr\/","article_published_time":"2011-01-14T13:37:21+00:00","article_modified_time":"2011-01-15T14:12:52+00:00","og_image":[{"width":300,"height":300,"url":"https:\/\/www.oarcanjo.net\/site\/wp-content\/uploads\/logo-o-arcanjo-no-ar-facebook.png","type":"image\/png"}],"author":"editor","twitter_card":"summary_large_image","twitter_misc":{"Escrito por":"editor","Est. tempo de leitura":"2 minutos"},"schema":{"@context":"https:\/\/schema.org","@graph":[{"@type":"Article","@id":"https:\/\/www.oarcanjo.net\/site\/os-tempos-liturgicos-o-tempo-comum\/#article","isPartOf":{"@id":"https:\/\/www.oarcanjo.net\/site\/os-tempos-liturgicos-o-tempo-comum\/"},"author":{"name":"editor","@id":"https:\/\/www.oarcanjo.net\/site\/#\/schema\/person\/f7024d007863202483a31326673a0838"},"headline":"Os Tempos Lit\u00fargicos &#8211; O Tempo Comum","datePublished":"2011-01-14T13:37:21+00:00","dateModified":"2011-01-15T14:12:52+00:00","mainEntityOfPage":{"@id":"https:\/\/www.oarcanjo.net\/site\/os-tempos-liturgicos-o-tempo-comum\/"},"wordCount":395,"commentCount":0,"publisher":{"@id":"https:\/\/www.oarcanjo.net\/site\/#organization"},"keywords":["Tempos Lit\u00fargicos"],"articleSection":["Destaques","Liturgia","Tempos Lit\u00fargicos"],"inLanguage":"pt-BR","potentialAction":[{"@type":"CommentAction","name":"Comment","target":["https:\/\/www.oarcanjo.net\/site\/os-tempos-liturgicos-o-tempo-comum\/#respond"]}]},{"@type":"WebPage","@id":"https:\/\/www.oarcanjo.net\/site\/os-tempos-liturgicos-o-tempo-comum\/","url":"https:\/\/www.oarcanjo.net\/site\/os-tempos-liturgicos-o-tempo-comum\/","name":"Os Tempos Lit\u00fargicos - O Tempo Comum - O Arcanjo no ar","isPartOf":{"@id":"https:\/\/www.oarcanjo.net\/site\/#website"},"datePublished":"2011-01-14T13:37:21+00:00","dateModified":"2011-01-15T14:12:52+00:00","breadcrumb":{"@id":"https:\/\/www.oarcanjo.net\/site\/os-tempos-liturgicos-o-tempo-comum\/#breadcrumb"},"inLanguage":"pt-BR","potentialAction":[{"@type":"ReadAction","target":["https:\/\/www.oarcanjo.net\/site\/os-tempos-liturgicos-o-tempo-comum\/"]}]},{"@type":"BreadcrumbList","@id":"https:\/\/www.oarcanjo.net\/site\/os-tempos-liturgicos-o-tempo-comum\/#breadcrumb","itemListElement":[{"@type":"ListItem","position":1,"name":"In\u00edcio","item":"https:\/\/www.oarcanjo.net\/site\/"},{"@type":"ListItem","position":2,"name":"Os Tempos Lit\u00fargicos &#8211; O Tempo Comum"}]},{"@type":"WebSite","@id":"https:\/\/www.oarcanjo.net\/site\/#website","url":"https:\/\/www.oarcanjo.net\/site\/","name":"O Arcanjo no ar","description":"Site da Par\u00f3quia S\u00e3o Miguel Arcanjo (Arquidiocese de SP)","publisher":{"@id":"https:\/\/www.oarcanjo.net\/site\/#organization"},"potentialAction":[{"@type":"SearchAction","target":{"@type":"EntryPoint","urlTemplate":"https:\/\/www.oarcanjo.net\/site\/?s={search_term_string}"},"query-input":{"@type":"PropertyValueSpecification","valueRequired":true,"valueName":"search_term_string"}}],"inLanguage":"pt-BR"},{"@type":"Organization","@id":"https:\/\/www.oarcanjo.net\/site\/#organization","name":"Par\u00f3quia S\u00e3o Miguel Arcanjo","url":"https:\/\/www.oarcanjo.net\/site\/","logo":{"@type":"ImageObject","inLanguage":"pt-BR","@id":"https:\/\/www.oarcanjo.net\/site\/#\/schema\/logo\/image\/","url":"https:\/\/www.oarcanjo.net\/site\/wp-content\/uploads\/LogoOArcanjo.png","contentUrl":"https:\/\/www.oarcanjo.net\/site\/wp-content\/uploads\/LogoOArcanjo.png","width":319,"height":99,"caption":"Par\u00f3quia S\u00e3o Miguel Arcanjo"},"image":{"@id":"https:\/\/www.oarcanjo.net\/site\/#\/schema\/logo\/image\/"},"sameAs":["https:\/\/www.facebook.com\/OArcanjoNoAr\/"]},{"@type":"Person","@id":"https:\/\/www.oarcanjo.net\/site\/#\/schema\/person\/f7024d007863202483a31326673a0838","name":"editor","sameAs":["http:\/\/www.oarcanjo.net"]}]}},"publishpress_future_action":{"enabled":false,"date":"2026-05-09 00:30:21","action":"category","newStatus":"draft","terms":[],"taxonomy":"category"},"publishpress_future_workflow_manual_trigger":{"enabledWorkflows":[]},"_links":{"self":[{"href":"https:\/\/www.oarcanjo.net\/site\/wp-json\/wp\/v2\/posts\/12707"}],"collection":[{"href":"https:\/\/www.oarcanjo.net\/site\/wp-json\/wp\/v2\/posts"}],"about":[{"href":"https:\/\/www.oarcanjo.net\/site\/wp-json\/wp\/v2\/types\/post"}],"author":[{"embeddable":true,"href":"https:\/\/www.oarcanjo.net\/site\/wp-json\/wp\/v2\/users\/5"}],"replies":[{"embeddable":true,"href":"https:\/\/www.oarcanjo.net\/site\/wp-json\/wp\/v2\/comments?post=12707"}],"version-history":[{"count":0,"href":"https:\/\/www.oarcanjo.net\/site\/wp-json\/wp\/v2\/posts\/12707\/revisions"}],"wp:attachment":[{"href":"https:\/\/www.oarcanjo.net\/site\/wp-json\/wp\/v2\/media?parent=12707"}],"wp:term":[{"taxonomy":"category","embeddable":true,"href":"https:\/\/www.oarcanjo.net\/site\/wp-json\/wp\/v2\/categories?post=12707"},{"taxonomy":"post_tag","embeddable":true,"href":"https:\/\/www.oarcanjo.net\/site\/wp-json\/wp\/v2\/tags?post=12707"}],"curies":[{"name":"wp","href":"https:\/\/api.w.org\/{rel}","templated":true}]}}