
{"id":12717,"date":"2011-01-15T11:58:47","date_gmt":"2011-01-15T13:58:47","guid":{"rendered":"http:\/\/www.oarcanjo.net\/site\/?p=12717"},"modified":"2011-01-15T11:58:47","modified_gmt":"2011-01-15T13:58:47","slug":"o-preco-de-nao-escutar-a-natureza","status":"publish","type":"post","link":"https:\/\/www.oarcanjo.net\/site\/o-preco-de-nao-escutar-a-natureza\/","title":{"rendered":"O pre\u00e7o de n\u00e3o escutar a natureza"},"content":{"rendered":"<p>Leonardo Boff<\/p>\n<p>O cataclisma ambiental, social e humano que se abateu sobre as tr\u00eas cidades serranas do Estado do Rio de Janeiro, Petr\u00f3polis, Teres\u00f3polis e Nova Friburgo, na segunda semana de janeiro, com centenas de mortos, destrui\u00e7\u00e3o de regi\u00f5es inteiras e um incomensur\u00e1vel sofrimento dos que perderam familiares, casas e todos os haveres tem como causa mais imediata as chuvas torrenciais, pr\u00f3prias do ver\u00e3o, a configura\u00e7\u00e3o geof\u00edsica das montanhas, com pouca capa de solo sobre o qual cresce exuberante floresta subtropical, assentada sobre  imensas rochas lisas que por causa da infiltra\u00e7\u00e3o das \u00e1guas e o peso da vegeta\u00e7\u00e3o provocam  frequentemente deslizamentos fatais.<\/p>\n<p>Culpam-se pessoas que ocuparam \u00e1reas de risco, incriminam-se pol\u00edticos corruptos que distribu\u00edram terrenos perigosos a pobres, critica-se o poder p\u00fablico que se mostrou leniente e n\u00e3o fez obras de preven\u00e7\u00e3o, por n\u00e3o serem vis\u00edveis e n\u00e3o angariarem votos. Nisso tudo h\u00e1 muita verdade. Mas nisso n\u00e3o reside a causa principal desta trag\u00e9dia avassaladora.<\/p>\n<p>A causa principal deriva do modo como costumamos tratar  a natureza. Ela \u00e9 generosa para conosco pois nos oferece tudo o que precisamos para viver. Mas n\u00f3s, em contrapartida, a consideramos como um objeto qualquer, entregue ao nosso bel-prazer, sem nenhum sentido de responsabilidade pela sua preserva\u00e7\u00e3o nem lhe damos alguma retribui\u00e7\u00e3o. Ao contr\u00e1rio, tratamo-la com viol\u00eancia, depredamo-la, arrancando tudo o que podemos dela para nosso benef\u00edcio. E ainda a transformamos numa imensa lixeira de nossos dejetos.<\/p>\n<p>Pior ainda: n\u00f3s n\u00e3o conhecemos sua natureza e sua hist\u00f3ria. Somos analfabetos e ignorantes da hist\u00f3ria que se realizou nos nossos lugares no percurso de milhares e milhares de anos. N\u00e3o nos preocupamos em conhecer a flora e a fauna, as montanhas, os rios, as paisagens, as pessoas significativas que a\u00ed viveram, artistas, poetas, governantes, s\u00e1bios e construtores.<\/p>\n<p>Somos, em grande parte, ainda devedores do esp\u00edrito cient\u00edfico moderno que identifica a realidade com seus aspectos  meramente materiais e mecanicistas sem incluir nela, a vida, a consci\u00eancia e a comunh\u00e3o \u00edntima com as coisas que os poetas, m\u00fasicos e artistas nos evocam em suas magn\u00edficas obras. O universo e a natureza possuem hist\u00f3ria. Ela est\u00e1 sendo contada pelas estrelas, pela Terra, pelo afloramento e eleva\u00e7\u00e3o das montanhas, pelos animais, pelas florestas e pelos rios. Nossa tarefa \u00e9 saber escutar e interpretar as mensagens que eles nos mandam. Os povos origin\u00e1rios sabiam captar cada movimento das nuvens, o sentido dos ventos e sabiam quando vinham ou n\u00e3o trombas d\u2019\u00e1gua.  Chico Mendes com quem participei de longas penetra\u00e7\u00f5es na floresta amaz\u00f4nica do Acre sabia interpretar cada ru\u00eddo da selva, ler sinais da passagem de on\u00e7as nas folhas do ch\u00e3o e, com o ouvido colado ao ch\u00e3o, sabia a dire\u00e7\u00e3o em que ia a manada de perigosos porcos selvagens. N\u00f3s desaprendemos tudo isso. Com o recurso das ci\u00eancias lemos a hist\u00f3ria inscrita nas camadas de cada ser. Mas esse conhecimento n\u00e3o entrou nos curr\u00edculos escolares nem  se transformou em cultura geral. Antes, virou t\u00e9cnica para dominar a natureza e acumular.<\/p>\n<p>No caso das cidades serranas: \u00e9 natural que haja chuvas torrenciais no ver\u00e3o. Sempre podem ocorrer desmoronamentos de encostas.  Sabemos que j\u00e1 se instalou o aquecimento global que torna os eventos extremos mais frequentes e mais densos. Conhecemos os vales profundos e os riachos que correm neles. Mas n\u00e3o escutamos a mensagem que eles nos enviam que \u00e9: n\u00e3o construir casas nas encostas; n\u00e3o morar perto do rio e preservar zelosamente a mata ciliar. O rio possui dois leitos: um normal, menor, pelo qual fluem as \u00e1guas correntes e outro maior que d\u00e1 vaz\u00e3o \u00e0s grandes \u00e1guas das chuvas torrenciais. Nesta parte n\u00e3o se pode construir e  morar.<\/p>\n<p>Estamos pagando alto pre\u00e7o pelo nosso descaso e pela dizima\u00e7\u00e3o da mata atl\u00e2ntica que equilibrava o regime das chuvas. O que se imp\u00f5e agora \u00e9 escutar a natureza e fazer obras preventivas que respeitem o modo de ser  de cada encosta, de cada vale e de cada rio.<\/p>\n<p>S\u00f3 controlamos a natureza na medida em que lhe obedecemos e soubermos escutar suas mensagens e ler seus sinais. Caso contr\u00e1rio  teremos que contar com trag\u00e9dias fatais evit\u00e1veis.<\/p>\n<div id=\"themify_builder_content-12717\" data-postid=\"12717\" class=\"themify_builder_content themify_builder_content-12717 themify_builder themify_builder_front\">\n\t<\/div>\n<!-- \/themify_builder_content -->","protected":false},"excerpt":{"rendered":"<p>Leonardo Boff O cataclisma ambiental, social e humano que se abateu sobre as tr\u00eas cidades serranas do Estado do Rio de Janeiro, Petr\u00f3polis, Teres\u00f3polis e Nova Friburgo, na segunda semana de janeiro, com centenas de mortos, destrui\u00e7\u00e3o de regi\u00f5es inteiras e um incomensur\u00e1vel sofrimento dos que perderam familiares, casas e todos os haveres tem como [&hellip;]<\/p>\n","protected":false},"author":5,"featured_media":0,"comment_status":"open","ping_status":"open","sticky":false,"template":"","format":"standard","meta":{"ngg_post_thumbnail":0,"footnotes":""},"categories":[9],"tags":[664,725,468,171,1810,1806,88,1807,133],"yoast_head":"<!-- This site is optimized with the Yoast SEO plugin v23.5 - https:\/\/yoast.com\/wordpress\/plugins\/seo\/ -->\n<title>O pre\u00e7o de n\u00e3o escutar a natureza - O Arcanjo no ar<\/title>\n<meta name=\"robots\" content=\"index, follow, max-snippet:-1, max-image-preview:large, max-video-preview:-1\" \/>\n<link rel=\"canonical\" href=\"https:\/\/www.oarcanjo.net\/site\/o-preco-de-nao-escutar-a-natureza\/\" \/>\n<meta property=\"og:locale\" content=\"pt_BR\" \/>\n<meta property=\"og:type\" content=\"article\" \/>\n<meta property=\"og:title\" content=\"O pre\u00e7o de n\u00e3o escutar a natureza - O Arcanjo no ar\" \/>\n<meta property=\"og:description\" content=\"Leonardo Boff O cataclisma ambiental, social e humano que se abateu sobre as tr\u00eas cidades serranas do Estado do Rio de Janeiro, Petr\u00f3polis, Teres\u00f3polis e Nova Friburgo, na segunda semana de janeiro, com centenas de mortos, destrui\u00e7\u00e3o de regi\u00f5es inteiras e um incomensur\u00e1vel sofrimento dos que perderam familiares, casas e todos os haveres tem como [&hellip;]\" \/>\n<meta property=\"og:url\" content=\"https:\/\/www.oarcanjo.net\/site\/o-preco-de-nao-escutar-a-natureza\/\" \/>\n<meta property=\"og:site_name\" content=\"O Arcanjo no ar\" \/>\n<meta property=\"article:publisher\" content=\"https:\/\/www.facebook.com\/OArcanjoNoAr\/\" \/>\n<meta property=\"article:published_time\" content=\"2011-01-15T13:58:47+00:00\" \/>\n<meta property=\"og:image\" content=\"https:\/\/www.oarcanjo.net\/site\/wp-content\/uploads\/logo-o-arcanjo-no-ar-facebook.png\" \/>\n\t<meta property=\"og:image:width\" content=\"300\" \/>\n\t<meta property=\"og:image:height\" content=\"300\" \/>\n\t<meta property=\"og:image:type\" content=\"image\/png\" \/>\n<meta name=\"author\" content=\"editor\" \/>\n<meta name=\"twitter:card\" content=\"summary_large_image\" \/>\n<meta name=\"twitter:label1\" content=\"Escrito por\" \/>\n\t<meta name=\"twitter:data1\" content=\"editor\" \/>\n\t<meta name=\"twitter:label2\" content=\"Est. tempo de leitura\" \/>\n\t<meta name=\"twitter:data2\" content=\"4 minutos\" \/>\n<script type=\"application\/ld+json\" class=\"yoast-schema-graph\">{\"@context\":\"https:\/\/schema.org\",\"@graph\":[{\"@type\":\"Article\",\"@id\":\"https:\/\/www.oarcanjo.net\/site\/o-preco-de-nao-escutar-a-natureza\/#article\",\"isPartOf\":{\"@id\":\"https:\/\/www.oarcanjo.net\/site\/o-preco-de-nao-escutar-a-natureza\/\"},\"author\":{\"name\":\"editor\",\"@id\":\"https:\/\/www.oarcanjo.net\/site\/#\/schema\/person\/f7024d007863202483a31326673a0838\"},\"headline\":\"O pre\u00e7o de n\u00e3o escutar a natureza\",\"datePublished\":\"2011-01-15T13:58:47+00:00\",\"dateModified\":\"2011-01-15T13:58:47+00:00\",\"mainEntityOfPage\":{\"@id\":\"https:\/\/www.oarcanjo.net\/site\/o-preco-de-nao-escutar-a-natureza\/\"},\"wordCount\":747,\"commentCount\":2,\"publisher\":{\"@id\":\"https:\/\/www.oarcanjo.net\/site\/#organization\"},\"keywords\":[\"chuvas\",\"enchentes\",\"meio ambiente\",\"natureza\",\"Nova Friburgo\",\"Petr\u00f3polis\",\"solidariedade\",\"Teres\u00f3polis\",\"trag\u00e9dia\"],\"articleSection\":[\"Reflex\u00f5es\"],\"inLanguage\":\"pt-BR\",\"potentialAction\":[{\"@type\":\"CommentAction\",\"name\":\"Comment\",\"target\":[\"https:\/\/www.oarcanjo.net\/site\/o-preco-de-nao-escutar-a-natureza\/#respond\"]}]},{\"@type\":\"WebPage\",\"@id\":\"https:\/\/www.oarcanjo.net\/site\/o-preco-de-nao-escutar-a-natureza\/\",\"url\":\"https:\/\/www.oarcanjo.net\/site\/o-preco-de-nao-escutar-a-natureza\/\",\"name\":\"O pre\u00e7o de n\u00e3o escutar a natureza - O Arcanjo no ar\",\"isPartOf\":{\"@id\":\"https:\/\/www.oarcanjo.net\/site\/#website\"},\"datePublished\":\"2011-01-15T13:58:47+00:00\",\"dateModified\":\"2011-01-15T13:58:47+00:00\",\"breadcrumb\":{\"@id\":\"https:\/\/www.oarcanjo.net\/site\/o-preco-de-nao-escutar-a-natureza\/#breadcrumb\"},\"inLanguage\":\"pt-BR\",\"potentialAction\":[{\"@type\":\"ReadAction\",\"target\":[\"https:\/\/www.oarcanjo.net\/site\/o-preco-de-nao-escutar-a-natureza\/\"]}]},{\"@type\":\"BreadcrumbList\",\"@id\":\"https:\/\/www.oarcanjo.net\/site\/o-preco-de-nao-escutar-a-natureza\/#breadcrumb\",\"itemListElement\":[{\"@type\":\"ListItem\",\"position\":1,\"name\":\"In\u00edcio\",\"item\":\"https:\/\/www.oarcanjo.net\/site\/\"},{\"@type\":\"ListItem\",\"position\":2,\"name\":\"O pre\u00e7o de n\u00e3o escutar a natureza\"}]},{\"@type\":\"WebSite\",\"@id\":\"https:\/\/www.oarcanjo.net\/site\/#website\",\"url\":\"https:\/\/www.oarcanjo.net\/site\/\",\"name\":\"O Arcanjo no ar\",\"description\":\"Site da Par\u00f3quia S\u00e3o Miguel Arcanjo (Arquidiocese de SP)\",\"publisher\":{\"@id\":\"https:\/\/www.oarcanjo.net\/site\/#organization\"},\"potentialAction\":[{\"@type\":\"SearchAction\",\"target\":{\"@type\":\"EntryPoint\",\"urlTemplate\":\"https:\/\/www.oarcanjo.net\/site\/?s={search_term_string}\"},\"query-input\":{\"@type\":\"PropertyValueSpecification\",\"valueRequired\":true,\"valueName\":\"search_term_string\"}}],\"inLanguage\":\"pt-BR\"},{\"@type\":\"Organization\",\"@id\":\"https:\/\/www.oarcanjo.net\/site\/#organization\",\"name\":\"Par\u00f3quia S\u00e3o Miguel Arcanjo\",\"url\":\"https:\/\/www.oarcanjo.net\/site\/\",\"logo\":{\"@type\":\"ImageObject\",\"inLanguage\":\"pt-BR\",\"@id\":\"https:\/\/www.oarcanjo.net\/site\/#\/schema\/logo\/image\/\",\"url\":\"https:\/\/www.oarcanjo.net\/site\/wp-content\/uploads\/LogoOArcanjo.png\",\"contentUrl\":\"https:\/\/www.oarcanjo.net\/site\/wp-content\/uploads\/LogoOArcanjo.png\",\"width\":319,\"height\":99,\"caption\":\"Par\u00f3quia S\u00e3o Miguel Arcanjo\"},\"image\":{\"@id\":\"https:\/\/www.oarcanjo.net\/site\/#\/schema\/logo\/image\/\"},\"sameAs\":[\"https:\/\/www.facebook.com\/OArcanjoNoAr\/\"]},{\"@type\":\"Person\",\"@id\":\"https:\/\/www.oarcanjo.net\/site\/#\/schema\/person\/f7024d007863202483a31326673a0838\",\"name\":\"editor\",\"sameAs\":[\"http:\/\/www.oarcanjo.net\"]}]}<\/script>\n<!-- \/ Yoast SEO plugin. -->","yoast_head_json":{"title":"O pre\u00e7o de n\u00e3o escutar a natureza - O Arcanjo no ar","robots":{"index":"index","follow":"follow","max-snippet":"max-snippet:-1","max-image-preview":"max-image-preview:large","max-video-preview":"max-video-preview:-1"},"canonical":"https:\/\/www.oarcanjo.net\/site\/o-preco-de-nao-escutar-a-natureza\/","og_locale":"pt_BR","og_type":"article","og_title":"O pre\u00e7o de n\u00e3o escutar a natureza - O Arcanjo no ar","og_description":"Leonardo Boff O cataclisma ambiental, social e humano que se abateu sobre as tr\u00eas cidades serranas do Estado do Rio de Janeiro, Petr\u00f3polis, Teres\u00f3polis e Nova Friburgo, na segunda semana de janeiro, com centenas de mortos, destrui\u00e7\u00e3o de regi\u00f5es inteiras e um incomensur\u00e1vel sofrimento dos que perderam familiares, casas e todos os haveres tem como [&hellip;]","og_url":"https:\/\/www.oarcanjo.net\/site\/o-preco-de-nao-escutar-a-natureza\/","og_site_name":"O Arcanjo no ar","article_publisher":"https:\/\/www.facebook.com\/OArcanjoNoAr\/","article_published_time":"2011-01-15T13:58:47+00:00","og_image":[{"width":300,"height":300,"url":"https:\/\/www.oarcanjo.net\/site\/wp-content\/uploads\/logo-o-arcanjo-no-ar-facebook.png","type":"image\/png"}],"author":"editor","twitter_card":"summary_large_image","twitter_misc":{"Escrito por":"editor","Est. tempo de leitura":"4 minutos"},"schema":{"@context":"https:\/\/schema.org","@graph":[{"@type":"Article","@id":"https:\/\/www.oarcanjo.net\/site\/o-preco-de-nao-escutar-a-natureza\/#article","isPartOf":{"@id":"https:\/\/www.oarcanjo.net\/site\/o-preco-de-nao-escutar-a-natureza\/"},"author":{"name":"editor","@id":"https:\/\/www.oarcanjo.net\/site\/#\/schema\/person\/f7024d007863202483a31326673a0838"},"headline":"O pre\u00e7o de n\u00e3o escutar a natureza","datePublished":"2011-01-15T13:58:47+00:00","dateModified":"2011-01-15T13:58:47+00:00","mainEntityOfPage":{"@id":"https:\/\/www.oarcanjo.net\/site\/o-preco-de-nao-escutar-a-natureza\/"},"wordCount":747,"commentCount":2,"publisher":{"@id":"https:\/\/www.oarcanjo.net\/site\/#organization"},"keywords":["chuvas","enchentes","meio ambiente","natureza","Nova Friburgo","Petr\u00f3polis","solidariedade","Teres\u00f3polis","trag\u00e9dia"],"articleSection":["Reflex\u00f5es"],"inLanguage":"pt-BR","potentialAction":[{"@type":"CommentAction","name":"Comment","target":["https:\/\/www.oarcanjo.net\/site\/o-preco-de-nao-escutar-a-natureza\/#respond"]}]},{"@type":"WebPage","@id":"https:\/\/www.oarcanjo.net\/site\/o-preco-de-nao-escutar-a-natureza\/","url":"https:\/\/www.oarcanjo.net\/site\/o-preco-de-nao-escutar-a-natureza\/","name":"O pre\u00e7o de n\u00e3o escutar a natureza - O Arcanjo no ar","isPartOf":{"@id":"https:\/\/www.oarcanjo.net\/site\/#website"},"datePublished":"2011-01-15T13:58:47+00:00","dateModified":"2011-01-15T13:58:47+00:00","breadcrumb":{"@id":"https:\/\/www.oarcanjo.net\/site\/o-preco-de-nao-escutar-a-natureza\/#breadcrumb"},"inLanguage":"pt-BR","potentialAction":[{"@type":"ReadAction","target":["https:\/\/www.oarcanjo.net\/site\/o-preco-de-nao-escutar-a-natureza\/"]}]},{"@type":"BreadcrumbList","@id":"https:\/\/www.oarcanjo.net\/site\/o-preco-de-nao-escutar-a-natureza\/#breadcrumb","itemListElement":[{"@type":"ListItem","position":1,"name":"In\u00edcio","item":"https:\/\/www.oarcanjo.net\/site\/"},{"@type":"ListItem","position":2,"name":"O pre\u00e7o de n\u00e3o escutar a natureza"}]},{"@type":"WebSite","@id":"https:\/\/www.oarcanjo.net\/site\/#website","url":"https:\/\/www.oarcanjo.net\/site\/","name":"O Arcanjo no ar","description":"Site da Par\u00f3quia S\u00e3o Miguel Arcanjo (Arquidiocese de SP)","publisher":{"@id":"https:\/\/www.oarcanjo.net\/site\/#organization"},"potentialAction":[{"@type":"SearchAction","target":{"@type":"EntryPoint","urlTemplate":"https:\/\/www.oarcanjo.net\/site\/?s={search_term_string}"},"query-input":{"@type":"PropertyValueSpecification","valueRequired":true,"valueName":"search_term_string"}}],"inLanguage":"pt-BR"},{"@type":"Organization","@id":"https:\/\/www.oarcanjo.net\/site\/#organization","name":"Par\u00f3quia S\u00e3o Miguel Arcanjo","url":"https:\/\/www.oarcanjo.net\/site\/","logo":{"@type":"ImageObject","inLanguage":"pt-BR","@id":"https:\/\/www.oarcanjo.net\/site\/#\/schema\/logo\/image\/","url":"https:\/\/www.oarcanjo.net\/site\/wp-content\/uploads\/LogoOArcanjo.png","contentUrl":"https:\/\/www.oarcanjo.net\/site\/wp-content\/uploads\/LogoOArcanjo.png","width":319,"height":99,"caption":"Par\u00f3quia S\u00e3o Miguel Arcanjo"},"image":{"@id":"https:\/\/www.oarcanjo.net\/site\/#\/schema\/logo\/image\/"},"sameAs":["https:\/\/www.facebook.com\/OArcanjoNoAr\/"]},{"@type":"Person","@id":"https:\/\/www.oarcanjo.net\/site\/#\/schema\/person\/f7024d007863202483a31326673a0838","name":"editor","sameAs":["http:\/\/www.oarcanjo.net"]}]}},"publishpress_future_action":{"enabled":false,"date":"2026-05-10 10:45:32","action":"category","newStatus":"draft","terms":[],"taxonomy":"category"},"publishpress_future_workflow_manual_trigger":{"enabledWorkflows":[]},"_links":{"self":[{"href":"https:\/\/www.oarcanjo.net\/site\/wp-json\/wp\/v2\/posts\/12717"}],"collection":[{"href":"https:\/\/www.oarcanjo.net\/site\/wp-json\/wp\/v2\/posts"}],"about":[{"href":"https:\/\/www.oarcanjo.net\/site\/wp-json\/wp\/v2\/types\/post"}],"author":[{"embeddable":true,"href":"https:\/\/www.oarcanjo.net\/site\/wp-json\/wp\/v2\/users\/5"}],"replies":[{"embeddable":true,"href":"https:\/\/www.oarcanjo.net\/site\/wp-json\/wp\/v2\/comments?post=12717"}],"version-history":[{"count":0,"href":"https:\/\/www.oarcanjo.net\/site\/wp-json\/wp\/v2\/posts\/12717\/revisions"}],"wp:attachment":[{"href":"https:\/\/www.oarcanjo.net\/site\/wp-json\/wp\/v2\/media?parent=12717"}],"wp:term":[{"taxonomy":"category","embeddable":true,"href":"https:\/\/www.oarcanjo.net\/site\/wp-json\/wp\/v2\/categories?post=12717"},{"taxonomy":"post_tag","embeddable":true,"href":"https:\/\/www.oarcanjo.net\/site\/wp-json\/wp\/v2\/tags?post=12717"}],"curies":[{"name":"wp","href":"https:\/\/api.w.org\/{rel}","templated":true}]}}