
{"id":1272,"date":"2008-12-27T00:02:56","date_gmt":"2008-12-27T02:02:56","guid":{"rendered":"http:\/\/www.oarcanjo.net\/site\/?p=1272"},"modified":"2009-01-16T07:40:22","modified_gmt":"2009-01-16T09:40:22","slug":"parabens-pe-julio","status":"publish","type":"post","link":"https:\/\/www.oarcanjo.net\/site\/parabens-pe-julio\/","title":{"rendered":"Parab\u00e9ns, Pe. J\u00falio!"},"content":{"rendered":"<p><img loading=\"lazy\" decoding=\"async\" src=\"http:\/\/www.oarcanjo.net\/site\/wp-content\/uploads\/aniversariopejulio.jpg\" alt=\"Feliz anivers\u00e1rio, Pe. J\u00falio\" title=\"Feliz anivers\u00e1rio, Pe. J\u00falio\" width=\"500\" height=\"185\" class=\"alignnone size-full wp-image-1281\" srcset=\"https:\/\/www.oarcanjo.net\/site\/wp-content\/uploads\/aniversariopejulio.jpg 600w, https:\/\/www.oarcanjo.net\/site\/wp-content\/uploads\/aniversariopejulio-300x111.jpg 300w\" sizes=\"(max-width: 500px) 100vw, 500px\" \/><\/p>\n<p>Neste 27 de dezembro, J\u00falio Renato Lancellotti, o Pe. J\u00falio, completa 60 anos, a mesma idade no mesmo m\u00eas de anivers\u00e1rio da Declara\u00e7\u00e3o Universal dos Direitos Humanos &#8211; uma feliz coincid\u00eancia! Para comemorar essa data significativa, o site &#8220;O Arcanjo no ar&#8221; publica a homenagem abaixo, redigida por Rubens Marchioni. Sinta-se \u00e0 vontade e estimulado(a) a enviar tamb\u00e9m a sua mensagem:<\/p>\n<p><em>A B\u00edblia n\u00e3o se cansa de afirmar que s\u00e3o bem-aventurados aqueles que trabalham pela justi\u00e7a. \u00c9 que para Deus n\u00e3o existe outro caminho para se construir uma sociedade feliz como aquela que tanto desejamos. Pensando nisso, ele tratou de inventar os profetas, os santos. Aqueles que dariam a vida para que o mundo fosse cada vez mais parecido com o sonho do Pai: Isa\u00edas, Jeremias, Luther King, Helder C\u00e2mara, Julio Lancellotti&#8230; Todos necess\u00e1rios. Todos indispens\u00e1veis, cada um a seu tempo. Porque apesar de tudo, Deus continua acreditando que um mundo feito de justi\u00e7a e paz \u00e9 um projeto vi\u00e1vel. <\/p>\n<p>N\u00e3o \u00e9 por acaso que n\u00f3s, da Comunidade S\u00e3o Miguel Arcanjo, estamos em festa. E nos alegramos ao agradecer ao Senhor pela generosidade de nos dar, como pastor, esse homem nascido para ser sinal do Reino que sonhamos. Obrigado, Pe. Julio, por aceitar esse minist\u00e9rio. Feliz anivers\u00e1rio!<\/em><\/p>\n<p>Leia mais sobre a caminhada do Pe. J\u00falio na p\u00e1gina <a href=\"\/site\/index.php\/o-paroco\/\">&#8220;O P\u00e1roco&#8221;<\/a><\/p>\n<p>Veja as fotos da comemora\u00e7\u00e3o com a comunidade:<br \/>ngg_shortcode_0_placeholder\n<div id=\"themify_builder_content-1272\" data-postid=\"1272\" class=\"themify_builder_content themify_builder_content-1272 themify_builder themify_builder_front\">\n\t<\/div>\n<!-- \/themify_builder_content -->","protected":false},"excerpt":{"rendered":"<p>Neste 27 de dezembro, J\u00falio Renato Lancellotti, o Pe. J\u00falio, completa 60 anos, a mesma idade no mesmo m\u00eas de anivers\u00e1rio da Declara\u00e7\u00e3o Universal dos Direitos Humanos &#8211; uma feliz coincid\u00eancia! Para comemorar essa data significativa, o site &#8220;O Arcanjo no ar&#8221; publica a homenagem abaixo, redigida por Rubens Marchioni. Sinta-se \u00e0 vontade e estimulado(a) [&hellip;]<\/p>\n","protected":false},"author":5,"featured_media":0,"comment_status":"open","ping_status":"open","sticky":false,"template":"","format":"standard","meta":{"ngg_post_thumbnail":0,"footnotes":""},"categories":[8],"tags":[129,162,97],"yoast_head":"<!-- This site is optimized with the Yoast SEO plugin v23.5 - https:\/\/yoast.com\/wordpress\/plugins\/seo\/ -->\n<title>Parab\u00e9ns, Pe. J\u00falio! - O Arcanjo no ar<\/title>\n<meta name=\"robots\" content=\"index, follow, max-snippet:-1, max-image-preview:large, max-video-preview:-1\" \/>\n<link rel=\"canonical\" href=\"https:\/\/www.oarcanjo.net\/site\/parabens-pe-julio\/\" \/>\n<meta property=\"og:locale\" content=\"pt_BR\" \/>\n<meta property=\"og:type\" content=\"article\" \/>\n<meta property=\"og:title\" content=\"Parab\u00e9ns, Pe. J\u00falio! - O Arcanjo no ar\" \/>\n<meta property=\"og:description\" content=\"Neste 27 de dezembro, J\u00falio Renato Lancellotti, o Pe. J\u00falio, completa 60 anos, a mesma idade no mesmo m\u00eas de anivers\u00e1rio da Declara\u00e7\u00e3o Universal dos Direitos Humanos &#8211; uma feliz coincid\u00eancia! Para comemorar essa data significativa, o site &#8220;O Arcanjo no ar&#8221; publica a homenagem abaixo, redigida por Rubens Marchioni. Sinta-se \u00e0 vontade e estimulado(a) [&hellip;]\" \/>\n<meta property=\"og:url\" content=\"https:\/\/www.oarcanjo.net\/site\/parabens-pe-julio\/\" \/>\n<meta property=\"og:site_name\" content=\"O Arcanjo no ar\" \/>\n<meta property=\"article:publisher\" content=\"https:\/\/www.facebook.com\/OArcanjoNoAr\/\" \/>\n<meta property=\"article:published_time\" content=\"2008-12-27T02:02:56+00:00\" \/>\n<meta property=\"article:modified_time\" content=\"2009-01-16T09:40:22+00:00\" \/>\n<meta property=\"og:image\" content=\"https:\/\/www.oarcanjo.net\/site\/wp-content\/uploads\/banner_pejulio-150x150.png\" \/>\n<meta name=\"author\" content=\"editor\" \/>\n<meta name=\"twitter:card\" content=\"summary_large_image\" \/>\n<meta name=\"twitter:label1\" content=\"Escrito por\" \/>\n\t<meta name=\"twitter:data1\" content=\"editor\" \/>\n\t<meta name=\"twitter:label2\" content=\"Est. tempo de leitura\" \/>\n\t<meta name=\"twitter:data2\" content=\"1 minuto\" \/>\n<script type=\"application\/ld+json\" class=\"yoast-schema-graph\">{\"@context\":\"https:\/\/schema.org\",\"@graph\":[{\"@type\":\"Article\",\"@id\":\"https:\/\/www.oarcanjo.net\/site\/parabens-pe-julio\/#article\",\"isPartOf\":{\"@id\":\"https:\/\/www.oarcanjo.net\/site\/parabens-pe-julio\/\"},\"author\":{\"name\":\"editor\",\"@id\":\"https:\/\/www.oarcanjo.net\/site\/#\/schema\/person\/f7024d007863202483a31326673a0838\"},\"headline\":\"Parab\u00e9ns, Pe. J\u00falio!\",\"datePublished\":\"2008-12-27T02:02:56+00:00\",\"dateModified\":\"2009-01-16T09:40:22+00:00\",\"mainEntityOfPage\":{\"@id\":\"https:\/\/www.oarcanjo.net\/site\/parabens-pe-julio\/\"},\"wordCount\":255,\"commentCount\":22,\"publisher\":{\"@id\":\"https:\/\/www.oarcanjo.net\/site\/#organization\"},\"image\":{\"@id\":\"https:\/\/www.oarcanjo.net\/site\/parabens-pe-julio\/#primaryimage\"},\"thumbnailUrl\":\"http:\/\/www.oarcanjo.net\/site\/wp-content\/uploads\/aniversariopejulio.jpg\",\"keywords\":[\"anivers\u00e1rio\",\"J\u00falio Lancellotti\",\"profetas\"],\"articleSection\":[\"Not\u00edcias\"],\"inLanguage\":\"pt-BR\",\"potentialAction\":[{\"@type\":\"CommentAction\",\"name\":\"Comment\",\"target\":[\"https:\/\/www.oarcanjo.net\/site\/parabens-pe-julio\/#respond\"]}]},{\"@type\":\"WebPage\",\"@id\":\"https:\/\/www.oarcanjo.net\/site\/parabens-pe-julio\/\",\"url\":\"https:\/\/www.oarcanjo.net\/site\/parabens-pe-julio\/\",\"name\":\"Parab\u00e9ns, Pe. J\u00falio! - O Arcanjo no ar\",\"isPartOf\":{\"@id\":\"https:\/\/www.oarcanjo.net\/site\/#website\"},\"primaryImageOfPage\":{\"@id\":\"https:\/\/www.oarcanjo.net\/site\/parabens-pe-julio\/#primaryimage\"},\"image\":{\"@id\":\"https:\/\/www.oarcanjo.net\/site\/parabens-pe-julio\/#primaryimage\"},\"thumbnailUrl\":\"http:\/\/www.oarcanjo.net\/site\/wp-content\/uploads\/aniversariopejulio.jpg\",\"datePublished\":\"2008-12-27T02:02:56+00:00\",\"dateModified\":\"2009-01-16T09:40:22+00:00\",\"breadcrumb\":{\"@id\":\"https:\/\/www.oarcanjo.net\/site\/parabens-pe-julio\/#breadcrumb\"},\"inLanguage\":\"pt-BR\",\"potentialAction\":[{\"@type\":\"ReadAction\",\"target\":[\"https:\/\/www.oarcanjo.net\/site\/parabens-pe-julio\/\"]}]},{\"@type\":\"ImageObject\",\"inLanguage\":\"pt-BR\",\"@id\":\"https:\/\/www.oarcanjo.net\/site\/parabens-pe-julio\/#primaryimage\",\"url\":\"https:\/\/www.oarcanjo.net\/site\/wp-content\/uploads\/aniversariopejulio.jpg\",\"contentUrl\":\"https:\/\/www.oarcanjo.net\/site\/wp-content\/uploads\/aniversariopejulio.jpg\",\"width\":600,\"height\":223},{\"@type\":\"BreadcrumbList\",\"@id\":\"https:\/\/www.oarcanjo.net\/site\/parabens-pe-julio\/#breadcrumb\",\"itemListElement\":[{\"@type\":\"ListItem\",\"position\":1,\"name\":\"In\u00edcio\",\"item\":\"https:\/\/www.oarcanjo.net\/site\/\"},{\"@type\":\"ListItem\",\"position\":2,\"name\":\"Parab\u00e9ns, Pe. J\u00falio!\"}]},{\"@type\":\"WebSite\",\"@id\":\"https:\/\/www.oarcanjo.net\/site\/#website\",\"url\":\"https:\/\/www.oarcanjo.net\/site\/\",\"name\":\"O Arcanjo no ar\",\"description\":\"Site da Par\u00f3quia S\u00e3o Miguel Arcanjo (Arquidiocese de SP)\",\"publisher\":{\"@id\":\"https:\/\/www.oarcanjo.net\/site\/#organization\"},\"potentialAction\":[{\"@type\":\"SearchAction\",\"target\":{\"@type\":\"EntryPoint\",\"urlTemplate\":\"https:\/\/www.oarcanjo.net\/site\/?s={search_term_string}\"},\"query-input\":{\"@type\":\"PropertyValueSpecification\",\"valueRequired\":true,\"valueName\":\"search_term_string\"}}],\"inLanguage\":\"pt-BR\"},{\"@type\":\"Organization\",\"@id\":\"https:\/\/www.oarcanjo.net\/site\/#organization\",\"name\":\"Par\u00f3quia S\u00e3o Miguel Arcanjo\",\"url\":\"https:\/\/www.oarcanjo.net\/site\/\",\"logo\":{\"@type\":\"ImageObject\",\"inLanguage\":\"pt-BR\",\"@id\":\"https:\/\/www.oarcanjo.net\/site\/#\/schema\/logo\/image\/\",\"url\":\"https:\/\/www.oarcanjo.net\/site\/wp-content\/uploads\/LogoOArcanjo.png\",\"contentUrl\":\"https:\/\/www.oarcanjo.net\/site\/wp-content\/uploads\/LogoOArcanjo.png\",\"width\":319,\"height\":99,\"caption\":\"Par\u00f3quia S\u00e3o Miguel Arcanjo\"},\"image\":{\"@id\":\"https:\/\/www.oarcanjo.net\/site\/#\/schema\/logo\/image\/\"},\"sameAs\":[\"https:\/\/www.facebook.com\/OArcanjoNoAr\/\"]},{\"@type\":\"Person\",\"@id\":\"https:\/\/www.oarcanjo.net\/site\/#\/schema\/person\/f7024d007863202483a31326673a0838\",\"name\":\"editor\",\"sameAs\":[\"http:\/\/www.oarcanjo.net\"]}]}<\/script>\n<!-- \/ Yoast SEO plugin. -->","yoast_head_json":{"title":"Parab\u00e9ns, Pe. J\u00falio! - O Arcanjo no ar","robots":{"index":"index","follow":"follow","max-snippet":"max-snippet:-1","max-image-preview":"max-image-preview:large","max-video-preview":"max-video-preview:-1"},"canonical":"https:\/\/www.oarcanjo.net\/site\/parabens-pe-julio\/","og_locale":"pt_BR","og_type":"article","og_title":"Parab\u00e9ns, Pe. J\u00falio! - O Arcanjo no ar","og_description":"Neste 27 de dezembro, J\u00falio Renato Lancellotti, o Pe. J\u00falio, completa 60 anos, a mesma idade no mesmo m\u00eas de anivers\u00e1rio da Declara\u00e7\u00e3o Universal dos Direitos Humanos &#8211; uma feliz coincid\u00eancia! Para comemorar essa data significativa, o site &#8220;O Arcanjo no ar&#8221; publica a homenagem abaixo, redigida por Rubens Marchioni. Sinta-se \u00e0 vontade e estimulado(a) [&hellip;]","og_url":"https:\/\/www.oarcanjo.net\/site\/parabens-pe-julio\/","og_site_name":"O Arcanjo no ar","article_publisher":"https:\/\/www.facebook.com\/OArcanjoNoAr\/","article_published_time":"2008-12-27T02:02:56+00:00","article_modified_time":"2009-01-16T09:40:22+00:00","og_image":[{"url":"https:\/\/www.oarcanjo.net\/site\/wp-content\/uploads\/banner_pejulio-150x150.png"}],"author":"editor","twitter_card":"summary_large_image","twitter_misc":{"Escrito por":"editor","Est. tempo de leitura":"1 minuto"},"schema":{"@context":"https:\/\/schema.org","@graph":[{"@type":"Article","@id":"https:\/\/www.oarcanjo.net\/site\/parabens-pe-julio\/#article","isPartOf":{"@id":"https:\/\/www.oarcanjo.net\/site\/parabens-pe-julio\/"},"author":{"name":"editor","@id":"https:\/\/www.oarcanjo.net\/site\/#\/schema\/person\/f7024d007863202483a31326673a0838"},"headline":"Parab\u00e9ns, Pe. J\u00falio!","datePublished":"2008-12-27T02:02:56+00:00","dateModified":"2009-01-16T09:40:22+00:00","mainEntityOfPage":{"@id":"https:\/\/www.oarcanjo.net\/site\/parabens-pe-julio\/"},"wordCount":255,"commentCount":22,"publisher":{"@id":"https:\/\/www.oarcanjo.net\/site\/#organization"},"image":{"@id":"https:\/\/www.oarcanjo.net\/site\/parabens-pe-julio\/#primaryimage"},"thumbnailUrl":"http:\/\/www.oarcanjo.net\/site\/wp-content\/uploads\/aniversariopejulio.jpg","keywords":["anivers\u00e1rio","J\u00falio Lancellotti","profetas"],"articleSection":["Not\u00edcias"],"inLanguage":"pt-BR","potentialAction":[{"@type":"CommentAction","name":"Comment","target":["https:\/\/www.oarcanjo.net\/site\/parabens-pe-julio\/#respond"]}]},{"@type":"WebPage","@id":"https:\/\/www.oarcanjo.net\/site\/parabens-pe-julio\/","url":"https:\/\/www.oarcanjo.net\/site\/parabens-pe-julio\/","name":"Parab\u00e9ns, Pe. J\u00falio! - O Arcanjo no ar","isPartOf":{"@id":"https:\/\/www.oarcanjo.net\/site\/#website"},"primaryImageOfPage":{"@id":"https:\/\/www.oarcanjo.net\/site\/parabens-pe-julio\/#primaryimage"},"image":{"@id":"https:\/\/www.oarcanjo.net\/site\/parabens-pe-julio\/#primaryimage"},"thumbnailUrl":"http:\/\/www.oarcanjo.net\/site\/wp-content\/uploads\/aniversariopejulio.jpg","datePublished":"2008-12-27T02:02:56+00:00","dateModified":"2009-01-16T09:40:22+00:00","breadcrumb":{"@id":"https:\/\/www.oarcanjo.net\/site\/parabens-pe-julio\/#breadcrumb"},"inLanguage":"pt-BR","potentialAction":[{"@type":"ReadAction","target":["https:\/\/www.oarcanjo.net\/site\/parabens-pe-julio\/"]}]},{"@type":"ImageObject","inLanguage":"pt-BR","@id":"https:\/\/www.oarcanjo.net\/site\/parabens-pe-julio\/#primaryimage","url":"https:\/\/www.oarcanjo.net\/site\/wp-content\/uploads\/aniversariopejulio.jpg","contentUrl":"https:\/\/www.oarcanjo.net\/site\/wp-content\/uploads\/aniversariopejulio.jpg","width":600,"height":223},{"@type":"BreadcrumbList","@id":"https:\/\/www.oarcanjo.net\/site\/parabens-pe-julio\/#breadcrumb","itemListElement":[{"@type":"ListItem","position":1,"name":"In\u00edcio","item":"https:\/\/www.oarcanjo.net\/site\/"},{"@type":"ListItem","position":2,"name":"Parab\u00e9ns, Pe. J\u00falio!"}]},{"@type":"WebSite","@id":"https:\/\/www.oarcanjo.net\/site\/#website","url":"https:\/\/www.oarcanjo.net\/site\/","name":"O Arcanjo no ar","description":"Site da Par\u00f3quia S\u00e3o Miguel Arcanjo (Arquidiocese de SP)","publisher":{"@id":"https:\/\/www.oarcanjo.net\/site\/#organization"},"potentialAction":[{"@type":"SearchAction","target":{"@type":"EntryPoint","urlTemplate":"https:\/\/www.oarcanjo.net\/site\/?s={search_term_string}"},"query-input":{"@type":"PropertyValueSpecification","valueRequired":true,"valueName":"search_term_string"}}],"inLanguage":"pt-BR"},{"@type":"Organization","@id":"https:\/\/www.oarcanjo.net\/site\/#organization","name":"Par\u00f3quia S\u00e3o Miguel Arcanjo","url":"https:\/\/www.oarcanjo.net\/site\/","logo":{"@type":"ImageObject","inLanguage":"pt-BR","@id":"https:\/\/www.oarcanjo.net\/site\/#\/schema\/logo\/image\/","url":"https:\/\/www.oarcanjo.net\/site\/wp-content\/uploads\/LogoOArcanjo.png","contentUrl":"https:\/\/www.oarcanjo.net\/site\/wp-content\/uploads\/LogoOArcanjo.png","width":319,"height":99,"caption":"Par\u00f3quia S\u00e3o Miguel Arcanjo"},"image":{"@id":"https:\/\/www.oarcanjo.net\/site\/#\/schema\/logo\/image\/"},"sameAs":["https:\/\/www.facebook.com\/OArcanjoNoAr\/"]},{"@type":"Person","@id":"https:\/\/www.oarcanjo.net\/site\/#\/schema\/person\/f7024d007863202483a31326673a0838","name":"editor","sameAs":["http:\/\/www.oarcanjo.net"]}]}},"publishpress_future_action":{"enabled":false,"date":"2026-05-08 18:01:22","action":"category","newStatus":"draft","terms":[],"taxonomy":"category"},"publishpress_future_workflow_manual_trigger":{"enabledWorkflows":[]},"_links":{"self":[{"href":"https:\/\/www.oarcanjo.net\/site\/wp-json\/wp\/v2\/posts\/1272"}],"collection":[{"href":"https:\/\/www.oarcanjo.net\/site\/wp-json\/wp\/v2\/posts"}],"about":[{"href":"https:\/\/www.oarcanjo.net\/site\/wp-json\/wp\/v2\/types\/post"}],"author":[{"embeddable":true,"href":"https:\/\/www.oarcanjo.net\/site\/wp-json\/wp\/v2\/users\/5"}],"replies":[{"embeddable":true,"href":"https:\/\/www.oarcanjo.net\/site\/wp-json\/wp\/v2\/comments?post=1272"}],"version-history":[{"count":0,"href":"https:\/\/www.oarcanjo.net\/site\/wp-json\/wp\/v2\/posts\/1272\/revisions"}],"wp:attachment":[{"href":"https:\/\/www.oarcanjo.net\/site\/wp-json\/wp\/v2\/media?parent=1272"}],"wp:term":[{"taxonomy":"category","embeddable":true,"href":"https:\/\/www.oarcanjo.net\/site\/wp-json\/wp\/v2\/categories?post=1272"},{"taxonomy":"post_tag","embeddable":true,"href":"https:\/\/www.oarcanjo.net\/site\/wp-json\/wp\/v2\/tags?post=1272"}],"curies":[{"name":"wp","href":"https:\/\/api.w.org\/{rel}","templated":true}]}}