
{"id":12722,"date":"2011-01-15T19:40:33","date_gmt":"2011-01-15T21:40:33","guid":{"rendered":"http:\/\/www.oarcanjo.net\/site\/?p=12722"},"modified":"2011-01-19T12:20:47","modified_gmt":"2011-01-19T14:20:47","slug":"dom-paulo-recebe-alta-da-uti","status":"publish","type":"post","link":"https:\/\/www.oarcanjo.net\/site\/dom-paulo-recebe-alta-da-uti\/","title":{"rendered":"Dom Paulo sai da UTI"},"content":{"rendered":"<p>O cardeal D. Paulo Evaristo Arns, arcebispo em\u00e9rito de S\u00e3o Paulo,\u00a0recebeu alta do UTI do Hospital Santa Catarina na sexta-feira, dia 14. Segundo o \u00faltimo boletim m\u00e9dico, D. Paulo &#8220;eliminou por completo a infec\u00e7\u00e3o pulmonar instaurada ap\u00f3s cirurgia para a extra\u00e7\u00e3o da ves\u00edcula e sua sa\u00fade segue est\u00e1vel&#8221;.<\/p>\n<p>O cardeal Arns foi internado e passou por uma cirurgia de emerg\u00eancia dia 1\u00ba de janeiro em decorr\u00eancia de um processo infeccioso na ves\u00edcula biliar. Os m\u00e9dicos informam ainda informou que ele est\u00e1 consciente, se alimenta bem, faz pequenas caminhadas e n\u00e3o apresenta febre nem sinais de infec\u00e7\u00e3o.<\/p>\n<div id=\"themify_builder_content-12722\" data-postid=\"12722\" class=\"themify_builder_content themify_builder_content-12722 themify_builder themify_builder_front\">\n\t<\/div>\n<!-- \/themify_builder_content -->","protected":false},"excerpt":{"rendered":"<p>O cardeal D. Paulo Evaristo Arns, arcebispo em\u00e9rito de S\u00e3o Paulo,\u00a0recebeu alta do UTI do Hospital Santa Catarina na sexta-feira, dia 14. Segundo o \u00faltimo boletim m\u00e9dico, D. Paulo &#8220;eliminou por completo a infec\u00e7\u00e3o pulmonar instaurada ap\u00f3s cirurgia para a extra\u00e7\u00e3o da ves\u00edcula e sua sa\u00fade segue est\u00e1vel&#8221;. O cardeal Arns foi internado e passou [&hellip;]<\/p>\n","protected":false},"author":5,"featured_media":0,"comment_status":"open","ping_status":"open","sticky":false,"template":"","format":"standard","meta":{"ngg_post_thumbnail":0,"footnotes":""},"categories":[8],"tags":[1386],"yoast_head":"<!-- This site is optimized with the Yoast SEO plugin v23.5 - https:\/\/yoast.com\/wordpress\/plugins\/seo\/ -->\n<title>Dom Paulo sai da UTI - O Arcanjo no ar<\/title>\n<meta name=\"robots\" content=\"index, follow, max-snippet:-1, max-image-preview:large, max-video-preview:-1\" \/>\n<link rel=\"canonical\" href=\"https:\/\/www.oarcanjo.net\/site\/dom-paulo-recebe-alta-da-uti\/\" \/>\n<meta property=\"og:locale\" content=\"pt_BR\" \/>\n<meta property=\"og:type\" content=\"article\" \/>\n<meta property=\"og:title\" content=\"Dom Paulo sai da UTI - O Arcanjo no ar\" \/>\n<meta property=\"og:description\" content=\"O cardeal D. Paulo Evaristo Arns, arcebispo em\u00e9rito de S\u00e3o Paulo,\u00a0recebeu alta do UTI do Hospital Santa Catarina na sexta-feira, dia 14. Segundo o \u00faltimo boletim m\u00e9dico, D. Paulo &#8220;eliminou por completo a infec\u00e7\u00e3o pulmonar instaurada ap\u00f3s cirurgia para a extra\u00e7\u00e3o da ves\u00edcula e sua sa\u00fade segue est\u00e1vel&#8221;. O cardeal Arns foi internado e passou [&hellip;]\" \/>\n<meta property=\"og:url\" content=\"https:\/\/www.oarcanjo.net\/site\/dom-paulo-recebe-alta-da-uti\/\" \/>\n<meta property=\"og:site_name\" content=\"O Arcanjo no ar\" \/>\n<meta property=\"article:publisher\" content=\"https:\/\/www.facebook.com\/OArcanjoNoAr\/\" \/>\n<meta property=\"article:published_time\" content=\"2011-01-15T21:40:33+00:00\" \/>\n<meta property=\"article:modified_time\" content=\"2011-01-19T14:20:47+00:00\" \/>\n<meta property=\"og:image\" content=\"https:\/\/www.oarcanjo.net\/site\/wp-content\/uploads\/logo-o-arcanjo-no-ar-facebook.png\" \/>\n\t<meta property=\"og:image:width\" content=\"300\" \/>\n\t<meta property=\"og:image:height\" content=\"300\" \/>\n\t<meta property=\"og:image:type\" content=\"image\/png\" \/>\n<meta name=\"author\" content=\"editor\" \/>\n<meta name=\"twitter:card\" content=\"summary_large_image\" \/>\n<meta name=\"twitter:label1\" content=\"Escrito por\" \/>\n\t<meta name=\"twitter:data1\" content=\"editor\" \/>\n\t<meta name=\"twitter:label2\" content=\"Est. tempo de leitura\" \/>\n\t<meta name=\"twitter:data2\" content=\"1 minuto\" \/>\n<script type=\"application\/ld+json\" class=\"yoast-schema-graph\">{\"@context\":\"https:\/\/schema.org\",\"@graph\":[{\"@type\":\"Article\",\"@id\":\"https:\/\/www.oarcanjo.net\/site\/dom-paulo-recebe-alta-da-uti\/#article\",\"isPartOf\":{\"@id\":\"https:\/\/www.oarcanjo.net\/site\/dom-paulo-recebe-alta-da-uti\/\"},\"author\":{\"name\":\"editor\",\"@id\":\"https:\/\/www.oarcanjo.net\/site\/#\/schema\/person\/f7024d007863202483a31326673a0838\"},\"headline\":\"Dom Paulo sai da UTI\",\"datePublished\":\"2011-01-15T21:40:33+00:00\",\"dateModified\":\"2011-01-19T14:20:47+00:00\",\"mainEntityOfPage\":{\"@id\":\"https:\/\/www.oarcanjo.net\/site\/dom-paulo-recebe-alta-da-uti\/\"},\"wordCount\":115,\"commentCount\":0,\"publisher\":{\"@id\":\"https:\/\/www.oarcanjo.net\/site\/#organization\"},\"keywords\":[\"Dom Paulo Evaristo Arns\"],\"articleSection\":[\"Not\u00edcias\"],\"inLanguage\":\"pt-BR\",\"potentialAction\":[{\"@type\":\"CommentAction\",\"name\":\"Comment\",\"target\":[\"https:\/\/www.oarcanjo.net\/site\/dom-paulo-recebe-alta-da-uti\/#respond\"]}]},{\"@type\":\"WebPage\",\"@id\":\"https:\/\/www.oarcanjo.net\/site\/dom-paulo-recebe-alta-da-uti\/\",\"url\":\"https:\/\/www.oarcanjo.net\/site\/dom-paulo-recebe-alta-da-uti\/\",\"name\":\"Dom Paulo sai da UTI - O Arcanjo no ar\",\"isPartOf\":{\"@id\":\"https:\/\/www.oarcanjo.net\/site\/#website\"},\"datePublished\":\"2011-01-15T21:40:33+00:00\",\"dateModified\":\"2011-01-19T14:20:47+00:00\",\"breadcrumb\":{\"@id\":\"https:\/\/www.oarcanjo.net\/site\/dom-paulo-recebe-alta-da-uti\/#breadcrumb\"},\"inLanguage\":\"pt-BR\",\"potentialAction\":[{\"@type\":\"ReadAction\",\"target\":[\"https:\/\/www.oarcanjo.net\/site\/dom-paulo-recebe-alta-da-uti\/\"]}]},{\"@type\":\"BreadcrumbList\",\"@id\":\"https:\/\/www.oarcanjo.net\/site\/dom-paulo-recebe-alta-da-uti\/#breadcrumb\",\"itemListElement\":[{\"@type\":\"ListItem\",\"position\":1,\"name\":\"In\u00edcio\",\"item\":\"https:\/\/www.oarcanjo.net\/site\/\"},{\"@type\":\"ListItem\",\"position\":2,\"name\":\"Dom Paulo sai da UTI\"}]},{\"@type\":\"WebSite\",\"@id\":\"https:\/\/www.oarcanjo.net\/site\/#website\",\"url\":\"https:\/\/www.oarcanjo.net\/site\/\",\"name\":\"O Arcanjo no ar\",\"description\":\"Site da Par\u00f3quia S\u00e3o Miguel Arcanjo (Arquidiocese de SP)\",\"publisher\":{\"@id\":\"https:\/\/www.oarcanjo.net\/site\/#organization\"},\"potentialAction\":[{\"@type\":\"SearchAction\",\"target\":{\"@type\":\"EntryPoint\",\"urlTemplate\":\"https:\/\/www.oarcanjo.net\/site\/?s={search_term_string}\"},\"query-input\":{\"@type\":\"PropertyValueSpecification\",\"valueRequired\":true,\"valueName\":\"search_term_string\"}}],\"inLanguage\":\"pt-BR\"},{\"@type\":\"Organization\",\"@id\":\"https:\/\/www.oarcanjo.net\/site\/#organization\",\"name\":\"Par\u00f3quia S\u00e3o Miguel Arcanjo\",\"url\":\"https:\/\/www.oarcanjo.net\/site\/\",\"logo\":{\"@type\":\"ImageObject\",\"inLanguage\":\"pt-BR\",\"@id\":\"https:\/\/www.oarcanjo.net\/site\/#\/schema\/logo\/image\/\",\"url\":\"https:\/\/www.oarcanjo.net\/site\/wp-content\/uploads\/LogoOArcanjo.png\",\"contentUrl\":\"https:\/\/www.oarcanjo.net\/site\/wp-content\/uploads\/LogoOArcanjo.png\",\"width\":319,\"height\":99,\"caption\":\"Par\u00f3quia S\u00e3o Miguel Arcanjo\"},\"image\":{\"@id\":\"https:\/\/www.oarcanjo.net\/site\/#\/schema\/logo\/image\/\"},\"sameAs\":[\"https:\/\/www.facebook.com\/OArcanjoNoAr\/\"]},{\"@type\":\"Person\",\"@id\":\"https:\/\/www.oarcanjo.net\/site\/#\/schema\/person\/f7024d007863202483a31326673a0838\",\"name\":\"editor\",\"sameAs\":[\"http:\/\/www.oarcanjo.net\"]}]}<\/script>\n<!-- \/ Yoast SEO plugin. -->","yoast_head_json":{"title":"Dom Paulo sai da UTI - O Arcanjo no ar","robots":{"index":"index","follow":"follow","max-snippet":"max-snippet:-1","max-image-preview":"max-image-preview:large","max-video-preview":"max-video-preview:-1"},"canonical":"https:\/\/www.oarcanjo.net\/site\/dom-paulo-recebe-alta-da-uti\/","og_locale":"pt_BR","og_type":"article","og_title":"Dom Paulo sai da UTI - O Arcanjo no ar","og_description":"O cardeal D. Paulo Evaristo Arns, arcebispo em\u00e9rito de S\u00e3o Paulo,\u00a0recebeu alta do UTI do Hospital Santa Catarina na sexta-feira, dia 14. Segundo o \u00faltimo boletim m\u00e9dico, D. Paulo &#8220;eliminou por completo a infec\u00e7\u00e3o pulmonar instaurada ap\u00f3s cirurgia para a extra\u00e7\u00e3o da ves\u00edcula e sua sa\u00fade segue est\u00e1vel&#8221;. O cardeal Arns foi internado e passou [&hellip;]","og_url":"https:\/\/www.oarcanjo.net\/site\/dom-paulo-recebe-alta-da-uti\/","og_site_name":"O Arcanjo no ar","article_publisher":"https:\/\/www.facebook.com\/OArcanjoNoAr\/","article_published_time":"2011-01-15T21:40:33+00:00","article_modified_time":"2011-01-19T14:20:47+00:00","og_image":[{"width":300,"height":300,"url":"https:\/\/www.oarcanjo.net\/site\/wp-content\/uploads\/logo-o-arcanjo-no-ar-facebook.png","type":"image\/png"}],"author":"editor","twitter_card":"summary_large_image","twitter_misc":{"Escrito por":"editor","Est. tempo de leitura":"1 minuto"},"schema":{"@context":"https:\/\/schema.org","@graph":[{"@type":"Article","@id":"https:\/\/www.oarcanjo.net\/site\/dom-paulo-recebe-alta-da-uti\/#article","isPartOf":{"@id":"https:\/\/www.oarcanjo.net\/site\/dom-paulo-recebe-alta-da-uti\/"},"author":{"name":"editor","@id":"https:\/\/www.oarcanjo.net\/site\/#\/schema\/person\/f7024d007863202483a31326673a0838"},"headline":"Dom Paulo sai da UTI","datePublished":"2011-01-15T21:40:33+00:00","dateModified":"2011-01-19T14:20:47+00:00","mainEntityOfPage":{"@id":"https:\/\/www.oarcanjo.net\/site\/dom-paulo-recebe-alta-da-uti\/"},"wordCount":115,"commentCount":0,"publisher":{"@id":"https:\/\/www.oarcanjo.net\/site\/#organization"},"keywords":["Dom Paulo Evaristo Arns"],"articleSection":["Not\u00edcias"],"inLanguage":"pt-BR","potentialAction":[{"@type":"CommentAction","name":"Comment","target":["https:\/\/www.oarcanjo.net\/site\/dom-paulo-recebe-alta-da-uti\/#respond"]}]},{"@type":"WebPage","@id":"https:\/\/www.oarcanjo.net\/site\/dom-paulo-recebe-alta-da-uti\/","url":"https:\/\/www.oarcanjo.net\/site\/dom-paulo-recebe-alta-da-uti\/","name":"Dom Paulo sai da UTI - O Arcanjo no ar","isPartOf":{"@id":"https:\/\/www.oarcanjo.net\/site\/#website"},"datePublished":"2011-01-15T21:40:33+00:00","dateModified":"2011-01-19T14:20:47+00:00","breadcrumb":{"@id":"https:\/\/www.oarcanjo.net\/site\/dom-paulo-recebe-alta-da-uti\/#breadcrumb"},"inLanguage":"pt-BR","potentialAction":[{"@type":"ReadAction","target":["https:\/\/www.oarcanjo.net\/site\/dom-paulo-recebe-alta-da-uti\/"]}]},{"@type":"BreadcrumbList","@id":"https:\/\/www.oarcanjo.net\/site\/dom-paulo-recebe-alta-da-uti\/#breadcrumb","itemListElement":[{"@type":"ListItem","position":1,"name":"In\u00edcio","item":"https:\/\/www.oarcanjo.net\/site\/"},{"@type":"ListItem","position":2,"name":"Dom Paulo sai da UTI"}]},{"@type":"WebSite","@id":"https:\/\/www.oarcanjo.net\/site\/#website","url":"https:\/\/www.oarcanjo.net\/site\/","name":"O Arcanjo no ar","description":"Site da Par\u00f3quia S\u00e3o Miguel Arcanjo (Arquidiocese de SP)","publisher":{"@id":"https:\/\/www.oarcanjo.net\/site\/#organization"},"potentialAction":[{"@type":"SearchAction","target":{"@type":"EntryPoint","urlTemplate":"https:\/\/www.oarcanjo.net\/site\/?s={search_term_string}"},"query-input":{"@type":"PropertyValueSpecification","valueRequired":true,"valueName":"search_term_string"}}],"inLanguage":"pt-BR"},{"@type":"Organization","@id":"https:\/\/www.oarcanjo.net\/site\/#organization","name":"Par\u00f3quia S\u00e3o Miguel Arcanjo","url":"https:\/\/www.oarcanjo.net\/site\/","logo":{"@type":"ImageObject","inLanguage":"pt-BR","@id":"https:\/\/www.oarcanjo.net\/site\/#\/schema\/logo\/image\/","url":"https:\/\/www.oarcanjo.net\/site\/wp-content\/uploads\/LogoOArcanjo.png","contentUrl":"https:\/\/www.oarcanjo.net\/site\/wp-content\/uploads\/LogoOArcanjo.png","width":319,"height":99,"caption":"Par\u00f3quia S\u00e3o Miguel Arcanjo"},"image":{"@id":"https:\/\/www.oarcanjo.net\/site\/#\/schema\/logo\/image\/"},"sameAs":["https:\/\/www.facebook.com\/OArcanjoNoAr\/"]},{"@type":"Person","@id":"https:\/\/www.oarcanjo.net\/site\/#\/schema\/person\/f7024d007863202483a31326673a0838","name":"editor","sameAs":["http:\/\/www.oarcanjo.net"]}]}},"publishpress_future_action":{"enabled":false,"date":"2026-05-09 03:10:39","action":"category","newStatus":"draft","terms":[],"taxonomy":"category"},"publishpress_future_workflow_manual_trigger":{"enabledWorkflows":[]},"_links":{"self":[{"href":"https:\/\/www.oarcanjo.net\/site\/wp-json\/wp\/v2\/posts\/12722"}],"collection":[{"href":"https:\/\/www.oarcanjo.net\/site\/wp-json\/wp\/v2\/posts"}],"about":[{"href":"https:\/\/www.oarcanjo.net\/site\/wp-json\/wp\/v2\/types\/post"}],"author":[{"embeddable":true,"href":"https:\/\/www.oarcanjo.net\/site\/wp-json\/wp\/v2\/users\/5"}],"replies":[{"embeddable":true,"href":"https:\/\/www.oarcanjo.net\/site\/wp-json\/wp\/v2\/comments?post=12722"}],"version-history":[{"count":0,"href":"https:\/\/www.oarcanjo.net\/site\/wp-json\/wp\/v2\/posts\/12722\/revisions"}],"wp:attachment":[{"href":"https:\/\/www.oarcanjo.net\/site\/wp-json\/wp\/v2\/media?parent=12722"}],"wp:term":[{"taxonomy":"category","embeddable":true,"href":"https:\/\/www.oarcanjo.net\/site\/wp-json\/wp\/v2\/categories?post=12722"},{"taxonomy":"post_tag","embeddable":true,"href":"https:\/\/www.oarcanjo.net\/site\/wp-json\/wp\/v2\/tags?post=12722"}],"curies":[{"name":"wp","href":"https:\/\/api.w.org\/{rel}","templated":true}]}}