
{"id":127380,"date":"2023-12-09T10:06:19","date_gmt":"2023-12-09T13:06:19","guid":{"rendered":"https:\/\/www.oarcanjo.net\/site\/missa-do-1o-domingo-do-advento-com-pe-julio-lancellotti-03-12-2023-copy\/"},"modified":"2023-12-10T17:47:59","modified_gmt":"2023-12-10T20:47:59","slug":"missa-do-2o-domingo-do-advento-com-pe-julio-lancellotti-10-12-2023","status":"publish","type":"post","link":"https:\/\/www.oarcanjo.net\/site\/missa-do-2o-domingo-do-advento-com-pe-julio-lancellotti-10-12-2023\/","title":{"rendered":"Missa do 2\u00ba Domingo do Advento com Pe. Julio Lancellotti &#8211; 10\/12\/2023"},"content":{"rendered":"<p>Acompanhe a \u00edntegra da missa do 2\u00ba Domingo do Advento, presidida pelo Pe. Julio Lancellotti em 10\/12\/2023.<\/p>\n<p><iframe loading=\"lazy\" title=\"YouTube video player\" src=\"https:\/\/www.youtube.com\/embed\/zqS3PEkuetg?rel=0\" width=\"852\" height=\"480\" frameborder=\"0\" allowfullscreen=\"allowfullscreen\"><\/iframe><\/p>\n<p>Segue link para o folheto Povo de Deus da Arquidiocese de S\u00e3o Paulo:<\/p>\n<p><a href=\"https:\/\/arquisp.org.br\/sites\/default\/files\/folheto_povo_deus\/ano-48b-66-2o-domingo-do-advento.pdf\" target=\"_blank\" rel=\"noopener\">https:\/\/arquisp.org.br\/sites\/default\/files\/folheto_povo_deus\/ano-48b-66-2o-domingo-do-advento.pdf<\/a><\/p>\n<p>Na sequ\u00eancia da missa, \u00e0s 11h30, haver\u00e1 o ato &#8220;75 Anos de Valores Universais: Celebrando a Declara\u00e7\u00e3o dos Direitos Humanos&#8221;, organizado pela Frente Inter-Religiosa Dom Paulo Evaristo Arns, com participa\u00e7\u00e3o de diversas entidades, como a Comiss\u00e3o Justi\u00e7a e Paz de S\u00e3o Paulo, Comiss\u00e3o Arns e a Rede Democracia e Direitos Humanos.<\/p>\n<p>Em um mundo onde a dignidade, liberdade e igualdade s\u00e3o pilares fundamentais, celebramos com orgulho e comprometimento os 75 anos da Declara\u00e7\u00e3o Universal dos Direitos Humanos. Este marco n\u00e3o \u00e9 apenas uma data, mas sim um lembrete poderoso de nossa responsabilidade coletiva de garantir que todos os seres humanos sejam reconhecidos, respeitados e protegidos em sua ess\u00eancia.<\/p>\n<div id=\"themify_builder_content-127380\" data-postid=\"127380\" class=\"themify_builder_content themify_builder_content-127380 themify_builder themify_builder_front\">\n\t<\/div>\n<!-- \/themify_builder_content -->","protected":false},"excerpt":{"rendered":"<p>Acompanhe a \u00edntegra da missa do 2\u00ba Domingo do Advento, presidida pelo Pe. Julio Lancellotti em 10\/12\/2023<\/p>\n","protected":false},"author":5,"featured_media":127383,"comment_status":"open","ping_status":"open","sticky":false,"template":"","format":"standard","meta":{"ngg_post_thumbnail":0,"footnotes":""},"categories":[3,280],"tags":[],"yoast_head":"<!-- This site is optimized with the Yoast SEO plugin v23.5 - https:\/\/yoast.com\/wordpress\/plugins\/seo\/ -->\n<title>Missa do 2\u00ba Domingo do Advento com Pe. Julio Lancellotti - 10\/12\/2023 - O Arcanjo no ar<\/title>\n<meta name=\"robots\" content=\"index, follow, max-snippet:-1, max-image-preview:large, max-video-preview:-1\" \/>\n<link rel=\"canonical\" href=\"https:\/\/www.oarcanjo.net\/site\/missa-do-2o-domingo-do-advento-com-pe-julio-lancellotti-10-12-2023\/\" \/>\n<meta property=\"og:locale\" content=\"pt_BR\" \/>\n<meta property=\"og:type\" content=\"article\" \/>\n<meta property=\"og:title\" content=\"Missa do 2\u00ba Domingo do Advento com Pe. Julio Lancellotti - 10\/12\/2023 - O Arcanjo no ar\" \/>\n<meta property=\"og:description\" content=\"Acompanhe a \u00edntegra da missa do 2\u00ba Domingo do Advento, presidida pelo Pe. Julio Lancellotti em 10\/12\/2023\" \/>\n<meta property=\"og:url\" content=\"https:\/\/www.oarcanjo.net\/site\/missa-do-2o-domingo-do-advento-com-pe-julio-lancellotti-10-12-2023\/\" \/>\n<meta property=\"og:site_name\" content=\"O Arcanjo no ar\" \/>\n<meta property=\"article:publisher\" content=\"https:\/\/www.facebook.com\/OArcanjoNoAr\/\" \/>\n<meta property=\"article:published_time\" content=\"2023-12-09T13:06:19+00:00\" \/>\n<meta property=\"article:modified_time\" content=\"2023-12-10T20:47:59+00:00\" \/>\n<meta property=\"og:image\" content=\"https:\/\/www.oarcanjo.net\/site\/wp-content\/uploads\/banner-2-domingo-do-advento-2023-12-10-v02.jpg\" \/>\n\t<meta property=\"og:image:width\" content=\"1920\" \/>\n\t<meta property=\"og:image:height\" content=\"1080\" \/>\n\t<meta property=\"og:image:type\" content=\"image\/jpeg\" \/>\n<meta name=\"author\" content=\"editor\" \/>\n<meta name=\"twitter:card\" content=\"summary_large_image\" \/>\n<meta name=\"twitter:image\" content=\"https:\/\/www.oarcanjo.net\/site\/wp-content\/uploads\/banner-2-domingo-do-advento-2023-12-10-v02.jpg\" \/>\n<meta name=\"twitter:label1\" content=\"Escrito por\" \/>\n\t<meta name=\"twitter:data1\" content=\"editor\" \/>\n\t<meta name=\"twitter:label2\" content=\"Est. tempo de leitura\" \/>\n\t<meta name=\"twitter:data2\" content=\"1 minuto\" \/>\n<script type=\"application\/ld+json\" class=\"yoast-schema-graph\">{\"@context\":\"https:\/\/schema.org\",\"@graph\":[{\"@type\":\"Article\",\"@id\":\"https:\/\/www.oarcanjo.net\/site\/missa-do-2o-domingo-do-advento-com-pe-julio-lancellotti-10-12-2023\/#article\",\"isPartOf\":{\"@id\":\"https:\/\/www.oarcanjo.net\/site\/missa-do-2o-domingo-do-advento-com-pe-julio-lancellotti-10-12-2023\/\"},\"author\":{\"name\":\"editor\",\"@id\":\"https:\/\/www.oarcanjo.net\/site\/#\/schema\/person\/f7024d007863202483a31326673a0838\"},\"headline\":\"Missa do 2\u00ba Domingo do Advento com Pe. Julio Lancellotti &#8211; 10\/12\/2023\",\"datePublished\":\"2023-12-09T13:06:19+00:00\",\"dateModified\":\"2023-12-10T20:47:59+00:00\",\"mainEntityOfPage\":{\"@id\":\"https:\/\/www.oarcanjo.net\/site\/missa-do-2o-domingo-do-advento-com-pe-julio-lancellotti-10-12-2023\/\"},\"wordCount\":170,\"commentCount\":0,\"publisher\":{\"@id\":\"https:\/\/www.oarcanjo.net\/site\/#organization\"},\"image\":{\"@id\":\"https:\/\/www.oarcanjo.net\/site\/missa-do-2o-domingo-do-advento-com-pe-julio-lancellotti-10-12-2023\/#primaryimage\"},\"thumbnailUrl\":\"https:\/\/www.oarcanjo.net\/site\/wp-content\/uploads\/banner-2-domingo-do-advento-2023-12-10-v02.jpg\",\"articleSection\":[\"Destaques\",\"V\u00eddeos\"],\"inLanguage\":\"pt-BR\",\"potentialAction\":[{\"@type\":\"CommentAction\",\"name\":\"Comment\",\"target\":[\"https:\/\/www.oarcanjo.net\/site\/missa-do-2o-domingo-do-advento-com-pe-julio-lancellotti-10-12-2023\/#respond\"]}]},{\"@type\":\"WebPage\",\"@id\":\"https:\/\/www.oarcanjo.net\/site\/missa-do-2o-domingo-do-advento-com-pe-julio-lancellotti-10-12-2023\/\",\"url\":\"https:\/\/www.oarcanjo.net\/site\/missa-do-2o-domingo-do-advento-com-pe-julio-lancellotti-10-12-2023\/\",\"name\":\"Missa do 2\u00ba Domingo do Advento com Pe. Julio Lancellotti - 10\/12\/2023 - O Arcanjo no ar\",\"isPartOf\":{\"@id\":\"https:\/\/www.oarcanjo.net\/site\/#website\"},\"primaryImageOfPage\":{\"@id\":\"https:\/\/www.oarcanjo.net\/site\/missa-do-2o-domingo-do-advento-com-pe-julio-lancellotti-10-12-2023\/#primaryimage\"},\"image\":{\"@id\":\"https:\/\/www.oarcanjo.net\/site\/missa-do-2o-domingo-do-advento-com-pe-julio-lancellotti-10-12-2023\/#primaryimage\"},\"thumbnailUrl\":\"https:\/\/www.oarcanjo.net\/site\/wp-content\/uploads\/banner-2-domingo-do-advento-2023-12-10-v02.jpg\",\"datePublished\":\"2023-12-09T13:06:19+00:00\",\"dateModified\":\"2023-12-10T20:47:59+00:00\",\"breadcrumb\":{\"@id\":\"https:\/\/www.oarcanjo.net\/site\/missa-do-2o-domingo-do-advento-com-pe-julio-lancellotti-10-12-2023\/#breadcrumb\"},\"inLanguage\":\"pt-BR\",\"potentialAction\":[{\"@type\":\"ReadAction\",\"target\":[\"https:\/\/www.oarcanjo.net\/site\/missa-do-2o-domingo-do-advento-com-pe-julio-lancellotti-10-12-2023\/\"]}]},{\"@type\":\"ImageObject\",\"inLanguage\":\"pt-BR\",\"@id\":\"https:\/\/www.oarcanjo.net\/site\/missa-do-2o-domingo-do-advento-com-pe-julio-lancellotti-10-12-2023\/#primaryimage\",\"url\":\"https:\/\/www.oarcanjo.net\/site\/wp-content\/uploads\/banner-2-domingo-do-advento-2023-12-10-v02.jpg\",\"contentUrl\":\"https:\/\/www.oarcanjo.net\/site\/wp-content\/uploads\/banner-2-domingo-do-advento-2023-12-10-v02.jpg\",\"width\":1920,\"height\":1080},{\"@type\":\"BreadcrumbList\",\"@id\":\"https:\/\/www.oarcanjo.net\/site\/missa-do-2o-domingo-do-advento-com-pe-julio-lancellotti-10-12-2023\/#breadcrumb\",\"itemListElement\":[{\"@type\":\"ListItem\",\"position\":1,\"name\":\"In\u00edcio\",\"item\":\"https:\/\/www.oarcanjo.net\/site\/\"},{\"@type\":\"ListItem\",\"position\":2,\"name\":\"Missa do 2\u00ba Domingo do Advento com Pe. Julio Lancellotti &#8211; 10\/12\/2023\"}]},{\"@type\":\"WebSite\",\"@id\":\"https:\/\/www.oarcanjo.net\/site\/#website\",\"url\":\"https:\/\/www.oarcanjo.net\/site\/\",\"name\":\"O Arcanjo no ar\",\"description\":\"Site da Par\u00f3quia S\u00e3o Miguel Arcanjo (Arquidiocese de SP)\",\"publisher\":{\"@id\":\"https:\/\/www.oarcanjo.net\/site\/#organization\"},\"potentialAction\":[{\"@type\":\"SearchAction\",\"target\":{\"@type\":\"EntryPoint\",\"urlTemplate\":\"https:\/\/www.oarcanjo.net\/site\/?s={search_term_string}\"},\"query-input\":{\"@type\":\"PropertyValueSpecification\",\"valueRequired\":true,\"valueName\":\"search_term_string\"}}],\"inLanguage\":\"pt-BR\"},{\"@type\":\"Organization\",\"@id\":\"https:\/\/www.oarcanjo.net\/site\/#organization\",\"name\":\"Par\u00f3quia S\u00e3o Miguel Arcanjo\",\"url\":\"https:\/\/www.oarcanjo.net\/site\/\",\"logo\":{\"@type\":\"ImageObject\",\"inLanguage\":\"pt-BR\",\"@id\":\"https:\/\/www.oarcanjo.net\/site\/#\/schema\/logo\/image\/\",\"url\":\"https:\/\/www.oarcanjo.net\/site\/wp-content\/uploads\/LogoOArcanjo.png\",\"contentUrl\":\"https:\/\/www.oarcanjo.net\/site\/wp-content\/uploads\/LogoOArcanjo.png\",\"width\":319,\"height\":99,\"caption\":\"Par\u00f3quia S\u00e3o Miguel Arcanjo\"},\"image\":{\"@id\":\"https:\/\/www.oarcanjo.net\/site\/#\/schema\/logo\/image\/\"},\"sameAs\":[\"https:\/\/www.facebook.com\/OArcanjoNoAr\/\"]},{\"@type\":\"Person\",\"@id\":\"https:\/\/www.oarcanjo.net\/site\/#\/schema\/person\/f7024d007863202483a31326673a0838\",\"name\":\"editor\",\"sameAs\":[\"http:\/\/www.oarcanjo.net\"]}]}<\/script>\n<!-- \/ Yoast SEO plugin. -->","yoast_head_json":{"title":"Missa do 2\u00ba Domingo do Advento com Pe. Julio Lancellotti - 10\/12\/2023 - O Arcanjo no ar","robots":{"index":"index","follow":"follow","max-snippet":"max-snippet:-1","max-image-preview":"max-image-preview:large","max-video-preview":"max-video-preview:-1"},"canonical":"https:\/\/www.oarcanjo.net\/site\/missa-do-2o-domingo-do-advento-com-pe-julio-lancellotti-10-12-2023\/","og_locale":"pt_BR","og_type":"article","og_title":"Missa do 2\u00ba Domingo do Advento com Pe. Julio Lancellotti - 10\/12\/2023 - O Arcanjo no ar","og_description":"Acompanhe a \u00edntegra da missa do 2\u00ba Domingo do Advento, presidida pelo Pe. Julio Lancellotti em 10\/12\/2023","og_url":"https:\/\/www.oarcanjo.net\/site\/missa-do-2o-domingo-do-advento-com-pe-julio-lancellotti-10-12-2023\/","og_site_name":"O Arcanjo no ar","article_publisher":"https:\/\/www.facebook.com\/OArcanjoNoAr\/","article_published_time":"2023-12-09T13:06:19+00:00","article_modified_time":"2023-12-10T20:47:59+00:00","og_image":[{"width":1920,"height":1080,"url":"https:\/\/www.oarcanjo.net\/site\/wp-content\/uploads\/banner-2-domingo-do-advento-2023-12-10-v02.jpg","type":"image\/jpeg"}],"author":"editor","twitter_card":"summary_large_image","twitter_image":"https:\/\/www.oarcanjo.net\/site\/wp-content\/uploads\/banner-2-domingo-do-advento-2023-12-10-v02.jpg","twitter_misc":{"Escrito por":"editor","Est. tempo de leitura":"1 minuto"},"schema":{"@context":"https:\/\/schema.org","@graph":[{"@type":"Article","@id":"https:\/\/www.oarcanjo.net\/site\/missa-do-2o-domingo-do-advento-com-pe-julio-lancellotti-10-12-2023\/#article","isPartOf":{"@id":"https:\/\/www.oarcanjo.net\/site\/missa-do-2o-domingo-do-advento-com-pe-julio-lancellotti-10-12-2023\/"},"author":{"name":"editor","@id":"https:\/\/www.oarcanjo.net\/site\/#\/schema\/person\/f7024d007863202483a31326673a0838"},"headline":"Missa do 2\u00ba Domingo do Advento com Pe. Julio Lancellotti &#8211; 10\/12\/2023","datePublished":"2023-12-09T13:06:19+00:00","dateModified":"2023-12-10T20:47:59+00:00","mainEntityOfPage":{"@id":"https:\/\/www.oarcanjo.net\/site\/missa-do-2o-domingo-do-advento-com-pe-julio-lancellotti-10-12-2023\/"},"wordCount":170,"commentCount":0,"publisher":{"@id":"https:\/\/www.oarcanjo.net\/site\/#organization"},"image":{"@id":"https:\/\/www.oarcanjo.net\/site\/missa-do-2o-domingo-do-advento-com-pe-julio-lancellotti-10-12-2023\/#primaryimage"},"thumbnailUrl":"https:\/\/www.oarcanjo.net\/site\/wp-content\/uploads\/banner-2-domingo-do-advento-2023-12-10-v02.jpg","articleSection":["Destaques","V\u00eddeos"],"inLanguage":"pt-BR","potentialAction":[{"@type":"CommentAction","name":"Comment","target":["https:\/\/www.oarcanjo.net\/site\/missa-do-2o-domingo-do-advento-com-pe-julio-lancellotti-10-12-2023\/#respond"]}]},{"@type":"WebPage","@id":"https:\/\/www.oarcanjo.net\/site\/missa-do-2o-domingo-do-advento-com-pe-julio-lancellotti-10-12-2023\/","url":"https:\/\/www.oarcanjo.net\/site\/missa-do-2o-domingo-do-advento-com-pe-julio-lancellotti-10-12-2023\/","name":"Missa do 2\u00ba Domingo do Advento com Pe. Julio Lancellotti - 10\/12\/2023 - O Arcanjo no ar","isPartOf":{"@id":"https:\/\/www.oarcanjo.net\/site\/#website"},"primaryImageOfPage":{"@id":"https:\/\/www.oarcanjo.net\/site\/missa-do-2o-domingo-do-advento-com-pe-julio-lancellotti-10-12-2023\/#primaryimage"},"image":{"@id":"https:\/\/www.oarcanjo.net\/site\/missa-do-2o-domingo-do-advento-com-pe-julio-lancellotti-10-12-2023\/#primaryimage"},"thumbnailUrl":"https:\/\/www.oarcanjo.net\/site\/wp-content\/uploads\/banner-2-domingo-do-advento-2023-12-10-v02.jpg","datePublished":"2023-12-09T13:06:19+00:00","dateModified":"2023-12-10T20:47:59+00:00","breadcrumb":{"@id":"https:\/\/www.oarcanjo.net\/site\/missa-do-2o-domingo-do-advento-com-pe-julio-lancellotti-10-12-2023\/#breadcrumb"},"inLanguage":"pt-BR","potentialAction":[{"@type":"ReadAction","target":["https:\/\/www.oarcanjo.net\/site\/missa-do-2o-domingo-do-advento-com-pe-julio-lancellotti-10-12-2023\/"]}]},{"@type":"ImageObject","inLanguage":"pt-BR","@id":"https:\/\/www.oarcanjo.net\/site\/missa-do-2o-domingo-do-advento-com-pe-julio-lancellotti-10-12-2023\/#primaryimage","url":"https:\/\/www.oarcanjo.net\/site\/wp-content\/uploads\/banner-2-domingo-do-advento-2023-12-10-v02.jpg","contentUrl":"https:\/\/www.oarcanjo.net\/site\/wp-content\/uploads\/banner-2-domingo-do-advento-2023-12-10-v02.jpg","width":1920,"height":1080},{"@type":"BreadcrumbList","@id":"https:\/\/www.oarcanjo.net\/site\/missa-do-2o-domingo-do-advento-com-pe-julio-lancellotti-10-12-2023\/#breadcrumb","itemListElement":[{"@type":"ListItem","position":1,"name":"In\u00edcio","item":"https:\/\/www.oarcanjo.net\/site\/"},{"@type":"ListItem","position":2,"name":"Missa do 2\u00ba Domingo do Advento com Pe. Julio Lancellotti &#8211; 10\/12\/2023"}]},{"@type":"WebSite","@id":"https:\/\/www.oarcanjo.net\/site\/#website","url":"https:\/\/www.oarcanjo.net\/site\/","name":"O Arcanjo no ar","description":"Site da Par\u00f3quia S\u00e3o Miguel Arcanjo (Arquidiocese de SP)","publisher":{"@id":"https:\/\/www.oarcanjo.net\/site\/#organization"},"potentialAction":[{"@type":"SearchAction","target":{"@type":"EntryPoint","urlTemplate":"https:\/\/www.oarcanjo.net\/site\/?s={search_term_string}"},"query-input":{"@type":"PropertyValueSpecification","valueRequired":true,"valueName":"search_term_string"}}],"inLanguage":"pt-BR"},{"@type":"Organization","@id":"https:\/\/www.oarcanjo.net\/site\/#organization","name":"Par\u00f3quia S\u00e3o Miguel Arcanjo","url":"https:\/\/www.oarcanjo.net\/site\/","logo":{"@type":"ImageObject","inLanguage":"pt-BR","@id":"https:\/\/www.oarcanjo.net\/site\/#\/schema\/logo\/image\/","url":"https:\/\/www.oarcanjo.net\/site\/wp-content\/uploads\/LogoOArcanjo.png","contentUrl":"https:\/\/www.oarcanjo.net\/site\/wp-content\/uploads\/LogoOArcanjo.png","width":319,"height":99,"caption":"Par\u00f3quia S\u00e3o Miguel Arcanjo"},"image":{"@id":"https:\/\/www.oarcanjo.net\/site\/#\/schema\/logo\/image\/"},"sameAs":["https:\/\/www.facebook.com\/OArcanjoNoAr\/"]},{"@type":"Person","@id":"https:\/\/www.oarcanjo.net\/site\/#\/schema\/person\/f7024d007863202483a31326673a0838","name":"editor","sameAs":["http:\/\/www.oarcanjo.net"]}]}},"publishpress_future_action":{"enabled":false,"date":"2026-05-07 23:26:42","action":"category","newStatus":"draft","terms":[],"taxonomy":"category"},"publishpress_future_workflow_manual_trigger":{"enabledWorkflows":[]},"_links":{"self":[{"href":"https:\/\/www.oarcanjo.net\/site\/wp-json\/wp\/v2\/posts\/127380"}],"collection":[{"href":"https:\/\/www.oarcanjo.net\/site\/wp-json\/wp\/v2\/posts"}],"about":[{"href":"https:\/\/www.oarcanjo.net\/site\/wp-json\/wp\/v2\/types\/post"}],"author":[{"embeddable":true,"href":"https:\/\/www.oarcanjo.net\/site\/wp-json\/wp\/v2\/users\/5"}],"replies":[{"embeddable":true,"href":"https:\/\/www.oarcanjo.net\/site\/wp-json\/wp\/v2\/comments?post=127380"}],"version-history":[{"count":4,"href":"https:\/\/www.oarcanjo.net\/site\/wp-json\/wp\/v2\/posts\/127380\/revisions"}],"predecessor-version":[{"id":127457,"href":"https:\/\/www.oarcanjo.net\/site\/wp-json\/wp\/v2\/posts\/127380\/revisions\/127457"}],"wp:featuredmedia":[{"embeddable":true,"href":"https:\/\/www.oarcanjo.net\/site\/wp-json\/wp\/v2\/media\/127383"}],"wp:attachment":[{"href":"https:\/\/www.oarcanjo.net\/site\/wp-json\/wp\/v2\/media?parent=127380"}],"wp:term":[{"taxonomy":"category","embeddable":true,"href":"https:\/\/www.oarcanjo.net\/site\/wp-json\/wp\/v2\/categories?post=127380"},{"taxonomy":"post_tag","embeddable":true,"href":"https:\/\/www.oarcanjo.net\/site\/wp-json\/wp\/v2\/tags?post=127380"}],"curies":[{"name":"wp","href":"https:\/\/api.w.org\/{rel}","templated":true}]}}