
{"id":127543,"date":"2023-12-24T14:26:56","date_gmt":"2023-12-24T17:26:56","guid":{"rendered":"https:\/\/www.oarcanjo.net\/site\/?p=127543"},"modified":"2023-12-24T14:28:38","modified_gmt":"2023-12-24T17:28:38","slug":"canto-calix-bento-2","status":"publish","type":"post","link":"https:\/\/www.oarcanjo.net\/site\/canto-calix-bento-2\/","title":{"rendered":"Canto &#8220;C\u00e1lix Bento&#8221;"},"content":{"rendered":"<p>Queremos a paz, a liberta\u00e7\u00e3o dos ref\u00e9ns, o cessar fogo&#8230; Que n\u00e3o haja ref\u00e9ns nem genoc\u00eddio! Pe\u00e7amos ao menino Jesus, no meio dos escombros, que venha e traga a paz.<\/p>\n<p><iframe loading=\"lazy\" width=\"700\" height=\"394\" src=\"https:\/\/www.youtube.com\/embed\/zOEqO0jfpAA?si=ZLhg3YDu7grMb-dn\" title=\"YouTube video player\" frameborder=\"0\" allow=\"accelerometer; autoplay; clipboard-write; encrypted-media; gyroscope; picture-in-picture; web-share\" allowfullscreen><\/iframe><\/p>\n<div id=\"themify_builder_content-127543\" data-postid=\"127543\" class=\"themify_builder_content themify_builder_content-127543 themify_builder themify_builder_front\">\n\t<\/div>\n<!-- \/themify_builder_content -->","protected":false},"excerpt":{"rendered":"<p>Queremos a paz, a liberta\u00e7\u00e3o dos ref\u00e9ns, o cessar fogo&#8230; Que n\u00e3o haja ref\u00e9ns nem genoc\u00eddio! Pe\u00e7amos ao menino Jesus, no meio dos escombros, que venha e traga a paz<\/p>\n","protected":false},"author":5,"featured_media":127544,"comment_status":"open","ping_status":"open","sticky":false,"template":"","format":"standard","meta":{"ngg_post_thumbnail":0,"footnotes":""},"categories":[3,8,280],"tags":[],"yoast_head":"<!-- This site is optimized with the Yoast SEO plugin v23.5 - https:\/\/yoast.com\/wordpress\/plugins\/seo\/ -->\n<title>Canto &quot;C\u00e1lix Bento&quot; - O Arcanjo no ar<\/title>\n<meta name=\"robots\" content=\"index, follow, max-snippet:-1, max-image-preview:large, max-video-preview:-1\" \/>\n<link rel=\"canonical\" href=\"https:\/\/www.oarcanjo.net\/site\/canto-calix-bento-2\/\" \/>\n<meta property=\"og:locale\" content=\"pt_BR\" \/>\n<meta property=\"og:type\" content=\"article\" \/>\n<meta property=\"og:title\" content=\"Canto &quot;C\u00e1lix Bento&quot; - O Arcanjo no ar\" \/>\n<meta property=\"og:description\" content=\"Queremos a paz, a liberta\u00e7\u00e3o dos ref\u00e9ns, o cessar fogo... Que n\u00e3o haja ref\u00e9ns nem genoc\u00eddio! Pe\u00e7amos ao menino Jesus, no meio dos escombros, que venha e traga a paz\" \/>\n<meta property=\"og:url\" content=\"https:\/\/www.oarcanjo.net\/site\/canto-calix-bento-2\/\" \/>\n<meta property=\"og:site_name\" content=\"O Arcanjo no ar\" \/>\n<meta property=\"article:publisher\" content=\"https:\/\/www.facebook.com\/OArcanjoNoAr\/\" \/>\n<meta property=\"article:published_time\" content=\"2023-12-24T17:26:56+00:00\" \/>\n<meta property=\"article:modified_time\" content=\"2023-12-24T17:28:38+00:00\" \/>\n<meta property=\"og:image\" content=\"https:\/\/www.oarcanjo.net\/site\/wp-content\/uploads\/20231224-Canto01.png\" \/>\n\t<meta property=\"og:image:width\" content=\"972\" \/>\n\t<meta property=\"og:image:height\" content=\"544\" \/>\n\t<meta property=\"og:image:type\" content=\"image\/png\" \/>\n<meta name=\"author\" content=\"editor\" \/>\n<meta name=\"twitter:card\" content=\"summary_large_image\" \/>\n<meta name=\"twitter:label1\" content=\"Escrito por\" \/>\n\t<meta name=\"twitter:data1\" content=\"editor\" \/>\n<script type=\"application\/ld+json\" class=\"yoast-schema-graph\">{\"@context\":\"https:\/\/schema.org\",\"@graph\":[{\"@type\":\"Article\",\"@id\":\"https:\/\/www.oarcanjo.net\/site\/canto-calix-bento-2\/#article\",\"isPartOf\":{\"@id\":\"https:\/\/www.oarcanjo.net\/site\/canto-calix-bento-2\/\"},\"author\":{\"name\":\"editor\",\"@id\":\"https:\/\/www.oarcanjo.net\/site\/#\/schema\/person\/f7024d007863202483a31326673a0838\"},\"headline\":\"Canto &#8220;C\u00e1lix Bento&#8221;\",\"datePublished\":\"2023-12-24T17:26:56+00:00\",\"dateModified\":\"2023-12-24T17:28:38+00:00\",\"mainEntityOfPage\":{\"@id\":\"https:\/\/www.oarcanjo.net\/site\/canto-calix-bento-2\/\"},\"wordCount\":40,\"commentCount\":1,\"publisher\":{\"@id\":\"https:\/\/www.oarcanjo.net\/site\/#organization\"},\"image\":{\"@id\":\"https:\/\/www.oarcanjo.net\/site\/canto-calix-bento-2\/#primaryimage\"},\"thumbnailUrl\":\"https:\/\/www.oarcanjo.net\/site\/wp-content\/uploads\/20231224-Canto01.png\",\"articleSection\":[\"Destaques\",\"Not\u00edcias\",\"V\u00eddeos\"],\"inLanguage\":\"pt-BR\",\"potentialAction\":[{\"@type\":\"CommentAction\",\"name\":\"Comment\",\"target\":[\"https:\/\/www.oarcanjo.net\/site\/canto-calix-bento-2\/#respond\"]}]},{\"@type\":\"WebPage\",\"@id\":\"https:\/\/www.oarcanjo.net\/site\/canto-calix-bento-2\/\",\"url\":\"https:\/\/www.oarcanjo.net\/site\/canto-calix-bento-2\/\",\"name\":\"Canto \\\"C\u00e1lix Bento\\\" - O Arcanjo no ar\",\"isPartOf\":{\"@id\":\"https:\/\/www.oarcanjo.net\/site\/#website\"},\"primaryImageOfPage\":{\"@id\":\"https:\/\/www.oarcanjo.net\/site\/canto-calix-bento-2\/#primaryimage\"},\"image\":{\"@id\":\"https:\/\/www.oarcanjo.net\/site\/canto-calix-bento-2\/#primaryimage\"},\"thumbnailUrl\":\"https:\/\/www.oarcanjo.net\/site\/wp-content\/uploads\/20231224-Canto01.png\",\"datePublished\":\"2023-12-24T17:26:56+00:00\",\"dateModified\":\"2023-12-24T17:28:38+00:00\",\"breadcrumb\":{\"@id\":\"https:\/\/www.oarcanjo.net\/site\/canto-calix-bento-2\/#breadcrumb\"},\"inLanguage\":\"pt-BR\",\"potentialAction\":[{\"@type\":\"ReadAction\",\"target\":[\"https:\/\/www.oarcanjo.net\/site\/canto-calix-bento-2\/\"]}]},{\"@type\":\"ImageObject\",\"inLanguage\":\"pt-BR\",\"@id\":\"https:\/\/www.oarcanjo.net\/site\/canto-calix-bento-2\/#primaryimage\",\"url\":\"https:\/\/www.oarcanjo.net\/site\/wp-content\/uploads\/20231224-Canto01.png\",\"contentUrl\":\"https:\/\/www.oarcanjo.net\/site\/wp-content\/uploads\/20231224-Canto01.png\",\"width\":972,\"height\":544},{\"@type\":\"BreadcrumbList\",\"@id\":\"https:\/\/www.oarcanjo.net\/site\/canto-calix-bento-2\/#breadcrumb\",\"itemListElement\":[{\"@type\":\"ListItem\",\"position\":1,\"name\":\"In\u00edcio\",\"item\":\"https:\/\/www.oarcanjo.net\/site\/\"},{\"@type\":\"ListItem\",\"position\":2,\"name\":\"Canto &#8220;C\u00e1lix Bento&#8221;\"}]},{\"@type\":\"WebSite\",\"@id\":\"https:\/\/www.oarcanjo.net\/site\/#website\",\"url\":\"https:\/\/www.oarcanjo.net\/site\/\",\"name\":\"O Arcanjo no ar\",\"description\":\"Site da Par\u00f3quia S\u00e3o Miguel Arcanjo (Arquidiocese de SP)\",\"publisher\":{\"@id\":\"https:\/\/www.oarcanjo.net\/site\/#organization\"},\"potentialAction\":[{\"@type\":\"SearchAction\",\"target\":{\"@type\":\"EntryPoint\",\"urlTemplate\":\"https:\/\/www.oarcanjo.net\/site\/?s={search_term_string}\"},\"query-input\":{\"@type\":\"PropertyValueSpecification\",\"valueRequired\":true,\"valueName\":\"search_term_string\"}}],\"inLanguage\":\"pt-BR\"},{\"@type\":\"Organization\",\"@id\":\"https:\/\/www.oarcanjo.net\/site\/#organization\",\"name\":\"Par\u00f3quia S\u00e3o Miguel Arcanjo\",\"url\":\"https:\/\/www.oarcanjo.net\/site\/\",\"logo\":{\"@type\":\"ImageObject\",\"inLanguage\":\"pt-BR\",\"@id\":\"https:\/\/www.oarcanjo.net\/site\/#\/schema\/logo\/image\/\",\"url\":\"https:\/\/www.oarcanjo.net\/site\/wp-content\/uploads\/LogoOArcanjo.png\",\"contentUrl\":\"https:\/\/www.oarcanjo.net\/site\/wp-content\/uploads\/LogoOArcanjo.png\",\"width\":319,\"height\":99,\"caption\":\"Par\u00f3quia S\u00e3o Miguel Arcanjo\"},\"image\":{\"@id\":\"https:\/\/www.oarcanjo.net\/site\/#\/schema\/logo\/image\/\"},\"sameAs\":[\"https:\/\/www.facebook.com\/OArcanjoNoAr\/\"]},{\"@type\":\"Person\",\"@id\":\"https:\/\/www.oarcanjo.net\/site\/#\/schema\/person\/f7024d007863202483a31326673a0838\",\"name\":\"editor\",\"sameAs\":[\"http:\/\/www.oarcanjo.net\"]}]}<\/script>\n<!-- \/ Yoast SEO plugin. -->","yoast_head_json":{"title":"Canto \"C\u00e1lix Bento\" - O Arcanjo no ar","robots":{"index":"index","follow":"follow","max-snippet":"max-snippet:-1","max-image-preview":"max-image-preview:large","max-video-preview":"max-video-preview:-1"},"canonical":"https:\/\/www.oarcanjo.net\/site\/canto-calix-bento-2\/","og_locale":"pt_BR","og_type":"article","og_title":"Canto \"C\u00e1lix Bento\" - O Arcanjo no ar","og_description":"Queremos a paz, a liberta\u00e7\u00e3o dos ref\u00e9ns, o cessar fogo... Que n\u00e3o haja ref\u00e9ns nem genoc\u00eddio! Pe\u00e7amos ao menino Jesus, no meio dos escombros, que venha e traga a paz","og_url":"https:\/\/www.oarcanjo.net\/site\/canto-calix-bento-2\/","og_site_name":"O Arcanjo no ar","article_publisher":"https:\/\/www.facebook.com\/OArcanjoNoAr\/","article_published_time":"2023-12-24T17:26:56+00:00","article_modified_time":"2023-12-24T17:28:38+00:00","og_image":[{"width":972,"height":544,"url":"https:\/\/www.oarcanjo.net\/site\/wp-content\/uploads\/20231224-Canto01.png","type":"image\/png"}],"author":"editor","twitter_card":"summary_large_image","twitter_misc":{"Escrito por":"editor"},"schema":{"@context":"https:\/\/schema.org","@graph":[{"@type":"Article","@id":"https:\/\/www.oarcanjo.net\/site\/canto-calix-bento-2\/#article","isPartOf":{"@id":"https:\/\/www.oarcanjo.net\/site\/canto-calix-bento-2\/"},"author":{"name":"editor","@id":"https:\/\/www.oarcanjo.net\/site\/#\/schema\/person\/f7024d007863202483a31326673a0838"},"headline":"Canto &#8220;C\u00e1lix Bento&#8221;","datePublished":"2023-12-24T17:26:56+00:00","dateModified":"2023-12-24T17:28:38+00:00","mainEntityOfPage":{"@id":"https:\/\/www.oarcanjo.net\/site\/canto-calix-bento-2\/"},"wordCount":40,"commentCount":1,"publisher":{"@id":"https:\/\/www.oarcanjo.net\/site\/#organization"},"image":{"@id":"https:\/\/www.oarcanjo.net\/site\/canto-calix-bento-2\/#primaryimage"},"thumbnailUrl":"https:\/\/www.oarcanjo.net\/site\/wp-content\/uploads\/20231224-Canto01.png","articleSection":["Destaques","Not\u00edcias","V\u00eddeos"],"inLanguage":"pt-BR","potentialAction":[{"@type":"CommentAction","name":"Comment","target":["https:\/\/www.oarcanjo.net\/site\/canto-calix-bento-2\/#respond"]}]},{"@type":"WebPage","@id":"https:\/\/www.oarcanjo.net\/site\/canto-calix-bento-2\/","url":"https:\/\/www.oarcanjo.net\/site\/canto-calix-bento-2\/","name":"Canto \"C\u00e1lix Bento\" - O Arcanjo no ar","isPartOf":{"@id":"https:\/\/www.oarcanjo.net\/site\/#website"},"primaryImageOfPage":{"@id":"https:\/\/www.oarcanjo.net\/site\/canto-calix-bento-2\/#primaryimage"},"image":{"@id":"https:\/\/www.oarcanjo.net\/site\/canto-calix-bento-2\/#primaryimage"},"thumbnailUrl":"https:\/\/www.oarcanjo.net\/site\/wp-content\/uploads\/20231224-Canto01.png","datePublished":"2023-12-24T17:26:56+00:00","dateModified":"2023-12-24T17:28:38+00:00","breadcrumb":{"@id":"https:\/\/www.oarcanjo.net\/site\/canto-calix-bento-2\/#breadcrumb"},"inLanguage":"pt-BR","potentialAction":[{"@type":"ReadAction","target":["https:\/\/www.oarcanjo.net\/site\/canto-calix-bento-2\/"]}]},{"@type":"ImageObject","inLanguage":"pt-BR","@id":"https:\/\/www.oarcanjo.net\/site\/canto-calix-bento-2\/#primaryimage","url":"https:\/\/www.oarcanjo.net\/site\/wp-content\/uploads\/20231224-Canto01.png","contentUrl":"https:\/\/www.oarcanjo.net\/site\/wp-content\/uploads\/20231224-Canto01.png","width":972,"height":544},{"@type":"BreadcrumbList","@id":"https:\/\/www.oarcanjo.net\/site\/canto-calix-bento-2\/#breadcrumb","itemListElement":[{"@type":"ListItem","position":1,"name":"In\u00edcio","item":"https:\/\/www.oarcanjo.net\/site\/"},{"@type":"ListItem","position":2,"name":"Canto &#8220;C\u00e1lix Bento&#8221;"}]},{"@type":"WebSite","@id":"https:\/\/www.oarcanjo.net\/site\/#website","url":"https:\/\/www.oarcanjo.net\/site\/","name":"O Arcanjo no ar","description":"Site da Par\u00f3quia S\u00e3o Miguel Arcanjo (Arquidiocese de SP)","publisher":{"@id":"https:\/\/www.oarcanjo.net\/site\/#organization"},"potentialAction":[{"@type":"SearchAction","target":{"@type":"EntryPoint","urlTemplate":"https:\/\/www.oarcanjo.net\/site\/?s={search_term_string}"},"query-input":{"@type":"PropertyValueSpecification","valueRequired":true,"valueName":"search_term_string"}}],"inLanguage":"pt-BR"},{"@type":"Organization","@id":"https:\/\/www.oarcanjo.net\/site\/#organization","name":"Par\u00f3quia S\u00e3o Miguel Arcanjo","url":"https:\/\/www.oarcanjo.net\/site\/","logo":{"@type":"ImageObject","inLanguage":"pt-BR","@id":"https:\/\/www.oarcanjo.net\/site\/#\/schema\/logo\/image\/","url":"https:\/\/www.oarcanjo.net\/site\/wp-content\/uploads\/LogoOArcanjo.png","contentUrl":"https:\/\/www.oarcanjo.net\/site\/wp-content\/uploads\/LogoOArcanjo.png","width":319,"height":99,"caption":"Par\u00f3quia S\u00e3o Miguel Arcanjo"},"image":{"@id":"https:\/\/www.oarcanjo.net\/site\/#\/schema\/logo\/image\/"},"sameAs":["https:\/\/www.facebook.com\/OArcanjoNoAr\/"]},{"@type":"Person","@id":"https:\/\/www.oarcanjo.net\/site\/#\/schema\/person\/f7024d007863202483a31326673a0838","name":"editor","sameAs":["http:\/\/www.oarcanjo.net"]}]}},"publishpress_future_action":{"enabled":false,"date":"2026-05-07 22:05:04","action":"category","newStatus":"draft","terms":[],"taxonomy":"category"},"publishpress_future_workflow_manual_trigger":{"enabledWorkflows":[]},"_links":{"self":[{"href":"https:\/\/www.oarcanjo.net\/site\/wp-json\/wp\/v2\/posts\/127543"}],"collection":[{"href":"https:\/\/www.oarcanjo.net\/site\/wp-json\/wp\/v2\/posts"}],"about":[{"href":"https:\/\/www.oarcanjo.net\/site\/wp-json\/wp\/v2\/types\/post"}],"author":[{"embeddable":true,"href":"https:\/\/www.oarcanjo.net\/site\/wp-json\/wp\/v2\/users\/5"}],"replies":[{"embeddable":true,"href":"https:\/\/www.oarcanjo.net\/site\/wp-json\/wp\/v2\/comments?post=127543"}],"version-history":[{"count":2,"href":"https:\/\/www.oarcanjo.net\/site\/wp-json\/wp\/v2\/posts\/127543\/revisions"}],"predecessor-version":[{"id":127546,"href":"https:\/\/www.oarcanjo.net\/site\/wp-json\/wp\/v2\/posts\/127543\/revisions\/127546"}],"wp:featuredmedia":[{"embeddable":true,"href":"https:\/\/www.oarcanjo.net\/site\/wp-json\/wp\/v2\/media\/127544"}],"wp:attachment":[{"href":"https:\/\/www.oarcanjo.net\/site\/wp-json\/wp\/v2\/media?parent=127543"}],"wp:term":[{"taxonomy":"category","embeddable":true,"href":"https:\/\/www.oarcanjo.net\/site\/wp-json\/wp\/v2\/categories?post=127543"},{"taxonomy":"post_tag","embeddable":true,"href":"https:\/\/www.oarcanjo.net\/site\/wp-json\/wp\/v2\/tags?post=127543"}],"curies":[{"name":"wp","href":"https:\/\/api.w.org\/{rel}","templated":true}]}}