
{"id":12758,"date":"2011-01-18T23:06:28","date_gmt":"2011-01-19T01:06:28","guid":{"rendered":"http:\/\/www.oarcanjo.net\/site\/?p=12758"},"modified":"2011-01-18T23:06:28","modified_gmt":"2011-01-19T01:06:28","slug":"governador-alckmin-recebe-pe-julio-no-palacio-dos-bandeirantes","status":"publish","type":"post","link":"https:\/\/www.oarcanjo.net\/site\/governador-alckmin-recebe-pe-julio-no-palacio-dos-bandeirantes\/","title":{"rendered":"Governador Alckmin recebe Pe. Julio no Pal\u00e1cio dos Bandeirantes"},"content":{"rendered":"<p>Na sexta, 14 de janeiro, o Pe. Julio Lancellotti foi recebido em audi\u00eancia pelo governador de S\u00e3o Paulo, Geraldo Alckmin. Estavam presentes como convidados dois integrantes da comunidade S\u00e3o Miguel Arcanjo, o empres\u00e1rio Danilo Santana e Evaristo Gon\u00e7alves.<\/p>\n<p><a href=\"http:\/\/www.oarcanjo.net\/site\/wp-content\/uploads\/PeJulioAlckmin.jpg\"><img loading=\"lazy\" decoding=\"async\" class=\"alignnone size-medium wp-image-12759\" title=\"Pe. Julio Lancellotti, Danilo Santana e Evaristo Gon\u00e7alves em audi\u00eancia com o governo Geraldo Alckmin\" src=\"http:\/\/www.oarcanjo.net\/site\/wp-content\/uploads\/PeJulioAlckmin-300x225.jpg\" alt=\"Pe. Julio Lancellotti, Danilo Santana e Evaristo Gon\u00e7alves em audi\u00eancia com o governo Geraldo Alckmin\" width=\"600\" height=\"450\" srcset=\"https:\/\/www.oarcanjo.net\/site\/wp-content\/uploads\/PeJulioAlckmin-300x225.jpg 300w, https:\/\/www.oarcanjo.net\/site\/wp-content\/uploads\/PeJulioAlckmin.jpg 1024w\" sizes=\"(max-width: 600px) 100vw, 600px\" \/><\/a><\/p>\n<p>Pe. Julio levou algumas ideias e projetos como sugest\u00e3o ao governador para implanta\u00e7\u00e3o nas pol\u00edticas p\u00fablicas sociais e de imediato Alckmin encaminhou-as aos secret\u00e1rios das respectivas pastas de interesse. O site O Arcanjo no ar acompanhar\u00e1 os desdobramentos e noticiar\u00e1 os fatos.<\/p>\n<p>Vale destacar que no encontro o Pe. Julio solicitou ao governador que suspendesse a a\u00e7\u00e3o da Pol\u00edcia Militar de S\u00e3o Paulo na abordagem e eventuais remo\u00e7\u00f5es das pessoas em situa\u00e7\u00e3o de rua. Ele argumentou que o trabalho de acolhida e atendimento a essa popula\u00e7\u00e3o requer uma especializa\u00e7\u00e3o e treinamento t\u00e9cnico, mais afeitos ao trabalhos de profissionais da prote\u00e7\u00e3o social. O governador concordou e se disp\u00f4s a mudar a orienta\u00e7\u00e3o da PM.<\/p>\n<div id=\"themify_builder_content-12758\" data-postid=\"12758\" class=\"themify_builder_content themify_builder_content-12758 themify_builder themify_builder_front\">\n\t<\/div>\n<!-- \/themify_builder_content -->","protected":false},"excerpt":{"rendered":"<p>Na sexta, 14 de janeiro, o Pe. Julio Lancellotti foi recebido em audi\u00eancia pelo governador de S\u00e3o Paulo, Geraldo Alckmin. Estavam presentes como convidados dois integrantes da comunidade S\u00e3o Miguel Arcanjo, o empres\u00e1rio Danilo Santana e Evaristo Gon\u00e7alves. Pe. Julio levou algumas ideias e projetos como sugest\u00e3o ao governador para implanta\u00e7\u00e3o nas pol\u00edticas p\u00fablicas sociais [&hellip;]<\/p>\n","protected":false},"author":5,"featured_media":0,"comment_status":"open","ping_status":"open","sticky":false,"template":"","format":"standard","meta":{"ngg_post_thumbnail":0,"footnotes":""},"categories":[8],"tags":[1812,1811,1813,1814,168,246],"yoast_head":"<!-- This site is optimized with the Yoast SEO plugin v23.5 - https:\/\/yoast.com\/wordpress\/plugins\/seo\/ -->\n<title>Governador Alckmin recebe Pe. Julio no Pal\u00e1cio dos Bandeirantes - O Arcanjo no ar<\/title>\n<meta name=\"robots\" content=\"index, follow, max-snippet:-1, max-image-preview:large, max-video-preview:-1\" \/>\n<link rel=\"canonical\" href=\"https:\/\/www.oarcanjo.net\/site\/governador-alckmin-recebe-pe-julio-no-palacio-dos-bandeirantes\/\" \/>\n<meta property=\"og:locale\" content=\"pt_BR\" \/>\n<meta property=\"og:type\" content=\"article\" \/>\n<meta property=\"og:title\" content=\"Governador Alckmin recebe Pe. Julio no Pal\u00e1cio dos Bandeirantes - O Arcanjo no ar\" \/>\n<meta property=\"og:description\" content=\"Na sexta, 14 de janeiro, o Pe. Julio Lancellotti foi recebido em audi\u00eancia pelo governador de S\u00e3o Paulo, Geraldo Alckmin. Estavam presentes como convidados dois integrantes da comunidade S\u00e3o Miguel Arcanjo, o empres\u00e1rio Danilo Santana e Evaristo Gon\u00e7alves. Pe. Julio levou algumas ideias e projetos como sugest\u00e3o ao governador para implanta\u00e7\u00e3o nas pol\u00edticas p\u00fablicas sociais [&hellip;]\" \/>\n<meta property=\"og:url\" content=\"https:\/\/www.oarcanjo.net\/site\/governador-alckmin-recebe-pe-julio-no-palacio-dos-bandeirantes\/\" \/>\n<meta property=\"og:site_name\" content=\"O Arcanjo no ar\" \/>\n<meta property=\"article:publisher\" content=\"https:\/\/www.facebook.com\/OArcanjoNoAr\/\" \/>\n<meta property=\"article:published_time\" content=\"2011-01-19T01:06:28+00:00\" \/>\n<meta property=\"og:image\" content=\"http:\/\/www.oarcanjo.net\/site\/wp-content\/uploads\/PeJulioAlckmin-300x225.jpg\" \/>\n<meta name=\"author\" content=\"editor\" \/>\n<meta name=\"twitter:card\" content=\"summary_large_image\" \/>\n<meta name=\"twitter:label1\" content=\"Escrito por\" \/>\n\t<meta name=\"twitter:data1\" content=\"editor\" \/>\n\t<meta name=\"twitter:label2\" content=\"Est. tempo de leitura\" \/>\n\t<meta name=\"twitter:data2\" content=\"1 minuto\" \/>\n<script type=\"application\/ld+json\" class=\"yoast-schema-graph\">{\"@context\":\"https:\/\/schema.org\",\"@graph\":[{\"@type\":\"Article\",\"@id\":\"https:\/\/www.oarcanjo.net\/site\/governador-alckmin-recebe-pe-julio-no-palacio-dos-bandeirantes\/#article\",\"isPartOf\":{\"@id\":\"https:\/\/www.oarcanjo.net\/site\/governador-alckmin-recebe-pe-julio-no-palacio-dos-bandeirantes\/\"},\"author\":{\"name\":\"editor\",\"@id\":\"https:\/\/www.oarcanjo.net\/site\/#\/schema\/person\/f7024d007863202483a31326673a0838\"},\"headline\":\"Governador Alckmin recebe Pe. Julio no Pal\u00e1cio dos Bandeirantes\",\"datePublished\":\"2011-01-19T01:06:28+00:00\",\"dateModified\":\"2011-01-19T01:06:28+00:00\",\"mainEntityOfPage\":{\"@id\":\"https:\/\/www.oarcanjo.net\/site\/governador-alckmin-recebe-pe-julio-no-palacio-dos-bandeirantes\/\"},\"wordCount\":181,\"commentCount\":0,\"publisher\":{\"@id\":\"https:\/\/www.oarcanjo.net\/site\/#organization\"},\"image\":{\"@id\":\"https:\/\/www.oarcanjo.net\/site\/governador-alckmin-recebe-pe-julio-no-palacio-dos-bandeirantes\/#primaryimage\"},\"thumbnailUrl\":\"http:\/\/www.oarcanjo.net\/site\/wp-content\/uploads\/PeJulioAlckmin-300x225.jpg\",\"keywords\":[\"assist\u00eancia social\",\"governo\",\"PM\",\"Pol\u00edcia Militar\",\"pol\u00edticas p\u00fablicas\",\"povo de rua\"],\"articleSection\":[\"Not\u00edcias\"],\"inLanguage\":\"pt-BR\",\"potentialAction\":[{\"@type\":\"CommentAction\",\"name\":\"Comment\",\"target\":[\"https:\/\/www.oarcanjo.net\/site\/governador-alckmin-recebe-pe-julio-no-palacio-dos-bandeirantes\/#respond\"]}]},{\"@type\":\"WebPage\",\"@id\":\"https:\/\/www.oarcanjo.net\/site\/governador-alckmin-recebe-pe-julio-no-palacio-dos-bandeirantes\/\",\"url\":\"https:\/\/www.oarcanjo.net\/site\/governador-alckmin-recebe-pe-julio-no-palacio-dos-bandeirantes\/\",\"name\":\"Governador Alckmin recebe Pe. Julio no Pal\u00e1cio dos Bandeirantes - O Arcanjo no ar\",\"isPartOf\":{\"@id\":\"https:\/\/www.oarcanjo.net\/site\/#website\"},\"primaryImageOfPage\":{\"@id\":\"https:\/\/www.oarcanjo.net\/site\/governador-alckmin-recebe-pe-julio-no-palacio-dos-bandeirantes\/#primaryimage\"},\"image\":{\"@id\":\"https:\/\/www.oarcanjo.net\/site\/governador-alckmin-recebe-pe-julio-no-palacio-dos-bandeirantes\/#primaryimage\"},\"thumbnailUrl\":\"http:\/\/www.oarcanjo.net\/site\/wp-content\/uploads\/PeJulioAlckmin-300x225.jpg\",\"datePublished\":\"2011-01-19T01:06:28+00:00\",\"dateModified\":\"2011-01-19T01:06:28+00:00\",\"breadcrumb\":{\"@id\":\"https:\/\/www.oarcanjo.net\/site\/governador-alckmin-recebe-pe-julio-no-palacio-dos-bandeirantes\/#breadcrumb\"},\"inLanguage\":\"pt-BR\",\"potentialAction\":[{\"@type\":\"ReadAction\",\"target\":[\"https:\/\/www.oarcanjo.net\/site\/governador-alckmin-recebe-pe-julio-no-palacio-dos-bandeirantes\/\"]}]},{\"@type\":\"ImageObject\",\"inLanguage\":\"pt-BR\",\"@id\":\"https:\/\/www.oarcanjo.net\/site\/governador-alckmin-recebe-pe-julio-no-palacio-dos-bandeirantes\/#primaryimage\",\"url\":\"https:\/\/www.oarcanjo.net\/site\/wp-content\/uploads\/PeJulioAlckmin.jpg\",\"contentUrl\":\"https:\/\/www.oarcanjo.net\/site\/wp-content\/uploads\/PeJulioAlckmin.jpg\",\"width\":\"1024\",\"height\":\"768\",\"caption\":\"Pe. Julio Lancellotti, Danilo Santana e Evaristo Gon\u00e7alves em audi\u00eancia com o governo Geraldo Alckmin\"},{\"@type\":\"BreadcrumbList\",\"@id\":\"https:\/\/www.oarcanjo.net\/site\/governador-alckmin-recebe-pe-julio-no-palacio-dos-bandeirantes\/#breadcrumb\",\"itemListElement\":[{\"@type\":\"ListItem\",\"position\":1,\"name\":\"In\u00edcio\",\"item\":\"https:\/\/www.oarcanjo.net\/site\/\"},{\"@type\":\"ListItem\",\"position\":2,\"name\":\"Governador Alckmin recebe Pe. Julio no Pal\u00e1cio dos Bandeirantes\"}]},{\"@type\":\"WebSite\",\"@id\":\"https:\/\/www.oarcanjo.net\/site\/#website\",\"url\":\"https:\/\/www.oarcanjo.net\/site\/\",\"name\":\"O Arcanjo no ar\",\"description\":\"Site da Par\u00f3quia S\u00e3o Miguel Arcanjo (Arquidiocese de SP)\",\"publisher\":{\"@id\":\"https:\/\/www.oarcanjo.net\/site\/#organization\"},\"potentialAction\":[{\"@type\":\"SearchAction\",\"target\":{\"@type\":\"EntryPoint\",\"urlTemplate\":\"https:\/\/www.oarcanjo.net\/site\/?s={search_term_string}\"},\"query-input\":{\"@type\":\"PropertyValueSpecification\",\"valueRequired\":true,\"valueName\":\"search_term_string\"}}],\"inLanguage\":\"pt-BR\"},{\"@type\":\"Organization\",\"@id\":\"https:\/\/www.oarcanjo.net\/site\/#organization\",\"name\":\"Par\u00f3quia S\u00e3o Miguel Arcanjo\",\"url\":\"https:\/\/www.oarcanjo.net\/site\/\",\"logo\":{\"@type\":\"ImageObject\",\"inLanguage\":\"pt-BR\",\"@id\":\"https:\/\/www.oarcanjo.net\/site\/#\/schema\/logo\/image\/\",\"url\":\"https:\/\/www.oarcanjo.net\/site\/wp-content\/uploads\/LogoOArcanjo.png\",\"contentUrl\":\"https:\/\/www.oarcanjo.net\/site\/wp-content\/uploads\/LogoOArcanjo.png\",\"width\":319,\"height\":99,\"caption\":\"Par\u00f3quia S\u00e3o Miguel Arcanjo\"},\"image\":{\"@id\":\"https:\/\/www.oarcanjo.net\/site\/#\/schema\/logo\/image\/\"},\"sameAs\":[\"https:\/\/www.facebook.com\/OArcanjoNoAr\/\"]},{\"@type\":\"Person\",\"@id\":\"https:\/\/www.oarcanjo.net\/site\/#\/schema\/person\/f7024d007863202483a31326673a0838\",\"name\":\"editor\",\"sameAs\":[\"http:\/\/www.oarcanjo.net\"]}]}<\/script>\n<!-- \/ Yoast SEO plugin. -->","yoast_head_json":{"title":"Governador Alckmin recebe Pe. Julio no Pal\u00e1cio dos Bandeirantes - O Arcanjo no ar","robots":{"index":"index","follow":"follow","max-snippet":"max-snippet:-1","max-image-preview":"max-image-preview:large","max-video-preview":"max-video-preview:-1"},"canonical":"https:\/\/www.oarcanjo.net\/site\/governador-alckmin-recebe-pe-julio-no-palacio-dos-bandeirantes\/","og_locale":"pt_BR","og_type":"article","og_title":"Governador Alckmin recebe Pe. Julio no Pal\u00e1cio dos Bandeirantes - O Arcanjo no ar","og_description":"Na sexta, 14 de janeiro, o Pe. Julio Lancellotti foi recebido em audi\u00eancia pelo governador de S\u00e3o Paulo, Geraldo Alckmin. Estavam presentes como convidados dois integrantes da comunidade S\u00e3o Miguel Arcanjo, o empres\u00e1rio Danilo Santana e Evaristo Gon\u00e7alves. Pe. Julio levou algumas ideias e projetos como sugest\u00e3o ao governador para implanta\u00e7\u00e3o nas pol\u00edticas p\u00fablicas sociais [&hellip;]","og_url":"https:\/\/www.oarcanjo.net\/site\/governador-alckmin-recebe-pe-julio-no-palacio-dos-bandeirantes\/","og_site_name":"O Arcanjo no ar","article_publisher":"https:\/\/www.facebook.com\/OArcanjoNoAr\/","article_published_time":"2011-01-19T01:06:28+00:00","og_image":[{"url":"http:\/\/www.oarcanjo.net\/site\/wp-content\/uploads\/PeJulioAlckmin-300x225.jpg"}],"author":"editor","twitter_card":"summary_large_image","twitter_misc":{"Escrito por":"editor","Est. tempo de leitura":"1 minuto"},"schema":{"@context":"https:\/\/schema.org","@graph":[{"@type":"Article","@id":"https:\/\/www.oarcanjo.net\/site\/governador-alckmin-recebe-pe-julio-no-palacio-dos-bandeirantes\/#article","isPartOf":{"@id":"https:\/\/www.oarcanjo.net\/site\/governador-alckmin-recebe-pe-julio-no-palacio-dos-bandeirantes\/"},"author":{"name":"editor","@id":"https:\/\/www.oarcanjo.net\/site\/#\/schema\/person\/f7024d007863202483a31326673a0838"},"headline":"Governador Alckmin recebe Pe. Julio no Pal\u00e1cio dos Bandeirantes","datePublished":"2011-01-19T01:06:28+00:00","dateModified":"2011-01-19T01:06:28+00:00","mainEntityOfPage":{"@id":"https:\/\/www.oarcanjo.net\/site\/governador-alckmin-recebe-pe-julio-no-palacio-dos-bandeirantes\/"},"wordCount":181,"commentCount":0,"publisher":{"@id":"https:\/\/www.oarcanjo.net\/site\/#organization"},"image":{"@id":"https:\/\/www.oarcanjo.net\/site\/governador-alckmin-recebe-pe-julio-no-palacio-dos-bandeirantes\/#primaryimage"},"thumbnailUrl":"http:\/\/www.oarcanjo.net\/site\/wp-content\/uploads\/PeJulioAlckmin-300x225.jpg","keywords":["assist\u00eancia social","governo","PM","Pol\u00edcia Militar","pol\u00edticas p\u00fablicas","povo de rua"],"articleSection":["Not\u00edcias"],"inLanguage":"pt-BR","potentialAction":[{"@type":"CommentAction","name":"Comment","target":["https:\/\/www.oarcanjo.net\/site\/governador-alckmin-recebe-pe-julio-no-palacio-dos-bandeirantes\/#respond"]}]},{"@type":"WebPage","@id":"https:\/\/www.oarcanjo.net\/site\/governador-alckmin-recebe-pe-julio-no-palacio-dos-bandeirantes\/","url":"https:\/\/www.oarcanjo.net\/site\/governador-alckmin-recebe-pe-julio-no-palacio-dos-bandeirantes\/","name":"Governador Alckmin recebe Pe. Julio no Pal\u00e1cio dos Bandeirantes - O Arcanjo no ar","isPartOf":{"@id":"https:\/\/www.oarcanjo.net\/site\/#website"},"primaryImageOfPage":{"@id":"https:\/\/www.oarcanjo.net\/site\/governador-alckmin-recebe-pe-julio-no-palacio-dos-bandeirantes\/#primaryimage"},"image":{"@id":"https:\/\/www.oarcanjo.net\/site\/governador-alckmin-recebe-pe-julio-no-palacio-dos-bandeirantes\/#primaryimage"},"thumbnailUrl":"http:\/\/www.oarcanjo.net\/site\/wp-content\/uploads\/PeJulioAlckmin-300x225.jpg","datePublished":"2011-01-19T01:06:28+00:00","dateModified":"2011-01-19T01:06:28+00:00","breadcrumb":{"@id":"https:\/\/www.oarcanjo.net\/site\/governador-alckmin-recebe-pe-julio-no-palacio-dos-bandeirantes\/#breadcrumb"},"inLanguage":"pt-BR","potentialAction":[{"@type":"ReadAction","target":["https:\/\/www.oarcanjo.net\/site\/governador-alckmin-recebe-pe-julio-no-palacio-dos-bandeirantes\/"]}]},{"@type":"ImageObject","inLanguage":"pt-BR","@id":"https:\/\/www.oarcanjo.net\/site\/governador-alckmin-recebe-pe-julio-no-palacio-dos-bandeirantes\/#primaryimage","url":"https:\/\/www.oarcanjo.net\/site\/wp-content\/uploads\/PeJulioAlckmin.jpg","contentUrl":"https:\/\/www.oarcanjo.net\/site\/wp-content\/uploads\/PeJulioAlckmin.jpg","width":"1024","height":"768","caption":"Pe. Julio Lancellotti, Danilo Santana e Evaristo Gon\u00e7alves em audi\u00eancia com o governo Geraldo Alckmin"},{"@type":"BreadcrumbList","@id":"https:\/\/www.oarcanjo.net\/site\/governador-alckmin-recebe-pe-julio-no-palacio-dos-bandeirantes\/#breadcrumb","itemListElement":[{"@type":"ListItem","position":1,"name":"In\u00edcio","item":"https:\/\/www.oarcanjo.net\/site\/"},{"@type":"ListItem","position":2,"name":"Governador Alckmin recebe Pe. Julio no Pal\u00e1cio dos Bandeirantes"}]},{"@type":"WebSite","@id":"https:\/\/www.oarcanjo.net\/site\/#website","url":"https:\/\/www.oarcanjo.net\/site\/","name":"O Arcanjo no ar","description":"Site da Par\u00f3quia S\u00e3o Miguel Arcanjo (Arquidiocese de SP)","publisher":{"@id":"https:\/\/www.oarcanjo.net\/site\/#organization"},"potentialAction":[{"@type":"SearchAction","target":{"@type":"EntryPoint","urlTemplate":"https:\/\/www.oarcanjo.net\/site\/?s={search_term_string}"},"query-input":{"@type":"PropertyValueSpecification","valueRequired":true,"valueName":"search_term_string"}}],"inLanguage":"pt-BR"},{"@type":"Organization","@id":"https:\/\/www.oarcanjo.net\/site\/#organization","name":"Par\u00f3quia S\u00e3o Miguel Arcanjo","url":"https:\/\/www.oarcanjo.net\/site\/","logo":{"@type":"ImageObject","inLanguage":"pt-BR","@id":"https:\/\/www.oarcanjo.net\/site\/#\/schema\/logo\/image\/","url":"https:\/\/www.oarcanjo.net\/site\/wp-content\/uploads\/LogoOArcanjo.png","contentUrl":"https:\/\/www.oarcanjo.net\/site\/wp-content\/uploads\/LogoOArcanjo.png","width":319,"height":99,"caption":"Par\u00f3quia S\u00e3o Miguel Arcanjo"},"image":{"@id":"https:\/\/www.oarcanjo.net\/site\/#\/schema\/logo\/image\/"},"sameAs":["https:\/\/www.facebook.com\/OArcanjoNoAr\/"]},{"@type":"Person","@id":"https:\/\/www.oarcanjo.net\/site\/#\/schema\/person\/f7024d007863202483a31326673a0838","name":"editor","sameAs":["http:\/\/www.oarcanjo.net"]}]}},"publishpress_future_action":{"enabled":false,"date":"2026-05-09 04:51:01","action":"category","newStatus":"draft","terms":[],"taxonomy":"category"},"publishpress_future_workflow_manual_trigger":{"enabledWorkflows":[]},"_links":{"self":[{"href":"https:\/\/www.oarcanjo.net\/site\/wp-json\/wp\/v2\/posts\/12758"}],"collection":[{"href":"https:\/\/www.oarcanjo.net\/site\/wp-json\/wp\/v2\/posts"}],"about":[{"href":"https:\/\/www.oarcanjo.net\/site\/wp-json\/wp\/v2\/types\/post"}],"author":[{"embeddable":true,"href":"https:\/\/www.oarcanjo.net\/site\/wp-json\/wp\/v2\/users\/5"}],"replies":[{"embeddable":true,"href":"https:\/\/www.oarcanjo.net\/site\/wp-json\/wp\/v2\/comments?post=12758"}],"version-history":[{"count":0,"href":"https:\/\/www.oarcanjo.net\/site\/wp-json\/wp\/v2\/posts\/12758\/revisions"}],"wp:attachment":[{"href":"https:\/\/www.oarcanjo.net\/site\/wp-json\/wp\/v2\/media?parent=12758"}],"wp:term":[{"taxonomy":"category","embeddable":true,"href":"https:\/\/www.oarcanjo.net\/site\/wp-json\/wp\/v2\/categories?post=12758"},{"taxonomy":"post_tag","embeddable":true,"href":"https:\/\/www.oarcanjo.net\/site\/wp-json\/wp\/v2\/tags?post=12758"}],"curies":[{"name":"wp","href":"https:\/\/api.w.org\/{rel}","templated":true}]}}