
{"id":12766,"date":"2011-01-19T22:44:40","date_gmt":"2011-01-20T00:44:40","guid":{"rendered":"http:\/\/www.oarcanjo.net\/site\/?p=12766"},"modified":"2011-01-19T22:44:40","modified_gmt":"2011-01-20T00:44:40","slug":"pedagogia-ecologica-proposta-para-evitar-tragedias-e-salvar-vidas","status":"publish","type":"post","link":"https:\/\/www.oarcanjo.net\/site\/pedagogia-ecologica-proposta-para-evitar-tragedias-e-salvar-vidas\/","title":{"rendered":"Pedagogia ecol\u00f3gica: proposta para evitar trag\u00e9dias e salvar vidas"},"content":{"rendered":"<p>Marcus Eduardo de Oliveira<\/p>\n<p>Inequivocamente, o homem \u00e9 um agressor em potencial da natureza. Esse pouco cuidado com o meio ambiente, aprofundado enfaticamente no \u00faltimo meio s\u00e9culo, j\u00e1 fez centenas de milhares de v\u00edtimas mundo afora.<\/p>\n<p>Enquanto os horizontes do sistema de mercado priorizarem a busca incessante do lucro, pouco se importando se com isso o meio ambiente ser\u00e1 ou n\u00e3o afetado, a natureza, agredida sem piedade, vai aos poucos dando seu recado.<\/p>\n<p>Nessa hist\u00f3ria toda parece que continuamos &#8211; n\u00f3s, o bicho-homem -, sem aprender algo substancial, enquanto v\u00edtimas e mais v\u00edtimas &#8211; humanos, animais, plantas, flores e frutos &#8211; v\u00e3o tombando pelo caminho. \u00c9 a vida em toda sua plenitude que est\u00e1 sendo dilacerada.<\/p>\n<p>A recente trag\u00e9dia na Regi\u00e3o Serrana do estado do Rio de Janeiro, com v\u00edtimas fatais que aumentam a cada dia, afora o descaso do poder p\u00fablico que sempre fez vistas grossas para a constru\u00e7\u00e3o de habita\u00e7\u00f5es nas encostas \u00edngremes e irregulares, pois isso rende votos, \u00e9, na ess\u00eancia, culpa do desequil\u00edbrio ambiental que tem, na origem, a agress\u00e3o humana para com a M\u00e3e e a Irm\u00e3 Natureza.<\/p>\n<p>Talvez n\u00e3o seja precipitado associar as fortes chuvas dos \u00faltimos dias ao aquecimento global. Um aquecimento que propicia em seu conjunto mais energia no sistema clim\u00e1tico. No centro da quest\u00e3o est\u00e1 a agress\u00e3o ambiental para atender ao sistema de produ\u00e7\u00e3o que &#8220;reclama&#8221; mais produtos no mercado.<\/p>\n<p>Enquanto grande parte de nossa gente, dos diversos estratos da sociedade, continuar a atender aos ditames do mercado engrossando os apelos do consumo voraz, insistindo em ver a natureza apenas como mero ap\u00eandice de um sistema econ\u00f4mico cada vez mais tacanho e perverso, capaz de construir uma &#8220;falsa&#8221; riqueza sobre os reais escombros da natureza, outras trag\u00e9dias surgir\u00e3o e mais e mais mortes ser\u00e3o computadas.<\/p>\n<p>Para tentar reverter essa tr\u00e1gica situa\u00e7\u00e3o, a id\u00e9ia da pr\u00e1tica de uma Pedagogia Ecol\u00f3gica, ou tenha isso o nome que tiver &#8211; ecopedagogia, consci\u00eancia ecol\u00f3gica, bioeconomia, socialismo ecol\u00f3gico e outros -, se insere como condi\u00e7\u00e3o essencial de aprendizagem capaz de proporcionar n\u00e3o s\u00f3 qualidade de vida, mas sim a preserva\u00e7\u00e3o da pr\u00f3pria vida.<\/p>\n<p>Essa Pedagogia Ecol\u00f3gica aqui modestamente defendida, \u00e9 fruto de pondera\u00e7\u00f5es de renomados pensadores da \u00f3rbita ambiental, e tem como ponto focal pensar num mundo sustent\u00e1vel partindo do conhecimento pleno do ambiente aliado a uma rela\u00e7\u00e3o harmoniosa para com a natureza.<\/p>\n<p>Essa Pedagogia Ecol\u00f3gica, para resumirmos essa id\u00e9ia em poucas palavras, pressup\u00f5e uma reg\u00eancia do mundo natural, em todas suas matizes, de forma a se coadunar na pr\u00e1tica do comum e irrestrito respeito ambiental, afastando-se do consumo voraz e vendo a vida no futuro como parceira indispens\u00e1vel da natureza.<\/p>\n<p>Na ess\u00eancia, trata-se de uma proposta de ecologia pedag\u00f3gica que visa ensinar primeiro a respeitar o recurso natural, pois isso se reflete na qualidade de vida. Isso dever\u00e1 ser ensinado nos primeiros anos de estudo, fazendo com que a garotada tenha contato inicial com a necessidade de preservar a natureza, tal qual defendemos em outro artigo que, para nossa satisfa\u00e7\u00e3o, teve boa acolhida e ampla repercuss\u00e3o nos sites e boletins informativos que circulam pela internet.<\/p>\n<p>Al\u00e9m disso, essa proposta de Pedagogia Ecol\u00f3gica n\u00e3o dever\u00e1 ficar restrita aos bancos escolares. \u00c9 necess\u00e1rio e mesmo fundamental para o sucesso dessa proposta, que isso ganhe tom de campanha nacional, veiculado em termos de propaganda televisiva no hor\u00e1rio nobre, permitindo a possibilidade de maior consci\u00eancia ecol\u00f3gica de todos n\u00f3s.<\/p>\n<p>A &#8220;linguagem&#8221; usada nessa proposta de Pedagogia Ecol\u00f3gica televisiva e escolar, deve ser f\u00e1cil e intelig\u00edvel, capaz de &#8220;chegar&#8221; a todos, do Phd que poder\u00e1 reproduzir isso em sala de aula, at\u00e9 o mais humilde morador de uma simples habita\u00e7\u00e3o num peda\u00e7o de morro qualquer.<\/p>\n<p>Edward Teller certa vez disse que &#8220;A ci\u00eancia procura encontrar l\u00f3gica e simplicidade na natureza&#8221;. Kepler, de certa forma, corroborou afirmando que &#8220;A natureza ama a simplicidade&#8221; e Newton, por sua vez, pontuou que &#8220;(&#8230;) a natureza se apraz com a simplicidade&#8221;.<\/p>\n<p>Pois \u00e9 com essa simplicidade, levando um discurso de reconstru\u00e7\u00e3o e preserva\u00e7\u00e3o ambiental que devemos trabalhar. A hora \u00e9 de unir esfor\u00e7os &#8211; poder p\u00fablico, sociedade civil, organiza\u00e7\u00f5es n\u00e3o governamentais, movimentos populares, imprensa e universidade &#8211; para levar \u00e0 frente essa campanha de Pedagogia Ecol\u00f3gica que \u00e9 mais que informativa; \u00e9 uma campanha de orienta\u00e7\u00e3o e precau\u00e7\u00e3o de novas trag\u00e9dias.<\/p>\n<p>Uma vez real\u00e7ada essa id\u00e9ia, incorporando novos adeptos, n\u00e3o seria presun\u00e7\u00e3o afirmar que outras trag\u00e9dias poder\u00e3o ser evitadas. Assim, se h\u00e1 algu\u00e9m ou algo que poder\u00e1 ganhar com isso, esse &#8220;algo&#8221; \u00e9, certamente, uma &#8220;coisa&#8221; indispens\u00e1vel que nos foi dada com total estima: a vida.<\/p>\n<p>Assegurar a vida \u00e9, antes, buscar o equil\u00edbrio ecol\u00f3gico. Para isso, nada melhor que todos tenham em mente a necessidade de saber o que fazer com a natureza.<\/p>\n<p>A natureza nunca foi m\u00e1 conosco; n\u00f3s \u00e9 que sempre fomos perversos com ela. \u00c9 a nossa chance de retribuir o que a natureza sempre nos deu.<\/p>\n<div id=\"themify_builder_content-12766\" data-postid=\"12766\" class=\"themify_builder_content themify_builder_content-12766 themify_builder themify_builder_front\">\n\t<\/div>\n<!-- \/themify_builder_content -->","protected":false},"excerpt":{"rendered":"<p>Marcus Eduardo de Oliveira Inequivocamente, o homem \u00e9 um agressor em potencial da natureza. Esse pouco cuidado com o meio ambiente, aprofundado enfaticamente no \u00faltimo meio s\u00e9culo, j\u00e1 fez centenas de milhares de v\u00edtimas mundo afora. Enquanto os horizontes do sistema de mercado priorizarem a busca incessante do lucro, pouco se importando se com isso [&hellip;]<\/p>\n","protected":false},"author":5,"featured_media":0,"comment_status":"open","ping_status":"open","sticky":false,"template":"","format":"standard","meta":{"ngg_post_thumbnail":0,"footnotes":""},"categories":[9],"tags":[664,104,468,1806,1804,1807,133],"yoast_head":"<!-- This site is optimized with the Yoast SEO plugin v23.5 - https:\/\/yoast.com\/wordpress\/plugins\/seo\/ -->\n<title>Pedagogia ecol\u00f3gica: proposta para evitar trag\u00e9dias e salvar vidas - O Arcanjo no ar<\/title>\n<meta name=\"robots\" content=\"index, follow, max-snippet:-1, max-image-preview:large, max-video-preview:-1\" \/>\n<link rel=\"canonical\" href=\"https:\/\/www.oarcanjo.net\/site\/pedagogia-ecologica-proposta-para-evitar-tragedias-e-salvar-vidas\/\" \/>\n<meta property=\"og:locale\" content=\"pt_BR\" \/>\n<meta property=\"og:type\" content=\"article\" \/>\n<meta property=\"og:title\" content=\"Pedagogia ecol\u00f3gica: proposta para evitar trag\u00e9dias e salvar vidas - O Arcanjo no ar\" \/>\n<meta property=\"og:description\" content=\"Marcus Eduardo de Oliveira Inequivocamente, o homem \u00e9 um agressor em potencial da natureza. Esse pouco cuidado com o meio ambiente, aprofundado enfaticamente no \u00faltimo meio s\u00e9culo, j\u00e1 fez centenas de milhares de v\u00edtimas mundo afora. Enquanto os horizontes do sistema de mercado priorizarem a busca incessante do lucro, pouco se importando se com isso [&hellip;]\" \/>\n<meta property=\"og:url\" content=\"https:\/\/www.oarcanjo.net\/site\/pedagogia-ecologica-proposta-para-evitar-tragedias-e-salvar-vidas\/\" \/>\n<meta property=\"og:site_name\" content=\"O Arcanjo no ar\" \/>\n<meta property=\"article:publisher\" content=\"https:\/\/www.facebook.com\/OArcanjoNoAr\/\" \/>\n<meta property=\"article:published_time\" content=\"2011-01-20T00:44:40+00:00\" \/>\n<meta property=\"og:image\" content=\"https:\/\/www.oarcanjo.net\/site\/wp-content\/uploads\/logo-o-arcanjo-no-ar-facebook.png\" \/>\n\t<meta property=\"og:image:width\" content=\"300\" \/>\n\t<meta property=\"og:image:height\" content=\"300\" \/>\n\t<meta property=\"og:image:type\" content=\"image\/png\" \/>\n<meta name=\"author\" content=\"editor\" \/>\n<meta name=\"twitter:card\" content=\"summary_large_image\" \/>\n<meta name=\"twitter:label1\" content=\"Escrito por\" \/>\n\t<meta name=\"twitter:data1\" content=\"editor\" \/>\n\t<meta name=\"twitter:label2\" content=\"Est. tempo de leitura\" \/>\n\t<meta name=\"twitter:data2\" content=\"4 minutos\" \/>\n<script type=\"application\/ld+json\" class=\"yoast-schema-graph\">{\"@context\":\"https:\/\/schema.org\",\"@graph\":[{\"@type\":\"Article\",\"@id\":\"https:\/\/www.oarcanjo.net\/site\/pedagogia-ecologica-proposta-para-evitar-tragedias-e-salvar-vidas\/#article\",\"isPartOf\":{\"@id\":\"https:\/\/www.oarcanjo.net\/site\/pedagogia-ecologica-proposta-para-evitar-tragedias-e-salvar-vidas\/\"},\"author\":{\"name\":\"editor\",\"@id\":\"https:\/\/www.oarcanjo.net\/site\/#\/schema\/person\/f7024d007863202483a31326673a0838\"},\"headline\":\"Pedagogia ecol\u00f3gica: proposta para evitar trag\u00e9dias e salvar vidas\",\"datePublished\":\"2011-01-20T00:44:40+00:00\",\"dateModified\":\"2011-01-20T00:44:40+00:00\",\"mainEntityOfPage\":{\"@id\":\"https:\/\/www.oarcanjo.net\/site\/pedagogia-ecologica-proposta-para-evitar-tragedias-e-salvar-vidas\/\"},\"wordCount\":893,\"commentCount\":0,\"publisher\":{\"@id\":\"https:\/\/www.oarcanjo.net\/site\/#organization\"},\"keywords\":[\"chuvas\",\"ecologia\",\"meio ambiente\",\"Petr\u00f3polis\",\"regi\u00e3o serrana\",\"Teres\u00f3polis\",\"trag\u00e9dia\"],\"articleSection\":[\"Reflex\u00f5es\"],\"inLanguage\":\"pt-BR\",\"potentialAction\":[{\"@type\":\"CommentAction\",\"name\":\"Comment\",\"target\":[\"https:\/\/www.oarcanjo.net\/site\/pedagogia-ecologica-proposta-para-evitar-tragedias-e-salvar-vidas\/#respond\"]}]},{\"@type\":\"WebPage\",\"@id\":\"https:\/\/www.oarcanjo.net\/site\/pedagogia-ecologica-proposta-para-evitar-tragedias-e-salvar-vidas\/\",\"url\":\"https:\/\/www.oarcanjo.net\/site\/pedagogia-ecologica-proposta-para-evitar-tragedias-e-salvar-vidas\/\",\"name\":\"Pedagogia ecol\u00f3gica: proposta para evitar trag\u00e9dias e salvar vidas - O Arcanjo no ar\",\"isPartOf\":{\"@id\":\"https:\/\/www.oarcanjo.net\/site\/#website\"},\"datePublished\":\"2011-01-20T00:44:40+00:00\",\"dateModified\":\"2011-01-20T00:44:40+00:00\",\"breadcrumb\":{\"@id\":\"https:\/\/www.oarcanjo.net\/site\/pedagogia-ecologica-proposta-para-evitar-tragedias-e-salvar-vidas\/#breadcrumb\"},\"inLanguage\":\"pt-BR\",\"potentialAction\":[{\"@type\":\"ReadAction\",\"target\":[\"https:\/\/www.oarcanjo.net\/site\/pedagogia-ecologica-proposta-para-evitar-tragedias-e-salvar-vidas\/\"]}]},{\"@type\":\"BreadcrumbList\",\"@id\":\"https:\/\/www.oarcanjo.net\/site\/pedagogia-ecologica-proposta-para-evitar-tragedias-e-salvar-vidas\/#breadcrumb\",\"itemListElement\":[{\"@type\":\"ListItem\",\"position\":1,\"name\":\"In\u00edcio\",\"item\":\"https:\/\/www.oarcanjo.net\/site\/\"},{\"@type\":\"ListItem\",\"position\":2,\"name\":\"Pedagogia ecol\u00f3gica: proposta para evitar trag\u00e9dias e salvar vidas\"}]},{\"@type\":\"WebSite\",\"@id\":\"https:\/\/www.oarcanjo.net\/site\/#website\",\"url\":\"https:\/\/www.oarcanjo.net\/site\/\",\"name\":\"O Arcanjo no ar\",\"description\":\"Site da Par\u00f3quia S\u00e3o Miguel Arcanjo (Arquidiocese de SP)\",\"publisher\":{\"@id\":\"https:\/\/www.oarcanjo.net\/site\/#organization\"},\"potentialAction\":[{\"@type\":\"SearchAction\",\"target\":{\"@type\":\"EntryPoint\",\"urlTemplate\":\"https:\/\/www.oarcanjo.net\/site\/?s={search_term_string}\"},\"query-input\":{\"@type\":\"PropertyValueSpecification\",\"valueRequired\":true,\"valueName\":\"search_term_string\"}}],\"inLanguage\":\"pt-BR\"},{\"@type\":\"Organization\",\"@id\":\"https:\/\/www.oarcanjo.net\/site\/#organization\",\"name\":\"Par\u00f3quia S\u00e3o Miguel Arcanjo\",\"url\":\"https:\/\/www.oarcanjo.net\/site\/\",\"logo\":{\"@type\":\"ImageObject\",\"inLanguage\":\"pt-BR\",\"@id\":\"https:\/\/www.oarcanjo.net\/site\/#\/schema\/logo\/image\/\",\"url\":\"https:\/\/www.oarcanjo.net\/site\/wp-content\/uploads\/LogoOArcanjo.png\",\"contentUrl\":\"https:\/\/www.oarcanjo.net\/site\/wp-content\/uploads\/LogoOArcanjo.png\",\"width\":319,\"height\":99,\"caption\":\"Par\u00f3quia S\u00e3o Miguel Arcanjo\"},\"image\":{\"@id\":\"https:\/\/www.oarcanjo.net\/site\/#\/schema\/logo\/image\/\"},\"sameAs\":[\"https:\/\/www.facebook.com\/OArcanjoNoAr\/\"]},{\"@type\":\"Person\",\"@id\":\"https:\/\/www.oarcanjo.net\/site\/#\/schema\/person\/f7024d007863202483a31326673a0838\",\"name\":\"editor\",\"sameAs\":[\"http:\/\/www.oarcanjo.net\"]}]}<\/script>\n<!-- \/ Yoast SEO plugin. -->","yoast_head_json":{"title":"Pedagogia ecol\u00f3gica: proposta para evitar trag\u00e9dias e salvar vidas - O Arcanjo no ar","robots":{"index":"index","follow":"follow","max-snippet":"max-snippet:-1","max-image-preview":"max-image-preview:large","max-video-preview":"max-video-preview:-1"},"canonical":"https:\/\/www.oarcanjo.net\/site\/pedagogia-ecologica-proposta-para-evitar-tragedias-e-salvar-vidas\/","og_locale":"pt_BR","og_type":"article","og_title":"Pedagogia ecol\u00f3gica: proposta para evitar trag\u00e9dias e salvar vidas - O Arcanjo no ar","og_description":"Marcus Eduardo de Oliveira Inequivocamente, o homem \u00e9 um agressor em potencial da natureza. Esse pouco cuidado com o meio ambiente, aprofundado enfaticamente no \u00faltimo meio s\u00e9culo, j\u00e1 fez centenas de milhares de v\u00edtimas mundo afora. Enquanto os horizontes do sistema de mercado priorizarem a busca incessante do lucro, pouco se importando se com isso [&hellip;]","og_url":"https:\/\/www.oarcanjo.net\/site\/pedagogia-ecologica-proposta-para-evitar-tragedias-e-salvar-vidas\/","og_site_name":"O Arcanjo no ar","article_publisher":"https:\/\/www.facebook.com\/OArcanjoNoAr\/","article_published_time":"2011-01-20T00:44:40+00:00","og_image":[{"width":300,"height":300,"url":"https:\/\/www.oarcanjo.net\/site\/wp-content\/uploads\/logo-o-arcanjo-no-ar-facebook.png","type":"image\/png"}],"author":"editor","twitter_card":"summary_large_image","twitter_misc":{"Escrito por":"editor","Est. tempo de leitura":"4 minutos"},"schema":{"@context":"https:\/\/schema.org","@graph":[{"@type":"Article","@id":"https:\/\/www.oarcanjo.net\/site\/pedagogia-ecologica-proposta-para-evitar-tragedias-e-salvar-vidas\/#article","isPartOf":{"@id":"https:\/\/www.oarcanjo.net\/site\/pedagogia-ecologica-proposta-para-evitar-tragedias-e-salvar-vidas\/"},"author":{"name":"editor","@id":"https:\/\/www.oarcanjo.net\/site\/#\/schema\/person\/f7024d007863202483a31326673a0838"},"headline":"Pedagogia ecol\u00f3gica: proposta para evitar trag\u00e9dias e salvar vidas","datePublished":"2011-01-20T00:44:40+00:00","dateModified":"2011-01-20T00:44:40+00:00","mainEntityOfPage":{"@id":"https:\/\/www.oarcanjo.net\/site\/pedagogia-ecologica-proposta-para-evitar-tragedias-e-salvar-vidas\/"},"wordCount":893,"commentCount":0,"publisher":{"@id":"https:\/\/www.oarcanjo.net\/site\/#organization"},"keywords":["chuvas","ecologia","meio ambiente","Petr\u00f3polis","regi\u00e3o serrana","Teres\u00f3polis","trag\u00e9dia"],"articleSection":["Reflex\u00f5es"],"inLanguage":"pt-BR","potentialAction":[{"@type":"CommentAction","name":"Comment","target":["https:\/\/www.oarcanjo.net\/site\/pedagogia-ecologica-proposta-para-evitar-tragedias-e-salvar-vidas\/#respond"]}]},{"@type":"WebPage","@id":"https:\/\/www.oarcanjo.net\/site\/pedagogia-ecologica-proposta-para-evitar-tragedias-e-salvar-vidas\/","url":"https:\/\/www.oarcanjo.net\/site\/pedagogia-ecologica-proposta-para-evitar-tragedias-e-salvar-vidas\/","name":"Pedagogia ecol\u00f3gica: proposta para evitar trag\u00e9dias e salvar vidas - O Arcanjo no ar","isPartOf":{"@id":"https:\/\/www.oarcanjo.net\/site\/#website"},"datePublished":"2011-01-20T00:44:40+00:00","dateModified":"2011-01-20T00:44:40+00:00","breadcrumb":{"@id":"https:\/\/www.oarcanjo.net\/site\/pedagogia-ecologica-proposta-para-evitar-tragedias-e-salvar-vidas\/#breadcrumb"},"inLanguage":"pt-BR","potentialAction":[{"@type":"ReadAction","target":["https:\/\/www.oarcanjo.net\/site\/pedagogia-ecologica-proposta-para-evitar-tragedias-e-salvar-vidas\/"]}]},{"@type":"BreadcrumbList","@id":"https:\/\/www.oarcanjo.net\/site\/pedagogia-ecologica-proposta-para-evitar-tragedias-e-salvar-vidas\/#breadcrumb","itemListElement":[{"@type":"ListItem","position":1,"name":"In\u00edcio","item":"https:\/\/www.oarcanjo.net\/site\/"},{"@type":"ListItem","position":2,"name":"Pedagogia ecol\u00f3gica: proposta para evitar trag\u00e9dias e salvar vidas"}]},{"@type":"WebSite","@id":"https:\/\/www.oarcanjo.net\/site\/#website","url":"https:\/\/www.oarcanjo.net\/site\/","name":"O Arcanjo no ar","description":"Site da Par\u00f3quia S\u00e3o Miguel Arcanjo (Arquidiocese de SP)","publisher":{"@id":"https:\/\/www.oarcanjo.net\/site\/#organization"},"potentialAction":[{"@type":"SearchAction","target":{"@type":"EntryPoint","urlTemplate":"https:\/\/www.oarcanjo.net\/site\/?s={search_term_string}"},"query-input":{"@type":"PropertyValueSpecification","valueRequired":true,"valueName":"search_term_string"}}],"inLanguage":"pt-BR"},{"@type":"Organization","@id":"https:\/\/www.oarcanjo.net\/site\/#organization","name":"Par\u00f3quia S\u00e3o Miguel Arcanjo","url":"https:\/\/www.oarcanjo.net\/site\/","logo":{"@type":"ImageObject","inLanguage":"pt-BR","@id":"https:\/\/www.oarcanjo.net\/site\/#\/schema\/logo\/image\/","url":"https:\/\/www.oarcanjo.net\/site\/wp-content\/uploads\/LogoOArcanjo.png","contentUrl":"https:\/\/www.oarcanjo.net\/site\/wp-content\/uploads\/LogoOArcanjo.png","width":319,"height":99,"caption":"Par\u00f3quia S\u00e3o Miguel Arcanjo"},"image":{"@id":"https:\/\/www.oarcanjo.net\/site\/#\/schema\/logo\/image\/"},"sameAs":["https:\/\/www.facebook.com\/OArcanjoNoAr\/"]},{"@type":"Person","@id":"https:\/\/www.oarcanjo.net\/site\/#\/schema\/person\/f7024d007863202483a31326673a0838","name":"editor","sameAs":["http:\/\/www.oarcanjo.net"]}]}},"publishpress_future_action":{"enabled":false,"date":"2026-05-10 09:33:53","action":"category","newStatus":"draft","terms":[],"taxonomy":"category"},"publishpress_future_workflow_manual_trigger":{"enabledWorkflows":[]},"_links":{"self":[{"href":"https:\/\/www.oarcanjo.net\/site\/wp-json\/wp\/v2\/posts\/12766"}],"collection":[{"href":"https:\/\/www.oarcanjo.net\/site\/wp-json\/wp\/v2\/posts"}],"about":[{"href":"https:\/\/www.oarcanjo.net\/site\/wp-json\/wp\/v2\/types\/post"}],"author":[{"embeddable":true,"href":"https:\/\/www.oarcanjo.net\/site\/wp-json\/wp\/v2\/users\/5"}],"replies":[{"embeddable":true,"href":"https:\/\/www.oarcanjo.net\/site\/wp-json\/wp\/v2\/comments?post=12766"}],"version-history":[{"count":0,"href":"https:\/\/www.oarcanjo.net\/site\/wp-json\/wp\/v2\/posts\/12766\/revisions"}],"wp:attachment":[{"href":"https:\/\/www.oarcanjo.net\/site\/wp-json\/wp\/v2\/media?parent=12766"}],"wp:term":[{"taxonomy":"category","embeddable":true,"href":"https:\/\/www.oarcanjo.net\/site\/wp-json\/wp\/v2\/categories?post=12766"},{"taxonomy":"post_tag","embeddable":true,"href":"https:\/\/www.oarcanjo.net\/site\/wp-json\/wp\/v2\/tags?post=12766"}],"curies":[{"name":"wp","href":"https:\/\/api.w.org\/{rel}","templated":true}]}}