
{"id":12769,"date":"2011-01-20T09:27:40","date_gmt":"2011-01-20T11:27:40","guid":{"rendered":"http:\/\/www.oarcanjo.net\/site\/?p=12769"},"modified":"2011-01-20T09:27:40","modified_gmt":"2011-01-20T11:27:40","slug":"aguas-que-matam","status":"publish","type":"post","link":"https:\/\/www.oarcanjo.net\/site\/aguas-que-matam\/","title":{"rendered":"\u00c1guas que matam"},"content":{"rendered":"<p><em>Pe. Alfredo J. Gon\u00e7alves, CS<\/em><\/p>\n<p style=\"text-align: justify;\">\u00c1gua \u00e9 fonte da vida em toda sua diversidade. \u00c9 o sangue vivo deste gigantesco organismo chamado Planeta Terra. Como nas veias de todo ser vivo, tamb\u00e9m nos rios e nascentes do globo esse sangue \u00e9 a origem, garantia e equil\u00edbrio de in\u00fameros biomas e ecossistemas. N\u00e3o seria t\u00e3o exagero cham\u00e1-lo de Planeta Terra\/\u00c1gua. A \u00e1gua, de fato, est\u00e1 na raiz de toda resist\u00eancia, exuber\u00e2ncia e reprodu\u00e7\u00e3o da biodiversidade. Todas as formas de vida nela buscam os nutrientes mais indispens\u00e1veis. \u00c1gua e vida s\u00e3o sin\u00f4nimos, verdadeiras irm\u00e3s g\u00eameas. A Campanha da Fraternidade de 2011, da CNBB, com o tema Fraternidade e a Vida no Planeta e com o lema \u201cA cria\u00e7\u00e3o geme em dores de parto\u201d (Rm 8,22) tem muito a ver com esse debate. Mas a mesma \u00e1gua que \u00e9 fonte de vida, se e quando descontrolada, pode trazer devasta\u00e7\u00e3o, dor e morte. \u00c9 o que temos visto nas \u00faltimas semanas de modo especial nos estados do sudeste brasileiro, com destaque para a regi\u00e3o serrana do Rio de Janeiro, munic\u00edpios de Teres\u00f3polis, Nova Friburgo e Teres\u00f3polis, entre outros. Ali\u00e1s, \u00e9 o que vemos praticamente todos os anos, na \u00e9poca do ver\u00e3o, n\u00e3o apenas em v\u00e1rias partes do territ\u00f3rio nacional, mas tamb\u00e9m em outros pa\u00edses. Tempestades, borrascas, furac\u00f5es, deslizamentos de terra, destrui\u00e7\u00e3o e montanhas de escombros. Parafraseando o livro de Gabriel Garc\u00eda M\u00e1rquez, Cr\u00f4nica de uma morte anunciada, no caso mais em evid\u00eancia do Rio de Janeiro podemos falar de \u201ccr\u00f4nica de uma trag\u00e9dia anunciada\u201d. \u00c0 medida que cresce a impermeabiliza\u00e7\u00e3o do solo, particularmente nas capitais e grandes metr\u00f3poles, as chuvas torrenciais provocam inunda\u00e7\u00f5es e alagamentos cada vez mais furiosos. Trazem sofrimento e perdas irrepar\u00e1veis. Nem precisaria sublinhar que os mais atingidos costumam ser os pobres, a multid\u00e3o dos sem teto, obrigados a construir prec\u00e1rias habita\u00e7\u00f5es por falta de pol\u00edticas p\u00fablicas mais duradouras e consistentes. A vida se v\u00ea mais amea\u00e7ada onde o investimento p\u00fablico \u00e9 pouco ou nulo. Mas, depois de Angra dos Reis e de Santa Catarina, nos anos passados, nada se iguala aos mais de 600 mortos e milhares de atingidos dos munic\u00edpios serranos do Rio. E a\u00ed come\u00e7am a desfilar as culpas e as desculpas. As autoridades costumam alegar o excesso de chuva, culpabilizando o c\u00e9u e S\u00e3o Pedro. Sem contar aquelas que ainda ousam jogar a responsabilidade sobre as pr\u00f3prias v\u00edtimas, \u201cque constroem suas casas em lugares inadequados e de alto risco\u201d. A m\u00eddia bate com for\u00e7a e f\u00faria no descaso e abandono pol\u00edticos em que se encontram determinados setores da popula\u00e7\u00e3o. Numerosos cientistas alertam para riscos iminentes e para a necessidade de medidas preventivas de defesa. Os bombeiros, volunt\u00e1rios e c\u00e3es farejadores escavam as ru\u00ednas \u00e0 procura de sobreviventes, empilhando os cad\u00e1veres a serem transportados para o IML Quanto aos atingidos\u2026 Bem, seguem limpando a lama, salvando o que podem, lamentando perdas de bens e de vidas humanas e, no limite, reconhecendo corpos para serem \u201cdevidamente\u201d enterrados. A alus\u00e3o \u00e0 obra de Gabriel G. M\u00e1rquez \u2013 cr\u00f4nica de uma trag\u00e9dia anunciada \u2013 \u00e9 bem oportuna se levarmos em conta a heran\u00e7a maldita que os pol\u00edticos v\u00e3o deixando um para o outro. Prefeitos, governadores ou presidentes de plant\u00e3o, na verdade, herdaram d\u00e9cadas e d\u00e9cadas de falta de planejamento e parcos investimentos em infra-estrutura. \u00c9 fato not\u00f3rio que do or\u00e7amento destinado a grandes cat\u00e1strofes, o governo Lula, por exemplo, utilizou apenas uma pequena porcentagem. Infelizmente, sua gest\u00e3o de oito anos n\u00e3o \u00e9 exce\u00e7\u00e3o, mas regra. Hist\u00f3rica e estruturalmente, h\u00e1 um esquecimento sistem\u00e1tico dessas popula\u00e7\u00f5es que vivem \u00e0 deriva das tormentas, chorando e apelando para a caridade p\u00fablica ou a solidariedade alheia. \u00c9 certo que a solidariedade do povo brasileiro, nesses momentos cruciais, deve ser louvada. Mas ela tamb\u00e9m pode desfocar a aten\u00e7\u00e3o das gritantes da administra\u00e7\u00e3o p\u00fablica. Diante dos mais de 600 cad\u00e1veres do Rio de Janeiro e de seus parentes \u00f3rf\u00e3os, s\u00f3s e perdidos, nada justifica a euforia de governos que se gabam de promover o crescimento para tornar-se uma das maiores economia do mundo, que investem pesadamente em propaganda, em grandes obras, no agroneg\u00f3cio e agroind\u00fastria, na ind\u00fastria automobil\u00edstica, na salva\u00e7\u00e3o dos bancos\u2026 Mas deixam milhares de fam\u00edlias penduradas nos morros ou amontoadas \u00e0 beira dos riachos. A necessidade de um planejamento de longo prazo nunca se fez sentir como agora. Nunca antes na hist\u00f3ria desse pa\u00eds tantos falaram sobre isso. Sabemos de outros pa\u00edses que se prepararam contra nevascas, bombardeios, tuf\u00f5es e outras cat\u00e1strofes, reduzindo com isso o n\u00famero de v\u00edtimas fatais. O Brasil, com suas riquezas naturais e com seu gigantismo continental, tem condi\u00e7\u00f5es de preparar-se para semelhantes desgra\u00e7as, as quais, de resto, tornam-se cada vez mais previs\u00edveis. Tal planejamento exige obras de infra-estrutura em despolui\u00e7\u00e3o, em canaliza\u00e7\u00e3o e em controle das \u00e1guas, bem como uma pol\u00edtica habitacional voltada para os setores mais desprotegidos da sociedade. Exige uma defesa civil voltada menos para a correria p\u00f3s-cat\u00e1strofes e mais, muito mais, para a preven\u00e7\u00e3o efetiva. A curto e m\u00e9dio prazo, o plano exige medidas de emerg\u00eancia, com abrigos prontos e \u00e0 m\u00e3o, assist\u00eancia imediata \u00e0s v\u00edtimas, programas de evacua\u00e7\u00e3o, entre outras coisas. Trata-se de um planejamento que ultrapassa mais de uma gest\u00e3o. Projetos e programas que independem deste ou daquele governante. Quantas d\u00e9cadas demoraram as autoridades da Inglaterra para despoluir o rio Tamisa, por exemplo, ou o Canad\u00e1 para construir abrigos contra o frio abaixo de zero? Mas \u00e9 justamente a\u00ed que reside o problema. Os pol\u00edticos, em geral e salvo raras e belas exce\u00e7\u00f5es, trabalham para se reelegerem. Planos de largo alcance n\u00e3o lhes d\u00e1 votos imediatos. A \u00e2nsia de fazer e inaugurar toma conta da pr\u00e1tica administrativa. Tudo tem que ser r\u00e1pido, pois o mandato se esgota em quatro anos. Por tr\u00e1s dessa pr\u00e1tica, est\u00e3o os interesses das grandes empreiteiras que, em boa medida, contribuem para as campanhas e esperam logo a recompensa. N\u00e3o \u00e9 raro encontrar obras em ru\u00ednas antes mesmo se inauguradas, ou inauguradas antes de finalizadas. Pol\u00edtico esperto n\u00e3o trabalha para outro! Em s\u00edntese, o projeto de poder toma o lugar do projeto de na\u00e7\u00e3o. [www.provinciasaopaulo.com]<\/p>\n<div id=\"themify_builder_content-12769\" data-postid=\"12769\" class=\"themify_builder_content themify_builder_content-12769 themify_builder themify_builder_front\">\n\t<\/div>\n<!-- \/themify_builder_content -->","protected":false},"excerpt":{"rendered":"<p>Pe. Alfredo J. Gon\u00e7alves, CS \u00c1gua \u00e9 fonte da vida em toda sua diversidade. \u00c9 o sangue vivo deste gigantesco organismo chamado Planeta Terra. Como nas veias de todo ser vivo, tamb\u00e9m nos rios e nascentes do globo esse sangue \u00e9 a origem, garantia e equil\u00edbrio de in\u00fameros biomas e ecossistemas. N\u00e3o seria t\u00e3o exagero [&hellip;]<\/p>\n","protected":false},"author":15,"featured_media":0,"comment_status":"open","ping_status":"open","sticky":false,"template":"","format":"standard","meta":{"ngg_post_thumbnail":0,"footnotes":""},"categories":[9],"tags":[],"yoast_head":"<!-- This site is optimized with the Yoast SEO plugin v23.5 - https:\/\/yoast.com\/wordpress\/plugins\/seo\/ -->\n<title>\u00c1guas que matam - O Arcanjo no ar<\/title>\n<meta name=\"robots\" content=\"index, follow, max-snippet:-1, max-image-preview:large, max-video-preview:-1\" \/>\n<link rel=\"canonical\" href=\"https:\/\/www.oarcanjo.net\/site\/aguas-que-matam\/\" \/>\n<meta property=\"og:locale\" content=\"pt_BR\" \/>\n<meta property=\"og:type\" content=\"article\" \/>\n<meta property=\"og:title\" content=\"\u00c1guas que matam - O Arcanjo no ar\" \/>\n<meta property=\"og:description\" content=\"Pe. Alfredo J. Gon\u00e7alves, CS \u00c1gua \u00e9 fonte da vida em toda sua diversidade. \u00c9 o sangue vivo deste gigantesco organismo chamado Planeta Terra. Como nas veias de todo ser vivo, tamb\u00e9m nos rios e nascentes do globo esse sangue \u00e9 a origem, garantia e equil\u00edbrio de in\u00fameros biomas e ecossistemas. N\u00e3o seria t\u00e3o exagero [&hellip;]\" \/>\n<meta property=\"og:url\" content=\"https:\/\/www.oarcanjo.net\/site\/aguas-que-matam\/\" \/>\n<meta property=\"og:site_name\" content=\"O Arcanjo no ar\" \/>\n<meta property=\"article:publisher\" content=\"https:\/\/www.facebook.com\/OArcanjoNoAr\/\" \/>\n<meta property=\"article:published_time\" content=\"2011-01-20T11:27:40+00:00\" \/>\n<meta property=\"og:image\" content=\"https:\/\/www.oarcanjo.net\/site\/wp-content\/uploads\/logo-o-arcanjo-no-ar-facebook.png\" \/>\n\t<meta property=\"og:image:width\" content=\"300\" \/>\n\t<meta property=\"og:image:height\" content=\"300\" \/>\n\t<meta property=\"og:image:type\" content=\"image\/png\" \/>\n<meta name=\"author\" content=\"Alexandre Nunes\" \/>\n<meta name=\"twitter:card\" content=\"summary_large_image\" \/>\n<meta name=\"twitter:label1\" content=\"Escrito por\" \/>\n\t<meta name=\"twitter:data1\" content=\"Alexandre Nunes\" \/>\n\t<meta name=\"twitter:label2\" content=\"Est. tempo de leitura\" \/>\n\t<meta name=\"twitter:data2\" content=\"6 minutos\" \/>\n<script type=\"application\/ld+json\" class=\"yoast-schema-graph\">{\"@context\":\"https:\/\/schema.org\",\"@graph\":[{\"@type\":\"Article\",\"@id\":\"https:\/\/www.oarcanjo.net\/site\/aguas-que-matam\/#article\",\"isPartOf\":{\"@id\":\"https:\/\/www.oarcanjo.net\/site\/aguas-que-matam\/\"},\"author\":{\"name\":\"Alexandre Nunes\",\"@id\":\"https:\/\/www.oarcanjo.net\/site\/#\/schema\/person\/0a2ae077c1a09b69d29928e3b9f1c0d1\"},\"headline\":\"\u00c1guas que matam\",\"datePublished\":\"2011-01-20T11:27:40+00:00\",\"dateModified\":\"2011-01-20T11:27:40+00:00\",\"mainEntityOfPage\":{\"@id\":\"https:\/\/www.oarcanjo.net\/site\/aguas-que-matam\/\"},\"wordCount\":1117,\"commentCount\":0,\"publisher\":{\"@id\":\"https:\/\/www.oarcanjo.net\/site\/#organization\"},\"articleSection\":[\"Reflex\u00f5es\"],\"inLanguage\":\"pt-BR\",\"potentialAction\":[{\"@type\":\"CommentAction\",\"name\":\"Comment\",\"target\":[\"https:\/\/www.oarcanjo.net\/site\/aguas-que-matam\/#respond\"]}]},{\"@type\":\"WebPage\",\"@id\":\"https:\/\/www.oarcanjo.net\/site\/aguas-que-matam\/\",\"url\":\"https:\/\/www.oarcanjo.net\/site\/aguas-que-matam\/\",\"name\":\"\u00c1guas que matam - O Arcanjo no ar\",\"isPartOf\":{\"@id\":\"https:\/\/www.oarcanjo.net\/site\/#website\"},\"datePublished\":\"2011-01-20T11:27:40+00:00\",\"dateModified\":\"2011-01-20T11:27:40+00:00\",\"breadcrumb\":{\"@id\":\"https:\/\/www.oarcanjo.net\/site\/aguas-que-matam\/#breadcrumb\"},\"inLanguage\":\"pt-BR\",\"potentialAction\":[{\"@type\":\"ReadAction\",\"target\":[\"https:\/\/www.oarcanjo.net\/site\/aguas-que-matam\/\"]}]},{\"@type\":\"BreadcrumbList\",\"@id\":\"https:\/\/www.oarcanjo.net\/site\/aguas-que-matam\/#breadcrumb\",\"itemListElement\":[{\"@type\":\"ListItem\",\"position\":1,\"name\":\"In\u00edcio\",\"item\":\"https:\/\/www.oarcanjo.net\/site\/\"},{\"@type\":\"ListItem\",\"position\":2,\"name\":\"\u00c1guas que matam\"}]},{\"@type\":\"WebSite\",\"@id\":\"https:\/\/www.oarcanjo.net\/site\/#website\",\"url\":\"https:\/\/www.oarcanjo.net\/site\/\",\"name\":\"O Arcanjo no ar\",\"description\":\"Site da Par\u00f3quia S\u00e3o Miguel Arcanjo (Arquidiocese de SP)\",\"publisher\":{\"@id\":\"https:\/\/www.oarcanjo.net\/site\/#organization\"},\"potentialAction\":[{\"@type\":\"SearchAction\",\"target\":{\"@type\":\"EntryPoint\",\"urlTemplate\":\"https:\/\/www.oarcanjo.net\/site\/?s={search_term_string}\"},\"query-input\":{\"@type\":\"PropertyValueSpecification\",\"valueRequired\":true,\"valueName\":\"search_term_string\"}}],\"inLanguage\":\"pt-BR\"},{\"@type\":\"Organization\",\"@id\":\"https:\/\/www.oarcanjo.net\/site\/#organization\",\"name\":\"Par\u00f3quia S\u00e3o Miguel Arcanjo\",\"url\":\"https:\/\/www.oarcanjo.net\/site\/\",\"logo\":{\"@type\":\"ImageObject\",\"inLanguage\":\"pt-BR\",\"@id\":\"https:\/\/www.oarcanjo.net\/site\/#\/schema\/logo\/image\/\",\"url\":\"https:\/\/www.oarcanjo.net\/site\/wp-content\/uploads\/LogoOArcanjo.png\",\"contentUrl\":\"https:\/\/www.oarcanjo.net\/site\/wp-content\/uploads\/LogoOArcanjo.png\",\"width\":319,\"height\":99,\"caption\":\"Par\u00f3quia S\u00e3o Miguel Arcanjo\"},\"image\":{\"@id\":\"https:\/\/www.oarcanjo.net\/site\/#\/schema\/logo\/image\/\"},\"sameAs\":[\"https:\/\/www.facebook.com\/OArcanjoNoAr\/\"]},{\"@type\":\"Person\",\"@id\":\"https:\/\/www.oarcanjo.net\/site\/#\/schema\/person\/0a2ae077c1a09b69d29928e3b9f1c0d1\",\"name\":\"Alexandre Nunes\",\"sameAs\":[\"http:\/\/alexandrenu.com\"]}]}<\/script>\n<!-- \/ Yoast SEO plugin. -->","yoast_head_json":{"title":"\u00c1guas que matam - O Arcanjo no ar","robots":{"index":"index","follow":"follow","max-snippet":"max-snippet:-1","max-image-preview":"max-image-preview:large","max-video-preview":"max-video-preview:-1"},"canonical":"https:\/\/www.oarcanjo.net\/site\/aguas-que-matam\/","og_locale":"pt_BR","og_type":"article","og_title":"\u00c1guas que matam - O Arcanjo no ar","og_description":"Pe. Alfredo J. Gon\u00e7alves, CS \u00c1gua \u00e9 fonte da vida em toda sua diversidade. \u00c9 o sangue vivo deste gigantesco organismo chamado Planeta Terra. Como nas veias de todo ser vivo, tamb\u00e9m nos rios e nascentes do globo esse sangue \u00e9 a origem, garantia e equil\u00edbrio de in\u00fameros biomas e ecossistemas. N\u00e3o seria t\u00e3o exagero [&hellip;]","og_url":"https:\/\/www.oarcanjo.net\/site\/aguas-que-matam\/","og_site_name":"O Arcanjo no ar","article_publisher":"https:\/\/www.facebook.com\/OArcanjoNoAr\/","article_published_time":"2011-01-20T11:27:40+00:00","og_image":[{"width":300,"height":300,"url":"https:\/\/www.oarcanjo.net\/site\/wp-content\/uploads\/logo-o-arcanjo-no-ar-facebook.png","type":"image\/png"}],"author":"Alexandre Nunes","twitter_card":"summary_large_image","twitter_misc":{"Escrito por":"Alexandre Nunes","Est. tempo de leitura":"6 minutos"},"schema":{"@context":"https:\/\/schema.org","@graph":[{"@type":"Article","@id":"https:\/\/www.oarcanjo.net\/site\/aguas-que-matam\/#article","isPartOf":{"@id":"https:\/\/www.oarcanjo.net\/site\/aguas-que-matam\/"},"author":{"name":"Alexandre Nunes","@id":"https:\/\/www.oarcanjo.net\/site\/#\/schema\/person\/0a2ae077c1a09b69d29928e3b9f1c0d1"},"headline":"\u00c1guas que matam","datePublished":"2011-01-20T11:27:40+00:00","dateModified":"2011-01-20T11:27:40+00:00","mainEntityOfPage":{"@id":"https:\/\/www.oarcanjo.net\/site\/aguas-que-matam\/"},"wordCount":1117,"commentCount":0,"publisher":{"@id":"https:\/\/www.oarcanjo.net\/site\/#organization"},"articleSection":["Reflex\u00f5es"],"inLanguage":"pt-BR","potentialAction":[{"@type":"CommentAction","name":"Comment","target":["https:\/\/www.oarcanjo.net\/site\/aguas-que-matam\/#respond"]}]},{"@type":"WebPage","@id":"https:\/\/www.oarcanjo.net\/site\/aguas-que-matam\/","url":"https:\/\/www.oarcanjo.net\/site\/aguas-que-matam\/","name":"\u00c1guas que matam - O Arcanjo no ar","isPartOf":{"@id":"https:\/\/www.oarcanjo.net\/site\/#website"},"datePublished":"2011-01-20T11:27:40+00:00","dateModified":"2011-01-20T11:27:40+00:00","breadcrumb":{"@id":"https:\/\/www.oarcanjo.net\/site\/aguas-que-matam\/#breadcrumb"},"inLanguage":"pt-BR","potentialAction":[{"@type":"ReadAction","target":["https:\/\/www.oarcanjo.net\/site\/aguas-que-matam\/"]}]},{"@type":"BreadcrumbList","@id":"https:\/\/www.oarcanjo.net\/site\/aguas-que-matam\/#breadcrumb","itemListElement":[{"@type":"ListItem","position":1,"name":"In\u00edcio","item":"https:\/\/www.oarcanjo.net\/site\/"},{"@type":"ListItem","position":2,"name":"\u00c1guas que matam"}]},{"@type":"WebSite","@id":"https:\/\/www.oarcanjo.net\/site\/#website","url":"https:\/\/www.oarcanjo.net\/site\/","name":"O Arcanjo no ar","description":"Site da Par\u00f3quia S\u00e3o Miguel Arcanjo (Arquidiocese de SP)","publisher":{"@id":"https:\/\/www.oarcanjo.net\/site\/#organization"},"potentialAction":[{"@type":"SearchAction","target":{"@type":"EntryPoint","urlTemplate":"https:\/\/www.oarcanjo.net\/site\/?s={search_term_string}"},"query-input":{"@type":"PropertyValueSpecification","valueRequired":true,"valueName":"search_term_string"}}],"inLanguage":"pt-BR"},{"@type":"Organization","@id":"https:\/\/www.oarcanjo.net\/site\/#organization","name":"Par\u00f3quia S\u00e3o Miguel Arcanjo","url":"https:\/\/www.oarcanjo.net\/site\/","logo":{"@type":"ImageObject","inLanguage":"pt-BR","@id":"https:\/\/www.oarcanjo.net\/site\/#\/schema\/logo\/image\/","url":"https:\/\/www.oarcanjo.net\/site\/wp-content\/uploads\/LogoOArcanjo.png","contentUrl":"https:\/\/www.oarcanjo.net\/site\/wp-content\/uploads\/LogoOArcanjo.png","width":319,"height":99,"caption":"Par\u00f3quia S\u00e3o Miguel Arcanjo"},"image":{"@id":"https:\/\/www.oarcanjo.net\/site\/#\/schema\/logo\/image\/"},"sameAs":["https:\/\/www.facebook.com\/OArcanjoNoAr\/"]},{"@type":"Person","@id":"https:\/\/www.oarcanjo.net\/site\/#\/schema\/person\/0a2ae077c1a09b69d29928e3b9f1c0d1","name":"Alexandre Nunes","sameAs":["http:\/\/alexandrenu.com"]}]}},"publishpress_future_action":{"enabled":false,"date":"2026-05-10 09:33:37","action":"category","newStatus":"draft","terms":[],"taxonomy":"category"},"publishpress_future_workflow_manual_trigger":{"enabledWorkflows":[]},"_links":{"self":[{"href":"https:\/\/www.oarcanjo.net\/site\/wp-json\/wp\/v2\/posts\/12769"}],"collection":[{"href":"https:\/\/www.oarcanjo.net\/site\/wp-json\/wp\/v2\/posts"}],"about":[{"href":"https:\/\/www.oarcanjo.net\/site\/wp-json\/wp\/v2\/types\/post"}],"author":[{"embeddable":true,"href":"https:\/\/www.oarcanjo.net\/site\/wp-json\/wp\/v2\/users\/15"}],"replies":[{"embeddable":true,"href":"https:\/\/www.oarcanjo.net\/site\/wp-json\/wp\/v2\/comments?post=12769"}],"version-history":[{"count":0,"href":"https:\/\/www.oarcanjo.net\/site\/wp-json\/wp\/v2\/posts\/12769\/revisions"}],"wp:attachment":[{"href":"https:\/\/www.oarcanjo.net\/site\/wp-json\/wp\/v2\/media?parent=12769"}],"wp:term":[{"taxonomy":"category","embeddable":true,"href":"https:\/\/www.oarcanjo.net\/site\/wp-json\/wp\/v2\/categories?post=12769"},{"taxonomy":"post_tag","embeddable":true,"href":"https:\/\/www.oarcanjo.net\/site\/wp-json\/wp\/v2\/tags?post=12769"}],"curies":[{"name":"wp","href":"https:\/\/api.w.org\/{rel}","templated":true}]}}