
{"id":12781,"date":"2011-01-20T23:09:09","date_gmt":"2011-01-21T01:09:09","guid":{"rendered":"http:\/\/www.oarcanjo.net\/site\/?p=12781"},"modified":"2011-01-20T23:09:09","modified_gmt":"2011-01-21T01:09:09","slug":"nossos-filhos-nosso-mundo","status":"publish","type":"post","link":"https:\/\/www.oarcanjo.net\/site\/nossos-filhos-nosso-mundo\/","title":{"rendered":"Nossos filhos, nosso mundo"},"content":{"rendered":"<p>Lilian Sgarioni Roberto<\/p>\n<p>Escrever sobre a maternidade \u00e9 algo no min\u00edmo aben\u00e7oado. O sonho de ser m\u00e3e est\u00e1 dentro da maioria das mulheres e comigo n\u00e3o foi diferente. Tive uma gravidez linda e tranquila. O Jo\u00e3o Pedro foi muito esperado e desejado por mim pelo papai e por toda nossa fam\u00edlia.<\/p>\n<p>Nasceu saud\u00e1vel, uma bela crian\u00e7a. Passei por v\u00e1rias d\u00favidas e desafios que todas as m\u00e3es passam com seus pequenos. Quando o Jo\u00e3o Pedro estava com 1 ano e 8 meses come\u00e7ou a falar algumas palavras, tinha um desenvolvimento normal. Com mais ou menos 2 anos parou de falar, empilhava latas, alinhava brinquedos, gostava de rodar em torno de si mesmo e fazia muita birra, parecia que para ele nada estava bom.<\/p>\n<p>Percebi que havia algo errado em seu desenvolvimento, foi neste momento que come\u00e7ou a minha &#8220;peregrina\u00e7\u00e3o&#8221; atr\u00e1s  do que estava\u00a0acontecendo: pediatras, neurologistas, psicol\u00f3gos, fonoaudi\u00f3logos, otorrinolaringologistas, exames sem fim. At\u00e9 que depois de 6 meses veio o diagn\u00f3stico: autismo.<\/p>\n<p>Muitas m\u00e3es relatam que diante de um diagn\u00f3stico como este a dor \u00e9 tanta que parece que &#8220;o ch\u00e3o se abre sob nossos p\u00e9s&#8221;, eu tamb\u00e9m tive esta sensa\u00e7\u00e3o, mas tratei de melhorar, n\u00e3o entrei em desespero, levantei a cabe\u00e7a e fui procurar o que de melhor eu poderia fazer para meu filho se desenvolver.<\/p>\n<p>Hoje ele tem 7 anos e uma equipe multidisciplinar que trabalha com ele: fonoaudi\u00f3loga, terapeuta ocupacional, psiquiatra infantil e tamb\u00e9m uma boa escola onde ele se adequou.<\/p>\n<p>O diagn\u00f3stico, por mais dif\u00edcil que seja de ser ouvido pelos pais, tem que ser enxergado como um ponto de partida para a evolu\u00e7\u00e3o daquele ser humano que ter\u00e1 um tempo de matura\u00e7\u00e3o para a aprendizagem diferente de outras pessoas e n\u00f3s pais, m\u00e3es, cuidadores de uma forma geral, temos que criar caminhos viav\u00e9is para tal aprendizado.<\/p>\n<p>Neste texto, n\u00e3o fa\u00e7o refer\u00eancia apenas ao autismo, que \u00e9 o caso do meu Jo\u00e3o Pedro, h\u00e1 muitas s\u00edndromes ou dist\u00farbios detect\u00e1veis com o olhar cl\u00ednico dos m\u00e9dicos, exames laboratoriais, f\u00edsicos, an\u00e1lise psicol\u00f3gica ou um conjunto de tudo isso que logo que contatados devem levar \u00e1 crian\u00e7a a interven\u00e7\u00e3o adequada.<\/p>\n<p>Hoje \u00e9 muito comum encontrar crian\u00e7as, adolescentes e at\u00e9 adultos irriquietos, com muita energia, mas pouco concentrados, impulsivos, pode ser um ind\u00edcio do Trantorno de D\u00e9ficit de Aten\u00e7\u00e3o\/Hiperatividade, nesta situa\u00e7\u00e3o tamb\u00e9m \u00e9 aconselh\u00e1vel procurar um especialista e um tratamento.<\/p>\n<p>Por mais facilidade de informa\u00e7\u00e3o que temos, o ideal \u00e9 tirar todas as d\u00favidas com o m\u00e9dico que acompanhar\u00e1 a pessoa com este dese nvolvimento diferente e seus familiares, pois s\u00f3 o profissional pode saber o que \u00e9 bom para este ou aquele paciente. Tamb\u00e9m, os pais devem ficar atentos, pois conforme os filhos v\u00e3o crescendo, as necessidades mudam e a equipe multidisciplinar deve ser alterada de acordo com estas necessidades.<\/p>\n<p>Quando tratados adequadamente estas pessoas passam a superar barreiras e surpreender a todos ao seu redor. O caminho n\u00e3o \u00e9 f\u00e1cil, mas a vontade de lutar de todos os envolvidos \u00e9 enorme e cada conquista, uma grande VIT\u00d3RIA.<\/p>\n<p>Nossos filhos, nosso mundo.<\/p>\n<p>Meu filho, meu tudo.<\/p>\n<p>Agrade\u00e7o a Deus por ter o Jo\u00e3o Pedro ao meu lado.<\/p>\n<div id=\"themify_builder_content-12781\" data-postid=\"12781\" class=\"themify_builder_content themify_builder_content-12781 themify_builder themify_builder_front\">\n\t<\/div>\n<!-- \/themify_builder_content -->","protected":false},"excerpt":{"rendered":"<p>Lilian Sgarioni Roberto Escrever sobre a maternidade \u00e9 algo no min\u00edmo aben\u00e7oado. O sonho de ser m\u00e3e est\u00e1 dentro da maioria das mulheres e comigo n\u00e3o foi diferente. Tive uma gravidez linda e tranquila. O Jo\u00e3o Pedro foi muito esperado e desejado por mim pelo papai e por toda nossa fam\u00edlia. Nasceu saud\u00e1vel, uma bela [&hellip;]<\/p>\n","protected":false},"author":5,"featured_media":0,"comment_status":"open","ping_status":"open","sticky":false,"template":"","format":"standard","meta":{"ngg_post_thumbnail":0,"footnotes":""},"categories":[9],"tags":[107,1815,1576,1817,1609,1816],"yoast_head":"<!-- This site is optimized with the Yoast SEO plugin v23.5 - https:\/\/yoast.com\/wordpress\/plugins\/seo\/ -->\n<title>Nossos filhos, nosso mundo - O Arcanjo no ar<\/title>\n<meta name=\"robots\" content=\"index, follow, max-snippet:-1, max-image-preview:large, max-video-preview:-1\" \/>\n<link rel=\"canonical\" href=\"https:\/\/www.oarcanjo.net\/site\/nossos-filhos-nosso-mundo\/\" \/>\n<meta property=\"og:locale\" content=\"pt_BR\" \/>\n<meta property=\"og:type\" content=\"article\" \/>\n<meta property=\"og:title\" content=\"Nossos filhos, nosso mundo - O Arcanjo no ar\" \/>\n<meta property=\"og:description\" content=\"Lilian Sgarioni Roberto Escrever sobre a maternidade \u00e9 algo no min\u00edmo aben\u00e7oado. O sonho de ser m\u00e3e est\u00e1 dentro da maioria das mulheres e comigo n\u00e3o foi diferente. Tive uma gravidez linda e tranquila. O Jo\u00e3o Pedro foi muito esperado e desejado por mim pelo papai e por toda nossa fam\u00edlia. Nasceu saud\u00e1vel, uma bela [&hellip;]\" \/>\n<meta property=\"og:url\" content=\"https:\/\/www.oarcanjo.net\/site\/nossos-filhos-nosso-mundo\/\" \/>\n<meta property=\"og:site_name\" content=\"O Arcanjo no ar\" \/>\n<meta property=\"article:publisher\" content=\"https:\/\/www.facebook.com\/OArcanjoNoAr\/\" \/>\n<meta property=\"article:published_time\" content=\"2011-01-21T01:09:09+00:00\" \/>\n<meta property=\"og:image\" content=\"https:\/\/www.oarcanjo.net\/site\/wp-content\/uploads\/logo-o-arcanjo-no-ar-facebook.png\" \/>\n\t<meta property=\"og:image:width\" content=\"300\" \/>\n\t<meta property=\"og:image:height\" content=\"300\" \/>\n\t<meta property=\"og:image:type\" content=\"image\/png\" \/>\n<meta name=\"author\" content=\"editor\" \/>\n<meta name=\"twitter:card\" content=\"summary_large_image\" \/>\n<meta name=\"twitter:label1\" content=\"Escrito por\" \/>\n\t<meta name=\"twitter:data1\" content=\"editor\" \/>\n\t<meta name=\"twitter:label2\" content=\"Est. tempo de leitura\" \/>\n\t<meta name=\"twitter:data2\" content=\"3 minutos\" \/>\n<script type=\"application\/ld+json\" class=\"yoast-schema-graph\">{\"@context\":\"https:\/\/schema.org\",\"@graph\":[{\"@type\":\"Article\",\"@id\":\"https:\/\/www.oarcanjo.net\/site\/nossos-filhos-nosso-mundo\/#article\",\"isPartOf\":{\"@id\":\"https:\/\/www.oarcanjo.net\/site\/nossos-filhos-nosso-mundo\/\"},\"author\":{\"name\":\"editor\",\"@id\":\"https:\/\/www.oarcanjo.net\/site\/#\/schema\/person\/f7024d007863202483a31326673a0838\"},\"headline\":\"Nossos filhos, nosso mundo\",\"datePublished\":\"2011-01-21T01:09:09+00:00\",\"dateModified\":\"2011-01-21T01:09:09+00:00\",\"mainEntityOfPage\":{\"@id\":\"https:\/\/www.oarcanjo.net\/site\/nossos-filhos-nosso-mundo\/\"},\"wordCount\":574,\"commentCount\":12,\"publisher\":{\"@id\":\"https:\/\/www.oarcanjo.net\/site\/#organization\"},\"keywords\":[\"amor\",\"autismo\",\"cuidar\",\"hiperativo\",\"maternidade\",\"necessidades especiais\"],\"articleSection\":[\"Reflex\u00f5es\"],\"inLanguage\":\"pt-BR\",\"potentialAction\":[{\"@type\":\"CommentAction\",\"name\":\"Comment\",\"target\":[\"https:\/\/www.oarcanjo.net\/site\/nossos-filhos-nosso-mundo\/#respond\"]}]},{\"@type\":\"WebPage\",\"@id\":\"https:\/\/www.oarcanjo.net\/site\/nossos-filhos-nosso-mundo\/\",\"url\":\"https:\/\/www.oarcanjo.net\/site\/nossos-filhos-nosso-mundo\/\",\"name\":\"Nossos filhos, nosso mundo - O Arcanjo no ar\",\"isPartOf\":{\"@id\":\"https:\/\/www.oarcanjo.net\/site\/#website\"},\"datePublished\":\"2011-01-21T01:09:09+00:00\",\"dateModified\":\"2011-01-21T01:09:09+00:00\",\"breadcrumb\":{\"@id\":\"https:\/\/www.oarcanjo.net\/site\/nossos-filhos-nosso-mundo\/#breadcrumb\"},\"inLanguage\":\"pt-BR\",\"potentialAction\":[{\"@type\":\"ReadAction\",\"target\":[\"https:\/\/www.oarcanjo.net\/site\/nossos-filhos-nosso-mundo\/\"]}]},{\"@type\":\"BreadcrumbList\",\"@id\":\"https:\/\/www.oarcanjo.net\/site\/nossos-filhos-nosso-mundo\/#breadcrumb\",\"itemListElement\":[{\"@type\":\"ListItem\",\"position\":1,\"name\":\"In\u00edcio\",\"item\":\"https:\/\/www.oarcanjo.net\/site\/\"},{\"@type\":\"ListItem\",\"position\":2,\"name\":\"Nossos filhos, nosso mundo\"}]},{\"@type\":\"WebSite\",\"@id\":\"https:\/\/www.oarcanjo.net\/site\/#website\",\"url\":\"https:\/\/www.oarcanjo.net\/site\/\",\"name\":\"O Arcanjo no ar\",\"description\":\"Site da Par\u00f3quia S\u00e3o Miguel Arcanjo (Arquidiocese de SP)\",\"publisher\":{\"@id\":\"https:\/\/www.oarcanjo.net\/site\/#organization\"},\"potentialAction\":[{\"@type\":\"SearchAction\",\"target\":{\"@type\":\"EntryPoint\",\"urlTemplate\":\"https:\/\/www.oarcanjo.net\/site\/?s={search_term_string}\"},\"query-input\":{\"@type\":\"PropertyValueSpecification\",\"valueRequired\":true,\"valueName\":\"search_term_string\"}}],\"inLanguage\":\"pt-BR\"},{\"@type\":\"Organization\",\"@id\":\"https:\/\/www.oarcanjo.net\/site\/#organization\",\"name\":\"Par\u00f3quia S\u00e3o Miguel Arcanjo\",\"url\":\"https:\/\/www.oarcanjo.net\/site\/\",\"logo\":{\"@type\":\"ImageObject\",\"inLanguage\":\"pt-BR\",\"@id\":\"https:\/\/www.oarcanjo.net\/site\/#\/schema\/logo\/image\/\",\"url\":\"https:\/\/www.oarcanjo.net\/site\/wp-content\/uploads\/LogoOArcanjo.png\",\"contentUrl\":\"https:\/\/www.oarcanjo.net\/site\/wp-content\/uploads\/LogoOArcanjo.png\",\"width\":319,\"height\":99,\"caption\":\"Par\u00f3quia S\u00e3o Miguel Arcanjo\"},\"image\":{\"@id\":\"https:\/\/www.oarcanjo.net\/site\/#\/schema\/logo\/image\/\"},\"sameAs\":[\"https:\/\/www.facebook.com\/OArcanjoNoAr\/\"]},{\"@type\":\"Person\",\"@id\":\"https:\/\/www.oarcanjo.net\/site\/#\/schema\/person\/f7024d007863202483a31326673a0838\",\"name\":\"editor\",\"sameAs\":[\"http:\/\/www.oarcanjo.net\"]}]}<\/script>\n<!-- \/ Yoast SEO plugin. -->","yoast_head_json":{"title":"Nossos filhos, nosso mundo - O Arcanjo no ar","robots":{"index":"index","follow":"follow","max-snippet":"max-snippet:-1","max-image-preview":"max-image-preview:large","max-video-preview":"max-video-preview:-1"},"canonical":"https:\/\/www.oarcanjo.net\/site\/nossos-filhos-nosso-mundo\/","og_locale":"pt_BR","og_type":"article","og_title":"Nossos filhos, nosso mundo - O Arcanjo no ar","og_description":"Lilian Sgarioni Roberto Escrever sobre a maternidade \u00e9 algo no min\u00edmo aben\u00e7oado. O sonho de ser m\u00e3e est\u00e1 dentro da maioria das mulheres e comigo n\u00e3o foi diferente. Tive uma gravidez linda e tranquila. O Jo\u00e3o Pedro foi muito esperado e desejado por mim pelo papai e por toda nossa fam\u00edlia. Nasceu saud\u00e1vel, uma bela [&hellip;]","og_url":"https:\/\/www.oarcanjo.net\/site\/nossos-filhos-nosso-mundo\/","og_site_name":"O Arcanjo no ar","article_publisher":"https:\/\/www.facebook.com\/OArcanjoNoAr\/","article_published_time":"2011-01-21T01:09:09+00:00","og_image":[{"width":300,"height":300,"url":"https:\/\/www.oarcanjo.net\/site\/wp-content\/uploads\/logo-o-arcanjo-no-ar-facebook.png","type":"image\/png"}],"author":"editor","twitter_card":"summary_large_image","twitter_misc":{"Escrito por":"editor","Est. tempo de leitura":"3 minutos"},"schema":{"@context":"https:\/\/schema.org","@graph":[{"@type":"Article","@id":"https:\/\/www.oarcanjo.net\/site\/nossos-filhos-nosso-mundo\/#article","isPartOf":{"@id":"https:\/\/www.oarcanjo.net\/site\/nossos-filhos-nosso-mundo\/"},"author":{"name":"editor","@id":"https:\/\/www.oarcanjo.net\/site\/#\/schema\/person\/f7024d007863202483a31326673a0838"},"headline":"Nossos filhos, nosso mundo","datePublished":"2011-01-21T01:09:09+00:00","dateModified":"2011-01-21T01:09:09+00:00","mainEntityOfPage":{"@id":"https:\/\/www.oarcanjo.net\/site\/nossos-filhos-nosso-mundo\/"},"wordCount":574,"commentCount":12,"publisher":{"@id":"https:\/\/www.oarcanjo.net\/site\/#organization"},"keywords":["amor","autismo","cuidar","hiperativo","maternidade","necessidades especiais"],"articleSection":["Reflex\u00f5es"],"inLanguage":"pt-BR","potentialAction":[{"@type":"CommentAction","name":"Comment","target":["https:\/\/www.oarcanjo.net\/site\/nossos-filhos-nosso-mundo\/#respond"]}]},{"@type":"WebPage","@id":"https:\/\/www.oarcanjo.net\/site\/nossos-filhos-nosso-mundo\/","url":"https:\/\/www.oarcanjo.net\/site\/nossos-filhos-nosso-mundo\/","name":"Nossos filhos, nosso mundo - O Arcanjo no ar","isPartOf":{"@id":"https:\/\/www.oarcanjo.net\/site\/#website"},"datePublished":"2011-01-21T01:09:09+00:00","dateModified":"2011-01-21T01:09:09+00:00","breadcrumb":{"@id":"https:\/\/www.oarcanjo.net\/site\/nossos-filhos-nosso-mundo\/#breadcrumb"},"inLanguage":"pt-BR","potentialAction":[{"@type":"ReadAction","target":["https:\/\/www.oarcanjo.net\/site\/nossos-filhos-nosso-mundo\/"]}]},{"@type":"BreadcrumbList","@id":"https:\/\/www.oarcanjo.net\/site\/nossos-filhos-nosso-mundo\/#breadcrumb","itemListElement":[{"@type":"ListItem","position":1,"name":"In\u00edcio","item":"https:\/\/www.oarcanjo.net\/site\/"},{"@type":"ListItem","position":2,"name":"Nossos filhos, nosso mundo"}]},{"@type":"WebSite","@id":"https:\/\/www.oarcanjo.net\/site\/#website","url":"https:\/\/www.oarcanjo.net\/site\/","name":"O Arcanjo no ar","description":"Site da Par\u00f3quia S\u00e3o Miguel Arcanjo (Arquidiocese de SP)","publisher":{"@id":"https:\/\/www.oarcanjo.net\/site\/#organization"},"potentialAction":[{"@type":"SearchAction","target":{"@type":"EntryPoint","urlTemplate":"https:\/\/www.oarcanjo.net\/site\/?s={search_term_string}"},"query-input":{"@type":"PropertyValueSpecification","valueRequired":true,"valueName":"search_term_string"}}],"inLanguage":"pt-BR"},{"@type":"Organization","@id":"https:\/\/www.oarcanjo.net\/site\/#organization","name":"Par\u00f3quia S\u00e3o Miguel Arcanjo","url":"https:\/\/www.oarcanjo.net\/site\/","logo":{"@type":"ImageObject","inLanguage":"pt-BR","@id":"https:\/\/www.oarcanjo.net\/site\/#\/schema\/logo\/image\/","url":"https:\/\/www.oarcanjo.net\/site\/wp-content\/uploads\/LogoOArcanjo.png","contentUrl":"https:\/\/www.oarcanjo.net\/site\/wp-content\/uploads\/LogoOArcanjo.png","width":319,"height":99,"caption":"Par\u00f3quia S\u00e3o Miguel Arcanjo"},"image":{"@id":"https:\/\/www.oarcanjo.net\/site\/#\/schema\/logo\/image\/"},"sameAs":["https:\/\/www.facebook.com\/OArcanjoNoAr\/"]},{"@type":"Person","@id":"https:\/\/www.oarcanjo.net\/site\/#\/schema\/person\/f7024d007863202483a31326673a0838","name":"editor","sameAs":["http:\/\/www.oarcanjo.net"]}]}},"publishpress_future_action":{"enabled":false,"date":"2026-05-10 09:31:32","action":"category","newStatus":"draft","terms":[],"taxonomy":"category"},"publishpress_future_workflow_manual_trigger":{"enabledWorkflows":[]},"_links":{"self":[{"href":"https:\/\/www.oarcanjo.net\/site\/wp-json\/wp\/v2\/posts\/12781"}],"collection":[{"href":"https:\/\/www.oarcanjo.net\/site\/wp-json\/wp\/v2\/posts"}],"about":[{"href":"https:\/\/www.oarcanjo.net\/site\/wp-json\/wp\/v2\/types\/post"}],"author":[{"embeddable":true,"href":"https:\/\/www.oarcanjo.net\/site\/wp-json\/wp\/v2\/users\/5"}],"replies":[{"embeddable":true,"href":"https:\/\/www.oarcanjo.net\/site\/wp-json\/wp\/v2\/comments?post=12781"}],"version-history":[{"count":0,"href":"https:\/\/www.oarcanjo.net\/site\/wp-json\/wp\/v2\/posts\/12781\/revisions"}],"wp:attachment":[{"href":"https:\/\/www.oarcanjo.net\/site\/wp-json\/wp\/v2\/media?parent=12781"}],"wp:term":[{"taxonomy":"category","embeddable":true,"href":"https:\/\/www.oarcanjo.net\/site\/wp-json\/wp\/v2\/categories?post=12781"},{"taxonomy":"post_tag","embeddable":true,"href":"https:\/\/www.oarcanjo.net\/site\/wp-json\/wp\/v2\/tags?post=12781"}],"curies":[{"name":"wp","href":"https:\/\/api.w.org\/{rel}","templated":true}]}}