
{"id":127923,"date":"2024-01-23T19:26:54","date_gmt":"2024-01-23T22:26:54","guid":{"rendered":"https:\/\/www.oarcanjo.net\/site\/?p=127923"},"modified":"2024-01-23T19:26:54","modified_gmt":"2024-01-23T22:26:54","slug":"arquidiocese-arquiva-investigacao-sobre-o-pe-julio","status":"publish","type":"post","link":"https:\/\/www.oarcanjo.net\/site\/arquidiocese-arquiva-investigacao-sobre-o-pe-julio\/","title":{"rendered":"Arquidiocese arquiva investiga\u00e7\u00e3o sobre o Pe. Julio"},"content":{"rendered":"<p>A Arquidiocese de S\u00e3o Paulo concluiu que a suposta den\u00fancia entregue pelo presidente da C\u00e2mara Municipal, vereador Milton Leite, era a mesma de 2020, que j\u00e1 foi analisada tanto pela Igreja quanto pelo Minist\u00e9rio P\u00fablico. Na \u00e9poca, por falta de materialidade, o MP emitiu parecer contra a abertura de a\u00e7\u00e3o penal e a Justi\u00e7a decidiu pelo arquivamento do inqu\u00e9rito. A Arquidiocese tamb\u00e9m arquivou o caso e informou a Santa S\u00e9. N\u00e3o h\u00e1 portanto nenhuma acusa\u00e7\u00e3o fundamentada contra o Pe. Julio Lancellotti, Vig\u00e1rio Episcopal para a Popula\u00e7\u00e3o de Rua em S\u00e3o Paulo.<\/p>\n<p>Como desta vez, era ano eleitoral quando o assunto veio \u00e0 tona.<\/p>\n<p>Leia a nota de esclarecimento da Arquidiocese de S\u00e3o Paulo:<\/p>\n<iframe src=\"\/\/docs.google.com\/viewer?url=https%3A%2F%2Fwww.oarcanjo.net%2Fsite%2Fwp-content%2Fuploads%2F2024-01-24-Nota-sobre-Padre-Ju%CC%81lio-Lancellotti.pdf&hl=pt_BR&embedded=true\" class=\"gde-frame\" style=\"width:700px; height:700px; border: none;\" scrolling=\"no\"><\/iframe>\n<p class=\"gde-text\"><a href=\"https:\/\/www.oarcanjo.net\/site\/wp-content\/uploads\/2024-01-24-Nota-sobre-Padre-Ju\u0301lio-Lancellotti.pdf\" class=\"gde-link\">Download (PDF)<\/a><\/p>\n<div id=\"themify_builder_content-127923\" data-postid=\"127923\" class=\"themify_builder_content themify_builder_content-127923 themify_builder themify_builder_front\">\n\t<\/div>\n<!-- \/themify_builder_content -->","protected":false},"excerpt":{"rendered":"<p>A Arquidiocese de S\u00e3o Paulo concluiu que a suposta den\u00fancia entregue pelo presidente da C\u00e2mara Municipal era antiga e j\u00e1 tinha sido arquivada<\/p>\n","protected":false},"author":5,"featured_media":127927,"comment_status":"open","ping_status":"open","sticky":false,"template":"","format":"standard","meta":{"ngg_post_thumbnail":0,"footnotes":""},"categories":[3,8],"tags":[],"yoast_head":"<!-- This site is optimized with the Yoast SEO plugin v23.5 - https:\/\/yoast.com\/wordpress\/plugins\/seo\/ -->\n<title>Arquidiocese arquiva investiga\u00e7\u00e3o sobre o Pe. Julio - O Arcanjo no ar<\/title>\n<meta name=\"robots\" content=\"index, follow, max-snippet:-1, max-image-preview:large, max-video-preview:-1\" \/>\n<link rel=\"canonical\" href=\"https:\/\/www.oarcanjo.net\/site\/arquidiocese-arquiva-investigacao-sobre-o-pe-julio\/\" \/>\n<meta property=\"og:locale\" content=\"pt_BR\" \/>\n<meta property=\"og:type\" content=\"article\" \/>\n<meta property=\"og:title\" content=\"Arquidiocese arquiva investiga\u00e7\u00e3o sobre o Pe. Julio - O Arcanjo no ar\" \/>\n<meta property=\"og:description\" content=\"A Arquidiocese de S\u00e3o Paulo concluiu que a suposta den\u00fancia entregue pelo presidente da C\u00e2mara Municipal era antiga e j\u00e1 tinha sido arquivada\" \/>\n<meta property=\"og:url\" content=\"https:\/\/www.oarcanjo.net\/site\/arquidiocese-arquiva-investigacao-sobre-o-pe-julio\/\" \/>\n<meta property=\"og:site_name\" content=\"O Arcanjo no ar\" \/>\n<meta property=\"article:publisher\" content=\"https:\/\/www.facebook.com\/OArcanjoNoAr\/\" \/>\n<meta property=\"article:published_time\" content=\"2024-01-23T22:26:54+00:00\" \/>\n<meta property=\"og:image\" content=\"https:\/\/www.oarcanjo.net\/site\/wp-content\/uploads\/banner-nota-de-esclarecimento-arquidiocesesp-pejulio-jan-2024.jpg\" \/>\n\t<meta property=\"og:image:width\" content=\"964\" \/>\n\t<meta property=\"og:image:height\" content=\"538\" \/>\n\t<meta property=\"og:image:type\" content=\"image\/jpeg\" \/>\n<meta name=\"author\" content=\"editor\" \/>\n<meta name=\"twitter:card\" content=\"summary_large_image\" \/>\n<meta name=\"twitter:label1\" content=\"Escrito por\" \/>\n\t<meta name=\"twitter:data1\" content=\"editor\" \/>\n\t<meta name=\"twitter:label2\" content=\"Est. tempo de leitura\" \/>\n\t<meta name=\"twitter:data2\" content=\"1 minuto\" \/>\n<script type=\"application\/ld+json\" class=\"yoast-schema-graph\">{\"@context\":\"https:\/\/schema.org\",\"@graph\":[{\"@type\":\"Article\",\"@id\":\"https:\/\/www.oarcanjo.net\/site\/arquidiocese-arquiva-investigacao-sobre-o-pe-julio\/#article\",\"isPartOf\":{\"@id\":\"https:\/\/www.oarcanjo.net\/site\/arquidiocese-arquiva-investigacao-sobre-o-pe-julio\/\"},\"author\":{\"name\":\"editor\",\"@id\":\"https:\/\/www.oarcanjo.net\/site\/#\/schema\/person\/f7024d007863202483a31326673a0838\"},\"headline\":\"Arquidiocese arquiva investiga\u00e7\u00e3o sobre o Pe. Julio\",\"datePublished\":\"2024-01-23T22:26:54+00:00\",\"dateModified\":\"2024-01-23T22:26:54+00:00\",\"mainEntityOfPage\":{\"@id\":\"https:\/\/www.oarcanjo.net\/site\/arquidiocese-arquiva-investigacao-sobre-o-pe-julio\/\"},\"wordCount\":149,\"commentCount\":0,\"publisher\":{\"@id\":\"https:\/\/www.oarcanjo.net\/site\/#organization\"},\"image\":{\"@id\":\"https:\/\/www.oarcanjo.net\/site\/arquidiocese-arquiva-investigacao-sobre-o-pe-julio\/#primaryimage\"},\"thumbnailUrl\":\"https:\/\/www.oarcanjo.net\/site\/wp-content\/uploads\/banner-nota-de-esclarecimento-arquidiocesesp-pejulio-jan-2024.jpg\",\"articleSection\":[\"Destaques\",\"Not\u00edcias\"],\"inLanguage\":\"pt-BR\",\"potentialAction\":[{\"@type\":\"CommentAction\",\"name\":\"Comment\",\"target\":[\"https:\/\/www.oarcanjo.net\/site\/arquidiocese-arquiva-investigacao-sobre-o-pe-julio\/#respond\"]}]},{\"@type\":\"WebPage\",\"@id\":\"https:\/\/www.oarcanjo.net\/site\/arquidiocese-arquiva-investigacao-sobre-o-pe-julio\/\",\"url\":\"https:\/\/www.oarcanjo.net\/site\/arquidiocese-arquiva-investigacao-sobre-o-pe-julio\/\",\"name\":\"Arquidiocese arquiva investiga\u00e7\u00e3o sobre o Pe. Julio - O Arcanjo no ar\",\"isPartOf\":{\"@id\":\"https:\/\/www.oarcanjo.net\/site\/#website\"},\"primaryImageOfPage\":{\"@id\":\"https:\/\/www.oarcanjo.net\/site\/arquidiocese-arquiva-investigacao-sobre-o-pe-julio\/#primaryimage\"},\"image\":{\"@id\":\"https:\/\/www.oarcanjo.net\/site\/arquidiocese-arquiva-investigacao-sobre-o-pe-julio\/#primaryimage\"},\"thumbnailUrl\":\"https:\/\/www.oarcanjo.net\/site\/wp-content\/uploads\/banner-nota-de-esclarecimento-arquidiocesesp-pejulio-jan-2024.jpg\",\"datePublished\":\"2024-01-23T22:26:54+00:00\",\"dateModified\":\"2024-01-23T22:26:54+00:00\",\"breadcrumb\":{\"@id\":\"https:\/\/www.oarcanjo.net\/site\/arquidiocese-arquiva-investigacao-sobre-o-pe-julio\/#breadcrumb\"},\"inLanguage\":\"pt-BR\",\"potentialAction\":[{\"@type\":\"ReadAction\",\"target\":[\"https:\/\/www.oarcanjo.net\/site\/arquidiocese-arquiva-investigacao-sobre-o-pe-julio\/\"]}]},{\"@type\":\"ImageObject\",\"inLanguage\":\"pt-BR\",\"@id\":\"https:\/\/www.oarcanjo.net\/site\/arquidiocese-arquiva-investigacao-sobre-o-pe-julio\/#primaryimage\",\"url\":\"https:\/\/www.oarcanjo.net\/site\/wp-content\/uploads\/banner-nota-de-esclarecimento-arquidiocesesp-pejulio-jan-2024.jpg\",\"contentUrl\":\"https:\/\/www.oarcanjo.net\/site\/wp-content\/uploads\/banner-nota-de-esclarecimento-arquidiocesesp-pejulio-jan-2024.jpg\",\"width\":964,\"height\":538},{\"@type\":\"BreadcrumbList\",\"@id\":\"https:\/\/www.oarcanjo.net\/site\/arquidiocese-arquiva-investigacao-sobre-o-pe-julio\/#breadcrumb\",\"itemListElement\":[{\"@type\":\"ListItem\",\"position\":1,\"name\":\"In\u00edcio\",\"item\":\"https:\/\/www.oarcanjo.net\/site\/\"},{\"@type\":\"ListItem\",\"position\":2,\"name\":\"Arquidiocese arquiva investiga\u00e7\u00e3o sobre o Pe. Julio\"}]},{\"@type\":\"WebSite\",\"@id\":\"https:\/\/www.oarcanjo.net\/site\/#website\",\"url\":\"https:\/\/www.oarcanjo.net\/site\/\",\"name\":\"O Arcanjo no ar\",\"description\":\"Site da Par\u00f3quia S\u00e3o Miguel Arcanjo (Arquidiocese de SP)\",\"publisher\":{\"@id\":\"https:\/\/www.oarcanjo.net\/site\/#organization\"},\"potentialAction\":[{\"@type\":\"SearchAction\",\"target\":{\"@type\":\"EntryPoint\",\"urlTemplate\":\"https:\/\/www.oarcanjo.net\/site\/?s={search_term_string}\"},\"query-input\":{\"@type\":\"PropertyValueSpecification\",\"valueRequired\":true,\"valueName\":\"search_term_string\"}}],\"inLanguage\":\"pt-BR\"},{\"@type\":\"Organization\",\"@id\":\"https:\/\/www.oarcanjo.net\/site\/#organization\",\"name\":\"Par\u00f3quia S\u00e3o Miguel Arcanjo\",\"url\":\"https:\/\/www.oarcanjo.net\/site\/\",\"logo\":{\"@type\":\"ImageObject\",\"inLanguage\":\"pt-BR\",\"@id\":\"https:\/\/www.oarcanjo.net\/site\/#\/schema\/logo\/image\/\",\"url\":\"https:\/\/www.oarcanjo.net\/site\/wp-content\/uploads\/LogoOArcanjo.png\",\"contentUrl\":\"https:\/\/www.oarcanjo.net\/site\/wp-content\/uploads\/LogoOArcanjo.png\",\"width\":319,\"height\":99,\"caption\":\"Par\u00f3quia S\u00e3o Miguel Arcanjo\"},\"image\":{\"@id\":\"https:\/\/www.oarcanjo.net\/site\/#\/schema\/logo\/image\/\"},\"sameAs\":[\"https:\/\/www.facebook.com\/OArcanjoNoAr\/\"]},{\"@type\":\"Person\",\"@id\":\"https:\/\/www.oarcanjo.net\/site\/#\/schema\/person\/f7024d007863202483a31326673a0838\",\"name\":\"editor\",\"sameAs\":[\"http:\/\/www.oarcanjo.net\"]}]}<\/script>\n<!-- \/ Yoast SEO plugin. -->","yoast_head_json":{"title":"Arquidiocese arquiva investiga\u00e7\u00e3o sobre o Pe. Julio - O Arcanjo no ar","robots":{"index":"index","follow":"follow","max-snippet":"max-snippet:-1","max-image-preview":"max-image-preview:large","max-video-preview":"max-video-preview:-1"},"canonical":"https:\/\/www.oarcanjo.net\/site\/arquidiocese-arquiva-investigacao-sobre-o-pe-julio\/","og_locale":"pt_BR","og_type":"article","og_title":"Arquidiocese arquiva investiga\u00e7\u00e3o sobre o Pe. Julio - O Arcanjo no ar","og_description":"A Arquidiocese de S\u00e3o Paulo concluiu que a suposta den\u00fancia entregue pelo presidente da C\u00e2mara Municipal era antiga e j\u00e1 tinha sido arquivada","og_url":"https:\/\/www.oarcanjo.net\/site\/arquidiocese-arquiva-investigacao-sobre-o-pe-julio\/","og_site_name":"O Arcanjo no ar","article_publisher":"https:\/\/www.facebook.com\/OArcanjoNoAr\/","article_published_time":"2024-01-23T22:26:54+00:00","og_image":[{"width":964,"height":538,"url":"https:\/\/www.oarcanjo.net\/site\/wp-content\/uploads\/banner-nota-de-esclarecimento-arquidiocesesp-pejulio-jan-2024.jpg","type":"image\/jpeg"}],"author":"editor","twitter_card":"summary_large_image","twitter_misc":{"Escrito por":"editor","Est. tempo de leitura":"1 minuto"},"schema":{"@context":"https:\/\/schema.org","@graph":[{"@type":"Article","@id":"https:\/\/www.oarcanjo.net\/site\/arquidiocese-arquiva-investigacao-sobre-o-pe-julio\/#article","isPartOf":{"@id":"https:\/\/www.oarcanjo.net\/site\/arquidiocese-arquiva-investigacao-sobre-o-pe-julio\/"},"author":{"name":"editor","@id":"https:\/\/www.oarcanjo.net\/site\/#\/schema\/person\/f7024d007863202483a31326673a0838"},"headline":"Arquidiocese arquiva investiga\u00e7\u00e3o sobre o Pe. Julio","datePublished":"2024-01-23T22:26:54+00:00","dateModified":"2024-01-23T22:26:54+00:00","mainEntityOfPage":{"@id":"https:\/\/www.oarcanjo.net\/site\/arquidiocese-arquiva-investigacao-sobre-o-pe-julio\/"},"wordCount":149,"commentCount":0,"publisher":{"@id":"https:\/\/www.oarcanjo.net\/site\/#organization"},"image":{"@id":"https:\/\/www.oarcanjo.net\/site\/arquidiocese-arquiva-investigacao-sobre-o-pe-julio\/#primaryimage"},"thumbnailUrl":"https:\/\/www.oarcanjo.net\/site\/wp-content\/uploads\/banner-nota-de-esclarecimento-arquidiocesesp-pejulio-jan-2024.jpg","articleSection":["Destaques","Not\u00edcias"],"inLanguage":"pt-BR","potentialAction":[{"@type":"CommentAction","name":"Comment","target":["https:\/\/www.oarcanjo.net\/site\/arquidiocese-arquiva-investigacao-sobre-o-pe-julio\/#respond"]}]},{"@type":"WebPage","@id":"https:\/\/www.oarcanjo.net\/site\/arquidiocese-arquiva-investigacao-sobre-o-pe-julio\/","url":"https:\/\/www.oarcanjo.net\/site\/arquidiocese-arquiva-investigacao-sobre-o-pe-julio\/","name":"Arquidiocese arquiva investiga\u00e7\u00e3o sobre o Pe. Julio - O Arcanjo no ar","isPartOf":{"@id":"https:\/\/www.oarcanjo.net\/site\/#website"},"primaryImageOfPage":{"@id":"https:\/\/www.oarcanjo.net\/site\/arquidiocese-arquiva-investigacao-sobre-o-pe-julio\/#primaryimage"},"image":{"@id":"https:\/\/www.oarcanjo.net\/site\/arquidiocese-arquiva-investigacao-sobre-o-pe-julio\/#primaryimage"},"thumbnailUrl":"https:\/\/www.oarcanjo.net\/site\/wp-content\/uploads\/banner-nota-de-esclarecimento-arquidiocesesp-pejulio-jan-2024.jpg","datePublished":"2024-01-23T22:26:54+00:00","dateModified":"2024-01-23T22:26:54+00:00","breadcrumb":{"@id":"https:\/\/www.oarcanjo.net\/site\/arquidiocese-arquiva-investigacao-sobre-o-pe-julio\/#breadcrumb"},"inLanguage":"pt-BR","potentialAction":[{"@type":"ReadAction","target":["https:\/\/www.oarcanjo.net\/site\/arquidiocese-arquiva-investigacao-sobre-o-pe-julio\/"]}]},{"@type":"ImageObject","inLanguage":"pt-BR","@id":"https:\/\/www.oarcanjo.net\/site\/arquidiocese-arquiva-investigacao-sobre-o-pe-julio\/#primaryimage","url":"https:\/\/www.oarcanjo.net\/site\/wp-content\/uploads\/banner-nota-de-esclarecimento-arquidiocesesp-pejulio-jan-2024.jpg","contentUrl":"https:\/\/www.oarcanjo.net\/site\/wp-content\/uploads\/banner-nota-de-esclarecimento-arquidiocesesp-pejulio-jan-2024.jpg","width":964,"height":538},{"@type":"BreadcrumbList","@id":"https:\/\/www.oarcanjo.net\/site\/arquidiocese-arquiva-investigacao-sobre-o-pe-julio\/#breadcrumb","itemListElement":[{"@type":"ListItem","position":1,"name":"In\u00edcio","item":"https:\/\/www.oarcanjo.net\/site\/"},{"@type":"ListItem","position":2,"name":"Arquidiocese arquiva investiga\u00e7\u00e3o sobre o Pe. Julio"}]},{"@type":"WebSite","@id":"https:\/\/www.oarcanjo.net\/site\/#website","url":"https:\/\/www.oarcanjo.net\/site\/","name":"O Arcanjo no ar","description":"Site da Par\u00f3quia S\u00e3o Miguel Arcanjo (Arquidiocese de SP)","publisher":{"@id":"https:\/\/www.oarcanjo.net\/site\/#organization"},"potentialAction":[{"@type":"SearchAction","target":{"@type":"EntryPoint","urlTemplate":"https:\/\/www.oarcanjo.net\/site\/?s={search_term_string}"},"query-input":{"@type":"PropertyValueSpecification","valueRequired":true,"valueName":"search_term_string"}}],"inLanguage":"pt-BR"},{"@type":"Organization","@id":"https:\/\/www.oarcanjo.net\/site\/#organization","name":"Par\u00f3quia S\u00e3o Miguel Arcanjo","url":"https:\/\/www.oarcanjo.net\/site\/","logo":{"@type":"ImageObject","inLanguage":"pt-BR","@id":"https:\/\/www.oarcanjo.net\/site\/#\/schema\/logo\/image\/","url":"https:\/\/www.oarcanjo.net\/site\/wp-content\/uploads\/LogoOArcanjo.png","contentUrl":"https:\/\/www.oarcanjo.net\/site\/wp-content\/uploads\/LogoOArcanjo.png","width":319,"height":99,"caption":"Par\u00f3quia S\u00e3o Miguel Arcanjo"},"image":{"@id":"https:\/\/www.oarcanjo.net\/site\/#\/schema\/logo\/image\/"},"sameAs":["https:\/\/www.facebook.com\/OArcanjoNoAr\/"]},{"@type":"Person","@id":"https:\/\/www.oarcanjo.net\/site\/#\/schema\/person\/f7024d007863202483a31326673a0838","name":"editor","sameAs":["http:\/\/www.oarcanjo.net"]}]}},"publishpress_future_action":{"enabled":false,"date":"2026-05-07 21:27:44","action":"category","newStatus":"draft","terms":[],"taxonomy":"category"},"publishpress_future_workflow_manual_trigger":{"enabledWorkflows":[]},"_links":{"self":[{"href":"https:\/\/www.oarcanjo.net\/site\/wp-json\/wp\/v2\/posts\/127923"}],"collection":[{"href":"https:\/\/www.oarcanjo.net\/site\/wp-json\/wp\/v2\/posts"}],"about":[{"href":"https:\/\/www.oarcanjo.net\/site\/wp-json\/wp\/v2\/types\/post"}],"author":[{"embeddable":true,"href":"https:\/\/www.oarcanjo.net\/site\/wp-json\/wp\/v2\/users\/5"}],"replies":[{"embeddable":true,"href":"https:\/\/www.oarcanjo.net\/site\/wp-json\/wp\/v2\/comments?post=127923"}],"version-history":[{"count":3,"href":"https:\/\/www.oarcanjo.net\/site\/wp-json\/wp\/v2\/posts\/127923\/revisions"}],"predecessor-version":[{"id":127926,"href":"https:\/\/www.oarcanjo.net\/site\/wp-json\/wp\/v2\/posts\/127923\/revisions\/127926"}],"wp:featuredmedia":[{"embeddable":true,"href":"https:\/\/www.oarcanjo.net\/site\/wp-json\/wp\/v2\/media\/127927"}],"wp:attachment":[{"href":"https:\/\/www.oarcanjo.net\/site\/wp-json\/wp\/v2\/media?parent=127923"}],"wp:term":[{"taxonomy":"category","embeddable":true,"href":"https:\/\/www.oarcanjo.net\/site\/wp-json\/wp\/v2\/categories?post=127923"},{"taxonomy":"post_tag","embeddable":true,"href":"https:\/\/www.oarcanjo.net\/site\/wp-json\/wp\/v2\/tags?post=127923"}],"curies":[{"name":"wp","href":"https:\/\/api.w.org\/{rel}","templated":true}]}}